{"id":104759,"date":"2025-07-07T11:46:22","date_gmt":"2025-07-07T09:46:22","guid":{"rendered":"https:\/\/www.port-adhoc.com\/?p=104759"},"modified":"2025-07-07T14:08:42","modified_gmt":"2025-07-07T12:08:42","slug":"soubise-sauce","status":"publish","type":"post","link":"https:\/\/www.port-adhoc.com\/de\/blog\/rezepte-aus-der-kombuse\/soubise-sauce\/","title":{"rendered":"Rezepte aus der Komb\u00fcse #5: Soubise-Sauce &#038; Fruchtsalat"},"content":{"rendered":"\n<p class=\"has-small-font-size\">Ver\u00f6ffentlichungsdatum: 07\/07\/2025<\/p>\n\n<div style=\"height:60px\" aria-hidden=\"true\" class=\"wp-block-spacer\"><\/div>\n\n<h2 class=\"wp-block-heading\"><strong>Soubise: eine Reise zwischen Meer, Geschichte und Gastronomie<\/strong><\/h2>\n\n<div style=\"height:15px\" aria-hidden=\"true\" class=\"wp-block-spacer\"><\/div>\n\n<h3 class=\"wp-block-heading\"><strong>Ein Juwel an der Charente<\/strong><\/h3>\n\n<div style=\"height:15px\" aria-hidden=\"true\" class=\"wp-block-spacer\"><\/div>\n\n<div style=\"height:0px\" aria-hidden=\"true\" class=\"wp-block-spacer\"><\/div>\n\n<p>Soubise, malerisch an den Ufern der Charente gelegen, ist eine charmante Stadt in der Charente-Maritime. Sie \u00f6ffnet sich Richtung des prachtvollen <strong>Pertuis d\u2019Antioche<\/strong>, der Meerenge zwischen <strong>\u00cele de R\u00e9<\/strong> und <strong>\u00cele d\u2019Ol\u00e9ron<\/strong> \u2013 wahre Sch\u00e4tze der franz\u00f6sischen K\u00fcste. Diese idyllische Szenerie bietet Bootsbegeisterten unz\u00e4hlige M\u00f6glichkeiten: Segeln zwischen D\u00fcnen, Salzwiesen und Klippen, erkunden der nahegelegenen Inseln wie Aix, Madame und Fort Boyard oder ein Ausflug weiter hinaus Richtung Vend\u00e9e und Loire-Atlantique.<\/p>\n\n<p>\u27a1\ufe0f Sehenswert:<\/p>\n\n<ul class=\"wp-block-list\">\n<li>Der Leuchtturm Chassiron<\/li>\n\n\n\n<li>Port de la C\u00f4tini\u00e8re, Saint-Pierre d&#8217;Ol\u00e9ron<\/li>\n\n\n\n<li>Fort Boyard<\/li>\n<\/ul>\n\n<div style=\"height:30px\" aria-hidden=\"true\" class=\"wp-block-spacer\"><\/div>\n\n<p>Weiter stromaufw\u00e4rts er\u00f6ffnet sich eine andere Landschaft \u2013 ideal f\u00fcr entspannte Ausfl\u00fcge: Lastk\u00e4hne, Ruderboote und Freizeitboote gleiten \u00fcber knapp 200\u202fkm friedlicher Wasserstra\u00dfen und verbinden St\u00e4dte mit reichem Erbe wie Rochefort, Saintes, Cognac und Angoul\u00eame.<\/p>\n\n<p>\u27a1\ufe0f Nicht verpassen:<\/p>\n\n<ul class=\"wp-block-list\">\n<li>Bourg-Charente<\/li>\n\n\n\n<li>Cognac<\/li>\n\n\n\n<li>Rochefort<\/li>\n\n\n\n<li>Fort Lapointe, Fouras<\/li>\n\n\n\n<li>Fontaine royale de Lupin, Saint-Nazaire-sur-Charente<\/li>\n<\/ul>\n\n<div style=\"height:60px\" aria-hidden=\"true\" class=\"wp-block-spacer\"><\/div>\n\n<h3 class=\"wp-block-heading\"><strong>Port Adhoc Soubise \u2013 nur 5 Seemeilen von der Atlantikk\u00fcste \u00fcber die Charente entfernt<\/strong><\/h3>\n\n<div style=\"height:15px\" aria-hidden=\"true\" class=\"wp-block-spacer\"><\/div>\n\n<p>Unser Trockenhafensystem in der Charente-Maritime, Port Adhoc Soubise, bietet Yachteignern herzliche Gastfreundschaft und umfassende Services. Das professionelle Team empf\u00e4ngt eine Vielzahl an Motorbooten, Einrumpf\u2011 und Mehrrumpf\u2011Yachten bis zu 16\u202fMetern. Es ist ein idealer Ort, um eine \u00dcberfahrt vorzubereiten oder Reparaturen an Bord vorzunehmen.<\/p>\n\n<div style=\"height:15px\" aria-hidden=\"true\" class=\"wp-block-spacer\"><\/div>\n\n<div class=\"wp-block-buttons is-layout-flex wp-block-buttons-is-layout-flex\">\n<div class=\"wp-block-button\"><a class=\"wp-block-button__link has-white-color has-vivid-cyan-blue-background-color has-text-color has-background has-link-color has-small-font-size has-custom-font-size wp-element-button\" href=\"https:\/\/www.port-adhoc.com\/de\/soubise\/\" target=\"_blank\" rel=\"noreferrer noopener\">Entdecken Sie Port Adhoc Soubise \ud83d\udc4b <\/a><\/div>\n<\/div>\n\n<div style=\"height:60px\" aria-hidden=\"true\" class=\"wp-block-spacer\"><\/div>\n\n<figure class=\"wp-block-image size-large\"><img fetchpriority=\"high\" decoding=\"async\" width=\"1024\" height=\"768\" src=\"https:\/\/b2765252.smushcdn.com\/2765252\/wp-content\/uploads\/2025\/04\/port-adhoc-soubise-scaled-2-1024x768.jpeg?lossy=1&strip=1&webp=1\" alt=\"\" class=\"wp-image-90043\" srcset=\"https:\/\/b2765252.smushcdn.com\/2765252\/wp-content\/uploads\/2025\/04\/port-adhoc-soubise-scaled-2-1024x768.jpeg?lossy=1&strip=1&webp=1 1024w, https:\/\/b2765252.smushcdn.com\/2765252\/wp-content\/uploads\/2025\/04\/port-adhoc-soubise-scaled-2-300x225.jpeg?lossy=1&strip=1&webp=1 300w, https:\/\/b2765252.smushcdn.com\/2765252\/wp-content\/uploads\/2025\/04\/port-adhoc-soubise-scaled-2-768x576.jpeg?lossy=1&strip=1&webp=1 768w, https:\/\/b2765252.smushcdn.com\/2765252\/wp-content\/uploads\/2025\/04\/port-adhoc-soubise-scaled-2-1536x1152.jpeg?lossy=1&strip=1&webp=1 1536w, https:\/\/b2765252.smushcdn.com\/2765252\/wp-content\/uploads\/2025\/04\/port-adhoc-soubise-scaled-2-2048x1536.jpeg?lossy=1&strip=1&webp=1 2048w, https:\/\/b2765252.smushcdn.com\/2765252\/wp-content\/uploads\/2025\/04\/port-adhoc-soubise-scaled-2.jpeg?size=512x384&lossy=1&strip=1&webp=1 512w\" sizes=\"(max-width: 1024px) 100vw, 1024px\" \/><figcaption class=\"wp-element-caption\">Luftaufnahme von Port Adhoc Soubise<\/figcaption><\/figure>\n\n<div style=\"height:60px\" aria-hidden=\"true\" class=\"wp-block-spacer\"><\/div>\n\n<h2 class=\"wp-block-heading\"><strong>Geschmacksnoten der Charente-Maritime: Ozean, Marschland &amp; l\u00e4ndliche Tradition<\/strong><\/h2>\n\n<div style=\"height:15px\" aria-hidden=\"true\" class=\"wp-block-spacer\"><\/div>\n\n<p>Die Charente-Maritime vereint K\u00fcste und Landesinneres. Ihre gro\u00dfz\u00fcgige K\u00fcche wird gepr\u00e4gt von <strong>atlantischer Meeresluft<\/strong>, <strong>Salzwiesen<\/strong> und <strong>regionalen Weinbergen<\/strong>. Von den Austern aus Marennes\u2011Ol\u00e9ron bis zum Pineau des Charentes \u2013 jeder Stopp in dieser Region l\u00e4dt dazu ein, das Terroir zu genie\u00dfen.<\/p>\n\n<div style=\"height:30px\" aria-hidden=\"true\" class=\"wp-block-spacer\"><\/div>\n\n<h3 class=\"wp-block-heading\"><strong>Marennes\u2011Ol\u00e9ron\u2011Austern \u2013 Stolz der Flussm\u00fcndung<\/strong><\/h3>\n\n<div style=\"height:15px\" aria-hidden=\"true\" class=\"wp-block-spacer\"><\/div>\n\n<p><strong>Marennes\u2011Ol\u00e9ron<\/strong> ist Europas f\u00fchrende Austernregion und eine der wenigen, die ihre <strong>Austern in sogenannten \u201eclaires\u201c<\/strong> \u2013 ehemaligen Salzwiesen \u2013 veredelt. Diese besondere Methode verleiht den Austern eine feine salzige Note, eine feste Textur und eine unvergleichliche Mineralit\u00e4t.<\/p>\n\n<div style=\"height:15px\" aria-hidden=\"true\" class=\"wp-block-spacer\"><\/div>\n\n<p>Bekannte Sorten:<\/p>\n\n<ul class=\"wp-block-list\">\n<li><em><strong data-start=\"3109\" data-end=\"3127\">Fine de Claire<\/strong><\/em>: leicht, knusprig und stark salzig<\/li>\n\n\n\n<li><em><strong data-start=\"3167\" data-end=\"3189\">Sp\u00e9ciale de Claire<\/strong><\/em>: fleischiger und milder im Geschmack<\/li>\n\n\n\n<li><em><strong data-start=\"3231\" data-end=\"3251\">Pousse en Claire<\/strong><\/em>: eine seltene Delikatesse mit kr\u00e4ftigem, lang anhaltendem Aroma<\/li>\n<\/ul>\n\n<div style=\"height:60px\" aria-hidden=\"true\" class=\"wp-block-spacer\"><\/div>\n\n<figure class=\"wp-block-image size-large\"><img decoding=\"async\" width=\"1024\" height=\"683\" src=\"https:\/\/b2765252.smushcdn.com\/2765252\/wp-content\/uploads\/2025\/07\/AdobeStock_132238446-1024x683.jpeg?lossy=1&strip=1&webp=1\" alt=\"\" class=\"wp-image-104406\" srcset=\"https:\/\/b2765252.smushcdn.com\/2765252\/wp-content\/uploads\/2025\/07\/AdobeStock_132238446-1024x683.jpeg?lossy=1&strip=1&webp=1 1024w, https:\/\/b2765252.smushcdn.com\/2765252\/wp-content\/uploads\/2025\/07\/AdobeStock_132238446-300x200.jpeg?lossy=1&strip=1&webp=1 300w, https:\/\/b2765252.smushcdn.com\/2765252\/wp-content\/uploads\/2025\/07\/AdobeStock_132238446-768x512.jpeg?lossy=1&strip=1&webp=1 768w, https:\/\/b2765252.smushcdn.com\/2765252\/wp-content\/uploads\/2025\/07\/AdobeStock_132238446-1536x1024.jpeg?lossy=1&strip=1&webp=1 1536w, https:\/\/b2765252.smushcdn.com\/2765252\/wp-content\/uploads\/2025\/07\/AdobeStock_132238446-2048x1366.jpeg?lossy=1&strip=1&webp=1 2048w, https:\/\/b2765252.smushcdn.com\/2765252\/wp-content\/uploads\/2025\/07\/AdobeStock_132238446.jpeg?size=512x342&lossy=1&strip=1&webp=1 512w\" sizes=\"auto, (max-width: 1024px) 100vw, 1024px\" loading=\"lazy\" \/><figcaption class=\"wp-element-caption\">Frische Marennes\u2011Ol\u00e9ron\u2011Austern<\/figcaption><\/figure>\n\n<div style=\"height:60px\" aria-hidden=\"true\" class=\"wp-block-spacer\"><\/div>\n\n<p>\u27a1\ufe0f <strong data-start=\"3361\" data-end=\"3391\">Wo kann man sie probieren?<\/strong><\/p>\n\n<ul class=\"wp-block-list\">\n<li><a href=\"https:\/\/www.tripadvisor.fr\/Restaurant_Review-g2139102-d3219172-Reviews-La_Cabane_du_Chapus-Bourcefranc_le_Chapus_Marennes_Charente_Maritime_Nouvelle_Aq.html\">La Cabane du Chapus<\/a>, Bourcefranc-le-Chapus<\/li>\n\n\n\n<li><a href=\"https:\/\/www.tripadvisor.fr\/Restaurant_Review-g2139102-d12878723-Reviews-Bar_a_Huitres_Le_Mollin-Bourcefranc_le_Chapus_Marennes_Charente_Maritime_Nouvel.html\">Bar \u00e0 hu\u00eetres Le Mollin<\/a>, Bourcefranc-le-Chapus<\/li>\n<\/ul>\n\n<div style=\"height:60px\" aria-hidden=\"true\" class=\"wp-block-spacer\"><\/div>\n\n<h3 class=\"wp-block-heading\"><strong>Pineau des Charentes \u2013 Lokale S\u00fc\u00dfe zum Genie\u00dfen<\/strong><\/h3>\n\n<div style=\"height:15px\" aria-hidden=\"true\" class=\"wp-block-spacer\"><\/div>\n\n<p>In der Region durch einen gl\u00fccklichen Zufall im 16.\u202fJahrhundert entstanden, ist<strong> Pineau des Charentes<\/strong> ein feiner Aperitif aus Traubenmost und Cognac\u2011Eau\u2011de\u2011Vie. Ob wei\u00df oder ros\u00e9 \u2013 er offenbart Aromen von reifen Fr\u00fcchten, Honig und gelegentlich Trockenfr\u00fcchten.<\/p>\n\n<p>Perfekte Begleiter:<\/p>\n\n<ul class=\"wp-block-list\">\n<li>Eine Platte mit regionalen K\u00e4sesorten (junger oder gereifter Ziegenk\u00e4se)<\/li>\n\n\n\n<li>Eine s\u00fc\u00df-salzige Vorspeise (Melone, Schinken, Foie gras)<\/li>\n\n\n\n<li>Dessert mit Karamell oder Steinobst<\/li>\n<\/ul>\n\n<div style=\"height:60px\" aria-hidden=\"true\" class=\"wp-block-spacer\"><\/div>\n\n<figure class=\"wp-block-image size-large\"><img decoding=\"async\" width=\"1024\" height=\"681\" src=\"https:\/\/b2765252.smushcdn.com\/2765252\/wp-content\/uploads\/2025\/07\/AdobeStock_750268881-1024x681.jpeg?lossy=1&strip=1&webp=1\" alt=\"\" class=\"wp-image-104411\" srcset=\"https:\/\/b2765252.smushcdn.com\/2765252\/wp-content\/uploads\/2025\/07\/AdobeStock_750268881-1024x681.jpeg?lossy=1&strip=1&webp=1 1024w, https:\/\/b2765252.smushcdn.com\/2765252\/wp-content\/uploads\/2025\/07\/AdobeStock_750268881-300x200.jpeg?lossy=1&strip=1&webp=1 300w, https:\/\/b2765252.smushcdn.com\/2765252\/wp-content\/uploads\/2025\/07\/AdobeStock_750268881-768x511.jpeg?lossy=1&strip=1&webp=1 768w, https:\/\/b2765252.smushcdn.com\/2765252\/wp-content\/uploads\/2025\/07\/AdobeStock_750268881-1536x1022.jpeg?lossy=1&strip=1&webp=1 1536w, https:\/\/b2765252.smushcdn.com\/2765252\/wp-content\/uploads\/2025\/07\/AdobeStock_750268881-2048x1363.jpeg?lossy=1&strip=1&webp=1 2048w, https:\/\/b2765252.smushcdn.com\/2765252\/wp-content\/uploads\/2025\/07\/AdobeStock_750268881.jpeg?size=512x341&lossy=1&strip=1&webp=1 512w\" sizes=\"auto, (max-width: 1024px) 100vw, 1024px\" loading=\"lazy\" \/><figcaption class=\"wp-element-caption\">Cognac-Reifung in alten Eichenf\u00e4ssern in den Weinkellern der Charente<\/figcaption><\/figure>\n\n<div style=\"height:60px\" aria-hidden=\"true\" class=\"wp-block-spacer\"><\/div>\n\n<p>\u27a1\ufe0f <strong data-start=\"4069\" data-end=\"4086\">Wo probieren?<\/strong><\/p>\n\n<ul class=\"wp-block-list\">\n<li><a href=\"https:\/\/www.rochefort-ocean.com\/organiser\/vie-locale\/shopping\/le-relais-des-vignes-4671742\">Le Relais des Vignes<\/a>, Rochefort<\/li>\n\n\n\n<li><a href=\"https:\/\/cognacgodard.com\/content\/4-fouras-la-galerie-de-l-alambic\">La Galerie de l\u2019Alambic<\/a>, Fouras<\/li>\n<\/ul>\n\n<div style=\"height:60px\" aria-hidden=\"true\" class=\"wp-block-spacer\"><\/div>\n\n<h3 class=\"wp-block-heading\"><b><strong>Die Jonch\u00e9e, eine Spezialit\u00e4t aus der Charente-Maritime<\/strong><\/b><\/h3>\n\n<div style=\"height:15px\" aria-hidden=\"true\" class=\"wp-block-spacer\"><\/div>\n\n<p>Die <b>Jonch\u00e9e<\/b> ist eine typische Spezialit\u00e4t aus der Charente-Maritime. Dieser Frischk\u00e4se aus Kuhmilch wird in <b>Binsen <\/b><em>(joncs)<\/em> geformt, daher auch sein Name. Durch diese traditionelle Formgebung erh\u00e4lt er seine l\u00e4ngliche Form und seine charakteristischen Streifen. Die Jonch\u00e9e ist leicht, weich und hat ein subtiles Schilfaroma. Sie wird wegen ihrer <b>Frische und ihrer pflanzlichen Milde<\/b> gesch\u00e4tzt. Sie wird oft als Dessert pur oder mit etwas Zucker, Konfit\u00fcre oder einem Schuss Pineau des Charentes genossen. Au\u00dferhalb ihrer Herkunftsregion ist sie selten zu finden, aber bei einem Zwischenstopp in der Charente unbedingt zu probieren!<\/p>\n\n<div style=\"height:60px\" aria-hidden=\"true\" class=\"wp-block-spacer\"><\/div>\n<div class=\"wp-block-image\">\n<figure class=\"aligncenter size-large is-resized\"><img loading=\"lazy\" decoding=\"async\" width=\"1024\" height=\"768\" src=\"https:\/\/b2765252.smushcdn.com\/2765252\/wp-content\/uploads\/2025\/07\/Jonchee-Sentinelle-du-gout--1024x768.webp?lossy=1&strip=1&webp=1\" alt=\"\" class=\"wp-image-105234\" style=\"width:641px;height:auto\" srcset=\"https:\/\/b2765252.smushcdn.com\/2765252\/wp-content\/uploads\/2025\/07\/Jonchee-Sentinelle-du-gout--1024x768.webp?lossy=1&strip=1&webp=1 1024w, https:\/\/b2765252.smushcdn.com\/2765252\/wp-content\/uploads\/2025\/07\/Jonchee-Sentinelle-du-gout--300x225.webp?lossy=1&strip=1&webp=1 300w, https:\/\/b2765252.smushcdn.com\/2765252\/wp-content\/uploads\/2025\/07\/Jonchee-Sentinelle-du-gout--768x576.webp?lossy=1&strip=1&webp=1 768w, https:\/\/b2765252.smushcdn.com\/2765252\/wp-content\/uploads\/2025\/07\/Jonchee-Sentinelle-du-gout-.webp?lossy=1&strip=1&webp=1 1200w, https:\/\/b2765252.smushcdn.com\/2765252\/wp-content\/uploads\/2025\/07\/Jonchee-Sentinelle-du-gout-.webp?size=512x384&lossy=1&strip=1&webp=1 512w\" sizes=\"auto, (max-width: 1024px) 100vw, 1024px\" \/><figcaption class=\"wp-element-caption\">Jonch\u00e9e, <strong>\u00a9<\/strong> Papilles et Pupilles<\/figcaption><\/figure>\n<\/div>\n<div style=\"height:60px\" aria-hidden=\"true\" class=\"wp-block-spacer\"><\/div>\n\n<h3 class=\"wp-block-heading\"><strong>Soubise-Sauce \u2013 Ein kulinarisches Erbe<\/strong><\/h3>\n\n<div style=\"height:15px\" aria-hidden=\"true\" class=\"wp-block-spacer\"><\/div>\n\n<p>Hinter dieser eleganten Sauce verbirgt sich eine noble Geschichte. Sie soll nach Marschall Charles de Rohan\u2011Soubise benannt sein, einem Minister unter Ludwig\u202fXV und leidenschaftlichen Feinschmecker. Die auf Zwiebeln und B\u00e9chamel basierende Sauce passt hervorragend zu Gefl\u00fcgel, hellem Fleisch und Gem\u00fcsen wie Spargel oder ged\u00e4mpften Kartoffeln \u2013 ein Paradebeispiel franz\u00f6sischer Kochkunst.<\/p>\n\n<div style=\"height:60px\" aria-hidden=\"true\" class=\"wp-block-spacer\"><\/div>\n\n<h2 class=\"wp-block-heading\"><strong>Rezept: Soubise\u2011Sauce<\/strong><\/h2>\n\n<div style=\"height:30px\" aria-hidden=\"true\" class=\"wp-block-spacer\"><\/div>\n\n<h3 class=\"wp-block-heading\"><strong>Zutaten (f\u00fcr 4 Personen)<\/strong><\/h3>\n\n<div style=\"height:30px\" aria-hidden=\"true\" class=\"wp-block-spacer\"><\/div>\n\n<ul class=\"wp-block-list\">\n<li>100\u202fg Butter (Charentes\u2011Poitou AOP)<\/li>\n\n\n\n<li>50\u202fg Mehl<\/li>\n\n\n\n<li>500\u202fml Vollmilch<\/li>\n\n\n\n<li>400\u202fg s\u00fc\u00dfe Zwiebeln<\/li>\n\n\n\n<li>1 Prise Salz<\/li>\n\n\n\n<li>1 Prise Muskatnuss<\/li>\n\n\n\n<li>(optional) 1 EL Cr\u00e8me fra\u00eeche<\/li>\n<\/ul>\n\n<div style=\"height:60px\" aria-hidden=\"true\" class=\"wp-block-spacer\"><\/div>\n\n<h3 class=\"wp-block-heading\"><strong>Utensilien<\/strong><\/h3>\n\n<div style=\"height:30px\" aria-hidden=\"true\" class=\"wp-block-spacer\"><\/div>\n\n<ul class=\"wp-block-list\">\n<li>Sch\u00e4lmesser<\/li>\n\n\n\n<li>Schneidebrett<\/li>\n\n\n\n<li>Pfanne<\/li>\n\n\n\n<li>Topf<\/li>\n\n\n\n<li>Schneebesen<\/li>\n\n\n\n<li>Stabmixer (optional)<\/li>\n<\/ul>\n\n<div style=\"height:60px\" aria-hidden=\"true\" class=\"wp-block-spacer\"><\/div>\n\n<h3 class=\"wp-block-heading\"><strong>Zubereitung<\/strong><\/h3>\n\n<div style=\"height:30px\" aria-hidden=\"true\" class=\"wp-block-spacer\"><\/div>\n\n<ul class=\"wp-block-list\">\n<li><strong data-start=\"4916\" data-end=\"4941\">Zwiebeln vorbereiten:<\/strong> S\u00fc\u00dfe Zwiebeln fein schneiden.<\/li>\n\n\n\n<li><strong data-start=\"4977\" data-end=\"5002\">Zwiebeln anschwitzen:<\/strong> In einer Pfanne 50\u202fg Butter schmelzen. Die Zwiebeln bei niedriger Hitze ca. 15\u202fMinuten glasig d\u00fcnsten, nicht br\u00e4unen lassen.<\/li>\n\n\n\n<li><strong data-start=\"5133\" data-end=\"5157\">B\u00e9chamel zubereiten:<\/strong> Restliche Butter im Topf schmelzen, Mehl einr\u00fchren und 2\u202fMinuten anschwitzen. Nach und nach kalte Milch unter st\u00e4ndigem R\u00fchren zuf\u00fcgen, bis die Sauce eindickt.<\/li>\n\n\n\n<li><strong data-start=\"5323\" data-end=\"5341\">Sauce mischen:<\/strong> Die ged\u00fcnsteten Zwiebeln unter die B\u00e9chamel r\u00fchren, mit Salz und Muskat abschmecken. F\u00fcr eine besonders glatte Konsistenz nach Belieben mit einem Stabmixer p\u00fcrieren.<\/li>\n\n\n\n<li><strong data-start=\"5513\" data-end=\"5529\">Abschmecken:<\/strong> F\u00fcr mehr Cremigkeit kurz vor dem Servieren Cr\u00e8me fra\u00eeche unterheben.<\/li>\n<\/ul>\n\n<div style=\"height:60px\" aria-hidden=\"true\" class=\"wp-block-spacer\"><\/div>\n\n<h2 class=\"wp-block-heading\"><strong>Rezept: Leichter Fruchtsalat<\/strong><\/h2>\n\n<div style=\"height:30px\" aria-hidden=\"true\" class=\"wp-block-spacer\"><\/div>\n\n<p>Nach der \u00fcppigen Soubise\u2011Sauce bietet sich ein leichter Nachtisch an. Ein frischer Fruchtsalat bringt Leichtigkeit und Frische auf den Tisch.<\/p>\n\n<div style=\"height:30px\" aria-hidden=\"true\" class=\"wp-block-spacer\"><\/div>\n\n<h3 class=\"wp-block-heading\"><strong>Zutaten (f\u00fcr 4 Personen)<\/strong><\/h3>\n\n<div style=\"height:30px\" aria-hidden=\"true\" class=\"wp-block-spacer\"><\/div>\n\n<ul class=\"wp-block-list\">\n<li>2 Birnen (Williams oder Comice)<\/li>\n\n\n\n<li>2 \u00c4pfel (Gala oder Pink Lady)<\/li>\n\n\n\n<li>1 Orange<\/li>\n\n\n\n<li>1 rosa Grapefruit<\/li>\n\n\n\n<li>1 Limette<\/li>\n\n\n\n<li>Einige frische Minzbl\u00e4tter<\/li>\n\n\n\n<li>2\u20133 EL fl\u00fcssiger Honig<\/li>\n\n\n\n<li>(optional) Granatapfelkerne oder ger\u00f6stete Mandelbl\u00e4ttchen<\/li>\n<\/ul>\n\n<div style=\"height:60px\" aria-hidden=\"true\" class=\"wp-block-spacer\"><\/div>\n\n<h3 class=\"wp-block-heading\"><strong>Utensilien<\/strong><\/h3>\n\n<div style=\"height:30px\" aria-hidden=\"true\" class=\"wp-block-spacer\"><\/div>\n\n<ul class=\"wp-block-list\">\n<li>Schneidebrett<\/li>\n\n\n\n<li>Messer<\/li>\n\n\n\n<li>Sch\u00fcssel<\/li>\n\n\n\n<li>L\u00f6ffel<\/li>\n\n\n\n<li>Zestenreibe<\/li>\n<\/ul>\n\n<div style=\"height:60px\" aria-hidden=\"true\" class=\"wp-block-spacer\"><\/div>\n\n<h3 class=\"wp-block-heading\"><strong>Zubereitung<\/strong><\/h3>\n\n<div style=\"height:30px\" aria-hidden=\"true\" class=\"wp-block-spacer\"><\/div>\n\n<ul class=\"wp-block-list\">\n<li>Birnen und \u00c4pfel sch\u00e4len, entkernen und in kleine St\u00fccke schneiden. Orange und Grapefruit \u201e\u00e0 vif\u201c sch\u00e4len, filetieren. Limettenschale fein abreiben, Limettensaft auspressen.<\/li>\n\n\n\n<li>Alles Obst in eine Sch\u00fcssel geben.<\/li>\n\n\n\n<li>Feingehackte Minze zugeben.<\/li>\n\n\n\n<li>Mit Limettensaft und Honig betr\u00e4ufeln.<\/li>\n\n\n\n<li>Vorsichtig mischen.<\/li>\n\n\n\n<li>In Sch\u00e4lchen anrichten. <\/li>\n\n\n\n<li>Nach Belieben mit Granatapfelkernen oder Mandelbl\u00e4ttchen garnieren.<\/li>\n<\/ul>\n\n<div style=\"height:60px\" aria-hidden=\"true\" class=\"wp-block-spacer\"><\/div>\n\n<div class=\"wp-block-buttons is-layout-flex wp-block-buttons-is-layout-flex\">\n<div class=\"wp-block-button\"><a class=\"wp-block-button__link has-background has-small-font-size has-custom-font-size wp-element-button\" href=\"https:\/\/www.port-adhoc.com\/de\/blog\/rezepte-aus-der-kombuse\/warme-austern-pinienkern-tarte\/\" style=\"background-color:#201e5b\" target=\"_blank\" rel=\"noreferrer noopener\">\u27a1\ufe0f Auch interessant: Rezepte aus der Komb\u00fcse #4: Warme Austern<\/a><\/div>\n<\/div>\n\n<div style=\"height:60px\" aria-hidden=\"true\" class=\"wp-block-spacer\"><\/div>\n\n<p>Zwischen anspruchsvoller Kochkunst und einfachen Gen\u00fcssen zeigt uns dieser Stopp in Soubise, dass ob auf See oder an Land, jede Mahlzeit eine Gelegenheit ist, Geschichte und lokale Aromen zu entdecken.<\/p>\n\n<p><strong>Teilen Sie Ihre Fotos von diesen Rezepten, ob an Bord oder an Land, unter dem Hashtag #GalleyRecipes!<\/strong><\/p>\n","protected":false},"excerpt":{"rendered":"<p>Unsere Serie Rezepte aus der Komb\u00fcse setzt ihre Reise durch die Charente-Maritime mit einem Stopp in Soubise fort, eingebettet zwischen Fluss und Marschland. Dieser unscheinbare Hafen, versteckt am Ufer der Charente, ist das Tor zu einer Region, die sowohl maritim als auch l\u00e4ndlich gepr\u00e4gt ist und reich an Tradition und Aromen. In dieser f\u00fcnften Episode r\u00fccken wir ein historisches Juwel der franz\u00f6sischen K\u00fcche ins Rampenlicht: die samtige, elegante und zart s\u00fc\u00dfe Soubise-Sauce \u2013 eine kulinarische Hommage an die Stadt, nach der sie benannt ist!<\/p>\n","protected":false},"author":26,"featured_media":104776,"comment_status":"closed","ping_status":"closed","sticky":false,"template":"","format":"standard","meta":{"wds_primary_category":277,"footnotes":""},"categories":[277],"tags":[113],"class_list":["post-104759","post","type-post","status-publish","format-standard","has-post-thumbnail","hentry","category-rezepte-aus-der-kombuse","tag-port-adhoc-soubise-de"],"_links":{"self":[{"href":"https:\/\/www.port-adhoc.com\/de\/wp-json\/wp\/v2\/posts\/104759","targetHints":{"allow":["GET"]}}],"collection":[{"href":"https:\/\/www.port-adhoc.com\/de\/wp-json\/wp\/v2\/posts"}],"about":[{"href":"https:\/\/www.port-adhoc.com\/de\/wp-json\/wp\/v2\/types\/post"}],"author":[{"embeddable":true,"href":"https:\/\/www.port-adhoc.com\/de\/wp-json\/wp\/v2\/users\/26"}],"replies":[{"embeddable":true,"href":"https:\/\/www.port-adhoc.com\/de\/wp-json\/wp\/v2\/comments?post=104759"}],"version-history":[{"count":0,"href":"https:\/\/www.port-adhoc.com\/de\/wp-json\/wp\/v2\/posts\/104759\/revisions"}],"wp:featuredmedia":[{"embeddable":true,"href":"https:\/\/www.port-adhoc.com\/de\/wp-json\/wp\/v2\/media\/104776"}],"wp:attachment":[{"href":"https:\/\/www.port-adhoc.com\/de\/wp-json\/wp\/v2\/media?parent=104759"}],"wp:term":[{"taxonomy":"category","embeddable":true,"href":"https:\/\/www.port-adhoc.com\/de\/wp-json\/wp\/v2\/categories?post=104759"},{"taxonomy":"post_tag","embeddable":true,"href":"https:\/\/www.port-adhoc.com\/de\/wp-json\/wp\/v2\/tags?post=104759"}],"curies":[{"name":"wp","href":"https:\/\/api.w.org\/{rel}","templated":true}]}}