{"id":105722,"date":"2025-07-17T09:39:15","date_gmt":"2025-07-17T07:39:15","guid":{"rendered":"https:\/\/www.port-adhoc.com\/?p=105722"},"modified":"2025-11-07T17:25:36","modified_gmt":"2025-11-07T16:25:36","slug":"port-medoc-eine-lebendige-marina","status":"publish","type":"post","link":"https:\/\/www.port-adhoc.com\/de\/blog\/aktuelles-aus-den-hafen\/port-medoc-eine-lebendige-marina\/","title":{"rendered":"Port M\u00e9doc, eine lebendige Marina"},"content":{"rendered":"\n<p class=\"has-small-font-size\">Ver\u00f6ffentlichungsdatum: 17\/07\/2025<\/p>\n\n<div style=\"height:60px\" aria-hidden=\"true\" class=\"wp-block-spacer\"><\/div>\n\n<h2 class=\"wp-block-heading\"><strong>Eine lebendige Marina im Herzen des M\u00e9doc<\/strong><\/h2>\n\n<div style=\"height:15px\" aria-hidden=\"true\" class=\"wp-block-spacer\"><\/div>\n\n<div style=\"height:0px\" aria-hidden=\"true\" class=\"wp-block-spacer\"><\/div>\n\n<p>Port M\u00e9doc verf\u00fcgt \u00fcber eine<strong data-start=\"44\" data-end=\"102\"> ideale geografische Lage:<\/strong> in Le Verdon-sur-Mer, am Tor zum Atlantik und am Ufer der Gironde-M\u00fcndung, direkt gegen\u00fcber von Royan. Ganz in der N\u00e4he liegt Soulac-sur-Mer \u2013 ein bekannter Badeort, der jeden Sommer tausende Besucher anzieht.<\/p>\n\n<p>Der Hafen von Le Verdon ist sowohl auf dem Seeweg als auch \u00fcber Land gut erreichbar und empf\u00e4ngt eine gro\u00dfe Vielfalt an Besuchern: Motor- und Segelbootfahrer \u2013 oft aus den H\u00e4fen entlang der Flussm\u00fcndung \u2013 ebenso wie Durchreisende, die mit dem Auto ankommen und einen authentischen, noch wenig bekannten Ort entdecken m\u00f6chten.<\/p>\n\n<div style=\"height:60px\" aria-hidden=\"true\" class=\"wp-block-spacer\"><\/div>\n\n<div class=\"wp-block-buttons is-layout-flex wp-block-buttons-is-layout-flex\">\n<div class=\"wp-block-button\"><a class=\"wp-block-button__link has-white-color has-vivid-cyan-blue-background-color has-text-color has-background has-link-color has-small-font-size has-custom-font-size wp-element-button\" href=\"https:\/\/www.port-adhoc.com\/de\/port-medoc\/\" target=\"_blank\" rel=\"noreferrer noopener\">Entdecken Sie Port M\u00e9doc \ud83d\udc4b<\/a><\/div>\n<\/div>\n\n<div style=\"height:60px\" aria-hidden=\"true\" class=\"wp-block-spacer\"><\/div>\n\n<p>Aus Sicht der Segler ist es vor allem die Verf\u00fcgbarkeit von Liegepl\u00e4tzen, die Port M\u00e9doc von anderen Marinas an der Atlantikk\u00fcste unterscheidet:<\/p>\n\n<p>W\u00e4hrend viele H\u00e4fen entlang der Atlantikk\u00fcste \u00fcberf\u00fcllt sind und Bootsfahrer monatelang oder sogar jahrelang auf einen Platz warten m\u00fcssen, bietet <strong>Port M\u00e9doc weiterhin freie Liegepl\u00e4tze<\/strong> f\u00fcr Boote zwischen 8 und 10 Metern \u2013 und sogar f\u00fcr gr\u00f6\u00dfere Schiffe. F\u00fcr alle, die eine gut erreichbare, gastfreundliche Marina ohne Komfortverzicht suchen, ist das eine Gelegenheit, die man sich nicht entgehen lassen sollte.<\/p>\n\n<div style=\"height:60px\" aria-hidden=\"true\" class=\"wp-block-spacer\"><\/div>\n\n<figure class=\"wp-block-image size-large\"><img fetchpriority=\"high\" decoding=\"async\" width=\"1024\" height=\"888\" src=\"https:\/\/b2765252.smushcdn.com\/2765252\/wp-content\/uploads\/2025\/07\/PM-GNL-22-scaled-e1755013032913-1024x888.jpg?lossy=1&strip=1&webp=1\" alt=\"Port M&#xE9;doc\" class=\"wp-image-108878\" srcset=\"https:\/\/www.port-adhoc.com\/wp-content\/uploads\/2025\/07\/PM-GNL-22-scaled-e1755013032913-1024x888.jpg 1024w, https:\/\/www.port-adhoc.com\/wp-content\/uploads\/2025\/07\/PM-GNL-22-scaled-e1755013032913-300x260.jpg 300w, https:\/\/www.port-adhoc.com\/wp-content\/uploads\/2025\/07\/PM-GNL-22-scaled-e1755013032913-768x666.jpg 768w, https:\/\/www.port-adhoc.com\/wp-content\/uploads\/2025\/07\/PM-GNL-22-scaled-e1755013032913-1536x1332.jpg 1536w, https:\/\/www.port-adhoc.com\/wp-content\/uploads\/2025\/07\/PM-GNL-22-scaled-e1755013032913.jpg 1707w\" sizes=\"(max-width: 1024px) 100vw, 1024px\" \/><\/figure>\n\n<div style=\"height:60px\" aria-hidden=\"true\" class=\"wp-block-spacer\"><\/div>\n\n<h2 class=\"wp-block-heading\"><strong>Einkaufsm\u00f6glichkeiten und Service in der Marina<\/strong><\/h2>\n\n<div style=\"height:15px\" aria-hidden=\"true\" class=\"wp-block-spacer\"><\/div>\n\n<p>In Port M\u00e9doc tragen lokale Gesch\u00e4fte aktiv zum <strong>Leben in der Marina<\/strong> bei: verschiedene Betriebe bieten Produkte und Dienstleistungen rund ums Boot, f\u00fcr Ausfl\u00fcge und zur Entspannung an.<\/p>\n\n<ul class=\"wp-block-list\">\n<li><a href=\"https:\/\/www.cordouanplaisanceservices.fr\/\">Cordouan Plaisance Services\u00a0<\/a><\/li>\n\n\n\n<li>Le comptoir des chantiers\u00a0<\/li>\n\n\n\n<li><a href=\"https:\/\/neosailingtechnologies.com\/\">Neo Sailing Technologies<\/a><\/li>\n\n\n\n<li>La Fabrique\u00a0<\/li>\n\n\n\n<li><a href=\"https:\/\/tyalan-accastillage.com\/\">Tyalan Accastillage<\/a><\/li>\n\n\n\n<li><a href=\"https:\/\/www.croiseurs-medocains.fr\/\">Croiseurs M\u00e9docains<\/a><\/li>\n\n\n\n<li><a href=\"https:\/\/voile-medoc.com\/\">Cercle Nautique du Verdon<\/a><\/li>\n\n\n\n<li><a href=\"https:\/\/www.facebook.com\/p\/eXtreme-Jet-33-61557667910860\/\">eXtreme Jet 33<\/a><\/li>\n\n\n\n<li><a href=\"https:\/\/www.flyjet33.com\/\">Fly Jet 33<\/a><\/li>\n\n\n\n<li><a href=\"https:\/\/www.paddlecenter33.com\/\">Paddle Center 33<\/a><\/li>\n\n\n\n<li><a href=\"https:\/\/medoc-en-mer.fr\/\">M\u00e9doc en Mer<\/a><\/li>\n\n\n\n<li><a href=\"https:\/\/www.vedette-laboheme.com\/\">La Boh\u00e8me<\/a><\/li>\n\n\n\n<li><a href=\"https:\/\/www.instagram.com\/brocnsoul\/\">Broc\u2019n\u2019Soul<\/a>\u00a0<\/li>\n\n\n\n<li><a href=\"https:\/\/www.instagram.com\/_laboutika_\/\">La Boutika<\/a><\/li>\n\n\n\n<li><a href=\"https:\/\/www.facebook.com\/leverdonpassioncycles\/\">Passion Cycles<\/a>\u00a0<\/li>\n\n\n\n<li><a href=\"https:\/\/www.facebook.com\/COLORYOURLIFE.Boby\/\">Color Your Life<\/a>\u00a0<\/li>\n\n\n\n<li><a href=\"https:\/\/www.heidimoriot.com\/lac\">SEA<\/a>\u00a0<\/li>\n\n\n\n<li><a href=\"https:\/\/douceursdumedoc.fr\/\">Douceurs du M\u00e9doc<\/a>\u2026\u00a0<\/li>\n<\/ul>\n\n<div style=\"height:60px\" aria-hidden=\"true\" class=\"wp-block-spacer\"><\/div>\n\n<figure class=\"wp-block-image size-large\"><img decoding=\"async\" width=\"1024\" height=\"682\" src=\"https:\/\/b2765252.smushcdn.com\/2765252\/wp-content\/uploads\/2025\/07\/PM-GNL-03-1024x682.jpg?lossy=1&strip=1&webp=1\" alt=\"\" class=\"wp-image-108863\" srcset=\"https:\/\/b2765252.smushcdn.com\/2765252\/wp-content\/uploads\/2025\/07\/PM-GNL-03-1024x682.jpg?lossy=1&strip=1&webp=1 1024w, https:\/\/b2765252.smushcdn.com\/2765252\/wp-content\/uploads\/2025\/07\/PM-GNL-03-300x200.jpg?lossy=1&strip=1&webp=1 300w, https:\/\/b2765252.smushcdn.com\/2765252\/wp-content\/uploads\/2025\/07\/PM-GNL-03-768x512.jpg?lossy=1&strip=1&webp=1 768w, https:\/\/b2765252.smushcdn.com\/2765252\/wp-content\/uploads\/2025\/07\/PM-GNL-03-1536x1023.jpg?lossy=1&strip=1&webp=1 1536w, https:\/\/b2765252.smushcdn.com\/2765252\/wp-content\/uploads\/2025\/07\/PM-GNL-03-2048x1364.jpg?lossy=1&strip=1&webp=1 2048w, https:\/\/b2765252.smushcdn.com\/2765252\/wp-content\/uploads\/2025\/07\/PM-GNL-03.jpg?size=512x341&lossy=1&strip=1&webp=1 512w\" sizes=\"auto, (max-width: 1024px) 100vw, 1024px\" loading=\"lazy\" \/><figcaption class=\"wp-element-caption\">Port M\u00e9doc, Marina in der Gironde<\/figcaption><\/figure>\n\n<div style=\"height:60px\" aria-hidden=\"true\" class=\"wp-block-spacer\"><\/div>\n\n<h2 class=\"wp-block-heading\"><strong>Eine einladende Atmosph\u00e4re zwischen Ruhe und Geselligkeit<\/strong><\/h2>\n\n<div style=\"height:15px\" aria-hidden=\"true\" class=\"wp-block-spacer\"><\/div>\n\n<p>Viele Besucher f\u00fchlen sich zu Port M\u00e9doc hingezogen durch die gesch\u00fctzte Naturlandschaft rund um den Hafen. Wer Ruhe, Weite und Natur liebt, f\u00fchlt sich hier sofort wohl! In der N\u00e4he locken wilde Str\u00e4nde, Wald-Fahrradwege und K\u00fcstenpfade entlang des Atlantiks \u2013 ein wahres Paradies f\u00fcr Naturfreunde.<\/p>\n\n<p>Ob f\u00fcr Wassersport, Spazierg\u00e4nge, Angeln oder Vogelbeobachtung in der M\u00fcndung \u2013 die Marina ist der ideale Ausgangspunkt f\u00fcr beliebte <strong>Outdoor-Aktivit\u00e4ten<\/strong> mitten in der Natur.<\/p>\n\n<div style=\"height:30px\" aria-hidden=\"true\" class=\"wp-block-spacer\"><\/div>\n\n<blockquote class=\"wp-block-quote is-layout-flow wp-block-quote-is-layout-flow\">\n<p>\u201e<em>Ich liebe diesen Hafen! Die Ruhe, die dieser Ort ausstrahlt, gef\u00e4llt mir sehr. Was die Marina selbst betrifft, ist ein gro\u00dfer Vorteil, dass man unabh\u00e4ngig von Ebbe oder Flut kommen und gehen kann, wie man m\u00f6chte. Einige Restaurants runden das Angebot ab.<\/em>\u201c<\/p>\n\n\n\n<p>Luc Mouche, Google-Rezension (2024)<\/p>\n<\/blockquote>\n\n<div style=\"height:30px\" aria-hidden=\"true\" class=\"wp-block-spacer\"><\/div>\n\n<p>In der Marina genie\u00dfen Spazierg\u00e4nger, Besucher und Bootsfahrer gleicherma\u00dfen die friedliche Umgebung. F\u00fcr kulinarischen Genuss sorgen <a href=\"https:\/\/www.google.com\/search?hl=fr-IT&amp;sca_esv=4443c35cc00d3ade&amp;cs=0&amp;output=search&amp;tbm=lcl&amp;kgmid=\/g\/11b674jbn9&amp;q=Le+Bistrot+Du+Port&amp;shndl=30&amp;shem=lcuae,uaasie&amp;source=sh\/x\/loc\/uni\/m1\/1&amp;kgs=e1b8d10e6cacf15f\">Le Bistrot du Port<\/a>, <a href=\"https:\/\/www.google.com\/search?hl=fr-IT&amp;sca_esv=4443c35cc00d3ade&amp;cs=0&amp;output=search&amp;tbm=lcl&amp;kgmid=\/g\/1235c42wn&amp;q=Le+Belem+Port-M%C3%A9doc&amp;shndl=30&amp;shem=lcuae,uaasie&amp;source=sh\/x\/loc\/uni\/m1\/1&amp;kgs=3d2c80e8f6a0afb4\">Le Belem<\/a> und <a href=\"https:\/\/share.google\/JSkSXFadKskBIBwLM\" target=\"_blank\" rel=\"noreferrer noopener\">le Ponton<\/a>\u2013 drei Hafenrestaurants, die bei Bootsbesitzern und Einheimischen gleicherma\u00dfen beliebt sind.<\/p>\n\n<div style=\"height:60px\" aria-hidden=\"true\" class=\"wp-block-spacer\"><\/div>\n\n<figure class=\"wp-block-image size-large\"><img decoding=\"async\" width=\"1024\" height=\"819\" src=\"https:\/\/b2765252.smushcdn.com\/2765252\/wp-content\/uploads\/2025\/07\/IMG_0214-1024x819.jpg?lossy=1&strip=1&webp=1\" alt=\"\" class=\"wp-image-105585\" srcset=\"https:\/\/b2765252.smushcdn.com\/2765252\/wp-content\/uploads\/2025\/07\/IMG_0214-1024x819.jpg?lossy=1&strip=1&webp=1 1024w, https:\/\/b2765252.smushcdn.com\/2765252\/wp-content\/uploads\/2025\/07\/IMG_0214-300x240.jpg?lossy=1&strip=1&webp=1 300w, https:\/\/b2765252.smushcdn.com\/2765252\/wp-content\/uploads\/2025\/07\/IMG_0214-768x614.jpg?lossy=1&strip=1&webp=1 768w, https:\/\/b2765252.smushcdn.com\/2765252\/wp-content\/uploads\/2025\/07\/IMG_0214.jpg?lossy=1&strip=1&webp=1 1315w, https:\/\/b2765252.smushcdn.com\/2765252\/wp-content\/uploads\/2025\/07\/IMG_0214.jpg?size=512x410&lossy=1&strip=1&webp=1 512w\" sizes=\"auto, (max-width: 1024px) 100vw, 1024px\" loading=\"lazy\" \/><figcaption class=\"wp-element-caption\">Terrasse des Bistrot du Port mit Blick auf die Stege von Port M\u00e9doc<\/figcaption><\/figure>\n\n<div style=\"height:60px\" aria-hidden=\"true\" class=\"wp-block-spacer\"><\/div>\n\n<p>Im Sommer steigt die Besucherzahl stark an. Einheimische, Camper und Ferieng\u00e4ste kommen, um die Umgebung zu genie\u00dfen. Die Marina bleibt dennoch ruhig \u2013 das abwechslungsreiche Veranstaltungsprogramm sorgt daf\u00fcr, dass keine Langeweile aufkommt.<\/p>\n\n<p>Port M\u00e9doc kann man allein, zu zweit, mit der Familie oder mit Freunden entdecken. Im Sommer erwacht der <strong>Hafen zum Leben<\/strong>: die Terrassen f\u00fcllen sich, Besucher flanieren entlang der Kais, kommen miteinander ins Gespr\u00e4ch und genie\u00dfen die entspannte, herzliche Atmosph\u00e4re.<\/p>\n\n<div style=\"height:60px\" aria-hidden=\"true\" class=\"wp-block-spacer\"><\/div>\n\n<h2 class=\"wp-block-heading\"><strong>Port M\u00e9doc: Familienaktivit\u00e4ten und Feste das ganze Jahr \u00fcber<\/strong><\/h2>\n\n<div style=\"height:15px\" aria-hidden=\"true\" class=\"wp-block-spacer\"><\/div>\n\n<h3 class=\"wp-block-heading\"><strong>La Vigie: Motor des Hafenlebens<\/strong><\/h3>\n\n<div style=\"height:30px\" aria-hidden=\"true\" class=\"wp-block-spacer\"><\/div>\n\n<p>Mehr als nur ein Liegeplatz ist Port M\u00e9doc ein Ort des Austauschs. Das ganze Jahr \u00fcber finden zahlreiche <strong>Veranstaltungen<\/strong> statt \u2013 vor allem dank des Club House <em>La Vigie<\/em>. Eine kleine Gruppe leidenschaftlicher Freiwilliger belebt den Hafen, organisiert Feste entlang der Kais und st\u00e4rkt den Gemeinschaftssinn unter den Nutzerinnen und Nutzern.<\/p>\n\n<p>Zur Unterst\u00fctzung von <em>La Vigie<\/em> hat die Hafengesellschaft zwei Gewerbeeinheiten zur Verf\u00fcgung gestellt, in denen die Freiwilligen ihre Aktivit\u00e4ten organisieren k\u00f6nnen.<\/p>\n\n<div style=\"height:60px\" aria-hidden=\"true\" class=\"wp-block-spacer\"><\/div>\n\n<h3 class=\"wp-block-heading\"><strong>Ein abwechslungsreicher Veranstaltungskalender<\/strong><\/h3>\n\n<div style=\"height:30px\" aria-hidden=\"true\" class=\"wp-block-spacer\"><\/div>\n\n<p>Von Januar bis Dezember veranstaltet <em>La Vigie<\/em> ein <strong>buntes Programm<\/strong>. Ob jung oder alt, ob Einheimischer oder Besucher \u2013 alle sind willkommen!<\/p>\n\n<p>Zu den Veranstaltungen geh\u00f6ren Grillabende, eine Ostereiersuche f\u00fcr Kinder, Angelwettbewerbe und ein Weihnachtsmarkt, bei dem lokale Handwerker und Hafenbetriebe mitmachen.<\/p>\n\n<p>Im Sommer finden in Port M\u00e9doc mehrere Nachtm\u00e4rkte statt. Diese Abende bieten den Marina-G\u00e4sten die M\u00f6glichkeit, regionale Produkte zu entdecken, Einheimische und H\u00e4ndler zu treffen und gemeinsam gesellige Stunden zu erleben.<\/p>\n\n<p>Im Jahr 2025 finden die <strong>Nachtm\u00e4rkte<\/strong> an folgenden Freitagen im Juli und August statt:<\/p>\n\n<ul class=\"wp-block-list\">\n<li>Freitag, 11. Juli<\/li>\n\n\n\n<li>Freitag, 18. Juli<\/li>\n\n\n\n<li>Freitag, 25. Juli<\/li>\n\n\n\n<li>Freitag, 1. August<\/li>\n\n\n\n<li>Freitag, 8. August<\/li>\n\n\n\n<li>Freitag, 15. August<\/li>\n\n\n\n<li>Freitag, 22. August<\/li>\n\n\n\n<li>Freitag, 29. August<\/li>\n<\/ul>\n\n<div style=\"height:60px\" aria-hidden=\"true\" class=\"wp-block-spacer\"><\/div>\n\n<figure class=\"wp-block-gallery has-nested-images columns-default is-cropped wp-block-gallery-2 is-layout-flex wp-block-gallery-is-layout-flex\">\n<figure class=\"wp-block-image size-large\"><img loading=\"lazy\" decoding=\"async\" width=\"1024\" height=\"768\" data-id=\"105590\" src=\"https:\/\/b2765252.smushcdn.com\/2765252\/wp-content\/uploads\/2025\/07\/487286895_1096614779176805_2467096253453694007_n-1024x768.jpg?lossy=1&strip=1&webp=1\" alt=\"\" class=\"wp-image-105590\" srcset=\"https:\/\/b2765252.smushcdn.com\/2765252\/wp-content\/uploads\/2025\/07\/487286895_1096614779176805_2467096253453694007_n-1024x768.jpg?lossy=1&strip=1&webp=1 1024w, https:\/\/b2765252.smushcdn.com\/2765252\/wp-content\/uploads\/2025\/07\/487286895_1096614779176805_2467096253453694007_n-300x225.jpg?lossy=1&strip=1&webp=1 300w, https:\/\/b2765252.smushcdn.com\/2765252\/wp-content\/uploads\/2025\/07\/487286895_1096614779176805_2467096253453694007_n-768x576.jpg?lossy=1&strip=1&webp=1 768w, https:\/\/b2765252.smushcdn.com\/2765252\/wp-content\/uploads\/2025\/07\/487286895_1096614779176805_2467096253453694007_n-1536x1152.jpg?lossy=1&strip=1&webp=1 1536w, https:\/\/b2765252.smushcdn.com\/2765252\/wp-content\/uploads\/2025\/07\/487286895_1096614779176805_2467096253453694007_n.jpg?lossy=1&strip=1&webp=1 2048w, https:\/\/b2765252.smushcdn.com\/2765252\/wp-content\/uploads\/2025\/07\/487286895_1096614779176805_2467096253453694007_n.jpg?size=512x384&lossy=1&strip=1&webp=1 512w\" sizes=\"auto, (max-width: 1024px) 100vw, 1024px\" \/><\/figure>\n\n\n\n<figure class=\"wp-block-image size-large\"><img loading=\"lazy\" decoding=\"async\" width=\"1024\" height=\"768\" data-id=\"105595\" src=\"https:\/\/b2765252.smushcdn.com\/2765252\/wp-content\/uploads\/2025\/07\/487313745_1096821172489499_8767373559512554839_n-1024x768.jpg?lossy=1&strip=1&webp=1\" alt=\"\" class=\"wp-image-105595\" srcset=\"https:\/\/b2765252.smushcdn.com\/2765252\/wp-content\/uploads\/2025\/07\/487313745_1096821172489499_8767373559512554839_n-1024x768.jpg?lossy=1&strip=1&webp=1 1024w, https:\/\/b2765252.smushcdn.com\/2765252\/wp-content\/uploads\/2025\/07\/487313745_1096821172489499_8767373559512554839_n-300x225.jpg?lossy=1&strip=1&webp=1 300w, https:\/\/b2765252.smushcdn.com\/2765252\/wp-content\/uploads\/2025\/07\/487313745_1096821172489499_8767373559512554839_n-768x576.jpg?lossy=1&strip=1&webp=1 768w, https:\/\/b2765252.smushcdn.com\/2765252\/wp-content\/uploads\/2025\/07\/487313745_1096821172489499_8767373559512554839_n-1536x1152.jpg?lossy=1&strip=1&webp=1 1536w, https:\/\/b2765252.smushcdn.com\/2765252\/wp-content\/uploads\/2025\/07\/487313745_1096821172489499_8767373559512554839_n.jpg?lossy=1&strip=1&webp=1 2048w, https:\/\/b2765252.smushcdn.com\/2765252\/wp-content\/uploads\/2025\/07\/487313745_1096821172489499_8767373559512554839_n.jpg?size=512x384&lossy=1&strip=1&webp=1 512w\" sizes=\"auto, (max-width: 1024px) 100vw, 1024px\" \/><\/figure>\n<\/figure>\n\n<div style=\"height:60px\" aria-hidden=\"true\" class=\"wp-block-spacer\"><\/div>\n\n<h2 class=\"wp-block-heading\"><strong>F\u00eate des Pontons: Sommerh\u00f6hepunkt in der Marina<\/strong><\/h2>\n\n<div style=\"height:15px\" aria-hidden=\"true\" class=\"wp-block-spacer\"><\/div>\n\n<p>Eines der Highlights des Sommers in Port M\u00e9doc ist das <strong>F\u00eate des Pontons<\/strong> (Stegfest). In diesem Jahr findet es am 19. Juli statt, von fr\u00fchen Nachmittag bis in den Abend.<\/p>\n\n<p>Zum dritten Mal in Folge wird das Fest vom Club House La Vigie in enger Zusammenarbeit mit der Marina organisiert. Es ist ein unkomplizierter, freundlicher und inklusiver Tag, offen f\u00fcr Bootsfahrer und die breite \u00d6ffentlichkeit.<\/p>\n\n<div style=\"height:60px\" aria-hidden=\"true\" class=\"wp-block-spacer\"><\/div>\n\n<h3 class=\"wp-block-heading\"><strong>Programm: Markt, Spiele, Parade, Abendessen und Konzert<\/strong><\/h3>\n\n<div style=\"height:30px\" aria-hidden=\"true\" class=\"wp-block-spacer\"><\/div>\n\n<p>Das diesj\u00e4hrige F\u00eate des Pontons beginnt mit einem bunten Kunsthandwerksmarkt entlang der Hafenkais.<br data-start=\"5776\" data-end=\"5779\"\/>Ab 14 Uhr k\u00f6nnen Besucher regionale Kreationen entdecken, Spezialit\u00e4ten probieren und mit riesigen Holzspielen Spa\u00df haben. F\u00fcr Unterhaltung sorgt die Stra\u00dfentheatergruppe Asym\u00e9trik aus Nantes, die den ganzen Nachmittag lang durch den Hafen zieht.<\/p>\n\n<div style=\"height:60px\" aria-hidden=\"true\" class=\"wp-block-spacer\"><\/div>\n\n<figure class=\"wp-block-gallery has-nested-images columns-default is-cropped wp-block-gallery-3 is-layout-flex wp-block-gallery-is-layout-flex\">\n<figure class=\"wp-block-image size-large\"><img loading=\"lazy\" decoding=\"async\" width=\"683\" height=\"1024\" data-id=\"108873\" src=\"https:\/\/b2765252.smushcdn.com\/2765252\/wp-content\/uploads\/2025\/07\/PM-CMR-40-683x1024.jpg?lossy=1&strip=1&webp=1\" alt=\"\" class=\"wp-image-108873\" srcset=\"https:\/\/b2765252.smushcdn.com\/2765252\/wp-content\/uploads\/2025\/07\/PM-CMR-40-683x1024.jpg?lossy=1&strip=1&webp=1 683w, https:\/\/b2765252.smushcdn.com\/2765252\/wp-content\/uploads\/2025\/07\/PM-CMR-40-200x300.jpg?lossy=1&strip=1&webp=1 200w, https:\/\/b2765252.smushcdn.com\/2765252\/wp-content\/uploads\/2025\/07\/PM-CMR-40-768x1152.jpg?lossy=1&strip=1&webp=1 768w, https:\/\/b2765252.smushcdn.com\/2765252\/wp-content\/uploads\/2025\/07\/PM-CMR-40-1024x1536.jpg?lossy=1&strip=1&webp=1 1024w, https:\/\/b2765252.smushcdn.com\/2765252\/wp-content\/uploads\/2025\/07\/PM-CMR-40-1365x2048.jpg?lossy=1&strip=1&webp=1 1365w, https:\/\/b2765252.smushcdn.com\/2765252\/wp-content\/uploads\/2025\/07\/PM-CMR-40-scaled.jpg?lossy=1&strip=1&webp=1 1707w, https:\/\/b2765252.smushcdn.com\/2765252\/wp-content\/uploads\/2025\/07\/PM-CMR-40.jpg?size=512x768&lossy=1&strip=1&webp=1 512w\" sizes=\"auto, (max-width: 683px) 100vw, 683px\" \/><\/figure>\n\n\n\n<figure class=\"wp-block-image size-large\"><img loading=\"lazy\" decoding=\"async\" width=\"683\" height=\"1024\" data-id=\"108868\" src=\"https:\/\/b2765252.smushcdn.com\/2765252\/wp-content\/uploads\/2025\/07\/PM-CMR-36-683x1024.jpg?lossy=1&strip=1&webp=1\" alt=\"\" class=\"wp-image-108868\" srcset=\"https:\/\/b2765252.smushcdn.com\/2765252\/wp-content\/uploads\/2025\/07\/PM-CMR-36-683x1024.jpg?lossy=1&strip=1&webp=1 683w, https:\/\/b2765252.smushcdn.com\/2765252\/wp-content\/uploads\/2025\/07\/PM-CMR-36-200x300.jpg?lossy=1&strip=1&webp=1 200w, https:\/\/b2765252.smushcdn.com\/2765252\/wp-content\/uploads\/2025\/07\/PM-CMR-36-768x1152.jpg?lossy=1&strip=1&webp=1 768w, https:\/\/b2765252.smushcdn.com\/2765252\/wp-content\/uploads\/2025\/07\/PM-CMR-36-1024x1536.jpg?lossy=1&strip=1&webp=1 1024w, https:\/\/b2765252.smushcdn.com\/2765252\/wp-content\/uploads\/2025\/07\/PM-CMR-36-1365x2048.jpg?lossy=1&strip=1&webp=1 1365w, https:\/\/b2765252.smushcdn.com\/2765252\/wp-content\/uploads\/2025\/07\/PM-CMR-36-scaled.jpg?lossy=1&strip=1&webp=1 1707w, https:\/\/b2765252.smushcdn.com\/2765252\/wp-content\/uploads\/2025\/07\/PM-CMR-36.jpg?size=512x768&lossy=1&strip=1&webp=1 512w\" sizes=\"auto, (max-width: 683px) 100vw, 683px\" \/><\/figure>\n<\/figure>\n\n<div style=\"height:60px\" aria-hidden=\"true\" class=\"wp-block-spacer\"><\/div>\n\n<p>Zur Feier des Tages sind Bootsbesitzer eingeladen, ihre Schiffe zu schm\u00fccken und an einer Wasserparade in der Gironde-M\u00fcndung teilzunehmen.<\/p>\n\n<p>Am Abend findet ein gemeinsames, gesetztes Freiluft-Dinner statt \u2013 exklusiv f\u00fcr Liegeplatzinhaber. Das Catering \u00fcbernimmt <em>La Cuisine de Len<\/em>, ein angesehener lokaler K\u00fcchenchef, der vom Organisationsteam ausgew\u00e4hlt wurde.<\/p>\n\n<p><p data-start=\"6399\" data-end=\"6532\">Den kr\u00f6nenden Abschluss bildet ein kostenloses Open-Air-Konzert der Band <em>The Pulse<\/em><strong data-start=\"6472\" data-end=\"6485\">, <\/strong>ab 22 Uhr bis Mitternacht auf den Hafenkais.<\/p><br\/><p data-start=\"6534\" data-end=\"6758\"><\/p><\/p>\n\n<p>Das Team von Port Adhoc freut sich schon auf das Event! Das letztj\u00e4hrige F\u00eate des Pontons war ein voller Erfolg \u2013 besonders die Qualit\u00e4t des Essens und die lebendige, freundliche Atmosph\u00e4re wurden von den G\u00e4sten sehr gelobt.<\/p>\n\n<div style=\"height:60px\" aria-hidden=\"true\" class=\"wp-block-spacer\"><\/div>\n\n<div class=\"wp-block-buttons is-layout-flex wp-block-buttons-is-layout-flex\">\n<div class=\"wp-block-button\"><a class=\"wp-block-button__link has-white-color has-vivid-cyan-blue-background-color has-text-color has-background has-link-color has-small-font-size has-custom-font-size wp-element-button\" href=\"https:\/\/www.port-adhoc.com\/de\/port-medoc\/\" target=\"_blank\" rel=\"noreferrer noopener\">Entdecken Sie Port M\u00e9doc \ud83d\udc4b<\/a><\/div>\n<\/div>\n","protected":false},"excerpt":{"rendered":"<p>An der M\u00fcndung der Gironde, zwischen dem Atlantischen Ozean und der Weinregion M\u00e9doc, ist Port M\u00e9doc ein wirklich lebendiges Reiseziel. Jedes Jahr treffen sich Bootsfahrer, Urlauber und Einheimische aus Verdon-sur-Mer in der Marina. Die von der Port Adhoc-Gruppe verwalteten Bereiche sind bekannt f\u00fcr ihre herzliche Atmosph\u00e4re, gute Erreichbarkeit und das abwechslungsreiche Veranstaltungsangebot. Jeder Besuch verspricht unvergesslich zu werden!<\/p>\n","protected":false},"author":26,"featured_media":113093,"comment_status":"closed","ping_status":"closed","sticky":false,"template":"","format":"standard","meta":{"wds_primary_category":0,"footnotes":""},"categories":[181],"tags":[114],"class_list":["post-105722","post","type-post","status-publish","format-standard","has-post-thumbnail","hentry","category-aktuelles-aus-den-hafen","tag-port-medoc-de"],"_links":{"self":[{"href":"https:\/\/www.port-adhoc.com\/de\/wp-json\/wp\/v2\/posts\/105722","targetHints":{"allow":["GET"]}}],"collection":[{"href":"https:\/\/www.port-adhoc.com\/de\/wp-json\/wp\/v2\/posts"}],"about":[{"href":"https:\/\/www.port-adhoc.com\/de\/wp-json\/wp\/v2\/types\/post"}],"author":[{"embeddable":true,"href":"https:\/\/www.port-adhoc.com\/de\/wp-json\/wp\/v2\/users\/26"}],"replies":[{"embeddable":true,"href":"https:\/\/www.port-adhoc.com\/de\/wp-json\/wp\/v2\/comments?post=105722"}],"version-history":[{"count":0,"href":"https:\/\/www.port-adhoc.com\/de\/wp-json\/wp\/v2\/posts\/105722\/revisions"}],"wp:featuredmedia":[{"embeddable":true,"href":"https:\/\/www.port-adhoc.com\/de\/wp-json\/wp\/v2\/media\/113093"}],"wp:attachment":[{"href":"https:\/\/www.port-adhoc.com\/de\/wp-json\/wp\/v2\/media?parent=105722"}],"wp:term":[{"taxonomy":"category","embeddable":true,"href":"https:\/\/www.port-adhoc.com\/de\/wp-json\/wp\/v2\/categories?post=105722"},{"taxonomy":"post_tag","embeddable":true,"href":"https:\/\/www.port-adhoc.com\/de\/wp-json\/wp\/v2\/tags?post=105722"}],"curies":[{"name":"wp","href":"https:\/\/api.w.org\/{rel}","templated":true}]}}