{"id":106512,"date":"2025-08-12T14:20:09","date_gmt":"2025-08-12T12:20:09","guid":{"rendered":"https:\/\/www.port-adhoc.com\/?p=106512"},"modified":"2025-09-03T12:14:47","modified_gmt":"2025-09-03T10:14:47","slug":"sail-and-clean-project-eine-atlantiktour-im-dienste-der-umwelt","status":"publish","type":"post","link":"https:\/\/www.port-adhoc.com\/de\/blog\/aktuelles-aus-den-hafen\/sail-and-clean-project-eine-atlantiktour-im-dienste-der-umwelt\/","title":{"rendered":"Sail and Clean Project: eine Atlantik\u2011Tour im Dienste der Umwelt"},"content":{"rendered":"\n<p class=\"has-small-font-size\">Ver\u00f6ffentlichungsdatum: 13\/08\/2025<\/p>\n\n<div style=\"height:60px\" aria-hidden=\"true\" class=\"wp-block-spacer\"><\/div>\n\n<h2 class=\"wp-block-heading\"><strong>Der Ozean und die Umwelt: zwei Leidenschaften zu einem Projekt vereint<\/strong><\/h2>\n\n<div style=\"height:15px\" aria-hidden=\"true\" class=\"wp-block-spacer\"><\/div>\n\n<div style=\"height:0px\" aria-hidden=\"true\" class=\"wp-block-spacer\"><\/div>\n\n<p>Lebenslanges Mitglied der <a href=\"https:\/\/www.surfrider.org\/\">Surfrider Foundation<\/a>, Surfer, Bodysurfer, Freediving\u2011Instruktor\u2026 Julien Poublan sagt, er sei \u201e<em>schon immer verliebt in das Meer<\/em>\u201c gewesen.<\/p>\n\n<p>Seine Arbeit als <em>Projektleiter im Bereich Internationale Gesundheitsforschung<\/em> an der Universit\u00e4t Bordeaux hat ihn nie davon abgehalten, diese Leidenschaft voll auszuleben: Der Enthusiast segelt seit \u00fcber 20 Jahren auf Yachten \u2013 \u201e<em>w\u00e4hrend Trainingskursen, auf Booten von Freunden oder durch Charter in der Karibik, Polynesien und im Mittelmeer<\/em>\u201c. Seine erste gro\u00dfe Segelreise unternahm er mit einem Freund \u2013 von Marseille zu den Kanarischen Inseln.<\/p>\n\n<p>Julien erkl\u00e4rt au\u00dferdem, dass er \u201e<em>immer sehr bewusst in Sachen Umweltschutz<\/em>\u201c gewesen sei. F\u00fcr ihn ist das Sail and Clean Project die Gelegenheit, seine <strong>beiden Leidenschaften zu vereinen<\/strong>: Segeln und Umweltschutz.<\/p>\n\n<div style=\"height:30px\" aria-hidden=\"true\" class=\"wp-block-spacer\"><\/div>\n\n<h3 class=\"wp-block-heading\"><strong>Die Entstehung des <em>Sail and Clean Project<\/em><\/strong><\/h3>\n\n<div style=\"height:30px\" aria-hidden=\"true\" class=\"wp-block-spacer\"><\/div>\n\n<blockquote class=\"wp-block-quote is-layout-flow wp-block-quote-is-layout-flow\">\n<p><em>\u201eFlaschendeckel, Plastikflaschen, Fischernetze\u2026 die Lage ist in allen Ozeanen alarmierend\u201c, erkl\u00e4rt der Projektbegr\u00fcnder. \u201eStr\u00e4nde sind mit Abfall \u00fcbers\u00e4t, selbst in den entferntesten Ecken der Welt. Die Ozeane ersticken unter Millionen Tonnen Plastik, das Jahrhunderte brauchen wird, um sich zu zersetzen. Meerestiere, V\u00f6gel und Fische zahlen daf\u00fcr mit ihrem Leben, indem sie es verschlucken.\u201c<\/em><\/p>\n<\/blockquote>\n\n<p>Auf Basis dieser Erkenntnis entwickelte Julien die Idee einer sinnvollen und zielgerichteten Reise: eine Segel\u2011Tourn\u00e9e \u00fcber den Atlantik, um <strong>Bewusstsein<\/strong> f\u00fcr den Umweltschutz zu schaffen, <strong>konkrete Ma\u00dfnahmen zugunsten<\/strong> des Planeten und seiner Arten zu ergreifen und <strong>wertvolle Daten<\/strong> zur Sicherung der Meere zu sammeln.<\/p>\n\n<p>Mit dem, was er das <strong><em data-start=\"2354\" data-end=\"2378\">Sail and Clean Project<\/em><\/strong> nennt, will er \u201e<em>auf [seiner] eigenen Ebene gegen Plastikverschmutzung handeln und dem Meer zur\u00fcckgeben, was es [ihm] gegeben hat.<\/em>\u201c<\/p>\n\n<p>Im Oktober 2024 fand Julien die am besten geeignete Yacht f\u00fcr sein Vorhaben: eine Sun Odyssey 36i mit drei Kabinen, die er <em data-start=\"2634\" data-end=\"2644\">D\u00e9sirade<\/em> nannte. Er entschied sich, sie im Hafen von Port M\u00e9doc anzulegen \u2013 ein Hafen in der Gironde, nahe seinem Wohnort, mit allen ben\u00f6tigten Infrastrukturen und Dienstleistungen sowie sofort verf\u00fcgbaren Liegepl\u00e4tzen.<\/p>\n\n<div style=\"height:30px\" aria-hidden=\"true\" class=\"wp-block-spacer\"><\/div>\n\n<div class=\"wp-block-buttons is-layout-flex wp-block-buttons-is-layout-flex\">\n<div class=\"wp-block-button\"><a class=\"wp-block-button__link has-white-color has-vivid-cyan-blue-background-color has-text-color has-background has-link-color has-small-font-size has-custom-font-size wp-element-button\" href=\"https:\/\/www.port-adhoc.com\/de\/port-medoc\/\" target=\"_blank\" rel=\"noreferrer noopener\">Entdecken Sie Port M\u00e9doc \ud83d\udc4b<\/a><\/div>\n<\/div>\n\n<div style=\"height:60px\" aria-hidden=\"true\" class=\"wp-block-spacer\"><\/div>\n<div class=\"wp-block-image\">\n<figure class=\"aligncenter size-large is-resized\"><img fetchpriority=\"high\" decoding=\"async\" width=\"1024\" height=\"683\" src=\"https:\/\/b2765252.smushcdn.com\/2765252\/wp-content\/uploads\/2025\/08\/PM-DTL-16-1024x683.jpg?lossy=1&strip=1&webp=1\" alt=\"\" class=\"wp-image-108831\" style=\"width:684px;height:auto\" srcset=\"https:\/\/b2765252.smushcdn.com\/2765252\/wp-content\/uploads\/2025\/08\/PM-DTL-16-1024x683.jpg?lossy=1&strip=1&webp=1 1024w, https:\/\/b2765252.smushcdn.com\/2765252\/wp-content\/uploads\/2025\/08\/PM-DTL-16-300x200.jpg?lossy=1&strip=1&webp=1 300w, https:\/\/b2765252.smushcdn.com\/2765252\/wp-content\/uploads\/2025\/08\/PM-DTL-16-768x512.jpg?lossy=1&strip=1&webp=1 768w, https:\/\/b2765252.smushcdn.com\/2765252\/wp-content\/uploads\/2025\/08\/PM-DTL-16-1536x1024.jpg?lossy=1&strip=1&webp=1 1536w, https:\/\/b2765252.smushcdn.com\/2765252\/wp-content\/uploads\/2025\/08\/PM-DTL-16-2048x1365.jpg?lossy=1&strip=1&webp=1 2048w, https:\/\/b2765252.smushcdn.com\/2765252\/wp-content\/uploads\/2025\/08\/PM-DTL-16.jpg?size=512x342&lossy=1&strip=1&webp=1 512w\" sizes=\"(max-width: 1024px) 100vw, 1024px\" \/><figcaption class=\"wp-element-caption\">Die Yacht <em>D\u00e9sirade<\/em> in Port M\u00e9doc<\/figcaption><\/figure>\n<\/div>\n<div style=\"height:60px\" aria-hidden=\"true\" class=\"wp-block-spacer\"><\/div>\n\n<div class=\"wp-block-buttons is-layout-flex wp-block-buttons-is-layout-flex\"><\/div>\n\n<h2 class=\"wp-block-heading\"><strong>Das<em> Sail and Clean Project<\/em>: Programm, Route und Ziele<\/strong><\/h2>\n\n<h3 class=\"wp-block-heading\"><strong>Zahlreiche Ziele rund um den Atlantik<\/strong><\/h3>\n\n<div style=\"height:30px\" aria-hidden=\"true\" class=\"wp-block-spacer\"><\/div>\n\n<p>Julien\u2019s Abfahrt an Bord der <em data-start=\"3058\" data-end=\"3068\">D\u00e9sirade<\/em> ist f\u00fcr den Herbst 2025 geplant, die Reise soll <strong>etwa zehn Monate <\/strong>dauern. Von September 2025 bis Juli 2026 plant der Segler eine <strong>Rundroute<\/strong> mit mehreren gr\u00f6\u00dferen Stopps:<\/p>\n\n<ul class=\"wp-block-list\">\n<li>Frankreich (Abfahrt aus der Marina in Le Verdon\u2011sur\u2011Mer)<\/li>\n\n\n\n<li>Portugal\u00a0<\/li>\n\n\n\n<li>Madeira<\/li>\n\n\n\n<li>Die Kanarischen Inseln<\/li>\n\n\n\n<li>Senegal\u00a0<\/li>\n\n\n\n<li>Kap Verde<\/li>\n\n\n\n<li>Barbados<\/li>\n\n\n\n<li>Grenada<\/li>\n\n\n\n<li>Die Inselkette der Karibik<\/li>\n\n\n\n<li>Die Bahamas<\/li>\n\n\n\n<li>Der Azoren\u2011Archipel<\/li>\n\n\n\n<li>Gibraltar\u00a0<\/li>\n\n\n\n<li>Die Balearen<\/li>\n<\/ul>\n\n<p>Die R\u00fcckkehr des Bootes im Sommer 2026 wird voraussichtlich im Mittelmeer \u2013 in der Umgebung von Marseille \u2013 stattfinden.<\/p>\n\n<div style=\"height:60px\" aria-hidden=\"true\" class=\"wp-block-spacer\"><\/div>\n<div class=\"wp-block-image\">\n<figure class=\"aligncenter is-resized\"><img decoding=\"async\" width=\"836\" height=\"588\" src=\"https:\/\/b2765252.smushcdn.com\/2765252\/wp-content\/uploads\/2025\/07\/sailandclean-3.jpg?lossy=1&strip=1&webp=1\" alt=\"\" class=\"wp-image-106197\" style=\"width:642px;height:auto\" srcset=\"https:\/\/b2765252.smushcdn.com\/2765252\/wp-content\/uploads\/2025\/07\/sailandclean-3.jpg?lossy=1&strip=1&webp=1 836w, https:\/\/b2765252.smushcdn.com\/2765252\/wp-content\/uploads\/2025\/07\/sailandclean-3-300x211.jpg?lossy=1&strip=1&webp=1 300w, https:\/\/b2765252.smushcdn.com\/2765252\/wp-content\/uploads\/2025\/07\/sailandclean-3-768x540.jpg?lossy=1&strip=1&webp=1 768w, https:\/\/b2765252.smushcdn.com\/2765252\/wp-content\/uploads\/2025\/07\/sailandclean-3.jpg?size=512x360&lossy=1&strip=1&webp=1 512w\" sizes=\"auto, (max-width: 836px) 100vw, 836px\" loading=\"lazy\" \/><figcaption class=\"wp-element-caption\">Die Route des Projekts \u00fcber den Atlantik<\/figcaption><\/figure>\n<\/div>\n<div style=\"height:60px\" aria-hidden=\"true\" class=\"wp-block-spacer\"><\/div>\n\n<h3 class=\"wp-block-heading\"><strong>Sensibilisierung von Anwohnern und Bootsfahrern<\/strong><\/h3>\n\n<div style=\"height:30px\" aria-hidden=\"true\" class=\"wp-block-spacer\"><\/div>\n\n<p>W\u00e4hrend der gesamten Route bieten die Stopps Gelegenheiten f\u00fcr Austausch, Begegnungen und gemeinsames Engagement. Julien plant,<strong> Sensibilisierungs\u2011 und M\u00fcllsammelaktionen durchzuf\u00fchren<\/strong>, in Kooperation mit lokalen Vereinen sowie mit Schulen und Anwohnern \u2013 alle sind eingeladen, sich am Projekt zu beteiligen.<\/p>\n\n<p>Das Hauptziel ist p\u00e4dagogisch: <strong>Bewusstsein schaffen<\/strong> und <strong>gute Praktiken im Umgang mit Abf\u00e4llen auf See verbreiten<\/strong>.<\/p>\n\n<div style=\"height:60px\" aria-hidden=\"true\" class=\"wp-block-spacer\"><\/div>\n\n<h2 class=\"wp-block-heading\"><strong>Konkrete Ma\u00dfnahmen f\u00fcr einen sauberen Ozean<\/strong><\/h2>\n\n<div style=\"height:15px\" aria-hidden=\"true\" class=\"wp-block-spacer\"><\/div>\n\n<h3 class=\"wp-block-heading\"><strong>Sammlung, Sortierung und Kartierung<\/strong><\/h3>\n\n<div style=\"height:30px\" aria-hidden=\"true\" class=\"wp-block-spacer\"><\/div>\n\n<p>Neben dem <strong>Sammeln von Treibgut<\/strong>, das auf der Route gefunden wird, m\u00f6chte Julien konkrete Aktionen organisieren, die sp\u00e4ter von denen wiederholt werden k\u00f6nnen, die er sensibilisiert hat. W\u00e4hrend der Stopps wird er <strong>regelm\u00e4\u00dfig M\u00fcllsammlungen und Strandreinigungen<\/strong> mit p\u00e4dagogischem Anspruch anbieten.<\/p>\n\n<p>Der Segler hat sich zudem verpflichtet, in Zusammenarbeit mit der <a href=\"https:\/\/www.u-bordeaux.fr\/\">Universit\u00e4t Bordeaux<\/a> die Pr\u00e4senz von <strong>Sargassum<\/strong> auf hoher See zu geolokalisieren und Proben zu sammeln: Diese werden an das <a href=\"https:\/\/www.epoc.u-bordeaux.fr\/\">EPOC\u2011Labor<\/a> geschickt, das auf Meeresforschung spezialisiert ist, und analysiert, um die Dynamik und F\u00e4higkeit zur Aufnahme von Schadstoffen und Nanoplastik besser zu verstehen.<\/p>\n\n<p><strong>Abfall begrenzen, Recycling\u2011Sortierung\u2026<\/strong> On Board der <em data-start=\"4958\" data-end=\"4968\">D\u00e9sirade<\/em> wird Julien selbstverst\u00e4ndlich die Prinzipien umsetzen, die er vertritt. Doch er will noch weiter gehen:<\/p>\n\n<blockquote class=\"wp-block-quote is-layout-flow wp-block-quote-is-layout-flow\">\n<p><em>\u201eAls Segler wei\u00df ich, dass Abfallmanagement an Bord \u2013 besonders auf Reisen \u2013 durchaus schwierig sein kann. Wenn man ein Boot mietet, wird einem nicht immer geraten, den Abfall dort abzugeben, wo er tats\u00e4chlich verarbeitet werden kann. Mitunter \u00e4ndern sich die Bedingungen von einer Insel zur n\u00e4chsten komplett: Auf der einen wird Abfall behandelt und recycelt, auf der Nachbarinsel verbrannt!\u201c<\/em><\/p>\n<\/blockquote>\n\n<p>Deshalb m\u00f6chte Julien die Gelegenheit nutzen, um Standorte und M\u00f6glichkeiten zur<strong> Trennung und Wiederverwertung von Abf\u00e4llen zu dokumentieren und zu kartieren<\/strong>. Er hofft, dass die Daten aus dieser Kartierung eines Tages in kollaborative Datenbanken einflie\u00dfen, die h\u00e4ufig von Seglern genutzt werden.<\/p>\n\n<div style=\"height:20px\" aria-hidden=\"true\" class=\"wp-block-spacer\"><\/div>\n\n<div class=\"wp-block-buttons is-layout-flex wp-block-buttons-is-layout-flex\">\n<div class=\"wp-block-button\"><a class=\"wp-block-button__link has-background has-small-font-size has-custom-font-size wp-element-button\" href=\"https:\/\/www.port-adhoc.com\/de\/blog\/technik-tipps\/abfallmanagement-auf-einem-boot-bewahrte-verfahren\/\" style=\"background-color:#201e5b\">\u27a1\ufe0f Lesen Sie auch: Wie verwalte ich Bordabfall? Unsere Tipps<\/a><\/div>\n<\/div>\n\n<div style=\"height:60px\" aria-hidden=\"true\" class=\"wp-block-spacer\"><\/div>\n<div class=\"wp-block-image\">\n<figure class=\"aligncenter size-full is-resized\"><img decoding=\"async\" width=\"2560\" height=\"1705\" src=\"https:\/\/b2765252.smushcdn.com\/2765252\/wp-content\/uploads\/2025\/08\/PM-BTA-27-scaled.jpg?lossy=1&strip=1&webp=1\" alt=\"\" class=\"wp-image-108836\" style=\"width:640px;height:auto\" srcset=\"https:\/\/b2765252.smushcdn.com\/2765252\/wp-content\/uploads\/2025\/08\/PM-BTA-27-scaled.jpg?lossy=1&strip=1&webp=1 2560w, https:\/\/b2765252.smushcdn.com\/2765252\/wp-content\/uploads\/2025\/08\/PM-BTA-27-300x200.jpg?lossy=1&strip=1&webp=1 300w, https:\/\/b2765252.smushcdn.com\/2765252\/wp-content\/uploads\/2025\/08\/PM-BTA-27-1024x682.jpg?lossy=1&strip=1&webp=1 1024w, https:\/\/b2765252.smushcdn.com\/2765252\/wp-content\/uploads\/2025\/08\/PM-BTA-27-768x512.jpg?lossy=1&strip=1&webp=1 768w, https:\/\/b2765252.smushcdn.com\/2765252\/wp-content\/uploads\/2025\/08\/PM-BTA-27-1536x1023.jpg?lossy=1&strip=1&webp=1 1536w, https:\/\/b2765252.smushcdn.com\/2765252\/wp-content\/uploads\/2025\/08\/PM-BTA-27-2048x1364.jpg?lossy=1&strip=1&webp=1 2048w, https:\/\/b2765252.smushcdn.com\/2765252\/wp-content\/uploads\/2025\/08\/PM-BTA-27.jpg?size=512x341&lossy=1&strip=1&webp=1 512w\" sizes=\"auto, (max-width: 2560px) 100vw, 2560px\" loading=\"lazy\" \/><figcaption class=\"wp-element-caption\">Die Yacht <em>D\u00e9sirade<\/em> in Port M\u00e9doc<\/figcaption><\/figure>\n<\/div>\n<div style=\"height:60px\" aria-hidden=\"true\" class=\"wp-block-spacer\"><\/div>\n\n<h2 class=\"wp-block-heading\"><strong>Gr\u00fcndliche Vorbereitung der Yacht<\/strong><\/h2>\n\n<div style=\"height:15px\" aria-hidden=\"true\" class=\"wp-block-spacer\"><\/div>\n\n<p>Nur wenige Wochen vor dem Ablegen befindet sich die Sun Odyssey 36i des Projektgr\u00fcnders in der <strong>Endvorbereitung<\/strong>. Im Anschluss wird die Yacht vollst\u00e4ndig ausgestattet sein \u2013 sowohl hinsichtlich Autonomie als auch Sicherheit an Bord:<\/p>\n\n<p><em data-start=\"6147\" data-end=\"6157\">D\u00e9sirade<\/em> wurde mit einem AIS\u2011System und neuen Solarpaneelen ausgestattet, das Rettungsflo\u00df der Yacht wurde gewartet und die Wassertanks wurden behandelt, sodass Julien keine Plastikflaschen f\u00fcr Trinkwasser kaufen muss.<\/p>\n\n<p>Die Konfiguration des Bootes wurde so gestaltet, dass Sammlung und Sortierung von Abf\u00e4llen m\u00f6glich sind. Schlie\u00dflich hat der Eigent\u00fcmer biologisch abbaubare Reinigungsprodukte beschafft \u2013 die er getestet und f\u00fcr wirksam befunden hat.<\/p>\n\n<p>Im September 2025 werden Julien Poublan und seine Yacht bereit sein, von Port M\u00e9doc \u00fcber den Atlantik zu segeln \u2013 ideal gelegen, um diese Reise zu starten.<\/p>\n\n<div style=\"height:30px\" aria-hidden=\"true\" class=\"wp-block-spacer\"><\/div>\n\n<h2 class=\"wp-block-heading\"><strong>Am Projekt teilnehmen<\/strong><\/h2>\n\n<div style=\"height:15px\" aria-hidden=\"true\" class=\"wp-block-spacer\"><\/div>\n\n<p>M\u00f6chten Sie Ihren Beitrag zu dieser engagierten Initiative leisten? Gute Nachrichten: Es gibt mehrere M\u00f6glichkeiten, Julien zu unterst\u00fctzen!<\/p>\n\n<p>Sie k\u00f6nnen sich \u00fcber die Startseite der <a href=\"https:\/\/www.sailandcleanproject.org\/\">Sail and Clean Project\u2011Website<\/a> f\u00fcr den Projekt\u2011Newsletter anmelden. Auf der Website finden Sie alle Informationen, um dem <em><strong>Sail and Clean Project<\/strong><\/em> \u2013 als Mitglied oder F\u00f6rdermitglied \u2013 f\u00fcr einen Zeitraum von 3 Jahren beizutreten.<\/p>\n\n<p>Schlie\u00dflich k\u00f6nnen Sie, unabh\u00e4ngig von Segelerfahrung, das Sail and Clean Project auch unterst\u00fctzen, indem Sie auf einer oder mehreren Etappen der Atlantik\u2011Tour gemeinsam mit Julien segeln und aktiv an den M\u00fcllsammelaktionen teilnehmen.<\/p>\n\n<p><\/p>\n","protected":false},"excerpt":{"rendered":"<p>In nur wenigen Wochen wird Julien Poublan, Segler im Hafen von Port M\u00e9doc, zu einer ganz besonderen Atlantik\u2011Tour aufbrechen: ein Segelabenteuer, bei dem er sich Umweltangelegenheiten widmet. In diesem Artikel spricht er f\u00fcr die Leser des Port Adhoc\u2011Blogs \u00fcber diese engagierte Initiative.<\/p>\n","protected":false},"author":26,"featured_media":113031,"comment_status":"closed","ping_status":"closed","sticky":false,"template":"","format":"standard","meta":{"wds_primary_category":181,"footnotes":""},"categories":[181,293],"tags":[114],"class_list":["post-106512","post","type-post","status-publish","format-standard","has-post-thumbnail","hentry","category-aktuelles-aus-den-hafen","category-unternehmerische-sozialverantwortung","tag-port-medoc-de"],"_links":{"self":[{"href":"https:\/\/www.port-adhoc.com\/de\/wp-json\/wp\/v2\/posts\/106512","targetHints":{"allow":["GET"]}}],"collection":[{"href":"https:\/\/www.port-adhoc.com\/de\/wp-json\/wp\/v2\/posts"}],"about":[{"href":"https:\/\/www.port-adhoc.com\/de\/wp-json\/wp\/v2\/types\/post"}],"author":[{"embeddable":true,"href":"https:\/\/www.port-adhoc.com\/de\/wp-json\/wp\/v2\/users\/26"}],"replies":[{"embeddable":true,"href":"https:\/\/www.port-adhoc.com\/de\/wp-json\/wp\/v2\/comments?post=106512"}],"version-history":[{"count":0,"href":"https:\/\/www.port-adhoc.com\/de\/wp-json\/wp\/v2\/posts\/106512\/revisions"}],"wp:featuredmedia":[{"embeddable":true,"href":"https:\/\/www.port-adhoc.com\/de\/wp-json\/wp\/v2\/media\/113031"}],"wp:attachment":[{"href":"https:\/\/www.port-adhoc.com\/de\/wp-json\/wp\/v2\/media?parent=106512"}],"wp:term":[{"taxonomy":"category","embeddable":true,"href":"https:\/\/www.port-adhoc.com\/de\/wp-json\/wp\/v2\/categories?post=106512"},{"taxonomy":"post_tag","embeddable":true,"href":"https:\/\/www.port-adhoc.com\/de\/wp-json\/wp\/v2\/tags?post=106512"}],"curies":[{"name":"wp","href":"https:\/\/api.w.org\/{rel}","templated":true}]}}