{"id":113085,"date":"2025-09-10T15:04:30","date_gmt":"2025-09-10T13:04:30","guid":{"rendered":"https:\/\/www.port-adhoc.com\/?p=113085"},"modified":"2025-09-16T09:31:01","modified_gmt":"2025-09-16T07:31:01","slug":"lernen-sie-renate-ilmer-kennen-die-neue-leiterin-des-jachthaven-strijensas","status":"publish","type":"post","link":"https:\/\/www.port-adhoc.com\/de\/blog\/aktuelles-aus-den-hafen\/lernen-sie-renate-ilmer-kennen-die-neue-leiterin-des-jachthaven-strijensas\/","title":{"rendered":"Lernen Sie Renate Ilmer kennen, die neue Leiterin des Jachthaven Strijensas"},"content":{"rendered":"\n<p class=\"has-small-font-size\">Ver\u00f6ffentlichungsdatum: 10\/09\/2025<\/p>\n\n<div style=\"height:60px\" aria-hidden=\"true\" class=\"wp-block-spacer\"><\/div>\n\n<p>Im Herzen <strong>S\u00fcdhollands<\/strong>, am Hollands Diep, liegt der Jachthaven Strijensas \u2013 ein kleiner, freundlicher Hafen mit einer einzigartigen Identit\u00e4t: F\u00fcr Bootsfahrer ist es ein einladender Ort inmitten der Natur, wo sie ihre Boote in Ruhe festmachen k\u00f6nnen.<\/p>\n\n<div style=\"height:15px\" aria-hidden=\"true\" class=\"wp-block-spacer\"><\/div>\n\n<div class=\"wp-block-buttons is-layout-flex wp-block-buttons-is-layout-flex\">\n<div class=\"wp-block-button\"><a class=\"wp-block-button__link has-white-color has-vivid-cyan-blue-background-color has-text-color has-background has-link-color has-small-font-size has-custom-font-size wp-element-button\" href=\"https:\/\/jachthavenstrijensas.nl\/\" target=\"_blank\" rel=\"noreferrer noopener\">Entdecken Sie Jachthaven Strijensas \ud83d\udc4b<\/a><\/div>\n<\/div>\n\n<div style=\"height:60px\" aria-hidden=\"true\" class=\"wp-block-spacer\"><\/div>\n\n<p>In Strijensas profitieren Motorboot- und Segelbootbesitzer von Liegepl\u00e4tzen und Trockenlagerung sowie von hochwertigen technischen Einrichtungen und Dienstleistungen: Kran- und Servicearbeiten, Wartung, Winterlager, Treibstoff- und Gasflaschenverkauf, WLAN, sanit\u00e4re Anlagen, Freizeitangebote, ein Restaurant und \u00dcbernachtungsm\u00f6glichkeiten.<\/p>\n\n<p>Dank seiner N\u00e4he zu zahlreichen Sehensw\u00fcrdigkeiten ist der Jachthaven Strijensas auch strategisch g\u00fcnstig gelegen.<\/p>\n\n<div style=\"height:15px\" aria-hidden=\"true\" class=\"wp-block-spacer\"><\/div>\n\n<div class=\"wp-block-buttons is-layout-flex wp-block-buttons-is-layout-flex\">\n<div class=\"wp-block-button\"><a class=\"wp-block-button__link has-background has-small-font-size has-custom-font-size wp-element-button\" href=\"https:\/\/www.port-adhoc.com\/de\/blog\/vergnugungsschifffahrt\/unsere-segelrouten-ab-jachthaven-strijensas\/\" style=\"background-color:#201e5b\" target=\"_blank\" rel=\"noreferrer noopener\">\u27a1\ufe0f Lesen Sie auch: Unsere Segelrouten ab Jachthaven Strijensas<\/a><\/div>\n<\/div>\n\n<div style=\"height:60px\" aria-hidden=\"true\" class=\"wp-block-spacer\"><\/div>\n<div class=\"wp-block-image\">\n<figure class=\"aligncenter size-large is-resized\"><img fetchpriority=\"high\" decoding=\"async\" width=\"952\" height=\"1024\" src=\"https:\/\/b2765252.smushcdn.com\/2765252\/wp-content\/uploads\/2025\/09\/DSC00512-e1756903206113-952x1024.jpg?lossy=1&strip=1&webp=1\" alt=\"\" class=\"wp-image-113052\" style=\"width:670px;height:auto\" srcset=\"https:\/\/www.port-adhoc.com\/wp-content\/uploads\/2025\/09\/DSC00512-e1756903206113-952x1024.jpg 952w, https:\/\/www.port-adhoc.com\/wp-content\/uploads\/2025\/09\/DSC00512-e1756903206113-279x300.jpg 279w, https:\/\/www.port-adhoc.com\/wp-content\/uploads\/2025\/09\/DSC00512-e1756903206113-768x826.jpg 768w, https:\/\/www.port-adhoc.com\/wp-content\/uploads\/2025\/09\/DSC00512-e1756903206113.jpg 1365w\" sizes=\"(max-width: 952px) 100vw, 952px\" \/><figcaption class=\"wp-element-caption\">Jachthaven Strijensas<\/figcaption><\/figure>\n<\/div>\n<div style=\"height:60px\" aria-hidden=\"true\" class=\"wp-block-spacer\"><\/div>\n\n<h2 class=\"wp-block-heading\"><strong>Wer ist Renate Ilmer? Welche Rolle \u00fcbernimmt sie als neue Leiterin des Jachthafens Strijensas?<\/strong><\/h2>\n\n<div style=\"height:15px\" aria-hidden=\"true\" class=\"wp-block-spacer\"><\/div>\n\n<div style=\"height:0px\" aria-hidden=\"true\" class=\"wp-block-spacer\"><\/div>\n\n<p>Im August 2025 wurde Renate Ilmer von der Port Adhoc Gruppe als <em>Hafenleiterin<\/em> eingestellt \u2013 und sie kannte die Region bereits gut:<\/p>\n\n<blockquote class=\"wp-block-quote is-layout-flow wp-block-quote-is-layout-flow\">\n<p><em>\u201eIch lebe in Hendrik-Ido-Ambacht, nur 20 Kilometer vom Jachthaven Strijensas entfernt. Ich hatte schon immer eine starke Verbundenheit mit Wasser, Natur und Gastfreundschaft. Au\u00dferhalb der Arbeit verbringe ich gerne Zeit mit meiner Familie und meinen Freunden und gehe mit Fender, meinem Labradoodle, lange spazieren.\u201c<\/em><\/p>\n<\/blockquote>\n\n<p>Nach ihrer Ankunft im Hafen machte sich Renate Ilmer sofort an die Arbeit f\u00fcr die Bootsgemeinschaft. Sie hat es sich zur Aufgabe gemacht, den t\u00e4glichen Betrieb des Hafens zu leiten und daf\u00fcr zu sorgen, dass sich alle willkommen f\u00fchlen. Ihre Verantwortung umfasst ein breites Spektrum an Aufgaben \u2013 von der Organisation der Hafeninstandhaltung und der Teamleitung bis hin zum Austausch mit den Nutzern.<\/p>\n\n<blockquote class=\"wp-block-quote is-layout-flow wp-block-quote-is-layout-flow\">\n<p><em>\u201eAls <strong>Leiterin<\/strong> <strong>des Jachthaven Strijensas<\/strong> bin ich f\u00fcr den t\u00e4glichen Betrieb verantwortlich: Ich halte Kontakt zu Liegeplatzinhabern und Besuchern, koordiniere die Instandhaltung und sorge f\u00fcr eine einladende Atmosph\u00e4re. Die Arbeit mit Menschen bereitet mir gro\u00dfe Freude. Besonders sch\u00e4tze ich den pers\u00f6nlichen Austausch: Jeder Nutzer hat seine eigene Geschichte, und ich m\u00f6chte sicherstellen, dass sich alle bei uns zuhause f\u00fchlen.\u201c<\/em><\/p>\n<\/blockquote>\n\n<div style=\"height:60px\" aria-hidden=\"true\" class=\"wp-block-spacer\"><\/div>\n\n<h2 class=\"wp-block-heading\"><strong>Warum haben Sie sich f\u00fcr den Jachthafen Strijensas entschieden?<\/strong><\/h2>\n\n<div style=\"height:15px\" aria-hidden=\"true\" class=\"wp-block-spacer\"><\/div>\n\n<p>Bevor sie nach Strijensas kam, arbeitete Renate mehrere Jahre im Jachthaven Biesbosch \u2013 einem der gr\u00f6\u00dften Yachth\u00e4fen der Niederlande, nur wenige Kilometer entfernt.<\/p>\n\n<p>Sie wollte dann in einen kleineren, pers\u00f6nlicheren Hafen wechseln, in dem der menschliche Kontakt im Mittelpunkt steht: Unser Hafen entsprach mehr ihren Vorstellungen.<\/p>\n\n<blockquote class=\"wp-block-quote is-layout-flow wp-block-quote-is-layout-flow\">\n<p><em>\u201eDer Jachthaven Strijensas hat mich sofort angesprochen. Zuerst war es die Lage: eine ruhige, nat\u00fcrliche Umgebung f\u00fcr einen kleinen, charmanten Hafen. Ich kenne die Gegend und mag die freundliche, pers\u00f6nliche Atmosph\u00e4re im menschlichen Ma\u00dfstab. Es ist etwas Besonderes, hier zu arbeiten, weil der Hafen eine reiche Geschichte und eine enge Gemeinschaft hat!\u201c<\/em><\/p>\n<\/blockquote>\n\n<div style=\"height:60px\" aria-hidden=\"true\" class=\"wp-block-spacer\"><\/div>\n<div class=\"wp-block-image\">\n<figure class=\"aligncenter size-full is-resized\"><img decoding=\"async\" src=\"https:\/\/b2765252.smushcdn.com\/2765252\/wp-content\/uploads\/2025\/08\/DSC00543-e1756378732657.jpg?lossy=1&strip=1&webp=1\" alt=\"Jachthaven Strijensas\" class=\"wp-image-111776\" style=\"width:692px;height:auto\" sizes=\"(max-width: 1365px) 100vw, 1365px\" loading=\"lazy\" \/><figcaption class=\"wp-element-caption\">Jachthaven Strijensas<\/figcaption><\/figure>\n<\/div>\n<div style=\"height:60px\" aria-hidden=\"true\" class=\"wp-block-spacer\"><\/div>\n\n<h2 class=\"wp-block-heading\"><strong>Welche Erfahrungen bringt Renate aus ihrer Zeit im Jachthaven Biesbosch mit?<\/strong><\/h2>\n\n<div style=\"height:15px\" aria-hidden=\"true\" class=\"wp-block-spacer\"><\/div>\n\n<blockquote class=\"wp-block-quote is-layout-flow wp-block-quote-is-layout-flow\">\n<p><em>\u201eIm Jachthaven Biesbosch habe ich neben dem Tagesgesch\u00e4ft mehrere gro\u00dfe Projekte geleitet. Dazu geh\u00f6rten die Entwicklung eines Wohnmobilparks, der Bau eines gro\u00dfen Innen- und Au\u00dfenspielplatzes, die Einrichtung eines Supermarktes und der Bau eines Hotels. Au\u00dferdem habe ich eng mit lokalen Auftragnehmern zusammengearbeitet, um den Hafen in einen echten Freizeitpark zu verwandeln.\u201c<\/em><\/p>\n<\/blockquote>\n\n<p>Aus dieser Berufserfahrung hat Renate fundiertes Fachwissen im Management von Hafeninfrastrukturen und in der Umsetzung von Gro\u00dfprojekten entwickelt. Im Jachthaven Strijensas verbindet sie ihre strategische Vision mit einem praktischen Ansatz, stets angepasst an die Gr\u00f6\u00dfe unseres Hafens.<\/p>\n\n<blockquote class=\"wp-block-quote is-layout-flow wp-block-quote-is-layout-flow\">\n<p><em>\u201eAls ich Renate zum ersten Mal traf, fiel mir sofort ihr menschenorientierter Ansatz auf. Meiner Meinung nach ist dies einer der am meisten untersch\u00e4tzten Aspekte des Managements, der oft von rein operativen und finanziellen Zielen \u00fcberdeckt wird. Um eine wirklich gastorientierte Atmosph\u00e4re zu schaffen, m\u00fcssen wir zuerst sicherstellen, dass unsere Teams zufrieden und engagiert sind. Ich bin \u00fcberzeugt, dass Renate in dieser Hinsicht echten Mehrwert f\u00fcr die Gruppe bringen wird. In Kombination mit ihrer umfassenden Branchenerfahrung sehe ich einer erfolgreichen und bereichernden Zusammenarbeit entgegen.\u201c<\/em><br\/><br\/>Jorin, Gesch\u00e4ftsf\u00fchrer von Port Adhoc Nederland<\/p>\n<\/blockquote>\n\n<div style=\"height:60px\" aria-hidden=\"true\" class=\"wp-block-spacer\"><\/div>\n\n<h2 class=\"wp-block-heading\"><strong>Welche Werte und Management-Vision bringt Renate in ihre t\u00e4gliche Arbeit ein?<\/strong><\/h2>\n\n<div style=\"height:15px\" aria-hidden=\"true\" class=\"wp-block-spacer\"><\/div>\n\n<p>F\u00fcr die neue <strong>Hafenleiterin<\/strong> basiert das Management eines Hafens auf Zuh\u00f6ren, Transparenz und Vertrauen. Sie verfolgt einen offenen, engagierten und kooperativen F\u00fchrungsstil, damit sich sowohl Mitarbeitende als auch Bootsfahrer wertgesch\u00e4tzt f\u00fchlen. Sie erkl\u00e4rt: \u201e<em>Ich finde es wichtig, sichtbar und ansprechbar zu sein, damit meine Kollegen und Hafennutzer das Gef\u00fchl haben, geh\u00f6rt zu werden.\u201c<\/em><\/p>\n\n<div style=\"height:60px\" aria-hidden=\"true\" class=\"wp-block-spacer\"><\/div>\n\n<figure class=\"wp-block-image size-large\"><img decoding=\"async\" width=\"1024\" height=\"901\" src=\"https:\/\/b2765252.smushcdn.com\/2765252\/wp-content\/uploads\/2025\/08\/DSC00518-e1756904416803-1024x901.jpg?lossy=1&strip=1&webp=1\" alt=\"Travelift Jachthaven Strijensas\" class=\"wp-image-111782\" srcset=\"https:\/\/b2765252.smushcdn.com\/2765252\/wp-content\/uploads\/2025\/08\/DSC00518-e1756904416803-1024x901.jpg?lossy=1&strip=1&webp=1 1024w, https:\/\/b2765252.smushcdn.com\/2765252\/wp-content\/uploads\/2025\/08\/DSC00518-e1756904416803-300x264.jpg?lossy=1&strip=1&webp=1 300w, https:\/\/b2765252.smushcdn.com\/2765252\/wp-content\/uploads\/2025\/08\/DSC00518-e1756904416803-768x676.jpg?lossy=1&strip=1&webp=1 768w, https:\/\/b2765252.smushcdn.com\/2765252\/wp-content\/uploads\/2025\/08\/DSC00518-e1756904416803.jpg?lossy=1&strip=1&webp=1 1365w, https:\/\/b2765252.smushcdn.com\/2765252\/wp-content\/uploads\/2025\/08\/DSC00518-e1756904416803.jpg?size=512x451&lossy=1&strip=1&webp=1 512w\" sizes=\"auto, (max-width: 1024px) 100vw, 1024px\" loading=\"lazy\" \/><figcaption class=\"wp-element-caption\">Travelift Jachthaven Strijensas<\/figcaption><\/figure>\n\n<div style=\"height:60px\" aria-hidden=\"true\" class=\"wp-block-spacer\"><\/div>\n\n<h2 class=\"wp-block-heading\"><strong>Was war ihr erster Eindruck, als sie im Jachthaven Strijensas ankam?<\/strong><\/h2>\n\n<div style=\"height:15px\" aria-hidden=\"true\" class=\"wp-block-spacer\"><\/div>\n\n<p>Schon in ihren ersten Tagen im Hafen Strijensas war Renate von der warmen Atmosph\u00e4re begeistert. Sie erkl\u00e4rt, dass sie sofort eine positive Dynamik gesp\u00fcrt habe \u2013 getragen von einem motivierten Team und von Bootsfahrern, die ihrem Hafen verbunden sind:<\/p>\n\n<blockquote class=\"wp-block-quote is-layout-flow wp-block-quote-is-layout-flow\">\n<p><em>\u201eMein erster Eindruck war sehr gut: Der Hafen hat eine warme Atmosph\u00e4re, und das Team ist enthusiastisch und engagiert. Hier herrscht ein gro\u00dfartiger Geist, und mir fiel sofort auf, dass alle dasselbe Ziel verfolgen: jedem Besucher ein unvergessliches Erlebnis zu bieten.\u201c<\/em><\/p>\n<\/blockquote>\n\n<div style=\"height:15px\" aria-hidden=\"true\" class=\"wp-block-spacer\"><\/div>\n\n<div class=\"wp-block-buttons is-layout-flex wp-block-buttons-is-layout-flex\">\n<div class=\"wp-block-button\"><a class=\"wp-block-button__link has-background has-small-font-size has-custom-font-size wp-element-button\" href=\"https:\/\/www.port-adhoc.com\/de\/blog\/aktuelles-aus-dem-unternehmen\/der-jachthaven-strijensas-wird-teil-des-port-adhoc-netzwerks\/\" style=\"background-color:#201e5b\" target=\"_blank\" rel=\"noreferrer noopener\">\u27a1\ufe0f Lesen Sie auch: Jachthaven Strijensas tritt dem Port Adhoc Netzwerk bei!<\/a><\/div>\n<\/div>\n\n<div style=\"height:60px\" aria-hidden=\"true\" class=\"wp-block-spacer\"><\/div>\n\n<h2 class=\"wp-block-heading\"><strong>Welche gro\u00dfen Projekte stehen f\u00fcr den Hafen an?<\/strong><\/h2>\n\n<div style=\"height:15px\" aria-hidden=\"true\" class=\"wp-block-spacer\"><\/div>\n\n<p>Auch wenn Strijensas Besucher bereits mit seiner Authentizit\u00e4t begeistert, m\u00f6chte die neue <strong>Hafenleiterin<\/strong> noch mehr erreichen. Dazu geh\u00f6ren die Verbesserung der Infrastruktur und Dienstleistungen sowie neue nachhaltige Projekte. Der Hafen soll zu einem Mittelpunkt f\u00fcr umweltfreundliche Initiativen und lokale Veranstaltungen werden:<\/p>\n\n<blockquote class=\"wp-block-quote is-layout-flow wp-block-quote-is-layout-flow\">\n<p><em>\u201eMeine Hauptpriorit\u00e4t ist es, den Charme und die Ruhe des Hafens zu bewahren und gleichzeitig Verbesserungen in Bezug auf Infrastruktur und Nachhaltigkeit zu pr\u00fcfen. Ich m\u00f6chte die Einrichtungen umweltfreundlicher gestalten und kleine Veranstaltungen organisieren, um die Gemeinschaft zu st\u00e4rken und den Jachthaven Strijensas weiterhin zu einem sehr angenehmen Ort zum Leben zu machen. Kurzfristig werde ich genau auf die W\u00fcnsche der Liegeplatzinhaber und Besucher h\u00f6ren, um die wichtigsten Bed\u00fcrfnisse zu erkennen.\u201c<\/em><\/p>\n<\/blockquote>\n\n<p>Am Ende unseres Gespr\u00e4chs fasst Renate zusammen:<\/p>\n\n<blockquote class=\"wp-block-quote is-layout-flow wp-block-quote-is-layout-flow\">\n<p><em>\u201eIch m\u00f6chte, dass der Jachthaven Strijensas noch st\u00e4rker als ein einladender, charmanter und umweltfreundlicher Hafen wahrgenommen wird. Ein Hafen, in den man gerne kommt und immer wieder zur\u00fcckkehrt! Innerhalb der Port Adhoc Gruppe wird der Hafen seinen einzigartigen Charakter behalten, und wir werden weiterhin die pers\u00f6nliche Aufmerksamkeit in den Mittelpunkt stellen.<\/em><\/p>\n<\/blockquote>\n\n<blockquote class=\"wp-block-quote is-layout-flow wp-block-quote-is-layout-flow\">\n<p><em>Ich lade alle herzlich ein, den Jachthaven Strijensas zu entdecken \u2013 Ruhe, Natur und Gastfreundschaft. Ob Sie nur f\u00fcr einen kurzen Zwischenstopp oder einen l\u00e4ngeren Aufenthalt hier sind: Wir werden alles tun, um Ihren Aufenthalt so angenehm wie m\u00f6glich zu gestalten.\u201c<\/em><\/p>\n<\/blockquote>\n\n<div style=\"height:60px\" aria-hidden=\"true\" class=\"wp-block-spacer\"><\/div>\n\n<figure class=\"wp-block-image size-large\"><img decoding=\"async\" width=\"1024\" height=\"973\" src=\"https:\/\/b2765252.smushcdn.com\/2765252\/wp-content\/uploads\/2025\/09\/DSC00546-e1756905125739-1024x973.jpg?lossy=1&strip=1&webp=1\" alt=\"Jachthaven Strijensas\" class=\"wp-image-113058\" srcset=\"https:\/\/b2765252.smushcdn.com\/2765252\/wp-content\/uploads\/2025\/09\/DSC00546-e1756905125739-1024x973.jpg?lossy=1&strip=1&webp=1 1024w, https:\/\/b2765252.smushcdn.com\/2765252\/wp-content\/uploads\/2025\/09\/DSC00546-e1756905125739-300x285.jpg?lossy=1&strip=1&webp=1 300w, https:\/\/b2765252.smushcdn.com\/2765252\/wp-content\/uploads\/2025\/09\/DSC00546-e1756905125739-768x730.jpg?lossy=1&strip=1&webp=1 768w, https:\/\/b2765252.smushcdn.com\/2765252\/wp-content\/uploads\/2025\/09\/DSC00546-e1756905125739.jpg?lossy=1&strip=1&webp=1 1365w, https:\/\/b2765252.smushcdn.com\/2765252\/wp-content\/uploads\/2025\/09\/DSC00546-e1756905125739.jpg?size=512x487&lossy=1&strip=1&webp=1 512w\" sizes=\"auto, (max-width: 1024px) 100vw, 1024px\" loading=\"lazy\" \/><figcaption class=\"wp-element-caption\">Jachthaven Strijensas, Hollands Diep<\/figcaption><\/figure>\n\n<div style=\"height:60px\" aria-hidden=\"true\" class=\"wp-block-spacer\"><\/div>\n\n<p>M\u00f6chten Sie mehr Informationen \u00fcber unseren Hafen oder interessieren Sie sich f\u00fcr einen Liegeplatz f\u00fcr Ihr Motor- oder Segelboot?<\/p>\n\n<div style=\"height:30px\" aria-hidden=\"true\" class=\"wp-block-spacer\"><\/div>\n\n<div class=\"wp-block-buttons is-layout-flex wp-block-buttons-is-layout-flex\">\n<div class=\"wp-block-button\"><a class=\"wp-block-button__link has-white-color has-vivid-cyan-blue-background-color has-text-color has-background has-link-color has-small-font-size has-custom-font-size wp-element-button\" href=\"https:\/\/www.port-adhoc.com\/de\/liegeplatzanfrage\/\" target=\"_blank\" rel=\"noreferrer noopener\">Kontaktieren Sie uns \ud83d\udc4b<\/a><\/div>\n<\/div>\n","protected":false},"excerpt":{"rendered":"<p>Im Mai 2025 trat der Jachthaven Strijensas dem Port Adhoc Netzwerk bei. Mit dieser \u00dcbernahme erweitert unsere Gruppe ihr Angebot f\u00fcr Freizeitskipper in den Niederlanden auf insgesamt acht Marinas.<br \/>\nIm Sommer 2025 wurde Renate Ilmer, eine erfahrene Hafenmanagement-Fachfrau, zur neuen Hafenleiterin ernannt. Lesen Sie weiter, um mehr \u00fcber sie zu erfahren!<\/p>\n","protected":false},"author":26,"featured_media":114733,"comment_status":"closed","ping_status":"closed","sticky":false,"template":"","format":"standard","meta":{"wds_primary_category":0,"footnotes":""},"categories":[181],"tags":[282],"class_list":["post-113085","post","type-post","status-publish","format-standard","has-post-thumbnail","hentry","category-aktuelles-aus-den-hafen","tag-jachthaven-strijensas-de"],"_links":{"self":[{"href":"https:\/\/www.port-adhoc.com\/de\/wp-json\/wp\/v2\/posts\/113085","targetHints":{"allow":["GET"]}}],"collection":[{"href":"https:\/\/www.port-adhoc.com\/de\/wp-json\/wp\/v2\/posts"}],"about":[{"href":"https:\/\/www.port-adhoc.com\/de\/wp-json\/wp\/v2\/types\/post"}],"author":[{"embeddable":true,"href":"https:\/\/www.port-adhoc.com\/de\/wp-json\/wp\/v2\/users\/26"}],"replies":[{"embeddable":true,"href":"https:\/\/www.port-adhoc.com\/de\/wp-json\/wp\/v2\/comments?post=113085"}],"version-history":[{"count":0,"href":"https:\/\/www.port-adhoc.com\/de\/wp-json\/wp\/v2\/posts\/113085\/revisions"}],"wp:featuredmedia":[{"embeddable":true,"href":"https:\/\/www.port-adhoc.com\/de\/wp-json\/wp\/v2\/media\/114733"}],"wp:attachment":[{"href":"https:\/\/www.port-adhoc.com\/de\/wp-json\/wp\/v2\/media?parent=113085"}],"wp:term":[{"taxonomy":"category","embeddable":true,"href":"https:\/\/www.port-adhoc.com\/de\/wp-json\/wp\/v2\/categories?post=113085"},{"taxonomy":"post_tag","embeddable":true,"href":"https:\/\/www.port-adhoc.com\/de\/wp-json\/wp\/v2\/tags?post=113085"}],"curies":[{"name":"wp","href":"https:\/\/api.w.org\/{rel}","templated":true}]}}