{"id":55735,"date":"2024-07-02T09:29:10","date_gmt":"2024-07-02T07:29:10","guid":{"rendered":"https:\/\/www.port-adhoc.com\/besuche-die-maritimen-sommerfeste-von-port-adhoc-paimpol-aus\/"},"modified":"2026-03-05T12:52:15","modified_gmt":"2026-03-05T11:52:15","slug":"besuche-die-maritimen-sommerfeste-von-port-adhoc-paimpol-aus","status":"publish","type":"post","link":"https:\/\/www.port-adhoc.com\/de\/blog\/aktuelles-aus-den-hafen\/besuche-die-maritimen-sommerfeste-von-port-adhoc-paimpol-aus\/","title":{"rendered":"Besuchen Sie die sommerlichen Maritimen Festivals ab Port Adhoc Paimpol"},"content":{"rendered":"\n<p class=\"has-small-font-size\">Ver\u00f6ffentlichungsdatum: 02\/07\/2024 \u2013 Letzte Aktualisierung: 04\/02\/2026<\/p>\n\n<div style=\"height:60px\" aria-hidden=\"true\" class=\"wp-block-spacer\"><\/div>\n\n<h2 class=\"wp-block-heading\"><strong><strong><strong><strong><strong><strong><strong><strong><strong><strong><strong><strong>Die Bretagne, Gastland gro\u00dfer maritimer Feiern<\/strong><\/strong><\/strong><\/strong><\/strong><\/strong><\/strong><\/strong><\/strong><\/strong><\/strong><\/strong><\/h2>\n\n<div style=\"height:30px\" aria-hidden=\"true\" class=\"wp-block-spacer\"><\/div>\n\n<p>Die wichtigsten maritimen Veranstaltungen finden im D\u00e9partement Finist\u00e8re statt \u2013 alle drei Jahre in Brest und alle zwei Jahre in Douarnenez. Die <strong>Maritimen Festivals von Brest<\/strong> und Douarnenez bieten jedes Mal die Gelegenheit, Tausende von begeisterten Besuchern zu empfangen, die kommen, um die Schiffe zu bewundern oder einfach die lebhafte Atmosph\u00e4re an den Kais zu genie\u00dfen.<\/p>\n\n<p>Als Geburtsort der allerersten maritimen Festivals hat sich die <strong>Bretagne<\/strong> im Laufe der Jahre als die Region etabliert, in der <strong>die sch\u00f6nsten Feierlichkeiten<\/strong> stattfinden. Unserer Meinung nach sind die <strong>Festivals in Brest<\/strong> und <strong>Douarnenez<\/strong> ein absolutes Muss, wenn Sie <strong>maritimes Erbe<\/strong> und Boote im Allgemeinen sch\u00e4tzen!<\/p>\n\n<div style=\"height:60px\" aria-hidden=\"true\" class=\"wp-block-spacer\"><\/div>\n\n<h3 class=\"wp-block-heading\"><strong>Die Maritimen Festivals von Brest<\/strong><\/h3>\n\n<p>Leider haben Sie 2026 nicht die M\u00f6glichkeit, am Brest Maritime Festival teilzunehmen. Die Feierlichkeiten, die bisher alle vier Jahre stattfanden, finden nun alle drei Jahre statt, und die n\u00e4chste Ausgabe wird 2027 stattfinden.<\/p>\n\n<div style=\"height:15px\" aria-hidden=\"true\" class=\"wp-block-spacer\"><\/div>\n\n<div class=\"wp-block-buttons is-layout-flex wp-block-buttons-is-layout-flex\">\n<div class=\"wp-block-button\"><a class=\"wp-block-button__link has-vivid-cyan-blue-background-color has-background has-small-font-size has-custom-font-size wp-element-button\" href=\"https:\/\/www.fetesmaritimesdebrest.fr\/\" target=\"_blank\" rel=\"noreferrer noopener\">Erfahren Sie mehr \u00fcber Brest 2027 \ud83d\udc4b<\/a><\/div>\n<\/div>\n\n<div style=\"height:30px\" aria-hidden=\"true\" class=\"wp-block-spacer\"><\/div>\n\n<p>W\u00e4hrend Sie auf \u201e<strong>Brest 2027<\/strong>\u201c warten, das im gesamten Hafenbereich und in einem Teil der Milit\u00e4rzone stattfinden wird, k\u00f6nnen Sie im Juli 2026 die <strong>Maritimen Festivals von Douarnenez<\/strong> besuchen.<\/p>\n\n<div style=\"height:60px\" aria-hidden=\"true\" class=\"wp-block-spacer\"><\/div>\n\n<figure class=\"wp-block-image size-large is-resized\"><img fetchpriority=\"high\" decoding=\"async\" width=\"1024\" height=\"683\" src=\"https:\/\/b2765252.smushcdn.com\/2765252\/wp-content\/uploads\/2024\/07\/Fetes-maritimes-Brest-1024x683.jpeg?lossy=1&strip=1&webp=1\" alt=\"\" class=\"wp-image-47106\" style=\"width:845px;height:auto\" srcset=\"https:\/\/b2765252.smushcdn.com\/2765252\/wp-content\/uploads\/2024\/07\/Fetes-maritimes-Brest-1024x683.jpeg?lossy=1&strip=1&webp=1 1024w, https:\/\/b2765252.smushcdn.com\/2765252\/wp-content\/uploads\/2024\/07\/Fetes-maritimes-Brest-300x200.jpeg?lossy=1&strip=1&webp=1 300w, https:\/\/b2765252.smushcdn.com\/2765252\/wp-content\/uploads\/2024\/07\/Fetes-maritimes-Brest-768x512.jpeg?lossy=1&strip=1&webp=1 768w, https:\/\/b2765252.smushcdn.com\/2765252\/wp-content\/uploads\/2024\/07\/Fetes-maritimes-Brest-1536x1024.jpeg?lossy=1&strip=1&webp=1 1536w, https:\/\/b2765252.smushcdn.com\/2765252\/wp-content\/uploads\/2024\/07\/Fetes-maritimes-Brest-2048x1365.jpeg?lossy=1&strip=1&webp=1 2048w, https:\/\/b2765252.smushcdn.com\/2765252\/wp-content\/uploads\/2024\/07\/Fetes-maritimes-Brest.jpeg?size=512x342&lossy=1&strip=1&webp=1 512w\" sizes=\"(max-width: 1024px) 100vw, 1024px\" \/><figcaption class=\"wp-element-caption\"><p data-start=\"1891\" data-end=\"2026\"><em data-start=\"1891\" data-end=\"2024\">L&#8217;\u00c9toile du Roy und La Belle Poule vert\u00e4ut am Quai du Commandant Malbert w\u00e4hrend der Ausgabe 2022 der Maritimen Festivals von Brest<\/em><\/p><\/figcaption><\/figure>\n\n<div style=\"height:60px\" aria-hidden=\"true\" class=\"wp-block-spacer\"><\/div>\n\n<h3 class=\"wp-block-heading\"><strong>Das Festival der Traditionssegler von Paimpol<\/strong><\/h3>\n\n<p>Vom 14. bis 16. August 2026 feiert das Festival der Traditionssegler von Paimpol sein 20-j\u00e4hriges Bestehen! Ein unverzichtbares Treffen f\u00fcr Liebhaber des maritimen Erbes und der Musik. Drei Tage lang wird der Hafen lebendig mit Traditionsseglern, nautischen Aktivit\u00e4ten und Konzerten auf mehreren B\u00fchnen, die einen festlichen Einblick in die bretonische maritime Welt bieten. Eine ideale Gelegenheit, den maritimen Reichtum der Bretagne in einer freundlichen und lebhaften Atmosph\u00e4re zu entdecken.<\/p>\n\n<p>In diesem Jahr ist <strong>Port Adhoc Paimpol<\/strong> stolz darauf, Partner der Veranstaltung zu sein, das regionale maritime Erbe zu f\u00f6rdern und gleichzeitig das lokale kulturelle Leben zu unterst\u00fctzen.<\/p>\n\n<div style=\"height:15px\" aria-hidden=\"true\" class=\"wp-block-spacer\"><\/div>\n\n<div class=\"wp-block-buttons is-layout-flex wp-block-buttons-is-layout-flex\">\n<div class=\"wp-block-button\"><a class=\"wp-block-button__link has-vivid-cyan-blue-background-color has-background has-small-font-size has-custom-font-size wp-element-button\" href=\"https:\/\/vieux-greements-paimpol.fr\/\" target=\"_blank\" rel=\"noreferrer noopener\">Erfahren Sie mehr \u00fcber das Festival der Traditionssegler von Paimpol \ud83d\udc4b<\/a><\/div>\n<\/div>\n\n<div style=\"height:60px\" aria-hidden=\"true\" class=\"wp-block-spacer\"><\/div>\n\n<figure class=\"wp-block-image size-large\"><img decoding=\"async\" width=\"1024\" height=\"1024\" src=\"https:\/\/b2765252.smushcdn.com\/2765252\/wp-content\/uploads\/2024\/07\/606429244_122219726816271242_2326676027164079080_n-1024x1024.jpg?lossy=1&strip=1&webp=1\" alt=\"Phoenix-Boot Paimpol Festival\" class=\"wp-image-126920\" srcset=\"https:\/\/b2765252.smushcdn.com\/2765252\/wp-content\/uploads\/2024\/07\/606429244_122219726816271242_2326676027164079080_n-1024x1024.jpg?lossy=1&strip=1&webp=1 1024w, https:\/\/b2765252.smushcdn.com\/2765252\/wp-content\/uploads\/2024\/07\/606429244_122219726816271242_2326676027164079080_n-300x300.jpg?lossy=1&strip=1&webp=1 300w, https:\/\/b2765252.smushcdn.com\/2765252\/wp-content\/uploads\/2024\/07\/606429244_122219726816271242_2326676027164079080_n-150x150.jpg?lossy=1&strip=1&webp=1 150w, https:\/\/b2765252.smushcdn.com\/2765252\/wp-content\/uploads\/2024\/07\/606429244_122219726816271242_2326676027164079080_n-768x768.jpg?lossy=1&strip=1&webp=1 768w, https:\/\/b2765252.smushcdn.com\/2765252\/wp-content\/uploads\/2024\/07\/606429244_122219726816271242_2326676027164079080_n.jpg?lossy=1&strip=1&webp=1 1440w, https:\/\/b2765252.smushcdn.com\/2765252\/wp-content\/uploads\/2024\/07\/606429244_122219726816271242_2326676027164079080_n.jpg?size=512x512&lossy=1&strip=1&webp=1 512w\" sizes=\"auto, (max-width: 1024px) 100vw, 1024px\" loading=\"lazy\" \/><figcaption class=\"wp-element-caption\">Das Piratenschiff <em>Le Phoenix<\/em> und seine Besatzung, Gast der Ausgabe 2026<\/figcaption><\/figure>\n\n<div style=\"height:60px\" aria-hidden=\"true\" class=\"wp-block-spacer\"><\/div>\n\n<h3 class=\"wp-block-heading\"><strong>Die Maritimen Festivals von Douarnenez<\/strong><\/h3>\n\n<p>Vom 23. bis 26. Juli 2026 wird die 19. Ausgabe der Veranstaltung Hunderte von Crews und traditionellen Booten im Port du Rosmeur in Douarnenez versammeln. Es wird auch der 40. Jahrestag der allerersten maritimen Veranstaltung auf bretonischem Boden sein!<\/p>\n\n<p>In Douarnenez werden die Feierlichkeiten auf dem Wasser, auf der B\u00fchne und entlang der Kais stattfinden. Besucher k\u00f6nnen traditionelle Boote besichtigen, verschiedene nautische Paraden bewundern, an Bord gehen f\u00fcr Ausfahrten auf See, Demonstrationen verfolgen\u2026 oder sogar an Einsteigerkursen teilnehmen.<\/p>\n\n<p>Das kulturelle Programm wird besonders reichhaltig sein: Liebhaber des Meeres und des maritimen Erbes k\u00f6nnen sich auf zahlreiche Aktivit\u00e4ten, Konferenzen und Diskussionen, Ausstellungen und Filmvorf\u00fchrungen freuen.<\/p>\n\n<p>Schlie\u00dflich werden die Maritimen Festivals von Douarnenez wie gewohnt ein abwechslungsreiches Musikprogramm bieten, darunter Weltmusik und traditionelle Seemannslieder.<\/p>\n\n<div style=\"height:15px\" aria-hidden=\"true\" class=\"wp-block-spacer\"><\/div>\n\n<div class=\"wp-block-buttons is-layout-flex wp-block-buttons-is-layout-flex\">\n<div class=\"wp-block-button\"><a class=\"wp-block-button__link has-vivid-cyan-blue-background-color has-background has-small-font-size has-custom-font-size wp-element-button\" href=\"https:\/\/fetesmaritimes.fr\/\" target=\"_blank\" rel=\"noreferrer noopener\">Erfahren Sie mehr \u00fcber die Maritimen Festivals von Douarnenez \ud83d\udc4b<\/a><\/div>\n<\/div>\n\n<div style=\"height:60px\" aria-hidden=\"true\" class=\"wp-block-spacer\"><\/div>\n\n<figure class=\"wp-block-image size-large is-resized\"><img decoding=\"async\" width=\"1024\" height=\"683\" src=\"https:\/\/b2765252.smushcdn.com\/2765252\/wp-content\/uploads\/2024\/07\/623470167_1428448285404401_2261873328285180929_n-1024x683.jpg?lossy=1&strip=1&webp=1\" alt=\"\" class=\"wp-image-124478\" style=\"width:845px;height:auto\" srcset=\"https:\/\/b2765252.smushcdn.com\/2765252\/wp-content\/uploads\/2024\/07\/623470167_1428448285404401_2261873328285180929_n-1024x683.jpg?lossy=1&strip=1&webp=1 1024w, https:\/\/b2765252.smushcdn.com\/2765252\/wp-content\/uploads\/2024\/07\/623470167_1428448285404401_2261873328285180929_n-300x200.jpg?lossy=1&strip=1&webp=1 300w, https:\/\/b2765252.smushcdn.com\/2765252\/wp-content\/uploads\/2024\/07\/623470167_1428448285404401_2261873328285180929_n-768x512.jpg?lossy=1&strip=1&webp=1 768w, https:\/\/b2765252.smushcdn.com\/2765252\/wp-content\/uploads\/2024\/07\/623470167_1428448285404401_2261873328285180929_n-1536x1024.jpg?lossy=1&strip=1&webp=1 1536w, https:\/\/b2765252.smushcdn.com\/2765252\/wp-content\/uploads\/2024\/07\/623470167_1428448285404401_2261873328285180929_n.jpg?lossy=1&strip=1&webp=1 2048w, https:\/\/b2765252.smushcdn.com\/2765252\/wp-content\/uploads\/2024\/07\/623470167_1428448285404401_2261873328285180929_n.jpg?size=512x342&lossy=1&strip=1&webp=1 512w\" sizes=\"auto, (max-width: 1024px) 100vw, 1024px\" loading=\"lazy\" \/><figcaption class=\"wp-element-caption\"><em>Ankunft des russischen Viermasters Kruzenshtern, 2008 \u00a9 Jacques Vapillon<\/em><\/figcaption><\/figure>\n\n<div style=\"height:60px\" aria-hidden=\"true\" class=\"wp-block-spacer\"><\/div>\n\n<h2 class=\"wp-block-heading\"><strong>In der Normandie: Das Working Sail Festival in Granville<\/strong><\/h2>\n\n<p>Wenn Sie eine maritime Veranstaltung am \u00c4rmelkanal besuchen m\u00f6chten, sollten Sie nach Granville in der Normandie fahren. Dort k\u00f6nnen Sie zwischen dem 19. und 23. August 2026 f\u00fcnf Tage lang Entdeckungen und Aktivit\u00e4ten rund um das maritime Erbe erleben, im Rahmen des bekannten <strong>Working Sail Festivals<\/strong> (<em data-start=\"3558\" data-end=\"3590\">Festival des Voiles de Travail<\/em>).<\/p>\n\n<p>Das Festival ist eine p\u00e4dagogische Veranstaltung, die der \u00d6ffentlichkeit vermittelt, wie Arbeitsschiffe funktionierten und welche wirtschaftliche und kulturelle Bedeutung die maritime Vergangenheit in der Region hatte.<\/p>\n\n<p>Gegr\u00fcndet 2012, findet das Festival jedes Jahr im Hafen von Granville statt. Im letzten Jahr besuchten fast 50.000 Besucher das Festival, um Aktivit\u00e4ten auf See, Unterhaltung im Hafen und Veranstaltungen an Land zu genie\u00dfen.<\/p>\n\n<div style=\"height:60px\" aria-hidden=\"true\" class=\"wp-block-spacer\"><\/div>\n\n<h2 class=\"wp-block-heading\"><strong>Bretonische und normannische Maritime Festivals 2026: Kalender<\/strong><\/h2>\n\n<div class=\"table-container\" role=\"region\" aria-label=\"Maritime Feste in der Bretagne und Normandie\">\r\n\r\n  <table class=\"responsive-table\">\r\n    <thead>\r\n      <tr>\r\n        <th>Maritime Feste in der Bretagne und Normandie<\/th>\r\n        <th>Veranstaltungsdaten<\/th>\r\n      <\/tr>\r\n    <\/thead>\r\n\r\n    <tbody>\r\n      <tr>\r\n        <td data-label=\"Veranstaltung\">Maritime Feste von Douarnenez<\/td>\r\n        <td data-label=\"Daten\">Vom 23. bis 26. Juli 2026<\/td>\r\n      <\/tr>\r\n\r\n      <tr>\r\n        <td data-label=\"\u00c9v\u00e9nement\">Festival der alten Segelschiffe in Paimpol<\/td>\r\n        <td data-label=\"Dates\">Vom 14. bis 16. August 2026<\/td>\r\n      <\/tr>\r\n\r\n      <tr>\r\n        <td data-label=\"Veranstaltung\">Festival der Arbeitssegel von Granville<\/td>\r\n        <td data-label=\"Daten\">Vom 19. bis 23. August 2026<\/td>\r\n      <\/tr>\r\n    <\/tbody>\r\n  <\/table>\r\n\r\n<\/div>\r\n\r\n<style>\r\n  .table-container {\r\n    width: 100%;\r\n    overflow-x: auto;\r\n    margin: 24px 0;\r\n  }\r\n\r\n  .responsive-table {\r\n    width: 100%;\r\n    border-collapse: collapse;\r\n    color: #201e5b;\r\n    border: 1px solid #e5e7eb;\r\n  }\r\n\r\n  .responsive-table th,\r\n  .responsive-table td {\r\n    border: 1px solid #e5e7eb;\r\n    padding: 12px 14px;\r\n    text-align: left;\r\n    vertical-align: top;\r\n  }\r\n\r\n  .responsive-table thead th {\r\n    background-color: #f7f6f4;\r\n    font-weight: 600;\r\n  }\r\n\r\n  .responsive-table tr:hover td {\r\n    background-color: #fafafa;\r\n  }\r\n\r\n  \/* --- Responsive mobile --- *\/\r\n  @media (max-width: 640px) {\r\n    .responsive-table thead {\r\n      display: none;\r\n    }\r\n\r\n    .responsive-table,\r\n    .responsive-table tbody,\r\n    .responsive-table tr,\r\n    .responsive-table td {\r\n      display: block;\r\n      width: 100%;\r\n    }\r\n\r\n    .responsive-table tr {\r\n      margin-bottom: 14px;\r\n      border: 1px solid #e5e7eb;\r\n      border-radius: 12px;\r\n      background: #ffffff;\r\n      overflow: hidden;\r\n    }\r\n\r\n    .responsive-table td {\r\n      border: none;\r\n      border-bottom: 1px solid #f1f5f9;\r\n      padding: 10px 12px 10px 140px;\r\n      position: relative;\r\n    }\r\n\r\n    .responsive-table td:last-child {\r\n      border-bottom: none;\r\n    }\r\n\r\n    .responsive-table td::before {\r\n      content: attr(data-label);\r\n      position: absolute;\r\n      left: 12px;\r\n      top: 10px;\r\n      width: 120px;\r\n      font-weight: 600;\r\n      color: #201e5b;\r\n    }\r\n  }\r\n<\/style>\n\n<div style=\"height:60px\" aria-hidden=\"true\" class=\"wp-block-spacer\"><\/div>\n\n<h2 class=\"wp-block-heading\"><strong>Port Adhoc Paimpol, idealer Ausgangspunkt f\u00fcr Festivit\u00e4ten<\/strong><\/h2>\n\n<p>126 Seemeilen von Douarnenez und 58 Seemeilen von Granville entfernt ist Port Adhoc Paimpol der n\u00e4chstgelegene Hafen in unserem Netzwerk zu den maritimen Festivals 2026. Egal, ob Sie an einem Festival, dem Granville-Event oder an allen Veranstaltungen teilnehmen m\u00f6chten, Paimpol ist der ideale Hafen, um in See zu stechen.<\/p>\n\n<div style=\"height:15px\" aria-hidden=\"true\" class=\"wp-block-spacer\"><\/div>\n\n<div class=\"wp-block-buttons is-horizontal is-layout-flex wp-block-buttons-is-layout-flex\">\n<div class=\"wp-block-button is-style-fill\"><a class=\"wp-block-button__link has-white-color has-text-color has-background has-small-font-size has-custom-font-size wp-element-button\" href=\"https:\/\/www.port-adhoc.com\/de\/blog\/vergnugungsschifffahrt\/paimpol-eine-bretonische-hafenstadt-mit-einer-reichen-maritimen-geschichte\/\" style=\"background-color:#201e5b\" target=\"_blank\" rel=\"noreferrer noopener\">\u27a1\ufe0f Auch lesen: Paimpol, eine bretonische Stadt mit reicher Hafen-Geschichte<\/a><\/div>\n<\/div>\n\n<div style=\"height:60px\" aria-hidden=\"true\" class=\"wp-block-spacer\"><\/div>\n\n<figure class=\"wp-block-image size-large\"><img loading=\"lazy\" decoding=\"async\" width=\"1024\" height=\"684\" src=\"https:\/\/b2765252.smushcdn.com\/2765252\/wp-content\/uploads\/2024\/07\/DSC02875-1-1024x684.jpg?lossy=1&strip=1&webp=1\" alt=\"Port Adhoc Paimpol\" class=\"wp-image-124480\" srcset=\"https:\/\/b2765252.smushcdn.com\/2765252\/wp-content\/uploads\/2024\/07\/DSC02875-1-1024x684.jpg?lossy=1&strip=1&webp=1 1024w, https:\/\/b2765252.smushcdn.com\/2765252\/wp-content\/uploads\/2024\/07\/DSC02875-1-300x200.jpg?lossy=1&strip=1&webp=1 300w, https:\/\/b2765252.smushcdn.com\/2765252\/wp-content\/uploads\/2024\/07\/DSC02875-1-768x513.jpg?lossy=1&strip=1&webp=1 768w, https:\/\/b2765252.smushcdn.com\/2765252\/wp-content\/uploads\/2024\/07\/DSC02875-1-1536x1026.jpg?lossy=1&strip=1&webp=1 1536w, https:\/\/b2765252.smushcdn.com\/2765252\/wp-content\/uploads\/2024\/07\/DSC02875-1-2048x1368.jpg?lossy=1&strip=1&webp=1 2048w, https:\/\/b2765252.smushcdn.com\/2765252\/wp-content\/uploads\/2024\/07\/DSC02875-1.jpg?size=512x342&lossy=1&strip=1&webp=1 512w\" sizes=\"auto, (max-width: 1024px) 100vw, 1024px\" \/><figcaption class=\"wp-element-caption\"><em>Port Adhoc Paimpol, C\u00f4tes d&#8217;Armor<\/em><\/figcaption><\/figure>\n\n<div style=\"height:60px\" aria-hidden=\"true\" class=\"wp-block-spacer\"><\/div>\n\n<p>Wir empfehlen Ihnen, Ihr Boot fr\u00fchzeitig zu Wasser zu lassen: In Port Adhoc Paimpol ist dies zwischen 3 Stunden vor und 3 Stunden nach dem Zeitpunkt des h\u00f6chsten Wasserstandes m\u00f6glich. Sobald Sie im Wasser sind, k\u00f6nnen Sie direkt in Richtung der Seefeste segeln,\u00a0<strong>ohne dass Sie schleusen m\u00fcssen<\/strong>!<\/p>\n\n<div style=\"height:60px\" aria-hidden=\"true\" class=\"wp-block-spacer\"><\/div>\n\n<div class=\"wp-block-buttons is-horizontal is-layout-flex wp-block-buttons-is-layout-flex\">\n<div class=\"wp-block-button is-style-fill\"><a class=\"wp-block-button__link has-white-color has-vivid-cyan-blue-background-color has-text-color has-background has-small-font-size has-custom-font-size wp-element-button\" href=\"https:\/\/www.port-adhoc.com\/de\/paimpol\/\" target=\"_blank\" rel=\"noreferrer noopener\">Ontdek de haven van Paimpol \ud83d\udc4b<\/a><\/div>\n<\/div>\n\n<div style=\"height:60px\" aria-hidden=\"true\" class=\"wp-block-spacer\"><\/div>\n\n<p>Und wenn Sie keinen\u00a0<strong>Liegeplatz in Paimpol<\/strong>\u00a0oder in der Bretagne haben, aber daran interessiert sind, die Feierlichkeiten mit einem Motor- oder Segelboot zu besuchen, empfehlen wir Ihnen, sich vorab \u00fcber das Gebiet und die\u00a0<strong>Segelbedingungen in der Bretagne<\/strong>\u00a0zu informieren. Lesen Sie weiter: Wir haben auch einen Artikel zu diesem Thema vorbereitet!<\/p>\n\n<div style=\"height:60px\" aria-hidden=\"true\" class=\"wp-block-spacer\"><\/div>\n\n<div class=\"wp-block-buttons is-horizontal is-layout-flex wp-block-buttons-is-layout-flex\">\n<div class=\"wp-block-button is-style-fill\"><a class=\"wp-block-button__link has-white-color has-text-color has-background has-small-font-size has-custom-font-size wp-element-button\" href=\"https:\/\/www.port-adhoc.com\/de\/blog\/vergnugungsschifffahrt\/die-besonderheiten-des-bootfahrens-in-der-bretagne\/\" style=\"background-color:#201e5b\" target=\"_blank\" rel=\"noreferrer noopener\">\u27a1\ufe0f Auch lesen: Erfahren Sie mehr \u00fcber das Segeln in der Bretagne<\/a><\/div>\n<\/div>\n","protected":false},"excerpt":{"rendered":"<p>Suchen Sie in diesem Sommer nach Veranstaltungen, die Sie mit dem Motorboot oder Segelboot besuchen k\u00f6nnen? In der Bretagne sind die f\u00eates maritimes bekannte Festlichkeiten, die man nicht verpassen sollte. Im Juli werden Sie ab Port Adhoc Paimpol sicherlich keine Langeweile haben!<\/p>\n","protected":false},"author":2,"featured_media":115338,"comment_status":"closed","ping_status":"closed","sticky":false,"template":"","format":"standard","meta":{"wds_primary_category":0,"footnotes":""},"categories":[181],"tags":[101],"class_list":["post-55735","post","type-post","status-publish","format-standard","has-post-thumbnail","hentry","category-aktuelles-aus-den-hafen","tag-port-adhoc-paimpol-de"],"_links":{"self":[{"href":"https:\/\/www.port-adhoc.com\/de\/wp-json\/wp\/v2\/posts\/55735","targetHints":{"allow":["GET"]}}],"collection":[{"href":"https:\/\/www.port-adhoc.com\/de\/wp-json\/wp\/v2\/posts"}],"about":[{"href":"https:\/\/www.port-adhoc.com\/de\/wp-json\/wp\/v2\/types\/post"}],"author":[{"embeddable":true,"href":"https:\/\/www.port-adhoc.com\/de\/wp-json\/wp\/v2\/users\/2"}],"replies":[{"embeddable":true,"href":"https:\/\/www.port-adhoc.com\/de\/wp-json\/wp\/v2\/comments?post=55735"}],"version-history":[{"count":0,"href":"https:\/\/www.port-adhoc.com\/de\/wp-json\/wp\/v2\/posts\/55735\/revisions"}],"wp:featuredmedia":[{"embeddable":true,"href":"https:\/\/www.port-adhoc.com\/de\/wp-json\/wp\/v2\/media\/115338"}],"wp:attachment":[{"href":"https:\/\/www.port-adhoc.com\/de\/wp-json\/wp\/v2\/media?parent=55735"}],"wp:term":[{"taxonomy":"category","embeddable":true,"href":"https:\/\/www.port-adhoc.com\/de\/wp-json\/wp\/v2\/categories?post=55735"},{"taxonomy":"post_tag","embeddable":true,"href":"https:\/\/www.port-adhoc.com\/de\/wp-json\/wp\/v2\/tags?post=55735"}],"curies":[{"name":"wp","href":"https:\/\/api.w.org\/{rel}","templated":true}]}}