{"id":55767,"date":"2024-06-19T19:12:25","date_gmt":"2024-06-19T17:12:25","guid":{"rendered":"https:\/\/www.port-adhoc.com\/besuchen-sie-die-fetes-maritimes-de-la-rochelle-von-unseren-atlantikhafen-aus\/"},"modified":"2025-04-01T16:56:49","modified_gmt":"2025-04-01T14:56:49","slug":"besuchen-sie-die-fetes-maritimes-de-la-rochelle-von-unseren-atlantikhafen-aus","status":"publish","type":"post","link":"https:\/\/www.port-adhoc.com\/de\/blog\/technik-tipps\/besuchen-sie-die-fetes-maritimes-de-la-rochelle-von-unseren-atlantikhafen-aus\/","title":{"rendered":"Besuchen Sie die F\u00eates maritimes de La Rochelle von unseren Atlantikh\u00e4fen aus"},"content":{"rendered":"\n<p class=\"has-small-font-size\"> Ver\u00f6ffentlichungsdatum: 19\/06\/2024<\/p>\n\n<div style=\"height:60px\" aria-hidden=\"true\" class=\"wp-block-spacer\"><\/div>\n\n<h2 class=\"wp-block-heading\"><strong>La Rochelle, eine dem Ozean zugewandte Stadt<\/strong><\/h2>\n\n<div style=\"height:30px\" aria-hidden=\"true\" class=\"wp-block-spacer\"><\/div>\n\n<p>Die Stadt La Rochelle, die sich zum <strong>Atlantik<\/strong> hin \u00f6ffnet und an einer\u00a0<strong>der belebtesten Wasserfl\u00e4chen<\/strong>\u00a0Frankreichs liegt, ist f\u00fcr die Aus\u00fcbung des\u00a0<strong>Segelsports<\/strong>\u00a0und des\u00a0<strong>Wassersports<\/strong>\u00a0im Allgemeinen ber\u00fchmt. Als Ort, an dem dank mehrerer Werften zahlreiche Boote gebaut werden, als Ort des ber\u00fchmten\u00a0<strong>Festivals Grand Pavois<\/strong>&#8230; La Rochelle versteht es bereits seit mehreren Jahrzehnten, alle\u00a0<strong>Liebhaber des Meeres<\/strong>, von\u00a0<strong>Motor-\u00a0<\/strong>und\u00a0<strong>Segelbooten<\/strong>\u00a0zu vereinen.<\/p>\n\n<p>In den H\u00e4fen der Stadt, insbesondere im\u00a0<strong>Alten Hafen von La Rochelle<\/strong>, freuen sich Einwohner und Besucher immer, wenn sie von den Kais aus zahlreiche Schiffe bewundern k\u00f6nnen, die Zeugen des\u00a0<strong>franz\u00f6sischen maritimen Erbes<\/strong>\u00a0sind.<\/p>\n\n<p>Von\u00a0<strong>traditionellen Booten<\/strong>\u00a0aus den Pertuis de Charente-Maritime bis zum ber\u00fchmten\u00a0<strong><em>Joshua<\/em>\u00a0<\/strong>von Bernard Moitessier, die auf Bootsstege des Mus\u00e9e Maritime de La Rochelle vor Anker liegt, stellen alle Boote ein unsch\u00e4tzbares lebendes Erbe dar, das die lokalen Akteure in den Vordergrund r\u00fccken wollen. Aus diesem Grund haben sich die Teams der F\u00eates maritimes de La Rochelle mit fast 250 Freiwilligen an die Organisation einer\u00a0<strong>renommierten internationalen Veranstaltung<\/strong>\u00a0gewagt. Zweifellos wird dieses bei allen Begeisterten auf einhellige Zustimmung sto\u00dfen!<\/p>\n\n<div style=\"height:60px\" aria-hidden=\"true\" class=\"wp-block-spacer\"><\/div>\n\n<h2 class=\"wp-block-heading\"><p class=\"wp-block-heading\"><strong>Die erste Ausgabe eines au\u00dfergew\u00f6hnlichen maritimen Festes<\/strong><\/p><\/h2>\n\n<div style=\"height:30px\" aria-hidden=\"true\" class=\"wp-block-spacer\"><\/div>\n\n<p>Rund um das\u00a0<strong>Bassin des Chalutiers<\/strong>\u00a0am\u00a0<strong>alten Hafen von La Rochelle<\/strong>\u00a0werden zum ersten Mal die F\u00eates maritimes de La Rochelle stattfinden.\u00a0<strong>Vier Tage<\/strong>\u00a0lang, vom\u00a0<strong>20. bis 23. Juni 2024<\/strong>, und nur wenige Schritte vom historischen Zentrum der Stadt entfernt, sind alle eingeladen, das\u00a0<strong>maritime Erbe Frankreichs und anderer<\/strong>\u00a0L\u00e4nder bei einem beliebten, famili\u00e4ren, kulturellen und geselligen Ereignis zu feiern.<\/p>\n\n<p>Rund\u00a0<strong>100 St\u00e4nde<\/strong>\u00a0werden die Kais des Alten Hafens von La Rochelle belegen. Die\u00a0<strong>erwarteten 150.000 Besucher<\/strong>\u00a0k\u00f6nnen sich auf verschiedene Animationen freuen, wie z. B. :<\/p>\n\n<ul class=\"wp-block-list\">\n<li><strong>Besichtigungen von Schiffen\u00a0<\/strong>am Kai<\/li>\n\n\n\n<li><strong>Ausfl\u00fcge auf dem Meer<\/strong><\/li>\n\n\n\n<li><strong>P\u00e4dagogische Vorf\u00fchrungen\u00a0<\/strong>zur Seemannschaft, zum Kalfatern, zum Gerben von Segeln, zum R\u00e4uchern von Fisch&#8230;<\/li>\n\n\n\n<li><strong>Ausstellungen<\/strong>\u00a0und\u00a0<strong>Modelle<\/strong><\/li>\n\n\n\n<li><strong>Verkostungen<\/strong>\u00a0von Meeresfr\u00fcchten und Produkten aus der Charente<\/li>\n\n\n\n<li><strong>Seemannslieder<\/strong><\/li>\n\n\n\n<li><strong>Konzerte<\/strong><\/li>\n\n\n\n<li>Ein\u00a0<strong>Restaurantbereich<\/strong>\u00a0und zahlreiche Foodtrucks<\/li>\n<\/ul>\n\n<p>Sie fragen sich noch, ob Sie nach La Rochelle fahren sollen, um die festliche Stimmung zu genie\u00dfen? Sie sollten wissen, dass die Veranstaltung f\u00fcr alle offen ist, mit\u00a0<strong>freiem Eintritt<\/strong>\u00a0w\u00e4hrend der vier Tage, die das Fest dauert!<\/p>\n\n<div style=\"height:60px\" aria-hidden=\"true\" class=\"wp-block-spacer\"><\/div>\n\n<figure class=\"wp-block-image size-large\"><img fetchpriority=\"high\" decoding=\"async\" width=\"1024\" height=\"681\" src=\"https:\/\/b2765252.smushcdn.com\/2765252\/wp-content\/uploads\/2024\/06\/Les-tours-Tour-de-la-chaine-et-tour-Saint-Nicolas-dans-le-vieux-port-La-Rochelle-1024x681.jpg?lossy=1&strip=1&webp=1\" alt=\"\" class=\"wp-image-46386\" srcset=\"https:\/\/b2765252.smushcdn.com\/2765252\/wp-content\/uploads\/2024\/06\/Les-tours-Tour-de-la-chaine-et-tour-Saint-Nicolas-dans-le-vieux-port-La-Rochelle-1024x681.jpg?lossy=1&strip=1&webp=1 1024w, https:\/\/b2765252.smushcdn.com\/2765252\/wp-content\/uploads\/2024\/06\/Les-tours-Tour-de-la-chaine-et-tour-Saint-Nicolas-dans-le-vieux-port-La-Rochelle-300x200.jpg?lossy=1&strip=1&webp=1 300w, https:\/\/b2765252.smushcdn.com\/2765252\/wp-content\/uploads\/2024\/06\/Les-tours-Tour-de-la-chaine-et-tour-Saint-Nicolas-dans-le-vieux-port-La-Rochelle-768x511.jpg?lossy=1&strip=1&webp=1 768w, https:\/\/b2765252.smushcdn.com\/2765252\/wp-content\/uploads\/2024\/06\/Les-tours-Tour-de-la-chaine-et-tour-Saint-Nicolas-dans-le-vieux-port-La-Rochelle-1536x1022.jpg?lossy=1&strip=1&webp=1 1536w, https:\/\/b2765252.smushcdn.com\/2765252\/wp-content\/uploads\/2024\/06\/Les-tours-Tour-de-la-chaine-et-tour-Saint-Nicolas-dans-le-vieux-port-La-Rochelle.jpg?lossy=1&strip=1&webp=1 1596w, https:\/\/b2765252.smushcdn.com\/2765252\/wp-content\/uploads\/2024\/06\/Les-tours-Tour-de-la-chaine-et-tour-Saint-Nicolas-dans-le-vieux-port-La-Rochelle.jpg?size=512x341&lossy=1&strip=1&webp=1 512w\" sizes=\"(max-width: 1024px) 100vw, 1024px\" \/><figcaption class=\"wp-element-caption\">Der Tour de la Cha\u00eene und der Tour Saint-Nicolas im alten Hafen von La Rochelle<\/figcaption><\/figure>\n\n<div style=\"height:30px\" aria-hidden=\"true\" class=\"wp-block-spacer\"><\/div>\n\n<h2 class=\"wp-block-heading\"><p class=\"wp-block-heading\"><strong>Viele Schiffe erwartet<\/strong><\/p><\/h2>\n\n<div style=\"height:30px\" aria-hidden=\"true\" class=\"wp-block-spacer\"><\/div>\n\n<h3 class=\"wp-block-heading\">Von der Mar\u00e4nen-Lassie zum Gro\u00dfsegler<\/h3>\n\n<p>Lasses marennaises, traditionelle Takelagen der Girondem\u00fcndung, Cotres auriques rh\u00e9tais, Sardinendampfer&#8230; Die Organisatoren der Feste wollten\u00a0<strong>alle Wasserfahrzeuge der Region\u00a0<\/strong>durch die Anwesenheit zahlreicher\u00a0<strong>Arbeitsboote<\/strong>\u00a0ehren. Mit ihnen wollen sie insbesondere die\u00a0<strong>maritimen Berufe<\/strong>\u00a0der Region Charente feiern, wie die Austern- oder Muschelzucht.<\/p>\n\n<p>Andere Schiffe, wie die\u00a0<em>Saint-Michel II<\/em>, ein Nachbau von Jules Vernes zweitem Segelschiff in Nantes, oder die\u00a0<em>Mutin<\/em>, ein von der Marine in Brest betriebener Dund\u00e9e, werden die anderen franz\u00f6sischen Regionen dokumentieren.<\/p>\n\n<p>Zu den Arbeitsbooten und Segelschiffen kommen etwa 40\u00a0<strong>klassische Yachten<\/strong>\u00a0aus La Rochelle und von verschiedenen Orten am Atlantik sowie ein Dutzend\u00a0<strong>Gro\u00dfsegler<\/strong>\u00a0verschiedener Nationalit\u00e4ten hinzu. So werden beispielsweise der Viermaster\u00a0<em>Santa Maria Manuela<\/em>, die Dreimaster\u00a0<em>Belem<\/em>\u00a0und\u00a0<em>Le Fran\u00e7ais<\/em>, die\u00a0<em>Shtandard<\/em>\u00a0und die Brigg\u00a0<em>Morgenster<\/em>\u00a0mit von der Partie sein.<\/p>\n\n<p>Insgesamt werden\u00a0<strong>150 Boote<\/strong>\u00a0an den\u00a0<a href=\"https:\/\/fetesmaritimeslarochelle.fr\/\">F\u00eates maritimes de La Rochelle<\/a>\u00a0teilnehmen!<\/p>\n\n<div style=\"height:30px\" aria-hidden=\"true\" class=\"wp-block-spacer\"><\/div>\n\n<figure class=\"wp-block-image size-large\"><img decoding=\"async\" width=\"1024\" height=\"683\" src=\"https:\/\/b2765252.smushcdn.com\/2765252\/wp-content\/uploads\/2024\/06\/Goelette-portugaise-Santa-Maria-Manuela-1024x683.jpg?lossy=1&strip=1&webp=1\" alt=\"\" class=\"wp-image-46387\" srcset=\"https:\/\/b2765252.smushcdn.com\/2765252\/wp-content\/uploads\/2024\/06\/Goelette-portugaise-Santa-Maria-Manuela-1024x683.jpg?lossy=1&strip=1&webp=1 1024w, https:\/\/b2765252.smushcdn.com\/2765252\/wp-content\/uploads\/2024\/06\/Goelette-portugaise-Santa-Maria-Manuela-300x200.jpg?lossy=1&strip=1&webp=1 300w, https:\/\/b2765252.smushcdn.com\/2765252\/wp-content\/uploads\/2024\/06\/Goelette-portugaise-Santa-Maria-Manuela-768x512.jpg?lossy=1&strip=1&webp=1 768w, https:\/\/b2765252.smushcdn.com\/2765252\/wp-content\/uploads\/2024\/06\/Goelette-portugaise-Santa-Maria-Manuela-1536x1024.jpg?lossy=1&strip=1&webp=1 1536w, https:\/\/b2765252.smushcdn.com\/2765252\/wp-content\/uploads\/2024\/06\/Goelette-portugaise-Santa-Maria-Manuela-2048x1365.jpg?lossy=1&strip=1&webp=1 2048w, https:\/\/b2765252.smushcdn.com\/2765252\/wp-content\/uploads\/2024\/06\/Goelette-portugaise-Santa-Maria-Manuela.jpg?size=512x342&lossy=1&strip=1&webp=1 512w\" sizes=\"auto, (max-width: 1024px) 100vw, 1024px\" loading=\"lazy\" \/><figcaption class=\"wp-element-caption\">Portugiesischer Schoner Santa Maria Manuela<\/figcaption><\/figure>\n\n<div style=\"height:30px\" aria-hidden=\"true\" class=\"wp-block-spacer\"><\/div>\n\n<h3 class=\"wp-block-heading\">Eine Konvergenz bis zum Alten Hafen<\/h3>\n\n<p><strong>25 Vereine<\/strong>\u00a0aus der Charente, die ein oder mehrere Arbeitsboote besitzen, waren an der Teilnahme an der Veranstaltung interessiert und wurden in der Vereinigung\u00a0<em>Patrimoine Navigant en Charente-Maritime<\/em>\u00a0zusammengefasst. Alle arbeiteten mit der Organisation der Veranstaltung zusammen, um eine\u00a0<strong>gro\u00dfe Konvergenz<\/strong>\u00a0der verschiedenen Boote bis zum Alten Hafen anl\u00e4sslich der Feierlichkeiten zu organisieren.<\/p>\n\n<p>So werden 80 Schiffe von\u00a0<strong>f\u00fcnf H\u00e4fen der Charente-Maritime<\/strong>\u00a0aus gemeinsam in einer\u00a0<strong>Parade<\/strong>\u00a0nach La Rochelle fahren:<\/p>\n\n<ul class=\"wp-block-list\">\n<li>Der Hafen von La Flotte-en-R\u00e9 (\u00cele de R\u00e9),<\/li>\n\n\n\n<li>Der Hafen von Ch\u00e2teau d&#8217;Ol\u00e9ron (Insel Ol\u00e9ron),<\/li>\n\n\n\n<li>Die Sporthafen von Boyardville (Insel Ol\u00e9ron),<\/li>\n\n\n\n<li>Der Hafen von Le Plomb (Nieul-sur-Mer)<\/li>\n\n\n\n<li>Die Sporthafen von Marennes (Marennes)<\/li>\n<\/ul>\n\n<p>Es ist geplant, dass sich die Schiffe in den Tagen vor der Veranstaltung, am 15. und 16. Juni, in den verschiedenen H\u00e4fen sammeln und dann gemeinsam in La Rochelle zusammenlaufen. Ihre Ankunft ist f\u00fcr den 18., 19. und 20. Juni geplant.<\/p>\n\n<p>Wenn Sie ein Motor- oder Segelboot im Atlantik besitzen, das z. B. in\u00a0<strong>Port M\u00e9doc<\/strong>\u00a0oder an\u00a0<strong>Port Adhoc Soubise<\/strong>, dann sollten Sie sich die Gelegenheit nicht entgehen lassen, dieses\u00a0<strong>Schauspiel auf See<\/strong>\u00a0zu genie\u00dfen und an\u00a0<strong>ihrer Seite zu segeln<\/strong>!<\/p>\n\n<div style=\"height:60px\" aria-hidden=\"true\" class=\"wp-block-spacer\"><\/div>\n\n<h2 class=\"wp-block-heading\"><p class=\"wp-block-heading\"><strong>Besuchen Sie die Veranstaltung von Port Adhoc Soubise oder Port M\u00e9doc<\/strong><\/p><\/h2>\n\n<p>Sind Sie Eigent\u00fcmer eines Schiffes, das in einem der H\u00e4fen des\u00a0<strong>Netzwerks Port Adhoc<\/strong>\u00a0festgemacht oder an Land gelagert ist? Wir laden Sie herzlich ein, mit Ihrem eigenen Schiff\u00a0<strong>auf dem Seeweg an der Veranstaltung teilzunehmen<\/strong>!<\/p>\n\n<p>Von\u00a0<strong>Port Adhoc Soubise\u00a0<\/strong>oder\u00a0<strong>Port M\u00e9doc<\/strong>, unseren beiden Jachth\u00e4fen in der N\u00e4he von La Rochelle, ist es sehr einfach, an den Feierlichkeiten teilzunehmen:<\/p>\n\n<ul class=\"wp-block-list\">\n<li>Der\u00a0<a href=\"https:\/\/www.port-adhoc.com\/de\/soubise\/\">Trockenhafen de Soubise<\/a>\u00a0in der Charente-Maritime ist nur\u00a0<strong>25 See <\/strong>meilen entfernt. Nachdem Sie den Fluss Charente hinuntergefahren sind, nehmen Sie Kurs nach Norden bis zur Stadt La Rochelle.<\/li>\n<\/ul>\n\n<p>Eine schnelle Navigation, der es an Attraktionen nicht fehlen sollte!<\/p>\n\n<div style=\"height:30px\" aria-hidden=\"true\" class=\"wp-block-spacer\"><\/div>\n\n<p>\u27a1\ufe0f Auch lesenswert:\u00a0<a href=\"https:\/\/www.port-adhoc.com\/de\/blog\/vergnugungsschifffahrt\/segeln-in-der-charente-maritime-ab-port-adhoc-soubise\/\">Segeln in der Charente-Maritime, ab Port Adhoc Soubise<\/a><\/p>\n\n<div style=\"height:60px\" aria-hidden=\"true\" class=\"wp-block-spacer\"><\/div>\n\n<ul class=\"wp-block-list\">\n<li>Der Sporthafen von\u00a0<a href=\"https:\/\/www.port-adhoc.com\/de\/port-medoc\/\">Port M\u00e9doc<\/a> in Le Verdon-sur-Mer liegt etwas mehr als\u00a0<strong>50 See<\/strong>meilen entfernt. Von der M\u00fcndung der Gironde aus segeln Sie an Royan vorbei und dann entlang der Atlantikk\u00fcste in Richtung Norden. Sie segeln entlang der Ile d&#8217;Ol\u00e9ron bis nach Chassiron und nehmen die letzten Meilen nach La Rochelle in Angriff.<\/li>\n<\/ul>\n\n<p>Dies ist eine etwas l\u00e4ngere Kreuzfahrt, die Sie in einem St\u00fcck oder \u00fcber einige Tage mit einem oder mehreren Zwischenstopps absolvieren werden!<\/p>\n\n<div style=\"height:30px\" aria-hidden=\"true\" class=\"wp-block-spacer\"><\/div>\n\n<p>\u27a1\ufe0f Auch lesenswert:\u00a0<a href=\"https:\/\/www.port-adhoc.com\/de\/blog\/vergnugungsschifffahrt\/segeln-ab-port-medoc-10-zielideen\/\">Bootfahren ab Port M\u00e9doc : 10 Ideen f\u00fcr Reiseziele<\/a><\/p>\n\n<div style=\"height:60px\" aria-hidden=\"true\" class=\"wp-block-spacer\"><\/div>\n\n<p>Zu beachten:\u00a0<strong>Die Liegepl\u00e4tze im Alten Hafen von La Rochelle sind f\u00fcr Sportbootfahrer Besucher w\u00e4hrend der gesamten Dauer der F\u00eates maritimes de La Rochelle nicht zug\u00e4nglich<\/strong>. Segler und ihre Boote werden im zweiten Sporthafen der Stadt, der als Port des Minimes bekannt ist, willkommen sein.<\/p>\n\n<p>Ein Seebus oder &#8222;Passeur&#8220; verbindet die beiden H\u00e4fen an allen Tagen des Jahres in nur drei Minuten. Von Ihrem Hafenplatz in Les Minimes aus k\u00f6nnen Sie mit dieser L\u00f6sung problemlos zu der Veranstaltung gelangen!<\/p>\n","protected":false},"excerpt":{"rendered":"<p>Vom 20. bis 23. Juni dieses Jahres findet im Alten Hafen von La Rochelle die erste Ausgabe einer Veranstaltung statt, die schnell von sich reden machen d\u00fcrfte: die F\u00eates maritimes de La Rochelle! Sportbootfahrer der Atlantikh\u00e4fen des Netzwerks Port Adhoc, hier ist eine Veranstaltung, die Sie interessieren k\u00f6nnte &#8230;<\/p>\n","protected":false},"author":2,"featured_media":115348,"comment_status":"closed","ping_status":"closed","sticky":false,"template":"","format":"standard","meta":{"wds_primary_category":0,"footnotes":""},"categories":[131],"tags":[113,114],"class_list":["post-55767","post","type-post","status-publish","format-standard","has-post-thumbnail","hentry","category-technik-tipps","tag-port-adhoc-soubise-de","tag-port-medoc-de"],"_links":{"self":[{"href":"https:\/\/www.port-adhoc.com\/de\/wp-json\/wp\/v2\/posts\/55767","targetHints":{"allow":["GET"]}}],"collection":[{"href":"https:\/\/www.port-adhoc.com\/de\/wp-json\/wp\/v2\/posts"}],"about":[{"href":"https:\/\/www.port-adhoc.com\/de\/wp-json\/wp\/v2\/types\/post"}],"author":[{"embeddable":true,"href":"https:\/\/www.port-adhoc.com\/de\/wp-json\/wp\/v2\/users\/2"}],"replies":[{"embeddable":true,"href":"https:\/\/www.port-adhoc.com\/de\/wp-json\/wp\/v2\/comments?post=55767"}],"version-history":[{"count":0,"href":"https:\/\/www.port-adhoc.com\/de\/wp-json\/wp\/v2\/posts\/55767\/revisions"}],"wp:featuredmedia":[{"embeddable":true,"href":"https:\/\/www.port-adhoc.com\/de\/wp-json\/wp\/v2\/media\/115348"}],"wp:attachment":[{"href":"https:\/\/www.port-adhoc.com\/de\/wp-json\/wp\/v2\/media?parent=55767"}],"wp:term":[{"taxonomy":"category","embeddable":true,"href":"https:\/\/www.port-adhoc.com\/de\/wp-json\/wp\/v2\/categories?post=55767"},{"taxonomy":"post_tag","embeddable":true,"href":"https:\/\/www.port-adhoc.com\/de\/wp-json\/wp\/v2\/tags?post=55767"}],"curies":[{"name":"wp","href":"https:\/\/api.w.org\/{rel}","templated":true}]}}