{"id":87227,"date":"2025-04-30T15:37:31","date_gmt":"2025-04-30T13:37:31","guid":{"rendered":"https:\/\/www.port-adhoc.com\/?p=87227"},"modified":"2025-10-27T17:39:13","modified_gmt":"2025-10-27T16:39:13","slug":"rezepte-aus-der-kombuse-riz-rouge-a-la-provencale","status":"publish","type":"post","link":"https:\/\/www.port-adhoc.com\/de\/blog\/rezepte-aus-der-kombuse\/rezepte-aus-der-kombuse-riz-rouge-a-la-provencale\/","title":{"rendered":"Rezepte aus der Komb\u00fcse #1: Riz rouge \u00e0 la Proven\u00e7ale"},"content":{"rendered":"\n<p class=\"has-small-font-size\">Ver\u00f6ffentlichungsdatum: 30\/04\/2025<\/p>\n\n<div style=\"height:60px\" aria-hidden=\"true\" class=\"wp-block-spacer\"><\/div>\n\n<h2 class=\"wp-block-heading\"><b><strong>Port Napol\u00e9on, Trocken- und Wasserhafen am Mittelmeer<\/strong><\/b><\/h2>\n\n<div style=\"height:30px\" aria-hidden=\"true\" class=\"wp-block-spacer\"><\/div>\n\n<div style=\"height:0px\" aria-hidden=\"true\" class=\"wp-block-spacer\"><\/div>\n\n<p>Die Stadt Port-Saint-Louis-du-Rh\u00f4ne, die sich <b><strong>in gleicher Entfernung zu Spanien und Italien<\/strong><\/b> befindet, ist ein Zwischenstopp, den Sie sich nicht entgehen lassen sollten. F\u00fcr einen kurzen Zwischenstopp oder einen l\u00e4ngeren Aufenthalt begeistert Port Napol\u00e9on internationale Segler. Von dieser Marina der Port Adhoc-Gruppe aus k\u00f6nnen Sie den Charme der Camargue und der Provence entdecken, Regionen, die voller Traditionen und kultureller und kulinarischer Spezialit\u00e4ten stecken.<\/p>\n\n<div style=\"height:30px\" aria-hidden=\"true\" class=\"wp-block-spacer\"><\/div>\n\n<div class=\"wp-block-buttons is-layout-flex wp-block-buttons-is-layout-flex\">\n<div class=\"wp-block-button\"><a class=\"wp-block-button__link has-white-color has-vivid-cyan-blue-background-color has-text-color has-background has-link-color wp-element-button\" href=\"https:\/\/www.port-adhoc.com\/de\/port-napoleon\/\" target=\"_blank\" rel=\"noreferrer noopener\">Port Napoleon entdecken \ud83d\udc4b<\/a><\/div>\n<\/div>\n\n<div style=\"height:60px\" aria-hidden=\"true\" class=\"wp-block-spacer\"><\/div>\n\n<figure class=\"wp-block-image size-large\"><img fetchpriority=\"high\" decoding=\"async\" width=\"1024\" height=\"576\" src=\"https:\/\/b2765252.smushcdn.com\/2765252\/wp-content\/uploads\/2025\/01\/DJI_20241218161015_0030_D-1024x576.jpg?lossy=1&strip=1&webp=1\" alt=\"Port Napol&#xE9;on aus der Vogelperspektive\" class=\"wp-image-68506\" srcset=\"https:\/\/b2765252.smushcdn.com\/2765252\/wp-content\/uploads\/2025\/01\/DJI_20241218161015_0030_D-1024x576.jpg?lossy=1&strip=1&webp=1 1024w, https:\/\/b2765252.smushcdn.com\/2765252\/wp-content\/uploads\/2025\/01\/DJI_20241218161015_0030_D-300x169.jpg?lossy=1&strip=1&webp=1 300w, https:\/\/b2765252.smushcdn.com\/2765252\/wp-content\/uploads\/2025\/01\/DJI_20241218161015_0030_D-768x432.jpg?lossy=1&strip=1&webp=1 768w, https:\/\/b2765252.smushcdn.com\/2765252\/wp-content\/uploads\/2025\/01\/DJI_20241218161015_0030_D-1536x864.jpg?lossy=1&strip=1&webp=1 1536w, https:\/\/b2765252.smushcdn.com\/2765252\/wp-content\/uploads\/2025\/01\/DJI_20241218161015_0030_D-2048x1152.jpg?lossy=1&strip=1&webp=1 2048w, https:\/\/b2765252.smushcdn.com\/2765252\/wp-content\/uploads\/2025\/01\/DJI_20241218161015_0030_D.jpg?size=512x288&lossy=1&strip=1&webp=1 512w\" sizes=\"(max-width: 1024px) 100vw, 1024px\" \/><figcaption class=\"wp-element-caption\">Port Napol\u00e9on, Port-Saint-Louis-du-Rh\u00f4ne<\/figcaption><\/figure>\n\n<div style=\"height:60px\" aria-hidden=\"true\" class=\"wp-block-spacer\"><\/div>\n\n<h2 class=\"wp-block-heading\"><b><strong>Die provenzalische K\u00fcche, eine sonnige Lebenskunst<\/strong><\/b><\/h2>\n\n<div style=\"height:30px\" aria-hidden=\"true\" class=\"wp-block-spacer\"><\/div>\n\n<p>Wenn man an die Provence denkt, kommen einem sofort Bilder von Lavendelfeldern, farbenfrohen M\u00e4rkten und sonnenverw\u00f6hnten H\u00fcgeln in den Sinn. Aber die Provence steht auch f\u00fcr eine <b><strong>gro\u00dfz\u00fcgige und authentische K\u00fcche<\/strong><\/b>, die <b><strong>die Produkte der Region<\/strong><\/b>, die <b><strong>mediterranen Aromen<\/strong><\/b> und <b><strong>die franz\u00f6sische Lebensart<\/strong><\/b> zelebriert.<\/p>\n\n<p>Sie ist in einer <b><strong>landwirtschaftlichen und maritimen Tradition<\/strong><\/b> verwurzelt und basiert auf <b><strong>einfachen Zutaten<\/strong><\/b>: sonnengereiftes Obst und Gem\u00fcse, aromatische Kr\u00e4uter, Oliven\u00f6l und fangfrischer Fisch aus dem Mittelmeerraum.<\/p>\n\n<p>F\u00fcr die erste Etappe unserer Reise schlagen wir Ihnen das Rezept f\u00fcr <b><strong>Roten Reis auf provenzalische Art<\/strong><\/b> vor. Lassen Sie sich von uns einige typische Zutaten f\u00fcr dieses mediterrane Rezept vorstellen.<\/p>\n\n<div style=\"height:60px\" aria-hidden=\"true\" class=\"wp-block-spacer\"><\/div>\n\n<h3 class=\"wp-block-heading\"><b><strong>Roter Reis aus der Camargue<\/strong><\/b><\/h3>\n\n<div style=\"height:30px\" aria-hidden=\"true\" class=\"wp-block-spacer\"><\/div>\n\n<p><b><strong>Der rote Reis aus der Camargue ist ein Vollkornreis<\/strong><\/b>, der durch eine nat\u00fcrliche Mutation eine rote H\u00fclle erh\u00e4lt. Roter Reis aus der Camargue ist ein Reis f\u00fcr Kenner, der seit fast 25 Jahren durch eine <b><strong>gesch\u00fctzte geografische Angabe<\/strong><\/b> (GGA) <b><strong>gesch\u00fctzt<\/strong><\/b> ist.<\/p>\n\n<p>Dieser Reis zeichnet sich aus durch :<\/p>\n\n<ul class=\"wp-block-list\">\n<li><b><strong>N\u00e4hrwert<\/strong><\/b>: Reich an Ballaststoffen, Vitamin B6 und Mineralstoffen, ein perfekter Verb\u00fcndeter f\u00fcr Ihre Gesundheit.<\/li>\n\n\n\n<li><b><strong>Aroma<\/strong><\/b>: Haselnussnoten und leicht erdiger Geschmack.<\/li>\n\n\n\n<li><b><strong>Textur<\/strong><\/b>: Feste und knackige K\u00f6rner, auch nach dem Kochen.<\/li>\n<\/ul>\n\n<div style=\"height:30px\" aria-hidden=\"true\" class=\"wp-block-spacer\"><\/div>\n\n<p><b><strong>\u27a1\ufe0f Wo kann man roten Reis aus der Camargue kaufen?<\/strong><\/b><\/p>\n\n<ul class=\"wp-block-list\">\n<li><a href=\"https:\/\/www.maisonduriz.com\/product-page\/riz-rouge\">Maison du Riz<\/a>, Albaron<\/li>\n\n\n\n<li><a href=\"https:\/\/www.rizcamarguais.fr\/boutique\/riz-de-camargue-igp-le-long-rouge\/\">Domaine de Remoule<\/a>, Arles<\/li>\n<\/ul>\n\n<div style=\"height:60px\" aria-hidden=\"true\" class=\"wp-block-spacer\"><\/div>\n\n<figure class=\"wp-block-image size-large\"><img decoding=\"async\" width=\"1024\" height=\"680\" src=\"https:\/\/b2765252.smushcdn.com\/2765252\/wp-content\/uploads\/2025\/03\/riz-rouge-de-Camargue-1024x680.jpeg?lossy=1&strip=1&webp=1\" alt=\"Roter Reis aus der Camargue\" class=\"wp-image-87178\" srcset=\"https:\/\/b2765252.smushcdn.com\/2765252\/wp-content\/uploads\/2025\/03\/riz-rouge-de-Camargue-1024x680.jpeg?lossy=1&strip=1&webp=1 1024w, https:\/\/b2765252.smushcdn.com\/2765252\/wp-content\/uploads\/2025\/03\/riz-rouge-de-Camargue-300x199.jpeg?lossy=1&strip=1&webp=1 300w, https:\/\/b2765252.smushcdn.com\/2765252\/wp-content\/uploads\/2025\/03\/riz-rouge-de-Camargue-768x510.jpeg?lossy=1&strip=1&webp=1 768w, https:\/\/b2765252.smushcdn.com\/2765252\/wp-content\/uploads\/2025\/03\/riz-rouge-de-Camargue-1536x1020.jpeg?lossy=1&strip=1&webp=1 1536w, https:\/\/b2765252.smushcdn.com\/2765252\/wp-content\/uploads\/2025\/03\/riz-rouge-de-Camargue-2048x1360.jpeg?lossy=1&strip=1&webp=1 2048w, https:\/\/b2765252.smushcdn.com\/2765252\/wp-content\/uploads\/2025\/03\/riz-rouge-de-Camargue.jpeg?size=512x340&lossy=1&strip=1&webp=1 512w\" sizes=\"auto, (max-width: 1024px) 100vw, 1024px\" loading=\"lazy\" \/><figcaption class=\"wp-element-caption\">Roter Reis aus der Camargue<\/figcaption><\/figure>\n\n<div style=\"height:60px\" aria-hidden=\"true\" class=\"wp-block-spacer\"><\/div>\n\n<h3 class=\"wp-block-heading\"><b><strong>Salz aus der Camargue<\/strong><\/b><\/h3>\n\n<div style=\"height:30px\" aria-hidden=\"true\" class=\"wp-block-spacer\"><\/div>\n\n<p><b><strong>Das Salz aus der Camargue<\/strong><\/b> wird aus dem salzigen Wasser des Mittelmeers gewonnen. Das Salz aus der Camargue stammt aus einem handwerklichen Verfahren, das ihm eine au\u00dfergew\u00f6hnliche Qualit\u00e4t verleiht. Es wird im Juli und August mit gro\u00dfen Eimern geerntet und anschlie\u00dfend in von Schilf ges\u00e4umten Kan\u00e4len in der Sonne getrocknet. Durch dieses traditionelle Verfahren beh\u00e4lt das Salz seinen einzigartigen Geschmack und seine au\u00dfergew\u00f6hnlichen Eigenschaften.<\/p>\n\n<div style=\"height:60px\" aria-hidden=\"true\" class=\"wp-block-spacer\"><\/div>\n\n<figure class=\"wp-block-image size-large\"><img decoding=\"async\" width=\"1024\" height=\"682\" src=\"https:\/\/b2765252.smushcdn.com\/2765252\/wp-content\/uploads\/2025\/03\/marais-Aigues-Mortes-1024x682.jpeg?lossy=1&strip=1&webp=1\" alt=\"\" class=\"wp-image-87183\" srcset=\"https:\/\/b2765252.smushcdn.com\/2765252\/wp-content\/uploads\/2025\/03\/marais-Aigues-Mortes-1024x682.jpeg?lossy=1&strip=1&webp=1 1024w, https:\/\/b2765252.smushcdn.com\/2765252\/wp-content\/uploads\/2025\/03\/marais-Aigues-Mortes-300x200.jpeg?lossy=1&strip=1&webp=1 300w, https:\/\/b2765252.smushcdn.com\/2765252\/wp-content\/uploads\/2025\/03\/marais-Aigues-Mortes-768x511.jpeg?lossy=1&strip=1&webp=1 768w, https:\/\/b2765252.smushcdn.com\/2765252\/wp-content\/uploads\/2025\/03\/marais-Aigues-Mortes-1536x1023.jpeg?lossy=1&strip=1&webp=1 1536w, https:\/\/b2765252.smushcdn.com\/2765252\/wp-content\/uploads\/2025\/03\/marais-Aigues-Mortes-2048x1364.jpeg?lossy=1&strip=1&webp=1 2048w, https:\/\/b2765252.smushcdn.com\/2765252\/wp-content\/uploads\/2025\/03\/marais-Aigues-Mortes.jpeg?size=512x341&lossy=1&strip=1&webp=1 512w\" sizes=\"auto, (max-width: 1024px) 100vw, 1024px\" loading=\"lazy\" \/><figcaption class=\"wp-element-caption\">Historische Festungsstadt Aigues-Mortes in der Camargue und die sie umgebenden Salzseen, Frankreich<\/figcaption><\/figure>\n\n<div style=\"height:60px\" aria-hidden=\"true\" class=\"wp-block-spacer\"><\/div>\n\n<p>Die Bezeichnung \u201eSel de Camargue &#8211; Fleur de Sel de Camargue\u201c ist seit Februar 2024 offiziell als <b><strong>gesch\u00fctzte geografische Angabe<\/strong><\/b> (GGA) anerkannt. Dieses Siegel garantiert eine bewahrte Authentizit\u00e4t und steigert die touristische Attraktivit\u00e4t der Salinen der Camargue. Diese Salzg\u00e4rten, die in das Inventaire G\u00e9n\u00e9ral du Patrimoine Culturel aufgenommen wurden, k\u00f6nnen zu Fu\u00df, mit dem Fahrrad oder mit einem kleinen Zug besichtigt werden.<\/p>\n\n<div style=\"height:30px\" aria-hidden=\"true\" class=\"wp-block-spacer\"><\/div>\n\n<p><b><strong>\u27a1\ufe0f M\u00f6chten Sie Salzg\u00e4rten besuchen?<\/strong><\/b><\/p>\n\n<ul class=\"wp-block-list\">\n<li><a href=\"https:\/\/www.visitesalinsdecamargue.com\/\">Salin d&#8217;Aigues-Mortes<\/a><\/li>\n\n\n\n<li><a href=\"https:\/\/www.arlestourisme.com\/fr\/visiter-salin-de-giraud-en-camargue.html\">Salin de Giraud<\/a><\/li>\n<\/ul>\n\n<p>Die Salinen von Peccais in der N\u00e4he von Aigues-Mortes im Departement Gard geh\u00f6ren zu den \u00e4ltesten im Mittelmeerraum. Ihr Name soll auf Peccius zur\u00fcckgehen, einen r\u00f6mischen Ingenieur, der zu Beginn des christlichen Zeitalters mit der Organisation der Salzproduktion beauftragt war. Im Mittelalter wurden die \u201eSalins du roi\u201c zum wichtigsten Salzgewinnungsort an der Mittelmeerk\u00fcste.<\/p>\n\n<div style=\"height:30px\" aria-hidden=\"true\" class=\"wp-block-spacer\"><\/div>\n\n<p><b><strong>\u27a1\ufe0f Wo kann man Salz aus der Camargue kaufen?<\/strong><\/b><\/p>\n\n<ul class=\"wp-block-list\">\n<li><a href=\"https:\/\/www.laboutiquedusel.com\/\">La Boutique du Sel<\/a><\/li>\n\n\n\n<li><a href=\"https:\/\/www.lepetitmarchedecamargue.com\/epicerie-salee\">Le Petit March\u00e9 de Camargue<\/a><\/li>\n<\/ul>\n\n<div style=\"height:60px\" aria-hidden=\"true\" class=\"wp-block-spacer\"><\/div>\n\n<h2 class=\"wp-block-heading\"><strong><strong><strong><strong><strong><strong><strong><strong>Rezept: Riz rouge \u00e0 la Proven\u00e7ale<\/strong><\/strong><\/strong><\/strong><\/strong><\/strong><\/strong><\/strong><\/h2>\n\n<div style=\"height:30px\" aria-hidden=\"true\" class=\"wp-block-spacer\"><\/div>\n\n<p>Farbenfroh, schmackhaft und nahrhaft: Roter Reis auf provenzalische Art ist ein ideales Gericht f\u00fcr einen sonnigen Zwischenstopp!<\/p>\n\n<div style=\"height:60px\" aria-hidden=\"true\" class=\"wp-block-spacer\"><\/div>\n\n<h3 class=\"wp-block-heading\"><b><strong>Zutaten<\/strong><\/b><\/h3>\n\n<div style=\"height:30px\" aria-hidden=\"true\" class=\"wp-block-spacer\"><\/div>\n\n<ul class=\"wp-block-list\">\n<li>250 g roter Reis<\/li>\n\n\n\n<li>1 Aubergine<\/li>\n\n\n\n<li>2 kleine Zucchini<\/li>\n\n\n\n<li>1 rote Paprikaschote<\/li>\n\n\n\n<li>3 reife Tomaten<\/li>\n\n\n\n<li>1 Zwiebel<\/li>\n\n\n\n<li>Ein Bund Kr\u00e4uter der Provence<\/li>\n\n\n\n<li>Oliven\u00f6l<\/li>\n\n\n\n<li>Pfeffer<\/li>\n\n\n\n<li>Salz aus der Camargue<\/li>\n<\/ul>\n\n<div style=\"height:60px\" aria-hidden=\"true\" class=\"wp-block-spacer\"><\/div>\n\n<h3 class=\"wp-block-heading\"><b><strong>Ben\u00f6tigtes Material<\/strong><\/b><\/h3>\n\n<div style=\"height:30px\" aria-hidden=\"true\" class=\"wp-block-spacer\"><\/div>\n\n<ul class=\"wp-block-list\">\n<li>1 Messer<\/li>\n\n\n\n<li>1 Holzl\u00f6ffel<\/li>\n\n\n\n<li>2 T\u00f6pfe<\/li>\n\n\n\n<li>2 Deckel<\/li>\n\n\n\n<li>1 Messbecher<\/li>\n<\/ul>\n\n<div style=\"height:60px\" aria-hidden=\"true\" class=\"wp-block-spacer\"><\/div>\n\n<h3 class=\"wp-block-heading\"><b><strong>Vorbereitung<\/strong><\/b><\/h3>\n\n<div style=\"height:30px\" aria-hidden=\"true\" class=\"wp-block-spacer\"><\/div>\n\n<p><b><strong>Zubereitung von Gem\u00fcse<\/strong><\/b>:<\/p>\n\n<ul class=\"wp-block-list\">\n<li>Die Zwiebel klein schneiden und in etwas Oliven\u00f6l goldbraun anbraten.<\/li>\n\n\n\n<li>Aubergine und Zucchini in W\u00fcrfel schneiden (ungesch\u00e4lt, wenn Bio), dann die gesch\u00e4lten und zerkleinerten Tomaten dazugeben.<\/li>\n\n\n\n<li>Kr\u00e4uter der Provence zugeben und bei schwacher Hitze zugedeckt 30 Minuten k\u00f6cheln lassen.<\/li>\n<\/ul>\n\n<p><b><strong>Reis kochen<\/strong><\/b>:<\/p>\n\n<ul class=\"wp-block-list\">\n<li>Reis und 60 cl Wasser zugeben.<\/li>\n\n\n\n<li>Mit Salz und Pfeffer w\u00fcrzen.<\/li>\n\n\n\n<li>Weitere 30 Minuten zugedeckt kochen lassen.<\/li>\n<\/ul>\n\n<div style=\"height:60px\" aria-hidden=\"true\" class=\"wp-block-spacer\"><\/div>\n\n<h3 class=\"wp-block-heading\"><b><strong>Feinschmeckertipps<\/strong><\/b><\/h3>\n\n<div style=\"height:30px\" aria-hidden=\"true\" class=\"wp-block-spacer\"><\/div>\n\n<ul class=\"wp-block-list\">\n<li><b><strong>Holzige<\/strong><\/b> <strong>Note<\/strong>: Geben Sie 1\/2 Teel\u00f6ffel unges\u00fc\u00dftes Kakaopulver in das Kochwasser, um eine holzige Note zu erhalten.<\/li>\n\n\n\n<li><b><strong>Scharfe Variante<\/strong><\/b>: 2 Teel\u00f6ffel Currypulver und 1\/2 Ziegel Kokosmilch (125 ml) in das Kochwasser geben, dann einige Mandeln f\u00fcr eine knackige Textur.<\/li>\n<\/ul>\n\n<div style=\"height:30px\" aria-hidden=\"true\" class=\"wp-block-spacer\"><\/div>\n\n<p><b><strong>Wenn Sie dieses Rezept nachkochen, sei es an Land oder an Bord eines Schiffes, teilen Sie uns gerne Fotos in den sozialen Netzwerken mit dem Hashtag #GalleyRecipes mit!<\/strong><\/b><\/p>\n\n<p><b><strong>Wir freuen uns, Sie bald wieder auf unserer Website begr\u00fc\u00dfen zu d\u00fcrfen, wo die Reihe der <\/strong><em><strong>Rezepte aus der Komb\u00fcse <\/strong><\/em><strong>fortgesetzt wird.<\/strong><\/b><\/p>\n","protected":false},"excerpt":{"rendered":"<p>Unsere Reihe Rezepte aus der Komb\u00fcse beginnt in Port Napol\u00e9on, im Herzen des Mittelmeers. Port-Saint-Louis-du-Rh\u00f4ne ist der ideale Ausgangspunkt, um die kulinarischen und kulturellen Reicht\u00fcmer der Region Provence-Alpes-C\u00f4te d&#8217;Azur zu entdecken.<\/p>\n","protected":false},"author":26,"featured_media":92706,"comment_status":"closed","ping_status":"closed","sticky":false,"template":"","format":"standard","meta":{"wds_primary_category":277,"footnotes":""},"categories":[277],"tags":[156],"class_list":["post-87227","post","type-post","status-publish","format-standard","has-post-thumbnail","hentry","category-rezepte-aus-der-kombuse","tag-port-napoleon-de"],"_links":{"self":[{"href":"https:\/\/www.port-adhoc.com\/de\/wp-json\/wp\/v2\/posts\/87227","targetHints":{"allow":["GET"]}}],"collection":[{"href":"https:\/\/www.port-adhoc.com\/de\/wp-json\/wp\/v2\/posts"}],"about":[{"href":"https:\/\/www.port-adhoc.com\/de\/wp-json\/wp\/v2\/types\/post"}],"author":[{"embeddable":true,"href":"https:\/\/www.port-adhoc.com\/de\/wp-json\/wp\/v2\/users\/26"}],"replies":[{"embeddable":true,"href":"https:\/\/www.port-adhoc.com\/de\/wp-json\/wp\/v2\/comments?post=87227"}],"version-history":[{"count":0,"href":"https:\/\/www.port-adhoc.com\/de\/wp-json\/wp\/v2\/posts\/87227\/revisions"}],"wp:featuredmedia":[{"embeddable":true,"href":"https:\/\/www.port-adhoc.com\/de\/wp-json\/wp\/v2\/media\/92706"}],"wp:attachment":[{"href":"https:\/\/www.port-adhoc.com\/de\/wp-json\/wp\/v2\/media?parent=87227"}],"wp:term":[{"taxonomy":"category","embeddable":true,"href":"https:\/\/www.port-adhoc.com\/de\/wp-json\/wp\/v2\/categories?post=87227"},{"taxonomy":"post_tag","embeddable":true,"href":"https:\/\/www.port-adhoc.com\/de\/wp-json\/wp\/v2\/tags?post=87227"}],"curies":[{"name":"wp","href":"https:\/\/api.w.org\/{rel}","templated":true}]}}