{"id":94847,"date":"2025-05-26T10:07:35","date_gmt":"2025-05-26T08:07:35","guid":{"rendered":"https:\/\/www.port-adhoc.com\/?p=94847"},"modified":"2025-08-11T12:40:09","modified_gmt":"2025-08-11T10:40:09","slug":"piperade-neu-interpretiert","status":"publish","type":"post","link":"https:\/\/www.port-adhoc.com\/de\/blog\/rezepte-aus-der-kombuse\/piperade-neu-interpretiert\/","title":{"rendered":"Rezepte aus der Komb\u00fcse #3: Piperade neu interpretiert"},"content":{"rendered":"\n<p class=\"has-small-font-size\">Ver\u00f6ffentlichungsdatum: 26\/05\/2025<\/p>\n\n<div style=\"height:60px\" aria-hidden=\"true\" class=\"wp-block-spacer\"><\/div>\n\n<h2 class=\"wp-block-heading\"><strong>Port Adhoc Bayonne-Anglet: eine ma\u00dfgeschneiderte Trockenmarina<\/strong><\/h2>\n\n<div style=\"height:0px\" aria-hidden=\"true\" class=\"wp-block-spacer\"><\/div>\n\n<p>Eingebettet zwischen Meer und Wald bietet <strong>Port Adhoc Bayonne-Anglet<\/strong> eine 7 Tage die Woche ge\u00f6ffnete Trockenmarina, ideal gelegen f\u00fcr See- und Flussfahrten. Mit 210 Lagerpl\u00e4tzen, 30 Bockpl\u00e4tzen, 80 Metern privaten Stegen und kostenlosem Parkplatz ist alles auf schnellen und einfachen Zugang zu Ihrem Boot ausgelegt.<\/p>\n\n<div style=\"height:30px\" aria-hidden=\"true\" class=\"wp-block-spacer\"><\/div>\n\n<div class=\"wp-block-buttons is-layout-flex wp-block-buttons-is-layout-flex\">\n<div class=\"wp-block-button\"><a class=\"wp-block-button__link has-white-color has-vivid-cyan-blue-background-color has-text-color has-background has-link-color has-small-font-size has-custom-font-size wp-element-button\" href=\"https:\/\/www.port-adhoc.com\/de\/bayonne-anglet\/\" target=\"_blank\" rel=\"noreferrer noopener\">Entdecken Sie Port Adhoc Bayonne-Anglet \ud83d\udc4b<\/a><\/div>\n<\/div>\n\n<div style=\"height:60px\" aria-hidden=\"true\" class=\"wp-block-spacer\"><\/div>\n\n<figure class=\"wp-block-image size-large\"><img fetchpriority=\"high\" decoding=\"async\" width=\"1024\" height=\"683\" src=\"https:\/\/b2765252.smushcdn.com\/2765252\/wp-content\/uploads\/2022\/06\/semi_rigide_port_adhoc_bayonne_anglet-1024x683.jpeg?lossy=1&strip=1&webp=1\" alt=\"manutention_semi_rigide_port_adhoc_bayonne_anglet\" class=\"wp-image-13036\" srcset=\"https:\/\/b2765252.smushcdn.com\/2765252\/wp-content\/uploads\/2022\/06\/semi_rigide_port_adhoc_bayonne_anglet-1024x683.jpeg?lossy=1&strip=1&webp=1 1024w, https:\/\/b2765252.smushcdn.com\/2765252\/wp-content\/uploads\/2022\/06\/semi_rigide_port_adhoc_bayonne_anglet-300x200.jpeg?lossy=1&strip=1&webp=1 300w, https:\/\/b2765252.smushcdn.com\/2765252\/wp-content\/uploads\/2022\/06\/semi_rigide_port_adhoc_bayonne_anglet-768x512.jpeg?lossy=1&strip=1&webp=1 768w, https:\/\/b2765252.smushcdn.com\/2765252\/wp-content\/uploads\/2022\/06\/semi_rigide_port_adhoc_bayonne_anglet.jpeg?size=512x342&lossy=1&strip=1&webp=1 512w\" sizes=\"(max-width: 1024px) 100vw, 1024px\" \/><figcaption class=\"wp-element-caption\">Port Adhoc Bayonne-Anglet<\/figcaption><\/figure>\n\n<div style=\"height:60px\" aria-hidden=\"true\" class=\"wp-block-spacer\"><\/div>\n\n<h2 class=\"wp-block-heading\"><strong>Auf ins Baskenland und die Pyr\u00e9n\u00e9es-Atlantiques<\/strong><\/h2>\n\n<p>Zwischen Ozean und Wald gelegen, ist <strong>Anglet ein K\u00fcstenschatz, ideal platziert zwischen Bayonne und Biarritz<\/strong>. Der Hafen am Fluss Adour ist ein idealer Ausgangspunkt f\u00fcr Bootsfreunde \u2013 sei es auf dem Meer oder auf den ruhigen Binnengew\u00e4ssern des Adour. Setzen Sie die Segel \u00fcber den Golf von Biskaya in Richtung Gironde-M\u00fcndung, nehmen Sie Kurs auf Spanien mit Bilbao und La Coru\u00f1a im Blick oder wagen Sie sich weiter nach Portugal. F\u00fcr eine ruhigere Auszeit fahren Sie flussaufw\u00e4rts auf dem Adour und entdecken ein Wasserstra\u00dfennetz von fast 150 km, das bis nach Lahonce, Urt, Lanne oder Guiche reicht \u2013 je nach Gezeiten und Tiefgang Ihres Bootes.<\/p>\n\n<div style=\"height:60px\" aria-hidden=\"true\" class=\"wp-block-spacer\"><\/div>\n\n<h3 class=\"wp-block-heading\"><strong>Eine au\u00dfergew\u00f6hnliche Umgebung zwischen Ozean und Natur<\/strong><\/h3>\n\n<div style=\"height:15px\" aria-hidden=\"true\" class=\"wp-block-spacer\"><\/div>\n\n<p>Anglet bietet auch eine unber\u00fchrte K\u00fcste mit <strong>11 Sandstr\u00e4nden<\/strong>, einer ber\u00fchmten Klippenstra\u00dfe und Weltklasse-Surfspots. Naturliebhaber k\u00f6nnen auf den Golfpl\u00e4tzen L\u2019Imp\u00e9ratrice und Chiberta mit 9 bzw. 18 L\u00f6chern entspannen \u2013 in einzigartiger Umgebung. F\u00fcr einen Moment des Wohlbefindens besuchen Sie das Thalassotherapiezentrum Atlanthal in Anglet. Wer die Natur sucht, kann den \u00d6kopark Izadia erkunden.<\/p>\n\n<div style=\"height:60px\" aria-hidden=\"true\" class=\"wp-block-spacer\"><\/div>\n\n<figure class=\"wp-block-image size-large\"><img decoding=\"async\" width=\"1024\" height=\"683\" src=\"https:\/\/b2765252.smushcdn.com\/2765252\/wp-content\/uploads\/2025\/05\/AdobeStock_413891111-1024x683.jpeg?lossy=1&strip=1&webp=1\" alt=\"\" class=\"wp-image-94810\" srcset=\"https:\/\/b2765252.smushcdn.com\/2765252\/wp-content\/uploads\/2025\/05\/AdobeStock_413891111-1024x683.jpeg?lossy=1&strip=1&webp=1 1024w, https:\/\/b2765252.smushcdn.com\/2765252\/wp-content\/uploads\/2025\/05\/AdobeStock_413891111-300x200.jpeg?lossy=1&strip=1&webp=1 300w, https:\/\/b2765252.smushcdn.com\/2765252\/wp-content\/uploads\/2025\/05\/AdobeStock_413891111-768x512.jpeg?lossy=1&strip=1&webp=1 768w, https:\/\/b2765252.smushcdn.com\/2765252\/wp-content\/uploads\/2025\/05\/AdobeStock_413891111-1536x1024.jpeg?lossy=1&strip=1&webp=1 1536w, https:\/\/b2765252.smushcdn.com\/2765252\/wp-content\/uploads\/2025\/05\/AdobeStock_413891111-2048x1365.jpeg?lossy=1&strip=1&webp=1 2048w, https:\/\/b2765252.smushcdn.com\/2765252\/wp-content\/uploads\/2025\/05\/AdobeStock_413891111.jpeg?size=512x342&lossy=1&strip=1&webp=1 512w\" sizes=\"auto, (max-width: 1024px) 100vw, 1024px\" loading=\"lazy\" \/><figcaption class=\"wp-element-caption\">Luftaufnahme von Anglet, Baskenland<\/figcaption><\/figure>\n\n<div style=\"height:60px\" aria-hidden=\"true\" class=\"wp-block-spacer\"><\/div>\n\n<h3 class=\"wp-block-heading\"><strong>Eine au\u00dfergew\u00f6hnliche Umgebung zwischen Ozean und Natur<\/strong><\/h3>\n\n<div style=\"height:15px\" aria-hidden=\"true\" class=\"wp-block-spacer\"><\/div>\n\n<p>Biarritz empf\u00e4ngt Sie mit seiner legend\u00e4ren Strandpromenade, dem Rocher de la Vierge und dem gro\u00dfen Strand. Shopping, Kultur, Gastronomie und Nachtleben bieten hier eine gro\u00dfe Auswahl an Aktivit\u00e4ten.<\/p>\n\n<p>Nicht weit entfernt f\u00e4ngt Bayonne die Seele des franz\u00f6sischen Baskenlandes ein. Eine Stadt der Kunst und Geschichte, die dazu einl\u00e4dt, die zum <strong>UNESCO-Weltkulturerbe<\/strong> geh\u00f6rende Kathedrale Sainte-Marie, das lebendige historische Zentrum, die Festungsmauern und das Baskische Museum zu erkunden.<\/p>\n\n<div style=\"height:60px\" aria-hidden=\"true\" class=\"wp-block-spacer\"><\/div>\n\n<h2 class=\"wp-block-heading\"><strong>Die baskische Lebensart in ein paar Geschmackserlebnissen<\/strong><\/h2>\n\n<h3 class=\"wp-block-heading\"><strong>Bayonner Schokolade<\/strong><\/h3>\n\n<div style=\"height:15px\" aria-hidden=\"true\" class=\"wp-block-spacer\"><\/div>\n\n<p>Bayonne ist eine Stadt f\u00fcr Genie\u00dfer. Das <strong>Schokoladenmuseum<\/strong> zeigt vier Jahrhunderte Leidenschaft f\u00fcr Kakao, verk\u00f6rpert durch traditionsreiche H\u00e4user wie <strong>Cazenave<\/strong> (seit 1854), <strong>Daranatz<\/strong> (1890) und <strong>Pari\u00e8s<\/strong> (1895).<\/p>\n\n<p><strong>\ud83d\udca1 Wussten Sie, dass Bayonne als historische Hauptstadt der Schokolade in Frankreich gilt?<\/strong> Diese k\u00f6stliche Tradition begann im 17. Jahrhundert, als spanische und portugiesische Juden vor der Inquisition flohen. Sie suchten Zuflucht im S\u00fcdwesten Frankreichs und brachten ihr wertvolles Wissen mit: das R\u00f6sten und Mahlen von Kakaobohnen.<\/p>\n\n<p><strong>So wurde Bayonne zur ersten franz\u00f6sischen Stadt, die die Kunst der Schokoladenherstellung beherrschte<\/strong> \u2013 lange vor Paris oder Lyon. Schnell von lokalen Meister-Chocolatiers \u00fcbernommen, lebt diese Tradition noch heute in den Werkst\u00e4tten der oben genannten H\u00e4user weiter \u2013 wahre Institutionen von Bayonne.<\/p>\n\n<div style=\"height:60px\" aria-hidden=\"true\" class=\"wp-block-spacer\"><\/div>\n\n<figure class=\"wp-block-image size-large\"><img decoding=\"async\" width=\"1024\" height=\"640\" src=\"https:\/\/b2765252.smushcdn.com\/2765252\/wp-content\/uploads\/2025\/05\/1440X900MUSEE2-1024x640.jpg?lossy=1&strip=1&webp=1\" alt=\"\" class=\"wp-image-94815\" srcset=\"https:\/\/b2765252.smushcdn.com\/2765252\/wp-content\/uploads\/2025\/05\/1440X900MUSEE2-1024x640.jpg?lossy=1&strip=1&webp=1 1024w, https:\/\/b2765252.smushcdn.com\/2765252\/wp-content\/uploads\/2025\/05\/1440X900MUSEE2-300x188.jpg?lossy=1&strip=1&webp=1 300w, https:\/\/b2765252.smushcdn.com\/2765252\/wp-content\/uploads\/2025\/05\/1440X900MUSEE2-768x480.jpg?lossy=1&strip=1&webp=1 768w, https:\/\/b2765252.smushcdn.com\/2765252\/wp-content\/uploads\/2025\/05\/1440X900MUSEE2.jpg?lossy=1&strip=1&webp=1 1400w, https:\/\/b2765252.smushcdn.com\/2765252\/wp-content\/uploads\/2025\/05\/1440X900MUSEE2.jpg?size=512x320&lossy=1&strip=1&webp=1 512w\" sizes=\"auto, (max-width: 1024px) 100vw, 1024px\" loading=\"lazy\" \/><figcaption class=\"wp-element-caption\"><strong>\u00a9<\/strong> Mus\u00e9e du Chocolat, Bayonne<\/figcaption><\/figure>\n\n<div style=\"height:60px\" aria-hidden=\"true\" class=\"wp-block-spacer\"><\/div>\n\n<p>Ein Besuch im <strong>Schokoladenmuseum<\/strong> von Bayonne oder eine genussvolle Pause in einem dieser historischen Teesalons ist wie eine Zeitreise \u2013 begleitet von einer Tasse schaumigem, traditionell zubereitetem hei\u00dfen Kakao.<\/p>\n\n<p>\u27a1\ufe0f <b>Einige Orte, die man unbedingt besuchen sollte:<\/b><\/p>\n\n<ul class=\"wp-block-list\">\n<li><a href=\"https:\/\/www.tourisme-leucate.com\/offres\/le-marche-aux-poissons-port-leucate-leucate-fr-3023357\/\">Le Mus\u00e9e du Chocolat<\/a><\/li>\n\n\n\n<li><a href=\"https:\/\/www.pavillonfrance.fr\/fillere-entre-terre-mer\/ports-francais\/port-nouvelle\">Chocolaterie Cazenave<\/a><\/li>\n\n\n\n<li><a href=\"https:\/\/www.daranatz.com\/\">Maison Daranatz<\/a><\/li>\n\n\n\n<li><a href=\"https:\/\/www.paries.fr\/\">Maison Pari\u00e8s<\/a><\/li>\n<\/ul>\n\n<div style=\"height:60px\" aria-hidden=\"true\" class=\"wp-block-spacer\"><\/div>\n\n<h3 class=\"wp-block-heading\"><strong><strong><strong><strong><strong><strong><strong><strong>Ossau-Iraty<\/strong><\/strong><\/strong><\/strong><\/strong><\/strong><\/strong><\/strong><\/h3>\n\n<div style=\"height:30px\" aria-hidden=\"true\" class=\"wp-block-spacer\"><\/div>\n\n<p>Ossau-Iraty ist kein gew\u00f6hnlicher K\u00e4se \u2013 er ist ein Symbol des Baskenlandes und B\u00e9arns und einer der wenigen nicht gekochten, gepressten Schafsmilchk\u00e4se mit <strong>gesch\u00fctzter Ursprungsbezeichnung<\/strong> (g.U.) seit 1996.<\/p>\n\n<p>Er tr\u00e4gt den Namen zweier ikonischer T\u00e4ler: <strong>dem Ossau-Tal<\/strong> (in B\u00e9arn) und <strong>dem Iraty-Wald<\/strong> (im Baskenland). Seit Jahrhunderten bewahren wandernde Hirten eine anspruchsvolle Weidewirtschaft, bei der ausschlie\u00dflich Roh- oder pasteurisierte Milch von einheimischen Schafrassen (Manech oder Basco-B\u00e9arnaise) verwendet wird.<\/p>\n\n<p>Das Ergebnis: ein K\u00e4se mit nussigen Aromen, schmelzender Textur und zunehmender Intensit\u00e4t mit dem Alter.<\/p>\n\n<p><strong>Drei Hauptreifestufen sind erh\u00e4ltlich:<\/strong><\/p>\n\n<ul class=\"wp-block-list\">\n<li><strong data-start=\"4744\" data-end=\"4766\">Jung (3\u20134 Monate):<\/strong> mild und milchig<\/li>\n\n\n\n<li><p class=\"\" data-start=\"4788\" data-end=\"4847\"><strong data-start=\"4788\" data-end=\"4821\">Optimal gereift (6\u20138 Monate):<\/strong> ausgewogen und fruchtig<\/p><\/li>\n\n\n\n<li><strong data-start=\"4850\" data-end=\"4870\">Alt (8+ Monate):<\/strong> kr\u00e4ftig und aromatisch<\/li>\n<\/ul>\n\n<div style=\"height:60px\" aria-hidden=\"true\" class=\"wp-block-spacer\"><\/div>\n\n<figure class=\"wp-block-image size-large\"><img loading=\"lazy\" decoding=\"async\" width=\"819\" height=\"1024\" src=\"https:\/\/b2765252.smushcdn.com\/2765252\/wp-content\/uploads\/2025\/05\/Maison-Accoceberry-819x1024.jpg?lossy=1&strip=1&webp=1\" alt=\"\" class=\"wp-image-94820\" srcset=\"https:\/\/b2765252.smushcdn.com\/2765252\/wp-content\/uploads\/2025\/05\/Maison-Accoceberry-819x1024.jpg?lossy=1&strip=1&webp=1 819w, https:\/\/b2765252.smushcdn.com\/2765252\/wp-content\/uploads\/2025\/05\/Maison-Accoceberry-240x300.jpg?lossy=1&strip=1&webp=1 240w, https:\/\/b2765252.smushcdn.com\/2765252\/wp-content\/uploads\/2025\/05\/Maison-Accoceberry-768x960.jpg?lossy=1&strip=1&webp=1 768w, https:\/\/b2765252.smushcdn.com\/2765252\/wp-content\/uploads\/2025\/05\/Maison-Accoceberry-1229x1536.jpg?lossy=1&strip=1&webp=1 1229w, https:\/\/b2765252.smushcdn.com\/2765252\/wp-content\/uploads\/2025\/05\/Maison-Accoceberry.jpg?lossy=1&strip=1&webp=1 1365w, https:\/\/b2765252.smushcdn.com\/2765252\/wp-content\/uploads\/2025\/05\/Maison-Accoceberry.jpg?size=512x640&lossy=1&strip=1&webp=1 512w\" sizes=\"auto, (max-width: 819px) 100vw, 819px\" \/><figcaption class=\"wp-element-caption\"><strong>\u00a9<\/strong> Maison Accoceberry<\/figcaption><\/figure>\n\n<div style=\"height:60px\" aria-hidden=\"true\" class=\"wp-block-spacer\"><\/div>\n\n<p>Traditionell wird er mit <strong>schwarzer Kirschmarmelade aus Itxassou<\/strong> serviert \u2013 eine s\u00fc\u00df-salzige Kombination, die typisch f\u00fcr die baskische K\u00fcche ist. Auch in der K\u00fcche findet Ossau-Iraty zunehmend Verwendung, zum Beispiel in unserem herzhaften K\u00e4sekuchen, der Tradition mit Moderne verbindet.<\/p>\n\n<p><strong>\u27a1\ufe0f Wo kann man Ossau-Iraty genie\u00dfen?<\/strong><\/p>\n\n<ul class=\"wp-block-list\">\n<li><a href=\"https:\/\/www.visitbayonne.com\/votre-sejour\/restauration-saveurs-de-bayonne-et-du-pays-basque\/les-halles\/\">Les Halles de Bayonne<\/a><\/li>\n\n\n\n<li><a href=\"https:\/\/www.accoceberry.fr\/\">Maison Accoceberry<\/a>, Bayonne, Biarritz, oder Espelette<\/li>\n\n\n\n<li><a href=\"https:\/\/www.anglet-tourisme.com\/ca-bouge-a-anglet\/activites\/anglet\/LOIAQU064V5BRFA1-halles-des-5-cantons\/\">Halles des 5 Cantons<\/a>, Anglet<\/li>\n<\/ul>\n\n<div style=\"height:60px\" aria-hidden=\"true\" class=\"wp-block-spacer\"><\/div>\n\n<h2 class=\"wp-block-heading\"><strong>Rezept: Neu interpretierte Piperade<\/strong><\/h2>\n\n<div style=\"height:30px\" aria-hidden=\"true\" class=\"wp-block-spacer\"><\/div>\n\n<h3 class=\"wp-block-heading\"><strong>Zutaten (f\u00fcr 4 Personen)<\/strong><\/h3>\n\n<div style=\"height:30px\" aria-hidden=\"true\" class=\"wp-block-spacer\"><\/div>\n\n<ul class=\"wp-block-list\">\n<li>4 Paprika (rot, gr\u00fcn, gelb)<\/li>\n\n\n\n<li>2 reife Tomaten<\/li>\n\n\n\n<li>1 Gem\u00fcsezwiebel<\/li>\n\n\n\n<li>2 Knoblauchzehen<\/li>\n\n\n\n<li>100 g Bayonner Schinken, d\u00fcnn geschnitten<\/li>\n\n\n\n<li>1 EL Oliven\u00f6l<\/li>\n\n\n\n<li>Eine Prise Salz, Pfeffer und Espelette-Pfeffer<\/li>\n<\/ul>\n\n<div style=\"height:60px\" aria-hidden=\"true\" class=\"wp-block-spacer\"><\/div>\n\n<h3 class=\"wp-block-heading\"><strong>Ben\u00f6tigte Utensilien<\/strong><\/h3>\n\n<div style=\"height:30px\" aria-hidden=\"true\" class=\"wp-block-spacer\"><\/div>\n\n<ul class=\"wp-block-list\">\n<li>Bratpfanne oder Sauteuse<\/li>\n\n\n\n<li>Schneidebrett<\/li>\n\n\n\n<li>K\u00fcchenmesser<\/li>\n<\/ul>\n\n<div style=\"height:60px\" aria-hidden=\"true\" class=\"wp-block-spacer\"><\/div>\n\n<h3 class=\"wp-block-heading\"><strong>Zubereitung<\/strong><\/h3>\n\n<div style=\"height:30px\" aria-hidden=\"true\" class=\"wp-block-spacer\"><\/div>\n\n<ul class=\"wp-block-list\">\n<li>Paprika in Streifen schneiden, Tomaten w\u00fcrfeln.<\/li>\n\n\n\n<li>Zwiebel und Knoblauch hacken und in Oliven\u00f6l anbraten.<\/li>\n\n\n\n<li>Paprika dazugeben, 10 Minuten garen, dann die Tomaten einr\u00fchren.<\/li>\n\n\n\n<li>Mit Salz, Pfeffer und Espelette-Pfeffer w\u00fcrzen.<\/li>\n\n\n\n<li>Hei\u00df oder kalt mit Scheiben von Bayonner Schinken servieren.<\/li>\n<\/ul>\n\n<div style=\"height:60px\" aria-hidden=\"true\" class=\"wp-block-spacer\"><\/div>\n\n<h2 class=\"wp-block-heading\"><strong>Rezept: Herzhafter K\u00e4sekuchen mit Ossau-Iraty<\/strong><\/h2>\n\n<div style=\"height:30px\" aria-hidden=\"true\" class=\"wp-block-spacer\"><\/div>\n\n<h3 class=\"wp-block-heading\"><strong>Zutaten (f\u00fcr 4 Personen)<\/strong><\/h3>\n\n<div style=\"height:30px\" aria-hidden=\"true\" class=\"wp-block-spacer\"><\/div>\n\n<p><strong>F\u00fcr den Keksboden:<\/strong><\/p>\n\n<ul class=\"wp-block-list\">\n<li>150 g M\u00fcrbeteigkekse (z.\u202fB. Spekulatius oder bretonische Galettes)<\/li>\n\n\n\n<li>50 g geschmolzene Butter<\/li>\n<\/ul>\n\n<div style=\"height:15px\" aria-hidden=\"true\" class=\"wp-block-spacer\"><\/div>\n\n<p><strong>F\u00fcr die F\u00fcllung:\u00a0<\/strong><\/p>\n\n<ul class=\"wp-block-list\">\n<li>700 g Ossau-Iraty (jung oder optimal gereift)<\/li>\n\n\n\n<li>350 g Sahne<\/li>\n\n\n\n<li>150 g schwarze Kirschmarmelade aus Itxassou<\/li>\n\n\n\n<li>Eine Prise Espelette-Pfeffer<\/li>\n<\/ul>\n\n<div style=\"height:60px\" aria-hidden=\"true\" class=\"wp-block-spacer\"><\/div>\n\n<h3 class=\"wp-block-heading\"><strong>Ben\u00f6tigte Utensilien<\/strong><\/h3>\n\n<div style=\"height:30px\" aria-hidden=\"true\" class=\"wp-block-spacer\"><\/div>\n\n<ul class=\"wp-block-list\">\n<li>K\u00fcchenmaschine oder Nudelholz<\/li>\n\n\n\n<li>Kochtopf<\/li>\n\n\n\n<li>Schneebesen<\/li>\n\n\n\n<li>K\u00e4sekuchenform<\/li>\n\n\n\n<li>K\u00fchlschrank<\/li>\n<\/ul>\n\n<div style=\"height:60px\" aria-hidden=\"true\" class=\"wp-block-spacer\"><\/div>\n\n<h3 class=\"wp-block-heading\"><strong>Zubereitung<\/strong><\/h3>\n\n<div style=\"height:30px\" aria-hidden=\"true\" class=\"wp-block-spacer\"><\/div>\n\n<ul class=\"wp-block-list\">\n<li>Kekse zerbr\u00f6seln, mit geschmolzener Butter vermischen und in der Kuchenform fest andr\u00fccken. 30 Minuten kalt stellen.<\/li>\n\n\n\n<li>Ossau-Iraty w\u00fcrfeln, mit der Sahne bei niedriger Hitze schmelzen lassen, regelm\u00e4\u00dfig umr\u00fchren.<\/li>\n\n\n\n<li>Die Masse auf den Boden gie\u00dfen und 12 Stunden im K\u00fchlschrank k\u00fchlen.<\/li>\n\n\n\n<li>Aus der Form l\u00f6sen, mit einer d\u00fcnnen Schicht Kirschmarmelade bestreichen und jede Scheibe mit einer Prise Espelette-Pfeffer best\u00e4uben.<\/li>\n<\/ul>\n\n<div style=\"height:60px\" aria-hidden=\"true\" class=\"wp-block-spacer\"><\/div>\n\n<div class=\"wp-block-buttons is-layout-flex wp-block-buttons-is-layout-flex\">\n<div class=\"wp-block-button\"><a class=\"wp-block-button__link has-background has-small-font-size has-custom-font-size wp-element-button\" href=\"https:\/\/www.port-adhoc.com\/de\/blog\/rezepte-aus-der-kombuse\/rezepte-aus-der-kombuse-riz-rouge-a-la-provencale\/\" style=\"background-color:#201e5b\">\u27a1\ufe0f Lesen Sie auch: Rezepte aus der Komb\u00fcse #1: Roter Reis nach provenzalischer Art<\/a><\/div>\n<\/div>\n\n<div style=\"height:60px\" aria-hidden=\"true\" class=\"wp-block-spacer\"><\/div>\n\n<p><strong>\ud83d\udcf8 Wenn Sie diese Rezepte ausprobieren \u2013 an Land oder an Bord \u2013 teilen Sie Ihre Fotos mit dem Hashtag #GalleyRecipes!<\/strong><\/p>\n","protected":false},"excerpt":{"rendered":"<p>F\u00fcr diese dritte Folge der Galley-Rezepte begeben wir uns nach Port Adhoc Bayonne-Anglet, ins Herz des Baskenlandes. Dieser Gourmet-Zwischenstopp bietet zwei neu interpretierte traditionelle Rezepte: Piperade, ein kulinarisches Wahrzeichen des S\u00fcdwestens, und einen Ossau-Iraty-K\u00e4sekuchen mit perfekter s\u00fc\u00df-salziger Balance!<\/p>\n","protected":false},"author":26,"featured_media":94865,"comment_status":"closed","ping_status":"closed","sticky":false,"template":"","format":"standard","meta":{"wds_primary_category":277,"footnotes":""},"categories":[277],"tags":[149],"class_list":["post-94847","post","type-post","status-publish","format-standard","has-post-thumbnail","hentry","category-rezepte-aus-der-kombuse","tag-port-adhoc-bayonne-anglet-de"],"_links":{"self":[{"href":"https:\/\/www.port-adhoc.com\/de\/wp-json\/wp\/v2\/posts\/94847","targetHints":{"allow":["GET"]}}],"collection":[{"href":"https:\/\/www.port-adhoc.com\/de\/wp-json\/wp\/v2\/posts"}],"about":[{"href":"https:\/\/www.port-adhoc.com\/de\/wp-json\/wp\/v2\/types\/post"}],"author":[{"embeddable":true,"href":"https:\/\/www.port-adhoc.com\/de\/wp-json\/wp\/v2\/users\/26"}],"replies":[{"embeddable":true,"href":"https:\/\/www.port-adhoc.com\/de\/wp-json\/wp\/v2\/comments?post=94847"}],"version-history":[{"count":0,"href":"https:\/\/www.port-adhoc.com\/de\/wp-json\/wp\/v2\/posts\/94847\/revisions"}],"wp:featuredmedia":[{"embeddable":true,"href":"https:\/\/www.port-adhoc.com\/de\/wp-json\/wp\/v2\/media\/94865"}],"wp:attachment":[{"href":"https:\/\/www.port-adhoc.com\/de\/wp-json\/wp\/v2\/media?parent=94847"}],"wp:term":[{"taxonomy":"category","embeddable":true,"href":"https:\/\/www.port-adhoc.com\/de\/wp-json\/wp\/v2\/categories?post=94847"},{"taxonomy":"post_tag","embeddable":true,"href":"https:\/\/www.port-adhoc.com\/de\/wp-json\/wp\/v2\/tags?post=94847"}],"curies":[{"name":"wp","href":"https:\/\/api.w.org\/{rel}","templated":true}]}}