{"id":22195,"date":"2022-10-17T15:08:00","date_gmt":"2022-10-17T13:08:00","guid":{"rendered":"https:\/\/www.port-adhoc.com\/?p=22195"},"modified":"2025-09-12T12:38:12","modified_gmt":"2025-09-12T10:38:12","slug":"hivernage-bateau","status":"publish","type":"post","link":"https:\/\/www.port-adhoc.com\/fr\/blog\/technique-astuces\/hivernage-bateau\/","title":{"rendered":"Les solutions d\u2019hivernage bateau en port de plaisance"},"content":{"rendered":"\n<p style=\"font-size:12px\">Date de publication : 17\/10\/22 | Date de mise \u00e0 jour : 18\/04\/25<\/p>\n\n\n\n<div style=\"height:30px\" aria-hidden=\"true\" class=\"wp-block-spacer\"><\/div>\n\n\n\n<h2 class=\"wp-block-heading\"><strong><strong>L\u2019hivernage bateau \u00e0 sec, sous hangar<\/strong><\/strong><\/h2>\n\n\n\n<p>Une des solutions d\u2019hivernage les plus efficaces pour bien <strong>prot\u00e9ger son bateau<\/strong> consiste \u00e0 le placer \u00e0 sec, dans un hangar, pour l\u2019hiverner. Ceci permet \u00e0 votre unit\u00e9 d\u2019\u00eatre prot\u00e9g\u00e9e des al\u00e9as m\u00e9t\u00e9orologiques et du climat hivernal n\u00e9erlandais. Celui-ci peut, en effet, \u00eatre particuli\u00e8rement froid, et causer, entre autres, le gel de votre mat\u00e9riel \u00e9lectronique \u00e0 bord. En d\u00e9cidant de <strong>stocker votre bateau en int\u00e9rieur<\/strong>, sous hangar, vous r\u00e9duirez les op\u00e9rations d\u2019entretien n\u00e9cessaires au printemps, au moment de la remise \u00e0 l\u2019eau de votre bateau.<\/p>\n\n\n\n<div class=\"wp-block-buttons has-custom-font-size has-small-font-size is-horizontal is-layout-flex wp-block-buttons-is-layout-flex\">\n<div class=\"wp-block-button is-style-fill\"><a class=\"wp-block-button__link has-white-color has-vivid-cyan-blue-background-color has-text-color has-background has-small-font-size has-custom-font-size wp-element-button\" href=\"https:\/\/www.port-adhoc.com\/fr\/flevo-marina-lelystad\/\" target=\"_blank\" rel=\"noreferrer noopener\">D\u00e9couvrez Flevo Marina Lelystad \u27a1\ufe0f<\/a><\/div>\n<\/div>\n\n\n\n<div style=\"height:60px\" aria-hidden=\"true\" class=\"wp-block-spacer\"><\/div>\n\n\n\n<p>Trois des marinas n\u00e9erlandaises du groupe Port Adhoc proposent l\u2019hivernage \u00e0 sec sous hangar aux plaisanciers : Deko Marina Lelystad, Flevo Marina et&nbsp;Jachthaven Naarden.<\/p>\n\n\n\n<div class=\"wp-block-buttons has-custom-font-size has-small-font-size is-horizontal is-layout-flex wp-block-buttons-is-layout-flex\">\n<div class=\"wp-block-button is-style-fill\"><a class=\"wp-block-button__link has-white-color has-vivid-cyan-blue-background-color has-text-color has-background has-small-font-size has-custom-font-size wp-element-button\" href=\"https:\/\/www.port-adhoc.com\/fr\/deko-marina-lelystad\/\" target=\"_blank\" rel=\"noreferrer noopener\">D\u00e9couvrez Deko Marina Lelystad \u27a1\ufe0f<\/a><\/div>\n<\/div>\n\n\n\n<div style=\"height:30px\" aria-hidden=\"true\" class=\"wp-block-spacer\"><\/div>\n\n\n\n<figure class=\"wp-block-gallery has-nested-images columns-default is-cropped wp-block-gallery-2 is-layout-flex wp-block-gallery-is-layout-flex\">\n<figure class=\"wp-block-image size-large\"><img fetchpriority=\"high\" decoding=\"async\" width=\"848\" height=\"464\" data-id=\"22196\" src=\"https:\/\/b2765252.smushcdn.com\/2765252\/wp-content\/uploads\/2023\/07\/winter-storage-deko-marina-lelystad.png?lossy=1&strip=1&webp=1\" alt=\"\" class=\"wp-image-22196\" srcset=\"https:\/\/b2765252.smushcdn.com\/2765252\/wp-content\/uploads\/2023\/07\/winter-storage-deko-marina-lelystad.png?lossy=1&strip=1&webp=1 848w, https:\/\/b2765252.smushcdn.com\/2765252\/wp-content\/uploads\/2023\/07\/winter-storage-deko-marina-lelystad-300x164.png?lossy=1&strip=1&webp=1 300w, https:\/\/b2765252.smushcdn.com\/2765252\/wp-content\/uploads\/2023\/07\/winter-storage-deko-marina-lelystad-768x420.png?lossy=1&strip=1&webp=1 768w, https:\/\/b2765252.smushcdn.com\/2765252\/wp-content\/uploads\/2023\/07\/winter-storage-deko-marina-lelystad.png?size=512x280&lossy=1&strip=1&webp=1 512w\" sizes=\"(max-width: 848px) 100vw, 848px\" \/><figcaption class=\"wp-element-caption\">Hangar \u00e0 bateaux Deko Marina Lelystad<\/figcaption><\/figure>\n\n\n\n<figure class=\"wp-block-image size-large\"><img decoding=\"async\" width=\"1024\" height=\"768\" data-id=\"22202\" src=\"https:\/\/b2765252.smushcdn.com\/2765252\/wp-content\/uploads\/2023\/07\/botenloods-hangar-Jachthaven-Naarden-1024x768.jpg?lossy=1&strip=1&webp=1\" alt=\"\" class=\"wp-image-22202\" srcset=\"https:\/\/b2765252.smushcdn.com\/2765252\/wp-content\/uploads\/2023\/07\/botenloods-hangar-Jachthaven-Naarden-1024x768.jpg?lossy=1&strip=1&webp=1 1024w, https:\/\/b2765252.smushcdn.com\/2765252\/wp-content\/uploads\/2023\/07\/botenloods-hangar-Jachthaven-Naarden-300x225.jpg?lossy=1&strip=1&webp=1 300w, https:\/\/b2765252.smushcdn.com\/2765252\/wp-content\/uploads\/2023\/07\/botenloods-hangar-Jachthaven-Naarden-768x576.jpg?lossy=1&strip=1&webp=1 768w, https:\/\/b2765252.smushcdn.com\/2765252\/wp-content\/uploads\/2023\/07\/botenloods-hangar-Jachthaven-Naarden-1536x1152.jpg?lossy=1&strip=1&webp=1 1536w, https:\/\/b2765252.smushcdn.com\/2765252\/wp-content\/uploads\/2023\/07\/botenloods-hangar-Jachthaven-Naarden-2048x1536.jpg?lossy=1&strip=1&webp=1 2048w, https:\/\/b2765252.smushcdn.com\/2765252\/wp-content\/uploads\/2023\/07\/botenloods-hangar-Jachthaven-Naarden.jpg?size=512x384&lossy=1&strip=1&webp=1 512w\" sizes=\"auto, (max-width: 1024px) 100vw, 1024px\" loading=\"lazy\" \/><figcaption class=\"wp-element-caption\">Hangar \u00e0 bateaux Jachthaven Naarden<\/figcaption><\/figure>\n<\/figure>\n\n\n\n<div style=\"height:30px\" aria-hidden=\"true\" class=\"wp-block-spacer\"><\/div>\n\n\n\n<h2 class=\"wp-block-heading\"><strong><strong>L\u2019hivernage bateau en ext\u00e9rieur, \u00e0 flot ou \u00e0 sec<\/strong><\/strong><\/h2>\n\n\n\n<p>Il existe aussi la possibilit\u00e9 de <strong>laisser votre navire \u00e0 l\u2019ext\u00e9rieur<\/strong>, soit en eau, soit \u00e0 sec. Quand la premi\u00e8re solution vous permet de continuer \u00e0 utiliser votre navire quand bon vous semble, y compris pour rester \u00e0 quai, la seconde mettra votre bateau hors d\u2019eau et limitera sa d\u00e9gradation.<\/p>\n\n\n\n<p>La plupart des marinas n\u00e9erlandaises du groupe Port Adhoc proposent un service d\u2019<strong>hivernage \u00e0 sec<\/strong>, avec un stockage des bateaux en ext\u00e9rieur. La Marina Muiderzand, le port de plaisance d\u2019Almere,&nbsp;peut accueillir par exemple jusqu\u2019\u00e0 550 bateaux en <strong>hivernage \u00e0 sec<\/strong>. Si vous pr\u00e9f\u00e9rez laisser votre bateau \u00e0 l\u2019eau pendant la saison d\u2019hivernage, c\u2019est possible au sein de toutes nos marinas n\u00e9erlandaises : les ports de plaisance du groupe Port Adhoc sont en mesure de vous proposer des contrats mensuels pour l\u2019hivernage de votre bateau, ou encore un contrat annuel pour un s\u00e9jour de longue dur\u00e9e. Pour prot\u00e9ger au maximum votre unit\u00e9, vous pourrez, en plus, d\u00e9m\u00e2ter votre voilier et utiliser une <strong>zone de stockage<\/strong> d\u00e9di\u00e9e pour le m\u00e2t, voire opter pour une b\u00e2che de s\u00e9curit\u00e9.<\/p>\n\n\n\n<div class=\"wp-block-buttons is-horizontal is-layout-flex wp-block-buttons-is-layout-flex\">\n<div class=\"wp-block-button is-style-fill\"><a class=\"wp-block-button__link has-white-color has-vivid-cyan-blue-background-color has-text-color has-background has-small-font-size has-custom-font-size wp-element-button\" href=\"https:\/\/www.port-adhoc.com\/fr\/marina-muiderzand\/\" target=\"_blank\" rel=\"noreferrer noopener\">D\u00e9couvrez Marina Muiderzand \u27a1\ufe0f<\/a><\/div>\n<\/div>\n\n\n\n<div style=\"height:30px\" aria-hidden=\"true\" class=\"wp-block-spacer\"><\/div>\n\n\n\n<figure class=\"wp-block-gallery has-nested-images columns-default is-cropped wp-block-gallery-3 is-layout-flex wp-block-gallery-is-layout-flex\">\n<figure class=\"wp-block-image size-large\"><img decoding=\"async\" width=\"1024\" height=\"682\" data-id=\"9987\" src=\"https:\/\/b2765252.smushcdn.com\/2765252\/wp-content\/uploads\/2022\/05\/hivernage_bateau_marina_muiderzand-1024x682.jpg?lossy=1&strip=1&webp=1\" alt=\"hivernage_stationnement_sec_bateau_marina_muiderzand\" class=\"wp-image-9987\" srcset=\"https:\/\/b2765252.smushcdn.com\/2765252\/wp-content\/uploads\/2022\/05\/hivernage_bateau_marina_muiderzand-1024x682.jpg?lossy=1&strip=1&webp=1 1024w, https:\/\/b2765252.smushcdn.com\/2765252\/wp-content\/uploads\/2022\/05\/hivernage_bateau_marina_muiderzand-300x200.jpg?lossy=1&strip=1&webp=1 300w, https:\/\/b2765252.smushcdn.com\/2765252\/wp-content\/uploads\/2022\/05\/hivernage_bateau_marina_muiderzand-768x512.jpg?lossy=1&strip=1&webp=1 768w, https:\/\/b2765252.smushcdn.com\/2765252\/wp-content\/uploads\/2022\/05\/hivernage_bateau_marina_muiderzand-1536x1023.jpg?lossy=1&strip=1&webp=1 1536w, https:\/\/b2765252.smushcdn.com\/2765252\/wp-content\/uploads\/2022\/05\/hivernage_bateau_marina_muiderzand.jpg?lossy=1&strip=1&webp=1 2048w, https:\/\/b2765252.smushcdn.com\/2765252\/wp-content\/uploads\/2022\/05\/hivernage_bateau_marina_muiderzand.jpg?size=512x341&lossy=1&strip=1&webp=1 512w\" sizes=\"auto, (max-width: 1024px) 100vw, 1024px\" loading=\"lazy\" \/><figcaption class=\"wp-element-caption\">550 places \u00e0 sec d&rsquo;hivernage \u00e0 Almere<\/figcaption><\/figure>\n\n\n\n<figure class=\"wp-block-image size-large\"><img loading=\"lazy\" decoding=\"async\" width=\"1024\" height=\"684\" data-id=\"9984\" src=\"https:\/\/b2765252.smushcdn.com\/2765252\/wp-content\/uploads\/2022\/05\/travelift_manutention_voilier_marina_muiderzand-1024x684.jpg?lossy=1&strip=1&webp=1\" alt=\"travelift_manutention_voilier_marina_muiderzand\" class=\"wp-image-9984\" srcset=\"https:\/\/b2765252.smushcdn.com\/2765252\/wp-content\/uploads\/2022\/05\/travelift_manutention_voilier_marina_muiderzand-1024x684.jpg?lossy=1&strip=1&webp=1 1024w, https:\/\/b2765252.smushcdn.com\/2765252\/wp-content\/uploads\/2022\/05\/travelift_manutention_voilier_marina_muiderzand-300x200.jpg?lossy=1&strip=1&webp=1 300w, https:\/\/b2765252.smushcdn.com\/2765252\/wp-content\/uploads\/2022\/05\/travelift_manutention_voilier_marina_muiderzand-768x513.jpg?lossy=1&strip=1&webp=1 768w, https:\/\/b2765252.smushcdn.com\/2765252\/wp-content\/uploads\/2022\/05\/travelift_manutention_voilier_marina_muiderzand-1536x1025.jpg?lossy=1&strip=1&webp=1 1536w, https:\/\/b2765252.smushcdn.com\/2765252\/wp-content\/uploads\/2022\/05\/travelift_manutention_voilier_marina_muiderzand.jpg?lossy=1&strip=1&webp=1 2048w, https:\/\/b2765252.smushcdn.com\/2765252\/wp-content\/uploads\/2022\/05\/travelift_manutention_voilier_marina_muiderzand.jpg?size=512x342&lossy=1&strip=1&webp=1 512w\" sizes=\"auto, (max-width: 1024px) 100vw, 1024px\" \/><figcaption class=\"wp-element-caption\">Manutentions jusqu&rsquo;\u00e0 50T \u00e0 Almere<\/figcaption><\/figure>\n<\/figure>\n\n\n\n<p>Enfin, si vous souhaitez \u00e0 la fois laisser votre bateau \u00e0 moteur en eau et le prot\u00e9ger des intemp\u00e9ries, l\u2019id\u00e9al est de vous diriger vers la marina de Naarden : celle-ci vous offrira la possibilit\u00e9 de <strong>stocker votre unit\u00e9 \u00e0 flot, sous un hangar couvert<\/strong>.<\/p>\n\n\n\n<div class=\"wp-block-buttons is-horizontal is-layout-flex wp-block-buttons-is-layout-flex\">\n<div class=\"wp-block-button is-style-fill\"><a class=\"wp-block-button__link has-white-color has-vivid-cyan-blue-background-color has-text-color has-background has-small-font-size has-custom-font-size wp-element-button\" href=\"https:\/\/www.port-adhoc.com\/fr\/jachthaven-naarden\/\" target=\"_blank\" rel=\"noreferrer noopener\">D\u00e9couvrez Jachthaven Naarden \u27a1\ufe0f<\/a><\/div>\n<\/div>\n\n\n\n<div style=\"height:30px\" aria-hidden=\"true\" class=\"wp-block-spacer\"><\/div>\n\n\n\n<figure class=\"wp-block-image size-large\"><img loading=\"lazy\" decoding=\"async\" width=\"1024\" height=\"589\" src=\"https:\/\/b2765252.smushcdn.com\/2765252\/wp-content\/uploads\/2023\/07\/botenhuis-Naarden-e1688467103968-1024x589.jpeg?lossy=1&strip=1&webp=1\" alt=\"\" class=\"wp-image-22204\" srcset=\"https:\/\/b2765252.smushcdn.com\/2765252\/wp-content\/uploads\/2023\/07\/botenhuis-Naarden-e1688467103968-1024x589.jpeg?lossy=1&strip=1&webp=1 1024w, https:\/\/b2765252.smushcdn.com\/2765252\/wp-content\/uploads\/2023\/07\/botenhuis-Naarden-e1688467103968-300x173.jpeg?lossy=1&strip=1&webp=1 300w, https:\/\/b2765252.smushcdn.com\/2765252\/wp-content\/uploads\/2023\/07\/botenhuis-Naarden-e1688467103968-768x442.jpeg?lossy=1&strip=1&webp=1 768w, https:\/\/b2765252.smushcdn.com\/2765252\/wp-content\/uploads\/2023\/07\/botenhuis-Naarden-e1688467103968-1536x884.jpeg?lossy=1&strip=1&webp=1 1536w, https:\/\/b2765252.smushcdn.com\/2765252\/wp-content\/uploads\/2023\/07\/botenhuis-Naarden-e1688467103968.jpeg?lossy=1&strip=1&webp=1 2039w, https:\/\/b2765252.smushcdn.com\/2765252\/wp-content\/uploads\/2023\/07\/botenhuis-Naarden-e1688467103968.jpeg?size=512x295&lossy=1&strip=1&webp=1 512w\" sizes=\"auto, (max-width: 1024px) 100vw, 1024px\" \/><figcaption class=\"wp-element-caption\">Le hangar \u00e0 bateaux ext\u00e9rieur et couvert de Jachthaven Naarden<\/figcaption><\/figure>\n\n\n\n<div style=\"height:30px\" aria-hidden=\"true\" class=\"wp-block-spacer\"><\/div>\n\n\n\n<h2 class=\"wp-block-heading\"><strong><strong>Le car\u00e9nage et l\u2019entretien annuel de votre navire<\/strong><\/strong><\/h2>\n\n\n\n<p>Peu importe la solution choisie pour l\u2019hivernage de votre bateau, \u00e0 sec ou \u00e0 flot, en ext\u00e9rieur ou en int\u00e9rieur, il sera possible, dans tous les ports de plaisance du groupe Port Adhoc, d\u2019acc\u00e9der \u00e0 votre unit\u00e9. Aussi, pourquoi ne pas profiter de la basse saison pour r\u00e9aliser les travaux d\u2019entretien n\u00e9cessaires&nbsp;?<\/p>\n\n\n\n<p>Vous pourrez r\u00e9aliser vous-m\u00eame vos op\u00e9rations de <strong>maintenance<\/strong>, dans le respect du r\u00e8glement du port, ou programmer l\u2019intervention d\u2019un de nos <strong>professionnels partenaires<\/strong>. Ils sont pr\u00e9sents dans toutes nos marinas et sp\u00e9cialis\u00e9s dans tous les corps de m\u00e9tiers : m\u00e9canique marine, \u00e9lectricit\u00e9 et \u00e9lectronique marine, peinture, sellerie, voilerie\u2026 Votre bateau sera fin pr\u00eat pour sa remise \u00e0 l\u2019eau !<\/p>\n\n\n\n<p>Retrouvez nos chantiers navals partenaires : <\/p>\n\n\n\n<ul class=\"wp-block-list\">\n<li>Flevo Marina Lelystad : <a href=\"https:\/\/www.flevomarina.com\/yachtservice-refit\/\">Yachtservice &amp; Refit<\/a><\/li>\n\n\n\n<li>Jachthaven Naarden : <a href=\"https:\/\/www.jachtservicegooimeer.com\/\" target=\"_blank\" rel=\"noopener\" title=\"Jachtservice Gooimer\">Jachtservice Gooimer<\/a><\/li>\n\n\n\n<li>Jachthaven Bruinisse : <a href=\"https:\/\/yachtservice-vanswaay.nl\/nl\" target=\"_blank\" rel=\"noopener\" title=\"Yachtservice Van Swaay\">Yachtservice Van Swaay<\/a><\/li>\n\n\n\n<li>Lelystad Haven : <a href=\"https:\/\/www.hml-service.nl\/\" target=\"_blank\" rel=\"noopener\" title=\"HML Service\">HML Service<\/a><\/li>\n\n\n\n<li>Deko Marina Lelystad : <a href=\"https:\/\/www.jachtserviceflevoland.com\/\" data-type=\"link\" data-id=\"https:\/\/www.jachtserviceflevoland.com\/\" target=\"_blank\" rel=\"noreferrer noopener\">Jachthservice Flevoland<\/a><\/li>\n<\/ul>\n\n\n\n<div style=\"height:30px\" aria-hidden=\"true\" class=\"wp-block-spacer\"><\/div>\n\n\n\n<h2 class=\"wp-block-heading\"><strong><strong>La remise \u00e0 l\u2019eau de votre bateau apr\u00e8s son hivernage<\/strong><\/strong><\/h2>\n\n\n\n<p>Si vous faites le choix d\u2019un <strong>hivernage bateau \u00e0 sec<\/strong>, il vous faudra s\u00e9lectionner la mani\u00e8re de <strong>manutentionner<\/strong> votre unit\u00e9 pour sa remise \u00e0 l\u2019eau. Vous prendrez alors votre d\u00e9cision en fonction de la taille, du poids et du moyen de propulsion de votre bateau.<\/p>\n\n\n\n<p>Les marinas du groupe Port Adhoc disposent de tous les moyens de manutention dont vous pouvez avoir besoin, de la <strong>remorque<\/strong> au <strong>travelift<\/strong>, en passant par la <strong>potence<\/strong>. Pour les plus grosses unit\u00e9s, il faudra s\u2019orienter vers le port de plaisance&nbsp;Marina Muiderzand, \u00e0 Almere, dont le travelift peut manutentionner les bateaux d\u2019un poids allant jusqu\u2019\u00e0 50 tonnes.<\/p>\n\n\n\n<div class=\"wp-block-buttons is-horizontal is-layout-flex wp-block-buttons-is-layout-flex\">\n<div class=\"wp-block-button is-style-fill\"><a class=\"wp-block-button__link has-white-color has-vivid-cyan-blue-background-color has-text-color has-background has-small-font-size has-custom-font-size wp-element-button\" href=\"https:\/\/www.port-adhoc.com\/fr\/marina-muiderzand\/\" target=\"_blank\" rel=\"noreferrer noopener\">D\u00e9couvrez Marina Muiderzand \u27a1\ufe0f<\/a><\/div>\n<\/div>\n\n\n\n<div style=\"height:31px\" aria-hidden=\"true\" class=\"wp-block-spacer\"><\/div>\n\n\n\n<h2 class=\"wp-block-heading\"><strong><strong>Votre place d&rsquo;hivernage dans une des marinas du groupe Port Adhoc<\/strong><\/strong><\/h2>\n\n\n\n<p>L\u2019hivernage d\u2019un bateau \u00e9tant essentiel pour son entretien et sa bonne tenue dans le temps, les emplacements \u00e0 flot et \u00e0 sec sont g\u00e9n\u00e9ralement tr\u00e8s demand\u00e9s. Nous vous conseillons de faire votre demande de <strong>place d\u2019hivernage<\/strong> le plus t\u00f4t possible pour vous assurer d\u2019avoir un emplacement disponible pour l\u2019hiver prochain. Ceci, que vous soyez propri\u00e9taire d\u2019un bateau \u00e0 moteur ou d\u2019un voilier. Si vous avez d\u00e9j\u00e0 fait votre choix, contactez d\u00e8s maintenant notre \u00e9quipe pour r\u00e9server votre place d\u2019hivernage dans une des marinas du groupe Port Adhoc !<\/p>\n\n\n\n<div class=\"wp-block-buttons is-horizontal is-layout-flex wp-block-buttons-is-layout-flex\">\n<div class=\"wp-block-button is-style-fill\"><a class=\"wp-block-button__link has-white-color has-vivid-cyan-blue-background-color has-text-color has-background has-small-font-size has-custom-font-size wp-element-button\" href=\"https:\/\/www.port-adhoc.com\/fr\/obtenir-un-devis\/\" target=\"_blank\" rel=\"noreferrer noopener\">Nous contacter \ud83d\udc4b<\/a><\/div>\n<\/div>\n","protected":false},"excerpt":{"rendered":"<p>Chaque ann\u00e9e, hiverner son bateau est une op\u00e9ration tr\u00e8s importante pour le plaisancier. Elle lui permet de prot\u00e9ger son unit\u00e9 des conditions hivernales difficiles, et de garder son bateau dans de bonnes conditions en attendant le printemps suivant. Hivernage en marina \u00e0 sec, sous hangar, stockage en ext\u00e9rieur, \u00e0 flot ou \u00e0 sec, placement sous hangar, mais \u00e0 flot\u2026 Dans cet article, nous revenons sur les diff\u00e9rentes solutions d\u2019hivernage existantes, propos\u00e9es dans les marinas n\u00e9erlandaises du groupe Port Adhoc. <\/p>\n","protected":false},"author":2,"featured_media":115541,"comment_status":"closed","ping_status":"closed","sticky":false,"template":"","format":"standard","meta":{"wds_primary_category":26,"footnotes":""},"categories":[26],"tags":[70,261,44,45,43,46],"class_list":["post-22195","post","type-post","status-publish","format-standard","has-post-thumbnail","hentry","category-technique-astuces","tag-deko-marina-lelystad","tag-flevo-marina","tag-jachthaven-bruinisse","tag-jachthaven-lelystad-haven","tag-jachthaven-naarden","tag-marina-muiderzand"],"_links":{"self":[{"href":"https:\/\/www.port-adhoc.com\/fr\/wp-json\/wp\/v2\/posts\/22195","targetHints":{"allow":["GET"]}}],"collection":[{"href":"https:\/\/www.port-adhoc.com\/fr\/wp-json\/wp\/v2\/posts"}],"about":[{"href":"https:\/\/www.port-adhoc.com\/fr\/wp-json\/wp\/v2\/types\/post"}],"author":[{"embeddable":true,"href":"https:\/\/www.port-adhoc.com\/fr\/wp-json\/wp\/v2\/users\/2"}],"replies":[{"embeddable":true,"href":"https:\/\/www.port-adhoc.com\/fr\/wp-json\/wp\/v2\/comments?post=22195"}],"version-history":[{"count":0,"href":"https:\/\/www.port-adhoc.com\/fr\/wp-json\/wp\/v2\/posts\/22195\/revisions"}],"wp:featuredmedia":[{"embeddable":true,"href":"https:\/\/www.port-adhoc.com\/fr\/wp-json\/wp\/v2\/media\/115541"}],"wp:attachment":[{"href":"https:\/\/www.port-adhoc.com\/fr\/wp-json\/wp\/v2\/media?parent=22195"}],"wp:term":[{"taxonomy":"category","embeddable":true,"href":"https:\/\/www.port-adhoc.com\/fr\/wp-json\/wp\/v2\/categories?post=22195"},{"taxonomy":"post_tag","embeddable":true,"href":"https:\/\/www.port-adhoc.com\/fr\/wp-json\/wp\/v2\/tags?post=22195"}],"curies":[{"name":"wp","href":"https:\/\/api.w.org\/{rel}","templated":true}]}}