{"id":29194,"date":"2023-02-28T11:21:00","date_gmt":"2023-02-28T10:21:00","guid":{"rendered":"https:\/\/www.port-adhoc.com\/?p=29194"},"modified":"2025-09-12T12:08:13","modified_gmt":"2025-09-12T10:08:13","slug":"louer-un-bateau-sur-le-lac-ijsselmeer","status":"publish","type":"post","link":"https:\/\/www.port-adhoc.com\/fr\/blog\/navigation-plaisance\/louer-un-bateau-sur-le-lac-ijsselmeer\/","title":{"rendered":"Louer un bateau sur le\u00a0lac\u00a0IJsselmeer aux Pays-Bas"},"content":{"rendered":"\n<p style=\"font-size:12px\">Date de publication : 28\/02\/23 | Date de mise \u00e0 jour : 26\/10\/23<\/p>\n\n\n\n<div style=\"height:30px\" aria-hidden=\"true\" class=\"wp-block-spacer\"><\/div>\n\n\n\n<h2 class=\"wp-block-heading\"><strong><strong><strong><strong>L\u2019IJsselmeer, un lac unique \u00e0 explorer en navigation<\/strong><\/strong><\/strong><\/strong><\/h2>\n\n\n\n<p>Le <strong>lac de l\u2019IJssel<\/strong>, ou <strong>IJsselmeer<\/strong>, faisait autrefois partie du Zuiderzee. Aujourd\u2019hui, notamment du fait de la construction de la digue de l\u2019Houtrib, ou Houtribdijk, la zone s\u2019est transform\u00e9e en un large plan d\u2019eau particuli\u00e8rement calme, r\u00e9put\u00e9 pour la navigation et o\u00f9 il est facile d\u2019\u00e9voluer en bateau.<\/p>\n\n\n\n<div style=\"height:30px\" aria-hidden=\"true\" class=\"wp-block-spacer\"><\/div>\n\n\n\n<figure class=\"wp-block-image size-large\"><img fetchpriority=\"high\" decoding=\"async\" width=\"1024\" height=\"683\" src=\"https:\/\/b2765252.smushcdn.com\/2765252\/wp-content\/uploads\/2023\/02\/Parc-eolien-offshore-du-Flevoland-1024x683.jpeg?lossy=1&strip=1&webp=1\" alt=\"Parc \u00e9olien offshore du Flevoland, IJsselmeer\" class=\"wp-image-29223\" srcset=\"https:\/\/b2765252.smushcdn.com\/2765252\/wp-content\/uploads\/2023\/02\/Parc-eolien-offshore-du-Flevoland-1024x683.jpeg?lossy=1&strip=1&webp=1 1024w, https:\/\/b2765252.smushcdn.com\/2765252\/wp-content\/uploads\/2023\/02\/Parc-eolien-offshore-du-Flevoland-300x200.jpeg?lossy=1&strip=1&webp=1 300w, https:\/\/b2765252.smushcdn.com\/2765252\/wp-content\/uploads\/2023\/02\/Parc-eolien-offshore-du-Flevoland-768x512.jpeg?lossy=1&strip=1&webp=1 768w, https:\/\/b2765252.smushcdn.com\/2765252\/wp-content\/uploads\/2023\/02\/Parc-eolien-offshore-du-Flevoland-1536x1024.jpeg?lossy=1&strip=1&webp=1 1536w, https:\/\/b2765252.smushcdn.com\/2765252\/wp-content\/uploads\/2023\/02\/Parc-eolien-offshore-du-Flevoland-2048x1365.jpeg?lossy=1&strip=1&webp=1 2048w, https:\/\/b2765252.smushcdn.com\/2765252\/wp-content\/uploads\/2023\/02\/Parc-eolien-offshore-du-Flevoland.jpeg?size=512x342&lossy=1&strip=1&webp=1 512w\" sizes=\"(max-width: 1024px) 100vw, 1024px\" \/><figcaption class=\"wp-element-caption\">Parc \u00e9olien offshore du Flevoland, IJsselmeer<\/figcaption><\/figure>\n\n\n\n<div style=\"height:30px\" aria-hidden=\"true\" class=\"wp-block-spacer\"><\/div>\n\n\n\n<p>En sortie pour quelques heures, \u00e0 la journ\u00e9e ou le temps d\u2019une croisi\u00e8re, sur plusieurs jours, il y a sur le lac de l\u2019IJssel une multitude d\u2019\u00e9l\u00e9ments dont le plaisancier comme vous pourra profiter :<\/p>\n\n\n\n<ul class=\"wp-block-list\">\n<li>La<strong> faune et la flore locales<\/strong>, visibles gr\u00e2ce \u00e0 des navigations au coeur de la nature<\/li>\n\n\n\n<li>Les <strong>villages de p\u00eacheurs<\/strong> et <strong>cit\u00e9s historiques<\/strong> comme Enkhuizen, Medemblik, Makkum, Hindeloopen, Stavoren, Lemmer, Urk\u2026<\/li>\n\n\n\n<li>Les <strong>paysages <\/strong>et <strong>panoramas uniques<\/strong> sur les \u00e9oliennes, les digues, les ports et les moulins n\u00e9erlandais typiques<\/li>\n\n\n\n<li>Les <strong>mus\u00e9es et parcs \u00e0 th\u00e8me<\/strong> : le Rijksmuseum, le Zuiderzeemuseum ou le Sprookjeswonderland \u00e0 Enkhuizen, le Mus\u00e9e n\u00e9erlandais de la machine \u00e0 vapeur \u00e0 Medemblik\u2026<\/li>\n<\/ul>\n\n\n\n<p>Nous parions que vous appr\u00e9cierez la navigation dans cet environnement riche, qu\u2019il est confortable et facile de d\u00e9couvrir en bateau \u00e0 moteur ou en voilier.<\/p>\n\n\n\n<p>Vous vous demandez ce que vous ferez, une fois que vous aurez fait le <strong>tour du lac de l&rsquo;IJssel<\/strong> ? Sachez que vous pourrez aussi \u00e9tendre votre zone de navigation : depuis l\u2019IJsselmeer, il est facile de partir voguer sur les <strong>lacs et plans d\u2019eaux environnants<\/strong> comme la mer des Wadden, la mer du Nord, le Markermeer, l\u2019IJmeer, le Ketelmeer\u2026 Les adeptes des <strong>sports nautiques <\/strong>seront aussi servis : l\u2019IJsselmeer et les lacs alentour sont la parfaite destination pour en pratiquer.<\/p>\n\n\n\n<div style=\"height:30px\" aria-hidden=\"true\" class=\"wp-block-spacer\"><\/div>\n\n\n\n<figure class=\"wp-block-image size-large\"><img decoding=\"async\" width=\"1024\" height=\"580\" src=\"https:\/\/b2765252.smushcdn.com\/2765252\/wp-content\/uploads\/2023\/10\/Stavoren-1024x580.jpeg?lossy=1&strip=1&webp=1\" alt=\"Front de mer de Stavoren sur l'IJsselmeer, province de Frise, Pays-Bas\" class=\"wp-image-28431\" srcset=\"https:\/\/b2765252.smushcdn.com\/2765252\/wp-content\/uploads\/2023\/10\/Stavoren-1024x580.jpeg?lossy=1&strip=1&webp=1 1024w, https:\/\/b2765252.smushcdn.com\/2765252\/wp-content\/uploads\/2023\/10\/Stavoren-300x170.jpeg?lossy=1&strip=1&webp=1 300w, https:\/\/b2765252.smushcdn.com\/2765252\/wp-content\/uploads\/2023\/10\/Stavoren-768x435.jpeg?lossy=1&strip=1&webp=1 768w, https:\/\/b2765252.smushcdn.com\/2765252\/wp-content\/uploads\/2023\/10\/Stavoren-1536x870.jpeg?lossy=1&strip=1&webp=1 1536w, https:\/\/b2765252.smushcdn.com\/2765252\/wp-content\/uploads\/2023\/10\/Stavoren-2048x1160.jpeg?lossy=1&strip=1&webp=1 2048w, https:\/\/b2765252.smushcdn.com\/2765252\/wp-content\/uploads\/2023\/10\/Stavoren.jpeg?size=512x290&lossy=1&strip=1&webp=1 512w\" sizes=\"auto, (max-width: 1024px) 100vw, 1024px\" loading=\"lazy\" \/><figcaption class=\"wp-element-caption\">Front de mer de Stavoren sur l&rsquo;IJsselmeer, province de Frise, Pays-Bas<\/figcaption><\/figure>\n\n\n\n<div style=\"height:30px\" aria-hidden=\"true\" class=\"wp-block-spacer\"><\/div>\n\n\n\n<h2 class=\"wp-block-heading\"><strong><strong><strong>Louer un bateau sur le lac d&rsquo;IJssel \u00e0 Deko Marina Lelystad<\/strong><\/strong><\/strong><\/h2>\n\n\n\n<p>Au sud du lac d&rsquo;IJssel, le port de plaisance de Deko Marina Lelystad est un point de d\u00e9part id\u00e9al pour <strong>d\u00e9couvrir le bassin de navigation exceptionnel qu&rsquo;est l\u2019IJsselmeer<\/strong>. Vous pourrez <strong>louer tous les types de voiliers<\/strong> au coeur de la marina aupr\u00e8s de Brug Jachthverhuur, partenaire de confiance du groupe depuis 2011.<\/p>\n\n\n\n<div style=\"height:30px\" aria-hidden=\"true\" class=\"wp-block-spacer\"><\/div>\n\n\n\n<div class=\"wp-block-buttons has-custom-font-size has-small-font-size is-horizontal is-layout-flex wp-block-buttons-is-layout-flex\">\n<div class=\"wp-block-button has-custom-font-size is-style-fill has-medium-font-size\"><a class=\"wp-block-button__link has-white-color has-vivid-cyan-blue-background-color has-text-color has-background wp-element-button\" href=\"https:\/\/www.port-adhoc.com\/fr\/deko-marina-lelystad\/\" target=\"_blank\" rel=\"noreferrer noopener\">D\u00e9couvrez Deko Marina Lelystad \u27a1\ufe0f<\/a><\/div>\n<\/div>\n\n\n\n<div style=\"height:60px\" aria-hidden=\"true\" class=\"wp-block-spacer\"><\/div>\n\n\n\n<p><strong>Brug Jachtverhuur<\/strong> dispose d&rsquo;une vaste flotte de voiliers parfaitement entretenus et tout \u00e9quip\u00e9s. Vous y d\u00e9couvrirez des unit\u00e9s de 30 \u00e0 46 pieds, du plus sportif (Beneteau et Bavaria) au plus luxueux (Hanse et Bavaria) : il y en a pour tous les go\u00fbts !<\/p>\n\n\n\n<div style=\"height:29px\" aria-hidden=\"true\" class=\"wp-block-spacer\"><\/div>\n\n\n\n<div class=\"wp-block-buttons is-horizontal is-layout-flex wp-block-buttons-is-layout-flex\">\n<div class=\"wp-block-button is-style-fill\"><a class=\"wp-block-button__link has-white-color has-light-green-cyan-background-color has-text-color has-background wp-element-button\" href=\"https:\/\/www.brug-jachtverhuur.nl\/\" target=\"_blank\" rel=\"noreferrer noopener\">Contacter Brug Jachtverhuur \u27a1\ufe0f<\/a><\/div>\n<\/div>\n\n\n\n<div style=\"height:29px\" aria-hidden=\"true\" class=\"wp-block-spacer\"><\/div>\n\n\n\n<figure class=\"wp-block-image size-full\"><img decoding=\"async\" width=\"844\" height=\"520\" src=\"https:\/\/b2765252.smushcdn.com\/2765252\/wp-content\/uploads\/2023\/01\/Brug-Jachtverhuur.png?lossy=1&strip=1&webp=1\" alt=\"\" class=\"wp-image-16498\" srcset=\"https:\/\/b2765252.smushcdn.com\/2765252\/wp-content\/uploads\/2023\/01\/Brug-Jachtverhuur.png?lossy=1&strip=1&webp=1 844w, https:\/\/b2765252.smushcdn.com\/2765252\/wp-content\/uploads\/2023\/01\/Brug-Jachtverhuur-300x185.png?lossy=1&strip=1&webp=1 300w, https:\/\/b2765252.smushcdn.com\/2765252\/wp-content\/uploads\/2023\/01\/Brug-Jachtverhuur-768x473.png?lossy=1&strip=1&webp=1 768w, https:\/\/b2765252.smushcdn.com\/2765252\/wp-content\/uploads\/2023\/01\/Brug-Jachtverhuur.png?size=512x315&lossy=1&strip=1&webp=1 512w\" sizes=\"auto, (max-width: 844px) 100vw, 844px\" loading=\"lazy\" \/><figcaption class=\"wp-element-caption\">\u00a9 Brug Jachtverhuur<\/figcaption><\/figure>\n\n\n\n<div style=\"height:30px\" aria-hidden=\"true\" class=\"wp-block-spacer\"><\/div>\n\n\n\n<h2 class=\"wp-block-heading\"><strong><strong><strong>Louer un bateau \u00e0 quelques milles du lac d&rsquo;IJssel au port de Lelystad Haven<\/strong><\/strong><\/strong><\/h2>\n\n\n\n<p>Sur le lac voisin, le Markermeer, mais \u00e0 proximit\u00e9 imm\u00e9diate d\u2019une des \u00e9cluses de l\u2019Houtribdijk, le port de plaisance de Jachthaven Lelystad Haven est id\u00e9alement situ\u00e9 pour partir \u00e0 la <strong>d\u00e9couverte de l\u2019IJsselmeer<\/strong>. Vous pourrez <strong>louer un voilier<\/strong> au coeur de la marina aupr\u00e8s d\u2019un des partenaires du groupe Port Adhoc, Ulrich Mittler Yachtcharter, et profiter imm\u00e9diatement de votre location : en quelques minutes seulement depuis le port, l\u2019\u00e9cluse pass\u00e9e, vous serez d\u00e9j\u00e0 en train de <strong>naviguer sur le lac de l\u2019IJssel<\/strong>.<\/p>\n\n\n\n<p>Si vous faites le choix de <strong>louer un bateau dans notre port de Lelystad Haven<\/strong>, vous pourrez aussi profiter de toutes les <strong>installations du port<\/strong>, gracieusement mises \u00e0 votre disposition. Le restaurant flottant Club Port Side, par exemple, est une bonne adresse situ\u00e9e directement sur la marina, id\u00e9ale pour vous restaurer apr\u00e8s votre journ\u00e9e de navigation.<\/p>\n\n\n\n<p>Vous souhaitez profiter de la localisation de notre port de plaisance \u00e0 Lelystad, ou vous pr\u00e9voyez une autre sortie en mer, le lendemain ? Vous pourrez aussi <strong>dormir sur place<\/strong> ! L\u2019h\u00f4tel De Lange Jammer est un \u00e9tablissement de qualit\u00e9 situ\u00e9 tout pr\u00e8s, dans lequel vous passerez assur\u00e9ment un s\u00e9jour agr\u00e9able.<\/p>\n\n\n\n<div style=\"height:30px\" aria-hidden=\"true\" class=\"wp-block-spacer\"><\/div>\n\n\n\n<div class=\"wp-block-buttons is-horizontal is-layout-flex wp-block-buttons-is-layout-flex\">\n<div class=\"wp-block-button is-style-fill\"><a class=\"wp-block-button__link has-white-color has-vivid-cyan-blue-background-color has-text-color has-background wp-element-button\" href=\"https:\/\/www.port-adhoc.com\/fr\/jachthaven-lelystad-haven\/\" target=\"_blank\" rel=\"noreferrer noopener\">D\u00e9couvrez Lelystad Haven \u27a1\ufe0f<\/a><\/div>\n<\/div>\n\n\n\n<div style=\"height:30px\" aria-hidden=\"true\" class=\"wp-block-spacer\"><\/div>\n\n\n\n<h2 class=\"wp-block-heading\"><strong><strong><strong>Louer un bateau <strong>sur le lac IJsselmeer depuis notre marina \u00e0 Lelystad<\/strong><\/strong><\/strong><\/strong><\/h2>\n\n\n\n<p>Partenaire de la marina de Lelystad Haven et du groupe Port Adhoc en g\u00e9n\u00e9ral, <strong>Ulrich Mittler Yachtcharter<\/strong> est une soci\u00e9t\u00e9 de <strong>location de bateaux<\/strong> de confiance. Sp\u00e9cialis\u00e9e dans le tourisme maritime depuis plus de 30 ans, elle dispose d\u2019une flotte de plusieurs <strong>voiliers de location<\/strong> de qualit\u00e9. Bavaria 36\/3, Bavaria Cruiser 33,2, 36\/3, 37,3 ou 46\/4, Bavaria C42\u2026 Il y aura toujours un bateau qui correspondra \u00e0 vos besoins, pr\u00eat, et sur lequel embarquer ! Rendez-vous prochainement dans notre port de plaisance de Lelystad Haven pour d\u00e9couvrir nos installations, rencontrer notre partenaire et donner vie \u00e0 votre projet. Et si cette <strong>navigation en voilier de location sur l\u2019IJsselmeer<\/strong> vous donne envie d\u2019acheter votre propre unit\u00e9, sachez que nous pouvons, dans notre marina de Lelystad Haven ou dans un de nos autres ports de plaisance, vous fournir une <strong>solution d\u2019amarrage \u00e0 l\u2019ann\u00e9e<\/strong>. N\u2019h\u00e9sitez pas \u00e0 prendre contact avec notre \u00e9quipe pour en discuter !<\/p>\n\n\n\n<div style=\"height:30px\" aria-hidden=\"true\" class=\"wp-block-spacer\"><\/div>\n\n\n\n<div class=\"wp-block-buttons is-horizontal is-layout-flex wp-block-buttons-is-layout-flex\">\n<div class=\"wp-block-button is-style-fill\"><a class=\"wp-block-button__link has-white-color has-light-green-cyan-background-color has-text-color has-background wp-element-button\" href=\"https:\/\/www.yachtcharter-mittler.de\/\" target=\"_blank\" rel=\"noreferrer noopener\">Contacter Ulrich Mittler Yachtcharter \u27a1\ufe0f<\/a><\/div>\n<\/div>\n\n\n\n<div style=\"height:30px\" aria-hidden=\"true\" class=\"wp-block-spacer\"><\/div>\n\n\n\n<figure class=\"wp-block-image size-large is-resized\"><img loading=\"lazy\" decoding=\"async\" width=\"1024\" height=\"576\" src=\"https:\/\/b2765252.smushcdn.com\/2765252\/wp-content\/uploads\/2023\/02\/Ulrich-Mittler-Yachtcharter-1024x576.jpg?lossy=1&strip=1&webp=1\" alt=\"\u00a9 Ulrich Mittler Yachtcharter\" class=\"wp-image-29244\" style=\"aspect-ratio:1.7777777777777777;width:844px;height:auto\" srcset=\"https:\/\/b2765252.smushcdn.com\/2765252\/wp-content\/uploads\/2023\/02\/Ulrich-Mittler-Yachtcharter-1024x576.jpg?lossy=1&strip=1&webp=1 1024w, https:\/\/b2765252.smushcdn.com\/2765252\/wp-content\/uploads\/2023\/02\/Ulrich-Mittler-Yachtcharter-300x169.jpg?lossy=1&strip=1&webp=1 300w, https:\/\/b2765252.smushcdn.com\/2765252\/wp-content\/uploads\/2023\/02\/Ulrich-Mittler-Yachtcharter-768x432.jpg?lossy=1&strip=1&webp=1 768w, https:\/\/b2765252.smushcdn.com\/2765252\/wp-content\/uploads\/2023\/02\/Ulrich-Mittler-Yachtcharter-1536x864.jpg?lossy=1&strip=1&webp=1 1536w, https:\/\/b2765252.smushcdn.com\/2765252\/wp-content\/uploads\/2023\/02\/Ulrich-Mittler-Yachtcharter.jpg?lossy=1&strip=1&webp=1 2048w, https:\/\/b2765252.smushcdn.com\/2765252\/wp-content\/uploads\/2023\/02\/Ulrich-Mittler-Yachtcharter.jpg?size=512x288&lossy=1&strip=1&webp=1 512w\" sizes=\"auto, (max-width: 1024px) 100vw, 1024px\" \/><figcaption class=\"wp-element-caption\">\u00a9 Ulrich Mittler Yachtcharter<\/figcaption><\/figure>\n","protected":false},"excerpt":{"rendered":"<p>Vous avez toujours r\u00eav\u00e9 de d\u00e9couvrir l\u2019IJsselmeer en navigation, mais vous ne poss\u00e9dez pas personnellement de bateau ? Vous connaissez et appr\u00e9ciez d\u00e9j\u00e0 les environs, mais vous n\u2019avez pas la possibilit\u00e9 d\u2019y retourner, car vous n\u2019avez pas d\u2019embarcation ? Rassurez-vous, la location de bateau sur l\u2019IJsselmeer est tout \u00e0 fait possible. Notre partenaire au sein Lelystad Haven et Deko Marina, nos ports de plaisance Port Adhoc \u00e0 Lelystad, se chargeront de mettre un bateau \u00e0 votre disposition. A vous la d\u00e9couverte des charmes du lac de l\u2019IJssel en voilier !<\/p>\n","protected":false},"author":2,"featured_media":115488,"comment_status":"closed","ping_status":"closed","sticky":false,"template":"","format":"standard","meta":{"wds_primary_category":42,"footnotes":""},"categories":[42],"tags":[70,261,45],"class_list":["post-29194","post","type-post","status-publish","format-standard","has-post-thumbnail","hentry","category-navigation-plaisance","tag-deko-marina-lelystad","tag-flevo-marina","tag-jachthaven-lelystad-haven"],"_links":{"self":[{"href":"https:\/\/www.port-adhoc.com\/fr\/wp-json\/wp\/v2\/posts\/29194","targetHints":{"allow":["GET"]}}],"collection":[{"href":"https:\/\/www.port-adhoc.com\/fr\/wp-json\/wp\/v2\/posts"}],"about":[{"href":"https:\/\/www.port-adhoc.com\/fr\/wp-json\/wp\/v2\/types\/post"}],"author":[{"embeddable":true,"href":"https:\/\/www.port-adhoc.com\/fr\/wp-json\/wp\/v2\/users\/2"}],"replies":[{"embeddable":true,"href":"https:\/\/www.port-adhoc.com\/fr\/wp-json\/wp\/v2\/comments?post=29194"}],"version-history":[{"count":0,"href":"https:\/\/www.port-adhoc.com\/fr\/wp-json\/wp\/v2\/posts\/29194\/revisions"}],"wp:featuredmedia":[{"embeddable":true,"href":"https:\/\/www.port-adhoc.com\/fr\/wp-json\/wp\/v2\/media\/115488"}],"wp:attachment":[{"href":"https:\/\/www.port-adhoc.com\/fr\/wp-json\/wp\/v2\/media?parent=29194"}],"wp:term":[{"taxonomy":"category","embeddable":true,"href":"https:\/\/www.port-adhoc.com\/fr\/wp-json\/wp\/v2\/categories?post=29194"},{"taxonomy":"post_tag","embeddable":true,"href":"https:\/\/www.port-adhoc.com\/fr\/wp-json\/wp\/v2\/tags?post=29194"}],"curies":[{"name":"wp","href":"https:\/\/api.w.org\/{rel}","templated":true}]}}