{"id":45331,"date":"2024-05-29T19:02:14","date_gmt":"2024-05-29T17:02:14","guid":{"rendered":"https:\/\/www.port-adhoc.com\/?p=45331"},"modified":"2025-09-12T09:56:48","modified_gmt":"2025-09-12T07:56:48","slug":"naviguer-de-port-medoc-a-port-adhoc-soubise-la-route-et-les-escales","status":"publish","type":"post","link":"https:\/\/www.port-adhoc.com\/fr\/blog\/navigation-plaisance\/naviguer-de-port-medoc-a-port-adhoc-soubise-la-route-et-les-escales\/","title":{"rendered":"Naviguer de Port M\u00e9doc \u00e0 Port Adhoc Soubise : la route et les escales"},"content":{"rendered":"\n<p class=\"has-small-font-size\">Date de publication : 29\/05\/2024<\/p>\n\n\n\n<div style=\"height:30px\" aria-hidden=\"true\" class=\"wp-block-spacer\"><\/div>\n\n\n\n<p><strong>64 milles nautiques<\/strong>. C\u2019est la distance qui les s\u00e9pare l\u2019un de l\u2019autre, le premier \u00e9tant situ\u00e9 \u00e0 l\u2019<strong>embouchure de l\u2019estuaire de la Gironde<\/strong> et le second au <strong>d\u00e9but du fleuve Charente<\/strong>. Tous deux \u00e0 proximit\u00e9 imm\u00e9diate de l\u2019<strong>oc\u00e9an Atlantique<\/strong>, Port M\u00e9doc et Port Adhoc Soubise b\u00e9n\u00e9ficient d\u2019une excellente localisation&nbsp;: au Verdon-sur-Mer ou \u00e0 Soubise, ils offrent aux navigateurs en bateau \u00e0 moteur ou en voilier un acc\u00e8s direct \u00e0 un <strong>formidable bassin de navigation<\/strong>. Mais, au-del\u00e0 de cet emplacement, pourquoi les deux ports sont-ils des lieux d\u2019accueil pl\u00e9biscit\u00e9s par les plaisanciers&nbsp;?<\/p>\n\n\n\n<div style=\"height:60px\" aria-hidden=\"true\" class=\"wp-block-spacer\"><\/div>\n\n\n\n<h2 class=\"wp-block-heading\"><strong><strong><strong><strong><strong><strong><strong><strong>Le port de plaisance de Port M\u00e9doc, sur l\u2019estuaire de la Gironde<\/strong><\/strong><\/strong><\/strong><\/strong><\/strong><\/strong><\/strong><\/h2>\n\n\n\n<p>Sur la rive gauche de l\u2019estuaire de la Gironde, le <strong>port du Verdon<\/strong> est aussi nomm\u00e9 \u00ab&nbsp;<strong>Port M\u00e9doc<\/strong>&nbsp;\u00bb. C\u2019est un <strong>port de plaisance \u00e0 flot<\/strong>, toujours en eau, qui accueille toute l\u2019ann\u00e9e pr\u00e8s de 1&nbsp;000 bateaux. Gr\u00e2ce \u00e0 sa localisation strat\u00e9gique, il permet aux navigateurs de sortir en bateau quand bon leur semble, pour profiter de <strong>moments sur l\u2019estuaire de la Gironde<\/strong> ou <strong>en mer<\/strong>, sur l\u2019oc\u00e9an Atlantique.<\/p>\n\n\n\n<p>Que les plaisanciers souhaitent s\u00e9journer quelques jours, plusieurs semaines ou plusieurs mois, ou qu\u2019ils pr\u00e9f\u00e8rent b\u00e9n\u00e9ficier d\u2019un <strong>emplacement \u00e0 Port M\u00e9doc \u00e0 l\u2019ann\u00e9e<\/strong>, tous profitent de services d\u2019exception&nbsp;: des espaces vid\u00e9osurveill\u00e9s, des pontons s\u00e9curis\u00e9s accessibles gr\u00e2ce \u00e0 un digicode, des bornes d\u2019eau et d\u2019\u00e9lectricit\u00e9, une station essence, une laverie, des sanitaires, une aire de car\u00e9nage et de stockage\u2026<\/p>\n\n\n\n<p>En plus d\u2019<strong>installations modernes de haute qualit\u00e9<\/strong>, les plaisanciers profitent aussi, au port du Verdon-sur-Mer, de la pr\u00e9sence de <strong>nombreux professionnels du nautisme<\/strong> pour les assister dans toutes leurs activit\u00e9s d\u2019entretien ou de r\u00e9paration de leur unit\u00e9.<\/p>\n\n\n\n<div style=\"height:60px\" aria-hidden=\"true\" class=\"wp-block-spacer\"><\/div>\n\n\n\n<h2 class=\"wp-block-heading\"><strong><strong><strong><strong><strong><strong><strong><strong>Port Adhoc Soubise, un port hors d\u2019eau sur la Charente<\/strong><\/strong><\/strong><\/strong><\/strong><\/strong><\/strong><\/strong><\/h2>\n\n\n\n<p><strong>Port de plaisance \u00e0 sec<\/strong> en Charente-Maritime, Port Adhoc Soubise est aussi un lieu d\u2019amarrage ou de stockage de choix pour les navigateurs de tous horizons. Sur le fleuve Charente et \u00e0 deux pas de l\u2019oc\u00e9an Atlantique \u2013 \u00e0 5 milles nautiques seulement de l\u2019embouchure \u2013 le port offre, lui aussi, la possibilit\u00e9 de <strong>navigations tr\u00e8s diff\u00e9rentes<\/strong>. Avec une capacit\u00e9 d\u2019accueil de plus de 200 bateaux, principalement entrepos\u00e9s \u00e0 sec au moyen de racks ou de bers, il s\u00e9duit les plaisanciers propri\u00e9taires de <strong>petites et de plus grosses unit\u00e9s<\/strong>&nbsp;: Port Adhoc Soubise peut recevoir les bateaux pesant jusqu\u2019\u00e0 20 tonnes, ou mesurant jusqu\u2019\u00e0 53 pieds&nbsp;!<\/p>\n\n\n\n<p>Douches et toilettes priv\u00e9s, club nautique, station \u00e0 carburant accessible 24 heures sur 24, entreprises sp\u00e9cialis\u00e9es dans l\u2019entretien et dans la r\u00e9paration de bateaux\u2026 les utilisateurs du port de plaisance sont ravis d\u2019y trouver de <strong>nombreux services et commodit\u00e9s<\/strong>.<\/p>\n\n\n\n<div style=\"height:60px\" aria-hidden=\"true\" class=\"wp-block-spacer\"><\/div>\n\n\n\n<h2 class=\"wp-block-heading\"><strong><strong><strong><strong><strong><strong><strong><strong><strong>La navigation du port du Verdon-sur-Mer au port de Soubise<\/strong><\/strong><\/strong><\/strong><\/strong><\/strong><\/strong><\/strong><\/strong><\/h2>\n\n\n\n<p>Et si vous envisagiez de <strong>naviguer du premier port de plaisance au second<\/strong>&nbsp;? Depuis Port M\u00e9doc, au Verdon-sur-Mer, jusqu\u2019\u00e0 Port Adhoc Soubise, sur la commune du m\u00eame nom, vous aurez l\u2019occasion de r\u00e9aliser une <strong>croisi\u00e8re exceptionnelle<\/strong>, \u00e0 la d\u00e9couverte des <strong>paysages les plus divers<\/strong>.<\/p>\n\n\n\n<p>Depuis <strong>le Verdon-sur-Mer<\/strong> et Port M\u00e9doc, vous \u00e9voluerez d\u2019abord sur <strong>un estuaire<\/strong>, la Gironde, le temps de quelques milles. Vous prendrez la direction de l\u2019Ouest et rejoindrez l\u2019embouchure, pour atteindre <strong>l\u2019oc\u00e9an Atlantique<\/strong>. Alors en <strong>zone maritime c\u00f4ti\u00e8re<\/strong>, vous ferez cap au nord, pour naviguer <strong>le long du littoral charentais<\/strong>. Vous enroulerez la plus grande \u00eele de Charente-Maritime&nbsp;: <strong>l\u2019\u00eele d\u2019Ol\u00e9ron<\/strong>. Puis, vous prendrez la direction du continent&nbsp;: en laissant la ville de Fouras \u00e0 b\u00e2bord et l\u2019\u00eele Madame \u00e0 tribord, vous embouquerez le <strong>fleuve Charente<\/strong>. Vous remonterez ce dernier sur cinq milles nautiques, avant de rencontrer <strong>Port Adhoc Soubise<\/strong>.<\/p>\n\n\n\n<div style=\"height:30px\" aria-hidden=\"true\" class=\"wp-block-spacer\"><\/div>\n\n\n\n<p>\u27a1\ufe0f A lire&nbsp;aussi&nbsp;: <a href=\"https:\/\/www.port-adhoc.com\/fr\/blog\/navigation-plaisance\/les-circuits-de-navigation-sur-lestuaire-de-la-gironde\/\" target=\"_blank\" rel=\"noreferrer noopener\">Les circuits de navigation sur l\u2019estuaire de la Gironde<\/a><\/p>\n\n\n\n<div style=\"height:30px\" aria-hidden=\"true\" class=\"wp-block-spacer\"><\/div>\n\n\n\n<p>Vous \u00eates d\u00e9tenteur du permis de conduire les bateaux de plaisance \u00e0 moteur en zone c\u00f4ti\u00e8re, mais vous n\u2019avez pas le <strong>permis fluvial<\/strong>&nbsp;? Rassurez-vous, m\u00eame si cet itin\u00e9raire comprend des passages sur l\u2019estuaire de la Gironde et le fleuve Charente, selon la l\u00e9gislation, vous \u00e9voluerez <strong>toujours en zone maritime<\/strong>. Pas besoin de permis sp\u00e9cifique, donc, si ce n\u2019est celui que vous poss\u00e9dez d\u00e9j\u00e0 pour conduire votre unit\u00e9&nbsp;en mer !<\/p>\n\n\n\n<div style=\"height:60px\" aria-hidden=\"true\" class=\"wp-block-spacer\"><\/div>\n\n\n\n<h2 class=\"wp-block-heading\"><strong><strong><strong><strong><strong><strong><strong><strong><strong>Les \u00e9tapes entre Port M\u00e9doc et Port Adhoc Soubis<\/strong>e<\/strong><\/strong><\/strong><\/strong><\/strong><\/strong><\/strong><\/strong><\/h2>\n\n\n\n<p>La navigation du Verdon-sur-Mer jusqu\u2019\u00e0 Soubise peut se faire toute l\u2019ann\u00e9e. Bien s\u00fbr, pensez \u00e0 v\u00e9rifier les pr\u00e9visions m\u00e9t\u00e9orologiques avant votre d\u00e9part, ainsi qu\u2019\u00e0 vous renseigner sur les horaires des mar\u00e9es. Sur l\u2019estuaire de la Gironde, le long du littoral atlantique comme sur le fleuve Charente, ce sont des donn\u00e9es importantes qui vous assureront de naviguer dans les meilleures conditions&nbsp;!<\/p>\n\n\n\n<p>En <strong>navigation de Port M\u00e9doc \u00e0 Port Adhoc Soubise<\/strong>, la route offre aussi, r\u00e9guli\u00e8rement, plusieurs possibilit\u00e9s d\u2019<strong>escales sympathiques<\/strong>. Si vous avez le temps, nous vous recommandons de r\u00e9aliser plusieurs \u00e9tapes&nbsp;et de visiter, notamment :<\/p>\n\n\n\n<div style=\"height:30px\" aria-hidden=\"true\" class=\"wp-block-spacer\"><\/div>\n\n\n\n<h3 class=\"wp-block-heading\"><strong>Face \u00e0 Port M\u00e9doc, la ville de Royan<\/strong><\/h3>\n\n\n\n<p>A 4,5 milles nautiques du port du Verdon, \u00e0 l\u2019embouchure de la Gironde, Royan est une \u00e9tape qui pourra rythmer votre croisi\u00e8re du Verdon-sur-Mer \u00e0 Soubise. La destination est r\u00e9put\u00e9e pour son <strong>architecture d\u2019apr\u00e8s-guerre<\/strong>, mais aussi pour ses belles plages et ses c\u00f4tes bord\u00e9es de carrelets.<\/p>\n\n\n\n<div style=\"height:30px\" aria-hidden=\"true\" class=\"wp-block-spacer\"><\/div>\n\n\n\n<figure class=\"wp-block-image size-large\"><img fetchpriority=\"high\" decoding=\"async\" width=\"1024\" height=\"681\" src=\"https:\/\/b2765252.smushcdn.com\/2765252\/wp-content\/uploads\/2024\/05\/port-de-royan-bac-1024x681.jpg?lossy=1&strip=1&webp=1\" alt=\"\" class=\"wp-image-45348\" srcset=\"https:\/\/b2765252.smushcdn.com\/2765252\/wp-content\/uploads\/2024\/05\/port-de-royan-bac-1024x681.jpg?lossy=1&strip=1&webp=1 1024w, https:\/\/b2765252.smushcdn.com\/2765252\/wp-content\/uploads\/2024\/05\/port-de-royan-bac-300x200.jpg?lossy=1&strip=1&webp=1 300w, https:\/\/b2765252.smushcdn.com\/2765252\/wp-content\/uploads\/2024\/05\/port-de-royan-bac-768x511.jpg?lossy=1&strip=1&webp=1 768w, https:\/\/b2765252.smushcdn.com\/2765252\/wp-content\/uploads\/2024\/05\/port-de-royan-bac-1536x1022.jpg?lossy=1&strip=1&webp=1 1536w, https:\/\/b2765252.smushcdn.com\/2765252\/wp-content\/uploads\/2024\/05\/port-de-royan-bac-2048x1363.jpg?lossy=1&strip=1&webp=1 2048w, https:\/\/b2765252.smushcdn.com\/2765252\/wp-content\/uploads\/2024\/05\/port-de-royan-bac.jpg?size=512x341&lossy=1&strip=1&webp=1 512w\" sizes=\"(max-width: 1024px) 100vw, 1024px\" \/><figcaption class=\"wp-element-caption\">Le port de Royan avec le bac-ferry traversant l&rsquo;estuaire de la Gironde pour arriver au Verdon-sur-Mer<\/figcaption><\/figure>\n\n\n\n<div style=\"height:30px\" aria-hidden=\"true\" class=\"wp-block-spacer\"><\/div>\n\n\n\n<h3 class=\"wp-block-heading\"><strong>Saint-Palais-sur-Mer<\/strong><\/h3>\n\n\n\n<p>A quelques encablures de la pr\u00e9c\u00e9dente destination, la ville de Saint-Palais-sur-Mer est, elle aussi, un <strong>port d\u2019escale d\u00e9paysant<\/strong>&nbsp;: m\u00eame si Port M\u00e9doc n\u2019est pas tr\u00e8s loin, les paysages de Saint-Palais-sur-Mer seront sans doute d\u00e9j\u00e0 bien diff\u00e9rents de ceux auxquels vous \u00e9tiez habitu\u00e9. A Saint-Palais, prenez le temps de d\u00e9couvrir les fameuses <strong>villas Belle Epoque<\/strong> du d\u00e9but du 20<sup>\u00e8me<\/sup> si\u00e8cle, et de vous promener sur le <strong>sentier des douaniers<\/strong>, en qu\u00eate de merveilleux points de vue sur la mer.<\/p>\n\n\n\n<div style=\"height:30px\" aria-hidden=\"true\" class=\"wp-block-spacer\"><\/div>\n\n\n\n<h3 class=\"wp-block-heading\"><strong>La Palmyre<\/strong><\/h3>\n\n\n\n<p>Sur votre chemin, il y a \u00e9galement Les Mathes-la Palmyre&nbsp;: une ville c\u00f4ti\u00e8re tranquille, elle aussi pr\u00e8s de l\u2019embouchure de la Gironde. Vous y aurez l\u2019opportunit\u00e9 de <strong>s\u00e9journer au mouillage<\/strong> et, si vous le souhaitez, de d\u00e9barquer pour explorer les environs&nbsp;: le lieu compte plusieurs <strong>belles plages <\/strong>de sable fin sur lesquelles vous pourrez fl\u00e2ner, et de nombreux <strong>espaces naturels et forestiers<\/strong> o\u00f9 vous balader.<\/p>\n\n\n\n<div style=\"height:30px\" aria-hidden=\"true\" class=\"wp-block-spacer\"><\/div>\n\n\n\n<h3 class=\"wp-block-heading\"><strong>Le phare de Cordouan, et son mouillage<\/strong><\/h3>\n\n\n\n<p>Et si vous approchiez de ce c\u00e9l\u00e8bre <strong>rep\u00e8re maritime<\/strong>, de pr\u00e8s de 70&nbsp;m\u00e8tres de haut&nbsp;? Au pied du <strong>phare de Cordouan<\/strong>, une zone de mouillage accueille les bateaux lorsque la m\u00e9t\u00e9o le permet. En faisant escale dans le cadre de votre navigation entre Port M\u00e9doc et Port Adhoc Soubise, vous aurez l\u2019opportunit\u00e9 de d\u00e9barquer pour <strong>visiter<\/strong> l\u2019impressionnant b\u00e2timent.<\/p>\n\n\n\n<div style=\"height:30px\" aria-hidden=\"true\" class=\"wp-block-spacer\"><\/div>\n\n\n\n<h3 class=\"wp-block-heading\"><strong>L\u2019\u00eele d\u2019Ol\u00e9ron, et le phare de Chassiron<\/strong><\/h3>\n\n\n\n<p><strong>Capitale de l\u2019ostr\u00e9iculture<\/strong> en Charente-Maritime, l\u2019\u00eele d\u2019Ol\u00e9ron est aussi la <strong>plus grande \u00eele de la fa\u00e7ade atlantique<\/strong>. Alors, pendant votre voyage du Verdon jusqu\u2019\u00e0 Soubise, l\u2019ambiance et les paysages de l\u2019\u00eele m\u00e9ritent, bien s\u00fbr, une \u00e9tape. Faites escale au nord de l\u2019\u00eele, \u00e0 <strong>Saint-Denis-d\u2019Ol\u00e9ron<\/strong>, ou dans l\u2019anse de la Maleconche, par exemple, et partez \u00e0 la d\u00e9couverte des <strong>villages<\/strong> et des <strong>for\u00eats<\/strong> de l\u2019\u00eele. Pour dominer les environs, vous pourrez aussi visiter le <strong>phare de Chassiron<\/strong>.<\/p>\n\n\n\n<div style=\"height:30px\" aria-hidden=\"true\" class=\"wp-block-spacer\"><\/div>\n\n\n\n<figure class=\"wp-block-image size-large\"><img decoding=\"async\" width=\"1024\" height=\"576\" src=\"https:\/\/b2765252.smushcdn.com\/2765252\/wp-content\/uploads\/2024\/05\/phare-de-chassiron-oleron-1024x576.jpeg?lossy=1&strip=1&webp=1\" alt=\"\" class=\"wp-image-45337\" srcset=\"https:\/\/b2765252.smushcdn.com\/2765252\/wp-content\/uploads\/2024\/05\/phare-de-chassiron-oleron-1024x576.jpeg?lossy=1&strip=1&webp=1 1024w, https:\/\/b2765252.smushcdn.com\/2765252\/wp-content\/uploads\/2024\/05\/phare-de-chassiron-oleron-300x169.jpeg?lossy=1&strip=1&webp=1 300w, https:\/\/b2765252.smushcdn.com\/2765252\/wp-content\/uploads\/2024\/05\/phare-de-chassiron-oleron-768x432.jpeg?lossy=1&strip=1&webp=1 768w, https:\/\/b2765252.smushcdn.com\/2765252\/wp-content\/uploads\/2024\/05\/phare-de-chassiron-oleron-1536x864.jpeg?lossy=1&strip=1&webp=1 1536w, https:\/\/b2765252.smushcdn.com\/2765252\/wp-content\/uploads\/2024\/05\/phare-de-chassiron-oleron-2048x1152.jpeg?lossy=1&strip=1&webp=1 2048w, https:\/\/b2765252.smushcdn.com\/2765252\/wp-content\/uploads\/2024\/05\/phare-de-chassiron-oleron.jpeg?size=512x288&lossy=1&strip=1&webp=1 512w\" sizes=\"auto, (max-width: 1024px) 100vw, 1024px\" loading=\"lazy\" \/><figcaption class=\"wp-element-caption\">Le Phare de Chassiron \u00e0 Saint-Denis-d&rsquo;Ol\u00e9ron<\/figcaption><\/figure>\n\n\n\n<div style=\"height:30px\" aria-hidden=\"true\" class=\"wp-block-spacer\"><\/div>\n\n\n\n<h3 class=\"wp-block-heading\"><strong>La petite \u00eele d\u2019Aix<\/strong><\/h3>\n\n\n\n<p>Toujours en Charente-Maritime, l\u2019\u00eele d\u2019Aix attire chaque ann\u00e9e, elle aussi, de nombreux plaisanciers. C\u2019est une destination sur votre route de navigation du Verdon-sur-Mer \u00e0 Soubise que vous devriez encore appr\u00e9cier&nbsp;! Le <strong>bourg<\/strong>, le <strong>patrimoine<\/strong>, les <strong>plages<\/strong>, les diff\u00e9rentes <strong>promenades<\/strong> au contact de la nature\u2026 Si vous d\u00e9sirez explorer l\u2019ensemble de l\u2019\u00eele, nous vous conseillons de louer un v\u00e9lo.<\/p>\n\n\n\n<div style=\"height:30px\" aria-hidden=\"true\" class=\"wp-block-spacer\"><\/div>\n\n\n\n<figure class=\"wp-block-image size-large\"><img decoding=\"async\" width=\"1024\" height=\"683\" src=\"https:\/\/b2765252.smushcdn.com\/2765252\/wp-content\/uploads\/2022\/02\/phares_fortifications_ile_aix_port_adhoc_soubise-scaled-1024x683.jpeg?lossy=1&strip=1&webp=1\" alt=\"phares_fortifications_ile_aix_port_adhoc_soubise\" class=\"wp-image-7350\" srcset=\"https:\/\/b2765252.smushcdn.com\/2765252\/wp-content\/uploads\/2022\/02\/phares_fortifications_ile_aix_port_adhoc_soubise-scaled-1024x683.jpeg?lossy=1&strip=1&webp=1 1024w, https:\/\/b2765252.smushcdn.com\/2765252\/wp-content\/uploads\/2022\/02\/phares_fortifications_ile_aix_port_adhoc_soubise-scaled-300x200.jpeg?lossy=1&strip=1&webp=1 300w, https:\/\/b2765252.smushcdn.com\/2765252\/wp-content\/uploads\/2022\/02\/phares_fortifications_ile_aix_port_adhoc_soubise-scaled-768x512.jpeg?lossy=1&strip=1&webp=1 768w, https:\/\/b2765252.smushcdn.com\/2765252\/wp-content\/uploads\/2022\/02\/phares_fortifications_ile_aix_port_adhoc_soubise-scaled-1536x1024.jpeg?lossy=1&strip=1&webp=1 1536w, https:\/\/b2765252.smushcdn.com\/2765252\/wp-content\/uploads\/2022\/02\/phares_fortifications_ile_aix_port_adhoc_soubise-scaled-2048x1366.jpeg?lossy=1&strip=1&webp=1 2048w, https:\/\/b2765252.smushcdn.com\/2765252\/wp-content\/uploads\/2022\/02\/phares_fortifications_ile_aix_port_adhoc_soubise-scaled.jpeg?size=512x342&lossy=1&strip=1&webp=1 512w\" sizes=\"auto, (max-width: 1024px) 100vw, 1024px\" loading=\"lazy\" \/><figcaption class=\"wp-element-caption\">Les Phares et les fortifications de l&rsquo;\u00cele d&rsquo;Aix en Charente-Maritime<\/figcaption><\/figure>\n\n\n\n<div style=\"height:30px\" aria-hidden=\"true\" class=\"wp-block-spacer\"><\/div>\n\n\n\n<h3 class=\"wp-block-heading\"><strong>Fouras<\/strong><\/h3>\n\n\n\n<p>A l\u2019embouchure de la Charente, avant de rejoindre le fleuve, vous pourrez aussi faire escale \u00e0 Fouras. Dans la ville pour un ou plusieurs jours, vous aurez l\u2019occasion de visiter le <strong>Fort Vauban<\/strong>, r\u00e9alis\u00e9 par le c\u00e9l\u00e8bre ing\u00e9nieur et architecte militaire du m\u00eame nom. Il para\u00eet que la vue, depuis ses remparts, vaut le coup&nbsp;!<\/p>\n\n\n\n<div style=\"height:30px\" aria-hidden=\"true\" class=\"wp-block-spacer\"><\/div>\n\n\n\n<figure class=\"wp-block-image size-large\"><img loading=\"lazy\" decoding=\"async\" width=\"1024\" height=\"683\" src=\"https:\/\/b2765252.smushcdn.com\/2765252\/wp-content\/uploads\/2024\/05\/Fouras-Pointe-de-la-Fumee-1024x683.jpeg?lossy=1&strip=1&webp=1\" alt=\"\" class=\"wp-image-45343\" srcset=\"https:\/\/b2765252.smushcdn.com\/2765252\/wp-content\/uploads\/2024\/05\/Fouras-Pointe-de-la-Fumee-1024x683.jpeg?lossy=1&strip=1&webp=1 1024w, https:\/\/b2765252.smushcdn.com\/2765252\/wp-content\/uploads\/2024\/05\/Fouras-Pointe-de-la-Fumee-300x200.jpeg?lossy=1&strip=1&webp=1 300w, https:\/\/b2765252.smushcdn.com\/2765252\/wp-content\/uploads\/2024\/05\/Fouras-Pointe-de-la-Fumee-768x512.jpeg?lossy=1&strip=1&webp=1 768w, https:\/\/b2765252.smushcdn.com\/2765252\/wp-content\/uploads\/2024\/05\/Fouras-Pointe-de-la-Fumee-1536x1024.jpeg?lossy=1&strip=1&webp=1 1536w, https:\/\/b2765252.smushcdn.com\/2765252\/wp-content\/uploads\/2024\/05\/Fouras-Pointe-de-la-Fumee-2048x1365.jpeg?lossy=1&strip=1&webp=1 2048w, https:\/\/b2765252.smushcdn.com\/2765252\/wp-content\/uploads\/2024\/05\/Fouras-Pointe-de-la-Fumee.jpeg?size=512x342&lossy=1&strip=1&webp=1 512w\" sizes=\"auto, (max-width: 1024px) 100vw, 1024px\" \/><figcaption class=\"wp-element-caption\">Vue a\u00e9rienne sur Fouras, la Pointe de la Fum\u00e9e et l&rsquo;\u00eele d&rsquo;Aix en Charente-Maritime<\/figcaption><\/figure>\n\n\n\n<div style=\"height:30px\" aria-hidden=\"true\" class=\"wp-block-spacer\"><\/div>\n\n\n\n<p>Si vous souhaitez poursuivre les d\u00e9couvertes, vous devriez aussi appr\u00e9cier le <strong>Mus\u00e9e d\u2019histoire de la ville<\/strong>, les <strong>plages<\/strong>, les <strong>marais<\/strong>, le <strong>march\u00e9 de Fouras<\/strong> ou la <strong>Halle aux poissons<\/strong>.<\/p>\n\n\n\n<p>Enfin, lors de votre <strong>remont\u00e9e du fleuve Charente<\/strong>, sur les cinq derniers milles nautiques de votre parcours, votre regard sera sans doute attir\u00e9 par le <strong>Fort Lupin<\/strong>, \u00e0 tribord. Sur la commune de Saint-Nazaire-sur-Charente, c\u2019est un b\u00e2timent qui a aussi \u00e9t\u00e9 \u00e9rig\u00e9 par Vauban, dont nous vous parlions pr\u00e9c\u00e9demment. Apr\u00e8s sa construction dans la seconde partie du dix-septi\u00e8me si\u00e8cle, le Fort Lupin avait pour fonction de prot\u00e9ger Rochefort et son arsenal des navires ennemis remontant le fleuve. L\u2019\u00e9l\u00e9ment d\u2019architecture est <strong>class\u00e9 au titre des Monuments historiques<\/strong> depuis plus de 70 ans.<\/p>\n\n\n\n<div style=\"height:30px\" aria-hidden=\"true\" class=\"wp-block-spacer\"><\/div>\n\n\n\n<figure class=\"wp-block-image size-large\"><img loading=\"lazy\" decoding=\"async\" width=\"1024\" height=\"683\" src=\"https:\/\/b2765252.smushcdn.com\/2765252\/wp-content\/uploads\/2024\/05\/Fort-Lupin-1024x683.jpeg?lossy=1&strip=1&webp=1\" alt=\"\" class=\"wp-image-45339\" srcset=\"https:\/\/b2765252.smushcdn.com\/2765252\/wp-content\/uploads\/2024\/05\/Fort-Lupin-1024x683.jpeg?lossy=1&strip=1&webp=1 1024w, https:\/\/b2765252.smushcdn.com\/2765252\/wp-content\/uploads\/2024\/05\/Fort-Lupin-300x200.jpeg?lossy=1&strip=1&webp=1 300w, https:\/\/b2765252.smushcdn.com\/2765252\/wp-content\/uploads\/2024\/05\/Fort-Lupin-768x512.jpeg?lossy=1&strip=1&webp=1 768w, https:\/\/b2765252.smushcdn.com\/2765252\/wp-content\/uploads\/2024\/05\/Fort-Lupin-1536x1024.jpeg?lossy=1&strip=1&webp=1 1536w, https:\/\/b2765252.smushcdn.com\/2765252\/wp-content\/uploads\/2024\/05\/Fort-Lupin-2048x1365.jpeg?lossy=1&strip=1&webp=1 2048w, https:\/\/b2765252.smushcdn.com\/2765252\/wp-content\/uploads\/2024\/05\/Fort-Lupin.jpeg?size=512x342&lossy=1&strip=1&webp=1 512w\" sizes=\"auto, (max-width: 1024px) 100vw, 1024px\" \/><figcaption class=\"wp-element-caption\">Fort Lupin vu du ciel, situ\u00e9 entre Soubise et Saint-Nazaire-sur-Charente en Charente-Maritime<\/figcaption><\/figure>\n\n\n\n<div style=\"height:30px\" aria-hidden=\"true\" class=\"wp-block-spacer\"><\/div>\n\n\n\n<p>Plaisancier de Port M\u00e9doc, de Port Adhoc Soubise ou de tout autre port de plaisance, nous esp\u00e9rons que nous vous aurons donn\u00e9 envie de d\u00e9couvrir la <strong>merveilleuse zone de navigation<\/strong> entre le Verdon-sur-Mer, \u00e0 l\u2019embouchure de la Gironde, et Soubise, sur le fleuve Charente. N\u2019h\u00e9sitez pas \u00e0 contacter notre \u00e9quipe si, apr\u00e8s la lecture de cet article, vous avez la moindre question&nbsp;!<\/p>\n\n\n\n<div style=\"height:30px\" aria-hidden=\"true\" class=\"wp-block-spacer\"><\/div>\n\n\n\n<div class=\"wp-block-buttons is-horizontal is-layout-flex wp-block-buttons-is-layout-flex\">\n<div class=\"wp-block-button is-style-fill\"><a class=\"wp-block-button__link has-white-color has-vivid-cyan-blue-background-color has-text-color has-background has-small-font-size has-custom-font-size wp-element-button\" href=\"https:\/\/www.port-adhoc.com\/fr\/obtenir-un-devis\/\" target=\"_blank\" rel=\"noreferrer noopener\">Nous contacter \ud83d\udc4b<\/a><\/div>\n<\/div>\n","protected":false},"excerpt":{"rendered":"<p>Si vous \u00eates propri\u00e9taire d\u2019un bateau, Port M\u00e9doc et Port Adhoc Soubise sont deux ports de plaisance de notre r\u00e9seau o\u00f9 vous pouvez \u00eatre s\u00fbr d\u2019\u00eatre accueilli dans de parfaites conditions. Chaque port a ses sp\u00e9cificit\u00e9s et pr\u00e9sente, pour les plaisanciers, de bonnes raisons d\u2019\u00eatre fr\u00e9quent\u00e9 ! Une fois que vous aurez d\u00e9couvert le premier, pourquoi ne pas changer de zone de navigation et rejoindre le second ? Dans cet article, Port Adhoc vous livre un aper\u00e7u des deux ports de plaisance fran\u00e7ais, et vous explique comment naviguer de l\u2019un \u00e0 l\u2019autre.<\/p>\n","protected":false},"author":2,"featured_media":115355,"comment_status":"closed","ping_status":"closed","sticky":false,"template":"","format":"standard","meta":{"wds_primary_category":42,"footnotes":""},"categories":[42,316],"tags":[51,52],"class_list":["post-45331","post","type-post","status-publish","format-standard","has-post-thumbnail","hentry","category-navigation-plaisance","category-programme-de-fidelite","tag-port-adhoc-soubise","tag-port-medoc"],"_links":{"self":[{"href":"https:\/\/www.port-adhoc.com\/fr\/wp-json\/wp\/v2\/posts\/45331","targetHints":{"allow":["GET"]}}],"collection":[{"href":"https:\/\/www.port-adhoc.com\/fr\/wp-json\/wp\/v2\/posts"}],"about":[{"href":"https:\/\/www.port-adhoc.com\/fr\/wp-json\/wp\/v2\/types\/post"}],"author":[{"embeddable":true,"href":"https:\/\/www.port-adhoc.com\/fr\/wp-json\/wp\/v2\/users\/2"}],"replies":[{"embeddable":true,"href":"https:\/\/www.port-adhoc.com\/fr\/wp-json\/wp\/v2\/comments?post=45331"}],"version-history":[{"count":0,"href":"https:\/\/www.port-adhoc.com\/fr\/wp-json\/wp\/v2\/posts\/45331\/revisions"}],"wp:featuredmedia":[{"embeddable":true,"href":"https:\/\/www.port-adhoc.com\/fr\/wp-json\/wp\/v2\/media\/115355"}],"wp:attachment":[{"href":"https:\/\/www.port-adhoc.com\/fr\/wp-json\/wp\/v2\/media?parent=45331"}],"wp:term":[{"taxonomy":"category","embeddable":true,"href":"https:\/\/www.port-adhoc.com\/fr\/wp-json\/wp\/v2\/categories?post=45331"},{"taxonomy":"post_tag","embeddable":true,"href":"https:\/\/www.port-adhoc.com\/fr\/wp-json\/wp\/v2\/tags?post=45331"}],"curies":[{"name":"wp","href":"https:\/\/api.w.org\/{rel}","templated":true}]}}