{"id":46382,"date":"2024-06-19T19:12:25","date_gmt":"2024-06-19T17:12:25","guid":{"rendered":"https:\/\/www.port-adhoc.com\/?p=46382"},"modified":"2025-09-12T09:49:56","modified_gmt":"2025-09-12T07:49:56","slug":"visiter-les-fetes-maritimes-de-la-rochelle-depuis-nos-ports-de-latlantique","status":"publish","type":"post","link":"https:\/\/www.port-adhoc.com\/fr\/blog\/technique-astuces\/visiter-les-fetes-maritimes-de-la-rochelle-depuis-nos-ports-de-latlantique\/","title":{"rendered":"Visiter les F\u00eates maritimes de La Rochelle depuis nos ports de l\u2019Atlantique"},"content":{"rendered":"\n<p class=\"has-small-font-size\">Date de publication : 19\/06\/2024<\/p>\n\n\n\n<div style=\"height:60px\" aria-hidden=\"true\" class=\"wp-block-spacer\"><\/div>\n\n\n\n<h2 class=\"wp-block-heading\"><strong><strong><strong><strong><strong><strong><strong><strong><strong><strong>La Rochelle, une ville tourn\u00e9e vers l\u2019oc\u00e9an<\/strong><\/strong><\/strong><\/strong><\/strong><\/strong><\/strong><\/strong><\/strong><\/strong><\/h2>\n\n\n\n<div style=\"height:30px\" aria-hidden=\"true\" class=\"wp-block-spacer\"><\/div>\n\n\n\n<p>Ouverte sur l\u2019<strong>oc\u00e9an Atlantique<\/strong> et sur l\u2019<strong>un des plans d\u2019eau les plus anim\u00e9s<\/strong> de France, la ville de La Rochelle est r\u00e9put\u00e9e pour la pratique de la <strong>voile<\/strong> et du <strong>nautisme<\/strong> en g\u00e9n\u00e9ral. Lieu de construction de nombreux bateaux gr\u00e2ce \u00e0 plusieurs chantiers, place du fameux <strong>festival du Grand Pavois<\/strong>\u2026 La Rochelle sait d\u00e9j\u00e0 rassembler, depuis plusieurs d\u00e9cennies, tous les <strong>amoureux de la mer<\/strong>, des <strong>bateaux \u00e0 moteurs <\/strong>et des <strong>voiliers<\/strong>.<\/p>\n\n\n\n<p>Dans les ports de la ville, et en particulier au <strong>Vieux-Port de La Rochelle<\/strong>, habitants et visiteurs sont toujours heureux d\u2019admirer, depuis les quais, de nombreux navires t\u00e9moins du <strong>patrimoine maritime fran\u00e7ais<\/strong>.&nbsp;<\/p>\n\n\n\n<p>Des <strong>bateaux traditionnels<\/strong> des pertuis de Charente-Maritime au c\u00e9l\u00e8bre <strong><em>Joshua<\/em> <\/strong>de Bernard Moitessier, amarr\u00e9 sur les pontons du Mus\u00e9e Maritime de La Rochelle, l\u2019ensemble des bateaux constituent un patrimoine vivant inestimable, que les acteurs locaux ont bien&nbsp;l\u2019intention de mettre en avant. Voil\u00e0 pourquoi les \u00e9quipes des F\u00eates maritimes de La Rochelle se sont lanc\u00e9es, avec pr\u00e8s de 250 b\u00e9n\u00e9voles, dans l\u2019organisation d\u2019un <strong>\u00e9v\u00e9nement international de renom<\/strong>. Nul doute que celui-ci fera l\u2019unanimit\u00e9 aupr\u00e8s de tous les passionn\u00e9s !<\/p>\n\n\n\n<div style=\"height:60px\" aria-hidden=\"true\" class=\"wp-block-spacer\"><\/div>\n\n\n\n<h2 class=\"wp-block-heading\"><strong><strong><strong><strong><strong><strong><strong><strong><strong><strong>La premi\u00e8re \u00e9dition d\u2019une f\u00eate maritime d\u2019exception<\/strong><\/strong><\/strong><\/strong><\/strong><\/strong><\/strong><\/strong><\/strong><\/strong><\/h2>\n\n\n\n<div style=\"height:30px\" aria-hidden=\"true\" class=\"wp-block-spacer\"><\/div>\n\n\n\n<p>C\u2019est autour du <strong>Bassin des Chalutiers<\/strong>, sur le <strong>Vieux-Port de La Rochelle<\/strong>, qu\u2019auront lieu pour la premi\u00e8re fois les F\u00eates maritimes de La Rochelle. Pendant <strong>quatre jours<\/strong>, du <strong>20 au 23 juin 2024<\/strong>, et \u00e0 deux pas du centre historique de la ville, tous sont invit\u00e9s \u00e0 c\u00e9l\u00e9brer le <strong>patrimoine maritime fran\u00e7ais et \u00e9tranger<\/strong> \u00e0 l\u2019occasion d\u2019un \u00e9v\u00e9nement populaire, familial, culturel et convivial.<\/p>\n\n\n\n<p>Une <strong>centaine de stands<\/strong> occuperont les quais du Vieux-Port de La Rochelle. Les <strong>150&nbsp;000 visiteurs attendus<\/strong> pourront profiter de diverses animations, telles que :<\/p>\n\n\n\n<ul class=\"wp-block-list\">\n<li>Des <strong>visites de bateaux <\/strong>\u00e0 quai<\/li>\n\n\n\n<li>Des <strong>sorties en mer<\/strong><\/li>\n\n\n\n<li>Des <strong>d\u00e9monstrations p\u00e9dagogiques <\/strong>de matelotage, de calfatage, de tannage de voiles, de fumage de poissons\u2026<\/li>\n\n\n\n<li>Des <strong>expositions<\/strong> et <strong>maquettes<\/strong><\/li>\n\n\n\n<li>Des <strong>d\u00e9gustations<\/strong> de produits de la mer et du terroir charentais<\/li>\n\n\n\n<li>Des <strong>chants de marins<\/strong><\/li>\n\n\n\n<li>Des <strong>concerts<\/strong><\/li>\n\n\n\n<li>Un <strong>espace restauration<\/strong> et de nombreux foodtrucks<\/li>\n<\/ul>\n\n\n\n<p>Vous vous demandez encore si vous irez&nbsp;\u00e0 La Rochelle, pour profiter de cette ambiance festive ? Sachez que l\u2019\u00e9v\u00e9nement est ouvert \u00e0 tous, avec une <strong>entr\u00e9e libre et gratuite<\/strong> pendant les quatre jours que dureront les f\u00eates !<\/p>\n\n\n\n<div style=\"height:60px\" aria-hidden=\"true\" class=\"wp-block-spacer\"><\/div>\n\n\n\n<figure class=\"wp-block-image size-large\"><img fetchpriority=\"high\" decoding=\"async\" width=\"1024\" height=\"681\" src=\"https:\/\/b2765252.smushcdn.com\/2765252\/wp-content\/uploads\/2024\/06\/Les-tours-Tour-de-la-chaine-et-tour-Saint-Nicolas-dans-le-vieux-port-La-Rochelle-1024x681.jpg?lossy=1&strip=1&webp=1\" alt=\"\" class=\"wp-image-46386\" srcset=\"https:\/\/b2765252.smushcdn.com\/2765252\/wp-content\/uploads\/2024\/06\/Les-tours-Tour-de-la-chaine-et-tour-Saint-Nicolas-dans-le-vieux-port-La-Rochelle-1024x681.jpg?lossy=1&strip=1&webp=1 1024w, https:\/\/b2765252.smushcdn.com\/2765252\/wp-content\/uploads\/2024\/06\/Les-tours-Tour-de-la-chaine-et-tour-Saint-Nicolas-dans-le-vieux-port-La-Rochelle-300x200.jpg?lossy=1&strip=1&webp=1 300w, https:\/\/b2765252.smushcdn.com\/2765252\/wp-content\/uploads\/2024\/06\/Les-tours-Tour-de-la-chaine-et-tour-Saint-Nicolas-dans-le-vieux-port-La-Rochelle-768x511.jpg?lossy=1&strip=1&webp=1 768w, https:\/\/b2765252.smushcdn.com\/2765252\/wp-content\/uploads\/2024\/06\/Les-tours-Tour-de-la-chaine-et-tour-Saint-Nicolas-dans-le-vieux-port-La-Rochelle-1536x1022.jpg?lossy=1&strip=1&webp=1 1536w, https:\/\/b2765252.smushcdn.com\/2765252\/wp-content\/uploads\/2024\/06\/Les-tours-Tour-de-la-chaine-et-tour-Saint-Nicolas-dans-le-vieux-port-La-Rochelle.jpg?lossy=1&strip=1&webp=1 1596w, https:\/\/b2765252.smushcdn.com\/2765252\/wp-content\/uploads\/2024\/06\/Les-tours-Tour-de-la-chaine-et-tour-Saint-Nicolas-dans-le-vieux-port-La-Rochelle.jpg?size=512x341&lossy=1&strip=1&webp=1 512w\" sizes=\"(max-width: 1024px) 100vw, 1024px\" \/><figcaption class=\"wp-element-caption\">La Tour de la Chai\u0302ne et la Tour Saint-Nicolas dans le vieux port de La Rochelle<\/figcaption><\/figure>\n\n\n\n<div style=\"height:30px\" aria-hidden=\"true\" class=\"wp-block-spacer\"><\/div>\n\n\n\n<h2 class=\"wp-block-heading\"><strong><strong><strong><strong><strong><strong><strong><strong><strong><strong><strong>De nombreux navires attendus<\/strong><\/strong><\/strong><\/strong><\/strong><\/strong><\/strong><\/strong><\/strong><\/strong><\/strong><\/h2>\n\n\n\n<div style=\"height:30px\" aria-hidden=\"true\" class=\"wp-block-spacer\"><\/div>\n\n\n\n<h3 class=\"wp-block-heading\">De la lasse marennaise au grand voilier<\/h3>\n\n\n\n<p>Lasses marennaises, gr\u00e9ements traditionnels de l\u2019estuaire de la Gironde, cotres auriques rh\u00e9tais, sardiniers&#8230; Les organisateurs des f\u00eates ont souhait\u00e9 mettre <strong>l\u2019ensemble des embarcations du territoire <\/strong>\u00e0 l\u2019honneur, par la pr\u00e9sence de nombreux <strong>bateaux de travail<\/strong>. Avec eux, ils souhaitent notamment c\u00e9l\u00e9brer les <strong>m\u00e9tiers maritimes<\/strong> du territoire charentais, comme l\u2019ostr\u00e9iculture ou la conchyliculture.<\/p>\n\n\n\n<p>D\u2019autres navires, comme le <em>Saint-Michel II<\/em>, r\u00e9plique nantaise du second voilier de Jules Verne, ou le <em>Mutin<\/em>, dund\u00e9e exploit\u00e9 par la Marine Nationale \u00e0 Brest, viendront documenter les autres r\u00e9gions fran\u00e7aises.<\/p>\n\n\n\n<p>Aux embarcations et voiliers de travail, s\u2019ajouteront une quarantaine de <strong>yachts classiques<\/strong>, venus de La Rochelle et de diff\u00e9rents sites de l\u2019Atlantique, ainsi qu\u2019une dizaine de <strong>grands voiliers<\/strong> de plusieurs nationalit\u00e9s. Le quatre-m\u00e2ts <em>Santa Maria Manuela<\/em>, les trois-m\u00e2ts <em>Belem<\/em> et <em>Le Fran\u00e7ais<\/em>, le <em>Shtandard<\/em> et le brick <em>Morgenster<\/em>, par exemple, feront partie de la f\u00eate.<\/p>\n\n\n\n<p>Au total, ce sont <strong>150 bateaux<\/strong> qui participeront aux <a href=\"https:\/\/fetesmaritimeslarochelle.fr\/\" data-type=\"link\" data-id=\"https:\/\/fetesmaritimeslarochelle.fr\/\" target=\"_blank\" rel=\"noreferrer noopener\">F\u00eates maritimes de La Rochelle<\/a>&nbsp;!<\/p>\n\n\n\n<div style=\"height:30px\" aria-hidden=\"true\" class=\"wp-block-spacer\"><\/div>\n\n\n\n<figure class=\"wp-block-image size-large\"><img decoding=\"async\" width=\"1024\" height=\"683\" src=\"https:\/\/b2765252.smushcdn.com\/2765252\/wp-content\/uploads\/2024\/06\/Goelette-portugaise-Santa-Maria-Manuela-1024x683.jpg?lossy=1&strip=1&webp=1\" alt=\"\" class=\"wp-image-46387\" srcset=\"https:\/\/b2765252.smushcdn.com\/2765252\/wp-content\/uploads\/2024\/06\/Goelette-portugaise-Santa-Maria-Manuela-1024x683.jpg?lossy=1&strip=1&webp=1 1024w, https:\/\/b2765252.smushcdn.com\/2765252\/wp-content\/uploads\/2024\/06\/Goelette-portugaise-Santa-Maria-Manuela-300x200.jpg?lossy=1&strip=1&webp=1 300w, https:\/\/b2765252.smushcdn.com\/2765252\/wp-content\/uploads\/2024\/06\/Goelette-portugaise-Santa-Maria-Manuela-768x512.jpg?lossy=1&strip=1&webp=1 768w, https:\/\/b2765252.smushcdn.com\/2765252\/wp-content\/uploads\/2024\/06\/Goelette-portugaise-Santa-Maria-Manuela-1536x1024.jpg?lossy=1&strip=1&webp=1 1536w, https:\/\/b2765252.smushcdn.com\/2765252\/wp-content\/uploads\/2024\/06\/Goelette-portugaise-Santa-Maria-Manuela-2048x1365.jpg?lossy=1&strip=1&webp=1 2048w, https:\/\/b2765252.smushcdn.com\/2765252\/wp-content\/uploads\/2024\/06\/Goelette-portugaise-Santa-Maria-Manuela.jpg?size=512x342&lossy=1&strip=1&webp=1 512w\" sizes=\"auto, (max-width: 1024px) 100vw, 1024px\" loading=\"lazy\" \/><figcaption class=\"wp-element-caption\">Goe\u0301lette portugaise Santa Maria Manuela<\/figcaption><\/figure>\n\n\n\n<div style=\"height:30px\" aria-hidden=\"true\" class=\"wp-block-spacer\"><\/div>\n\n\n\n<h3 class=\"wp-block-heading\">Une convergence jusqu\u2019au Vieux-Port<\/h3>\n\n\n\n<p>Int\u00e9ress\u00e9es pour participer \u00e0 l\u2019\u00e9v\u00e9nement, <strong>25 associations charentaises<\/strong> propri\u00e9taires d\u2019un ou plusieurs bateaux de travail ont pris part au projet, rassembl\u00e9es au sein de l\u2019association <em>Patrimoine Navigant en Charente-Maritime<\/em>. Toutes ont travaill\u00e9, aux c\u00f4t\u00e9s de l\u2019organisation de l\u2019\u00e9v\u00e9nement, \u00e0 la mise en place d\u2019une <strong>grande convergence<\/strong> des diff\u00e9rents bateaux jusqu\u2019au Vieux-Port, \u00e0 l\u2019occasion des f\u00eates.<\/p>\n\n\n\n<p>Ainsi, 80 bateaux rejoindront La Rochelle ensemble, en <strong>parade<\/strong>, depuis <strong>5 ports de Charente-Maritime<\/strong>&nbsp;:<\/p>\n\n\n\n<ul class=\"wp-block-list\">\n<li>Le port de La Flotte-en-R\u00e9 (\u00eele de R\u00e9),<\/li>\n\n\n\n<li>Le port du Ch\u00e2teau d\u2019Ol\u00e9ron (\u00eele d\u2019Ol\u00e9ron),<\/li>\n\n\n\n<li>Le port de plaisance de Boyardville (\u00eele d\u2019Ol\u00e9ron),<\/li>\n\n\n\n<li>Le port du Plomb (Nieul-sur-Mer)<\/li>\n\n\n\n<li>Le port de plaisance de Marennes (Marennes)<\/li>\n<\/ul>\n\n\n\n<p>Il est pr\u00e9vu que les bateaux se regroupent dans les diff\u00e9rents ports dans les jours qui pr\u00e9c\u00e8dent l\u2019\u00e9v\u00e9nement, les 15 et 16 juin, puis qu\u2019ils convergent ensemble vers La Rochelle. Leur arriv\u00e9e est pr\u00e9vue les 18, 19 et 20 juin.<\/p>\n\n\n\n<p>Si vous \u00eates propri\u00e9taire d\u2019un bateau \u00e0 moteur ou d\u2019un voilier en Atlantique, amarr\u00e9 par exemple \u00e0 <strong>Port M\u00e9doc<\/strong> ou \u00e0 <strong>Port Adhoc Soubise<\/strong>, ne ratez pas l\u2019occasion de profiter de ce <strong>spectacle en mer<\/strong>, et de <strong>naviguer \u00e0 leurs c\u00f4t\u00e9s<\/strong>&nbsp;!<\/p>\n\n\n\n<div style=\"height:60px\" aria-hidden=\"true\" class=\"wp-block-spacer\"><\/div>\n\n\n\n<h2 class=\"wp-block-heading\"><strong><strong><strong><strong><strong><strong><strong><strong><strong><strong><strong><strong>Visiter l\u2019\u00e9v\u00e9nement depuis Port Adhoc Soubise ou Port M\u00e9doc<\/strong><\/strong><\/strong><\/strong><\/strong><\/strong><\/strong><\/strong><\/strong><\/strong><\/strong><\/strong><\/h2>\n\n\n\n<p>Vous \u00eates propri\u00e9taire d\u2019un navire amarr\u00e9 ou stock\u00e9 \u00e0 terre dans l\u2019un des ports du <strong>r\u00e9seau Port Adhoc<\/strong>&nbsp;? Nous vous engageons vivement \u00e0 <strong>rejoindre l\u2019\u00e9v\u00e9nement par la mer<\/strong>, avec votre propre bateau&nbsp;!<\/p>\n\n\n\n<p>Depuis <strong>Port Adhoc Soubise <\/strong>ou <strong>Port M\u00e9doc<\/strong>, nos deux ports de plaisance pr\u00e8s de La Rochelle, il vous sera tr\u00e8s facile de participer aux festivit\u00e9s&nbsp;:<\/p>\n\n\n\n<ul class=\"wp-block-list\">\n<li>Le <a href=\"https:\/\/www.port-adhoc.com\/fr\/port-a-sec-soubise\/\" target=\"_blank\" rel=\"noreferrer noopener\">port \u00e0 sec de Soubise<\/a>, en Charente-Maritime, ne se trouve qu\u2019\u00e0 <strong>25 milles nautiques<\/strong>. Apr\u00e8s la descente du fleuve Charente, vous ferez cap au Nord jusqu\u2019\u00e0 la ville de La Rochelle.<\/li>\n<\/ul>\n\n\n\n<p>Une navigation rapide qui ne devrait pas manquer d\u2019attraits&nbsp;!<\/p>\n\n\n\n<div style=\"height:30px\" aria-hidden=\"true\" class=\"wp-block-spacer\"><\/div>\n\n\n\n<p>\u27a1\ufe0f A lire aussi\u00a0: <a href=\"https:\/\/www.port-adhoc.com\/fr\/blog\/navigation-plaisance\/naviguer-en-charente-maritime-au-depart-de-port-adhoc-soubise\/\" target=\"_blank\" rel=\"noreferrer noopener\">Naviguer en Charente-Maritime, au d\u00e9part de Port Adhoc Soubise<\/a><\/p>\n\n\n\n<div style=\"height:60px\" aria-hidden=\"true\" class=\"wp-block-spacer\"><\/div>\n\n\n\n<ul class=\"wp-block-list\">\n<li>Le port de plaisance de <a href=\"https:\/\/www.port-adhoc.com\/fr\/port-gironde-medoc\/\" data-type=\"link\" data-id=\"https:\/\/www.port-adhoc.com\/port-gironde-medoc\/\" target=\"_blank\" rel=\"noreferrer noopener\">Port M\u00e9doc<\/a>, au Verdon-sur-Mer, se trouve, lui, \u00e0 un peu plus de <strong>50 milles de navigation<\/strong>. Depuis l\u2019embouchure de la Gironde, vous d\u00e9passerez Royan puis longerez la c\u00f4te atlantique, en direction du Nord. Vous naviguerez le long de l\u2019\u00eele d\u2019Ol\u00e9ron, jusqu\u2019\u00e0 Chassiron, puis viserez la Rochelle pour les derniers milles de navigation.<\/li>\n<\/ul>\n\n\n\n<p>C\u2019est une croisi\u00e8re un peu plus longue, que vous r\u00e9aliserez d\u2019une traite ou, sur quelques jours, avec une ou plusieurs escales&nbsp;!<\/p>\n\n\n\n<div style=\"height:30px\" aria-hidden=\"true\" class=\"wp-block-spacer\"><\/div>\n\n\n\n<p>\u27a1\ufe0f A lire aussi\u00a0: <a href=\"https:\/\/www.port-adhoc.com\/fr\/blog\/navigation-plaisance\/navigation-de-plaisance-depuis-port-medoc-10-idees-de-destinations\/\">Navigation de plaisance depuis Port M\u00e9doc : 10 id\u00e9es de destinations<\/a><\/p>\n\n\n\n<div style=\"height:60px\" aria-hidden=\"true\" class=\"wp-block-spacer\"><\/div>\n\n\n\n<p>A noter&nbsp;: <strong>Les emplacements du Vieux-Port de La Rochelle ne seront pas accessibles aux plaisanciers visiteurs pendant toute la dur\u00e9e des F\u00eates maritimes de La Rochelle<\/strong>. Les navigateurs et leurs bateaux seront les bienvenus dans le second port de plaisance de la ville, connu sous le nom de port des Minimes.<\/p>\n\n\n\n<p>Un bus de mer ou \u00ab&nbsp;Passeur&nbsp;\u00bb assure la liaison entre les deux ports tous les jours de l\u2019ann\u00e9e, en trois minutes seulement. Depuis votre emplacement de port aux Minimes, cette solution vous permettra d\u2019acc\u00e9der facilement \u00e0 l\u2019\u00e9v\u00e9nement&nbsp;!<\/p>\n","protected":false},"excerpt":{"rendered":"<p>Du 20 au 23 juin prochains, le Vieux-Port de La Rochelle accueillera la premi\u00e8re \u00e9dition d\u2019un \u00e9v\u00e9nement qui devrait vite faire parler de lui : les F\u00eates maritimes de La Rochelle ! Plaisanciers des ports de l\u2019Atlantique du r\u00e9seau Port Adhoc, voici un \u00e9v\u00e9nement susceptible de vous int\u00e9resser \u2026<\/p>\n","protected":false},"author":2,"featured_media":115345,"comment_status":"closed","ping_status":"closed","sticky":false,"template":"","format":"standard","meta":{"wds_primary_category":26,"footnotes":""},"categories":[26],"tags":[51,52],"class_list":["post-46382","post","type-post","status-publish","format-standard","has-post-thumbnail","hentry","category-technique-astuces","tag-port-adhoc-soubise","tag-port-medoc"],"_links":{"self":[{"href":"https:\/\/www.port-adhoc.com\/fr\/wp-json\/wp\/v2\/posts\/46382","targetHints":{"allow":["GET"]}}],"collection":[{"href":"https:\/\/www.port-adhoc.com\/fr\/wp-json\/wp\/v2\/posts"}],"about":[{"href":"https:\/\/www.port-adhoc.com\/fr\/wp-json\/wp\/v2\/types\/post"}],"author":[{"embeddable":true,"href":"https:\/\/www.port-adhoc.com\/fr\/wp-json\/wp\/v2\/users\/2"}],"replies":[{"embeddable":true,"href":"https:\/\/www.port-adhoc.com\/fr\/wp-json\/wp\/v2\/comments?post=46382"}],"version-history":[{"count":0,"href":"https:\/\/www.port-adhoc.com\/fr\/wp-json\/wp\/v2\/posts\/46382\/revisions"}],"wp:featuredmedia":[{"embeddable":true,"href":"https:\/\/www.port-adhoc.com\/fr\/wp-json\/wp\/v2\/media\/115345"}],"wp:attachment":[{"href":"https:\/\/www.port-adhoc.com\/fr\/wp-json\/wp\/v2\/media?parent=46382"}],"wp:term":[{"taxonomy":"category","embeddable":true,"href":"https:\/\/www.port-adhoc.com\/fr\/wp-json\/wp\/v2\/categories?post=46382"},{"taxonomy":"post_tag","embeddable":true,"href":"https:\/\/www.port-adhoc.com\/fr\/wp-json\/wp\/v2\/tags?post=46382"}],"curies":[{"name":"wp","href":"https:\/\/api.w.org\/{rel}","templated":true}]}}