{"id":52968,"date":"2024-11-28T09:41:08","date_gmt":"2024-11-28T08:41:08","guid":{"rendered":"https:\/\/www.port-adhoc.com\/?p=52968"},"modified":"2025-09-11T17:00:14","modified_gmt":"2025-09-11T15:00:14","slug":"charente-maritime-decouvrir-lunivers-de-lostreiculture-en-navigation","status":"publish","type":"post","link":"https:\/\/www.port-adhoc.com\/fr\/blog\/technique-astuces\/charente-maritime-decouvrir-lunivers-de-lostreiculture-en-navigation\/","title":{"rendered":"Charente-Maritime : d\u00e9couvrir l&rsquo;univers de l&rsquo;ostr\u00e9iculture en navigation"},"content":{"rendered":"\n<p class=\"has-small-font-size\">Date de publication : 28\/11\/2024<\/p>\n\n\n\n<div style=\"height:60px\" aria-hidden=\"true\" class=\"wp-block-spacer\"><\/div>\n\n\n\n<div style=\"height:0px\" aria-hidden=\"true\" class=\"wp-block-spacer\"><\/div>\n\n\n\n<h2 class=\"wp-block-heading\"><strong><strong><strong><strong><strong><strong><strong><strong>La culture ostr\u00e9icole, incontournable en Charente-Maritime<\/strong><\/strong><\/strong><\/strong><\/strong><\/strong><\/strong><\/strong><\/h2>\n\n\n\n<p>Sur la fa\u00e7ade atlantique fran\u00e7aise, la <strong>Charente-Maritime<\/strong> dispose d\u2019un <strong>riche patrimoine<\/strong> naturel, culturel mais aussi gastronomique. Parmi ses traditions ancestrales, l\u2019<strong>activit\u00e9 ostr\u00e9icole <\/strong>est un savoir-faire unique qui joue une grande part dans l\u2019importance \u00e9conomique de la r\u00e9gion.<\/p>\n\n\n\n<p>Le bassin de culture des <strong>hu\u00eetres de Marennes-Ol\u00e9ron<\/strong>, notamment, est une sp\u00e9cificit\u00e9 r\u00e9gionale&nbsp;: il s&rsquo;\u00e9tend sur plus de 3 000 hectares de <em>claires<\/em> \u2013 des bassins d&rsquo;eau douce et d\u2019eau sal\u00e9e qui donnent un go\u00fbt bien particulier aux coquillages.<\/p>\n\n\n\n<p>En Charente-Maritime, plus de 1 000 entreprises ostr\u00e9icoles travaillent chaque ann\u00e9e \u00e0 la production d\u2019environ <strong>40&nbsp;000 tonnes d&rsquo;hu\u00eetres<\/strong>, soit la moiti\u00e9 de la consommation nationale. Dans le <strong>plus grand bassin ostr\u00e9icole d\u2019Europe<\/strong>, les f\u00eates de fin d\u2019ann\u00e9e sont l\u2019occasion d\u2019une activit\u00e9 intense&nbsp;: c\u2019est pendant cette p\u00e9riode que sont r\u00e9alis\u00e9s les trois-quarts de la vente annuelle de coquillages de la r\u00e9gion.<\/p>\n\n\n\n<p>Il y a trois <strong>vari\u00e9t\u00e9s d&rsquo;hu\u00eetres en Charente-Maritime<\/strong>&nbsp;:<\/p>\n\n\n\n<ul class=\"wp-block-list\">\n<li><strong>L\u2019hu\u00eetre de Marennes-Ol\u00e9ron&nbsp;:<\/strong> c\u2019est la plus connue des hu\u00eetres charentaises-maritimes ainsi que le coquillage le plus vendu. L\u2019hu\u00eetre de Marennes-Ol\u00e9ron est une hu\u00eetre creuse produite localement, avec un processus d\u2019affinage en claires. Elle est r\u00e9guli\u00e8rement export\u00e9e aux quatre coins du monde&nbsp;et, depuis 2009, elle b\u00e9n\u00e9ficie d\u2019une Indication G\u00e9ographique Prot\u00e9g\u00e9e (IGP).<br><\/li>\n\n\n\n<li><strong>L\u2019hu\u00eetre creuse du Pertuis breton&nbsp;:<\/strong> r\u00e9put\u00e9e pour \u00eatre un peu plus iod\u00e9e que la pr\u00e9c\u00e9dente, celle-ci est produite entre l\u2019\u00eele de R\u00e9 et la c\u00f4te continentale. Elle ne conna\u00eet pas toujours le m\u00eame affinage que l\u2019hu\u00eetre de Marennes-Ol\u00e9ron et on lui trouve souvent un go\u00fbt l\u00e9g\u00e8rement sucr\u00e9.<br><\/li>\n\n\n\n<li><strong>L\u2019hu\u00eetre creuse cultiv\u00e9e sur l\u2019\u00eele de R\u00e9&nbsp;:<\/strong> \u00e9lev\u00e9e au contact de l\u2019air marin de l\u2019Atlantique et des terres sal\u00e9es de l\u2019\u00eele de R\u00e9, cette troisi\u00e8me typologie d\u2019hu\u00eetre poss\u00e8de une texture plus croquante. On dit souvent que l\u2019hu\u00eetre de R\u00e9 a un go\u00fbt sal\u00e9, mais aussi plus min\u00e9ral que les autres coquillages de la r\u00e9gion.<\/li>\n<\/ul>\n\n\n\n<p>Si ces trois types d\u2019hu\u00eetres sont les plus rencontr\u00e9s en Charente-Maritime, on trouve aussi, plus rarement, quelques <strong>hu\u00eetres plates<\/strong> nomm\u00e9es \u00ab&nbsp;belons&nbsp;\u00bb. Plusieurs ostr\u00e9iculteurs du territoire tentent de r\u00e9introduire cette esp\u00e8ce de coquillage dans les bassins de culture de Charente-Maritime.<\/p>\n\n\n\n<div style=\"height:60px\" aria-hidden=\"true\" class=\"wp-block-spacer\"><\/div>\n\n\n\n<figure class=\"wp-block-image size-large\"><img fetchpriority=\"high\" decoding=\"async\" width=\"1024\" height=\"684\" src=\"https:\/\/b2765252.smushcdn.com\/2765252\/wp-content\/uploads\/2024\/11\/AdobeStock_331151870-1024x684.jpeg?lossy=1&strip=1&webp=1\" alt=\"\" class=\"wp-image-52973\" srcset=\"https:\/\/b2765252.smushcdn.com\/2765252\/wp-content\/uploads\/2024\/11\/AdobeStock_331151870-1024x684.jpeg?lossy=1&strip=1&webp=1 1024w, https:\/\/b2765252.smushcdn.com\/2765252\/wp-content\/uploads\/2024\/11\/AdobeStock_331151870-300x200.jpeg?lossy=1&strip=1&webp=1 300w, https:\/\/b2765252.smushcdn.com\/2765252\/wp-content\/uploads\/2024\/11\/AdobeStock_331151870-768x513.jpeg?lossy=1&strip=1&webp=1 768w, https:\/\/b2765252.smushcdn.com\/2765252\/wp-content\/uploads\/2024\/11\/AdobeStock_331151870-1536x1025.jpeg?lossy=1&strip=1&webp=1 1536w, https:\/\/b2765252.smushcdn.com\/2765252\/wp-content\/uploads\/2024\/11\/AdobeStock_331151870-2048x1367.jpeg?lossy=1&strip=1&webp=1 2048w, https:\/\/b2765252.smushcdn.com\/2765252\/wp-content\/uploads\/2024\/11\/AdobeStock_331151870.jpeg?size=512x342&lossy=1&strip=1&webp=1 512w\" sizes=\"(max-width: 1024px) 100vw, 1024px\" \/><figcaption class=\"wp-element-caption\">Village ostr\u00e9icole traditionnel sur l&rsquo;\u00eele d&rsquo;Ol\u00e9ron<\/figcaption><\/figure>\n\n\n\n<div style=\"height:60px\" aria-hidden=\"true\" class=\"wp-block-spacer\"><\/div>\n\n\n\n<h2 class=\"wp-block-heading\"><strong><strong><strong><strong><strong><strong><strong><strong>Naviguer \u00e0 la d\u00e9couverte de la culture ostr\u00e9icole<\/strong><\/strong><\/strong><\/strong><\/strong><\/strong><\/strong><\/strong><\/h2>\n\n\n\n<p>D\u00e9couvrir le <strong>patrimoine ostr\u00e9icole de Charente-Maritime<\/strong> par vous-m\u00eame et d\u00e9guster ces diff\u00e9rentes vari\u00e9t\u00e9s d\u2019hu\u00eetres vous tente&nbsp;? <strong>Quelques jours en bateau<\/strong> dans la r\u00e9gion peuvent \u00eatre l\u2019occasion d\u2019explorer cet univers&nbsp;!<\/p>\n\n\n\n<p><strong>Port Adhoc Soubise<\/strong>, membre du r\u00e9seau de ports et marinas Port Adhoc, est situ\u00e9 \u00e0 quelques encablures seulement des principales zones ostr\u00e9icoles de Charente-Maritime.<\/p>\n\n\n\n<p>Au d\u00e9part de ce port, vous pourrez vivre des navigations \u00e9tonnantes, dans des <strong>paysages ostr\u00e9icoles<\/strong> et en explorant de <strong>magnifiques lieux d\u2019escale<\/strong>. Plusieurs <strong>lieux traditionnels et culturels<\/strong> vous permettront de tout d\u00e9couvrir de la culture des hu\u00eetres et coquillages sur les c\u00f4tes atlantiques. Puis, bien s\u00fbr, il y aura les d\u00e9gustations\u2026<\/p>\n\n\n\n<div style=\"height:30px\" aria-hidden=\"true\" class=\"wp-block-spacer\"><\/div>\n\n\n\n<div class=\"wp-block-buttons is-layout-flex wp-block-buttons-is-layout-flex\">\n<div class=\"wp-block-button is-style-fill\"><a class=\"wp-block-button__link has-white-color has-vivid-cyan-blue-background-color has-text-color has-background wp-element-button\" href=\"https:\/\/www.port-adhoc.com\/fr\/port-a-sec-soubise\/\" target=\"_blank\" rel=\"noreferrer noopener\">D\u00e9couvrir Port Adhoc Soubise \ud83d\udc4b<\/a><\/div>\n<\/div>\n\n\n\n<div style=\"height:60px\" aria-hidden=\"true\" class=\"wp-block-spacer\"><\/div>\n\n\n\n<figure class=\"wp-block-image size-large\"><img decoding=\"async\" width=\"1024\" height=\"682\" src=\"https:\/\/b2765252.smushcdn.com\/2765252\/wp-content\/uploads\/2024\/11\/AdobeStock_582993895-1024x682.jpeg?lossy=1&strip=1&webp=1\" alt=\"\" class=\"wp-image-52974\" srcset=\"https:\/\/b2765252.smushcdn.com\/2765252\/wp-content\/uploads\/2024\/11\/AdobeStock_582993895-1024x682.jpeg?lossy=1&strip=1&webp=1 1024w, https:\/\/b2765252.smushcdn.com\/2765252\/wp-content\/uploads\/2024\/11\/AdobeStock_582993895-300x200.jpeg?lossy=1&strip=1&webp=1 300w, https:\/\/b2765252.smushcdn.com\/2765252\/wp-content\/uploads\/2024\/11\/AdobeStock_582993895-768x512.jpeg?lossy=1&strip=1&webp=1 768w, https:\/\/b2765252.smushcdn.com\/2765252\/wp-content\/uploads\/2024\/11\/AdobeStock_582993895-1536x1023.jpeg?lossy=1&strip=1&webp=1 1536w, https:\/\/b2765252.smushcdn.com\/2765252\/wp-content\/uploads\/2024\/11\/AdobeStock_582993895-2048x1364.jpeg?lossy=1&strip=1&webp=1 2048w, https:\/\/b2765252.smushcdn.com\/2765252\/wp-content\/uploads\/2024\/11\/AdobeStock_582993895.jpeg?size=512x341&lossy=1&strip=1&webp=1 512w\" sizes=\"auto, (max-width: 1024px) 100vw, 1024px\" loading=\"lazy\" \/><figcaption class=\"wp-element-caption\">Survol de la Seudre et du domaine ostr\u00e9icole, Charente-Maritime<\/figcaption><\/figure>\n\n\n\n<div style=\"height:60px\" aria-hidden=\"true\" class=\"wp-block-spacer\"><\/div>\n\n\n\n<h2 class=\"wp-block-heading\"><strong><strong><strong><strong><strong><strong><strong><strong>Un itin\u00e9raire de navigation pour explorer le monde ostr\u00e9icole en Charente-Maritime, depuis Soubise<\/strong><\/strong><\/strong><\/strong><\/strong><\/strong><\/strong><\/strong><\/h2>\n\n\n\n<p>Vous souhaitez plonger dans l\u2019univers de l\u2019ostr\u00e9iculture en navigation&nbsp;? Embarquons pour un voyage gustatif et culturel en Charente-Maritime&nbsp;!<\/p>\n\n\n\n<p>Au d\u00e9part de Port Adhoc Soubise, quelques jours de croisi\u00e8re vous permettront de faire escale dans les principales <strong>destinations ostr\u00e9icoles de Charente-Maritime<\/strong>.<\/p>\n\n\n\n<p>En bateau \u00e0 moteur ou en voilier, voici un <strong>itin\u00e9raire type<\/strong> de moins de 150&nbsp;milles nautiques qui pourra \u00eatre r\u00e9alis\u00e9 \u00e0 votre rythme&nbsp;:<\/p>\n\n\n\n<ul class=\"wp-block-list\">\n<li>Du port de Soubise \u00e0 Marennes (environ 35 milles de navigation \u2013 escale possible sur l\u2019\u00eele d\u2019Aix ou \u00e0 Ch\u00e2teau d\u2019Ol\u00e9ron)<\/li>\n\n\n\n<li>De Marennes \u00e0 l\u2019\u00eele d\u2019Ol\u00e9ron (un peu plus de 10 milles nautiques)<\/li>\n\n\n\n<li>D\u2019Ol\u00e9ron \u00e0 <a href=\"https:\/\/www.larochelle-tourisme.com\/\">La Rochelle<\/a> (23 milles de navigation)<\/li>\n\n\n\n<li>De La Rochelle \u00e0 l\u2019\u00eele de R\u00e9 (26 milles nautiques)<\/li>\n\n\n\n<li>Depuis l\u2019\u00eele de R\u00e9, retour \u00e0 Port Adhoc Soubise (40 milles nautiques \u2013 escale possible \u00e0 La-Flotte-en-R\u00e9, ou \u00e0 nouveau \u00e0 La Rochelle)<\/li>\n<\/ul>\n\n\n\n<div style=\"height:60px\" aria-hidden=\"true\" class=\"wp-block-spacer\"><\/div>\n\n\n\n<figure class=\"wp-block-image size-large\"><img decoding=\"async\" width=\"1024\" height=\"683\" src=\"https:\/\/b2765252.smushcdn.com\/2765252\/wp-content\/uploads\/2024\/11\/AdobeStock_169902224-1024x683.jpeg?lossy=1&strip=1&webp=1\" alt=\"\" class=\"wp-image-52975\" srcset=\"https:\/\/b2765252.smushcdn.com\/2765252\/wp-content\/uploads\/2024\/11\/AdobeStock_169902224-1024x683.jpeg?lossy=1&strip=1&webp=1 1024w, https:\/\/b2765252.smushcdn.com\/2765252\/wp-content\/uploads\/2024\/11\/AdobeStock_169902224-300x200.jpeg?lossy=1&strip=1&webp=1 300w, https:\/\/b2765252.smushcdn.com\/2765252\/wp-content\/uploads\/2024\/11\/AdobeStock_169902224-768x512.jpeg?lossy=1&strip=1&webp=1 768w, https:\/\/b2765252.smushcdn.com\/2765252\/wp-content\/uploads\/2024\/11\/AdobeStock_169902224-1536x1024.jpeg?lossy=1&strip=1&webp=1 1536w, https:\/\/b2765252.smushcdn.com\/2765252\/wp-content\/uploads\/2024\/11\/AdobeStock_169902224-2048x1365.jpeg?lossy=1&strip=1&webp=1 2048w, https:\/\/b2765252.smushcdn.com\/2765252\/wp-content\/uploads\/2024\/11\/AdobeStock_169902224.jpeg?size=512x342&lossy=1&strip=1&webp=1 512w\" sizes=\"auto, (max-width: 1024px) 100vw, 1024px\" loading=\"lazy\" \/><figcaption class=\"wp-element-caption\">Port de Saint-Martin-de-R\u00e9<\/figcaption><\/figure>\n\n\n\n<div style=\"height:60px\" aria-hidden=\"true\" class=\"wp-block-spacer\"><\/div>\n\n\n\n<h2 class=\"wp-block-heading\"><strong><strong><strong><strong><strong><strong><strong><strong>Visiter les destinations ostr\u00e9icoles de Charente-Maritime en bateau<\/strong><\/strong><\/strong><\/strong><\/strong><\/strong><\/strong><\/strong><\/h2>\n\n\n\n<div style=\"height:30px\" aria-hidden=\"true\" class=\"wp-block-spacer\"><\/div>\n\n\n\n<h3 class=\"wp-block-heading\">Marennes \u2013 ou Marennes-Hiers-Brouage<\/h3>\n\n\n\n<p>Sur le continent, Marennes est le c\u0153ur de la <strong>production ostr\u00e9icole en Charente-Maritime<\/strong>. C\u2019est ici qu\u2019a lieu la production des c\u00e9l\u00e8bres hu\u00eetres de Marennes-Ol\u00e9ron&nbsp;!<\/p>\n\n\n\n<p>L\u00e0, la <strong>Cit\u00e9 de l\u2019Hu\u00eetre<\/strong> vous pr\u00e9sentera le monde de l\u2019ostr\u00e9iculture gr\u00e2ce \u00e0 des expositions, des animations, des d\u00e9gustations, mais aussi avec des balades \u00e0 v\u00e9lo pr\u00e8s des parcs ostr\u00e9icoles et des marais d\u2019affinage. Vous ne savez pas comment ouvrir une hu\u00eetre&nbsp;? Le centre culturel vous propose aussi des ateliers pour apprendre \u00e0 le faire&nbsp;!<\/p>\n\n\n\n<p>Si vous \u00eates int\u00e9ress\u00e9 par la culture ostr\u00e9icole et que vous faites escale \u00e0 Marennes \u00e0 l\u2019automne, ne manquez pas les<strong> <a href=\"https:\/\/fetesdelostra.fr\/\">F\u00eates de l&rsquo;Ostra<\/a><\/strong>&nbsp;: celles-ci proposent notamment des rencontres avec des ostr\u00e9iculteurs de la r\u00e9gion, des ateliers culinaires, des d\u00e9gustations ou des spectacles.<\/p>\n\n\n\n<p><em>Astuce&nbsp;: Si vous souhaitez amarrer ailleurs qu\u2019\u00e0 Marennes, ou si vous souhaitez prolonger votre s\u00e9jour, vous pouvez aussi visiter le port de la Tremblade, sur la rive gauche de la Seudre. Un bateau passeur fait r\u00e9guli\u00e8rement le lien avec la rive droite et la ville de Marennes.<\/em><\/p>\n\n\n\n<div style=\"height:30px\" aria-hidden=\"true\" class=\"wp-block-spacer\"><\/div>\n\n\n\n<h3 class=\"wp-block-heading\">L&rsquo;\u00eele d&rsquo;Ol\u00e9ron<\/h3>\n\n\n\n<p>Plus grande \u00eele fran\u00e7aise sur la fa\u00e7ade atlantique, l\u2019\u00eele d\u2019Ol\u00e9ron pr\u00e9sente un tr\u00e8s riche <strong>patrimoine ostr\u00e9icole<\/strong>. Les plaisanciers int\u00e9ress\u00e9s par l\u2019ostr\u00e9iculture y font souvent \u00e9tape, pour s\u00e9journer au milieu des <strong>cabanes ostr\u00e9icoles en bois color\u00e9<\/strong> et des <strong>marais salants transform\u00e9s en claires<\/strong>.<\/p>\n\n\n\n<p>\u00c0 Ol\u00e9ron, vous pourrez d\u00e9guster les fameuses hu\u00eetres de Marennes-Ol\u00e9ron avec les ostr\u00e9iculteurs, dans les cabanes, sur les parcs ostr\u00e9icoles ou sites de production. Parmi les visites \u00e0 ne pas manquer figurent le <strong>Ch\u00e2teau-d\u2019Ol\u00e9ron<\/strong>, le <strong>port des Salines<\/strong> \u2013 depuis lequel il est possible d\u2019effectuer des visites guid\u00e9es et promenades en barque avec d\u00e9gustation \u2013 ou le <strong>site ostr\u00e9icole de Fort Royer<\/strong>, \u00e0 Saint-Pierre-d\u2019Ol\u00e9ron.<\/p>\n\n\n\n<p>Enfin, la <strong>Route des Hu\u00eetres<\/strong> pourra aussi vous int\u00e9resser&nbsp;: il s\u2019agit d\u2019un parcours c\u00f4tier d\u2019environ cinq&nbsp;kilom\u00e8tres de distance, entre le Ch\u00e2teau-d&rsquo;Ol\u00e9ron et Boyardville, qui donne acc\u00e8s \u00e0 plusieurs chenaux ostr\u00e9icoles.<\/p>\n\n\n\n<div style=\"height:60px\" aria-hidden=\"true\" class=\"wp-block-spacer\"><\/div>\n\n\n\n<figure class=\"wp-block-gallery has-nested-images columns-default is-cropped wp-block-gallery-2 is-layout-flex wp-block-gallery-is-layout-flex\">\n<figure class=\"wp-block-image size-full\"><img loading=\"lazy\" decoding=\"async\" width=\"2560\" height=\"1668\" data-id=\"52978\" src=\"https:\/\/b2765252.smushcdn.com\/2765252\/wp-content\/uploads\/2024\/11\/AdobeStock_230044993-scaled.jpeg?lossy=1&strip=1&webp=1\" alt=\"\" class=\"wp-image-52978\" srcset=\"https:\/\/b2765252.smushcdn.com\/2765252\/wp-content\/uploads\/2024\/11\/AdobeStock_230044993-scaled.jpeg?lossy=1&strip=1&webp=1 2560w, https:\/\/b2765252.smushcdn.com\/2765252\/wp-content\/uploads\/2024\/11\/AdobeStock_230044993-300x195.jpeg?lossy=1&strip=1&webp=1 300w, https:\/\/b2765252.smushcdn.com\/2765252\/wp-content\/uploads\/2024\/11\/AdobeStock_230044993-1024x667.jpeg?lossy=1&strip=1&webp=1 1024w, https:\/\/b2765252.smushcdn.com\/2765252\/wp-content\/uploads\/2024\/11\/AdobeStock_230044993-768x500.jpeg?lossy=1&strip=1&webp=1 768w, https:\/\/b2765252.smushcdn.com\/2765252\/wp-content\/uploads\/2024\/11\/AdobeStock_230044993-1536x1001.jpeg?lossy=1&strip=1&webp=1 1536w, https:\/\/b2765252.smushcdn.com\/2765252\/wp-content\/uploads\/2024\/11\/AdobeStock_230044993-2048x1334.jpeg?lossy=1&strip=1&webp=1 2048w, https:\/\/b2765252.smushcdn.com\/2765252\/wp-content\/uploads\/2024\/11\/AdobeStock_230044993.jpeg?size=512x334&lossy=1&strip=1&webp=1 512w\" sizes=\"auto, (max-width: 2560px) 100vw, 2560px\" \/><figcaption class=\"wp-element-caption\">Boyardville, \u00eele d&rsquo;Ol\u00e9ron<\/figcaption><\/figure>\n<\/figure>\n\n\n\n<div style=\"height:60px\" aria-hidden=\"true\" class=\"wp-block-spacer\"><\/div>\n\n\n\n<h3 class=\"wp-block-heading\">La Rochelle<\/h3>\n\n\n\n<p>La Rochelle est la ville id\u00e9ale o\u00f9 faire \u00e9tape pour <strong>go\u00fbter l\u2019hu\u00eetre creuse du Pertuis Breton<\/strong>. \u00c0 deux pas de la zone ostr\u00e9icole, elle est un lieu d\u2019escale anim\u00e9 et accueillant, o\u00f9 vous aurez diff\u00e9rentes options pour amarrer&nbsp;: selon vos pr\u00e9f\u00e9rences, vous pourrez faire escale dans le <strong>Vieux-Port<\/strong> ou le <strong>Port des Minimes<\/strong>. Les deux se rejoignent facilement, de toute fa\u00e7on, gr\u00e2ce au Passeur, ou Bus de mer&nbsp;!<\/p>\n\n\n\n<p>\u00c0 La Rochelle, vous pourrez acheter et d\u00e9couvrir diff\u00e9rentes vari\u00e9t\u00e9s d\u2019hu\u00eetres, aupr\u00e8s de producteurs pr\u00e9sents au <strong>march\u00e9&nbsp;central de la ville<\/strong> et dans de <strong>nombreux restaurants<\/strong>. En prolongeant votre visite dans les terres alentours, vous pourrez explorer les parcs ostr\u00e9icoles de la r\u00e9gion.<\/p>\n\n\n\n<div style=\"height:30px\" aria-hidden=\"true\" class=\"wp-block-spacer\"><\/div>\n\n\n\n<h3 class=\"wp-block-heading\">L&rsquo;\u00eele de R\u00e9<\/h3>\n\n\n\n<p>\u00c0 seulement quelques milles nautiques de La Rochelle, l\u2019\u00eele de R\u00e9 est encore une escale de choix pour d\u00e9velopper votre connaissance de l\u2019ostr\u00e9iculture en Charente-Maritime.<\/p>\n\n\n\n<p>En faisant escale \u00e0 <strong>Ars-en-R\u00e9<\/strong>, par exemple, vous aurez facilement acc\u00e8s \u00e0 plusieurs petits <strong>ports ostr\u00e9icoles <\/strong>et \u00e0 de la <strong>vente directe d\u2019hu\u00eetres<\/strong>, chez l\u2019ostr\u00e9iculteur. En parcourant l\u2019\u00eele \u00e0 v\u00e9lo, vous verrez que l\u2019\u00eele est elle aussi fortement marqu\u00e9e par la <strong>tradition ostr\u00e9icole<\/strong>, en plus de la saliculture.<\/p>\n\n\n\n<p><em>Astuce&nbsp;: En fonction des caract\u00e9ristiques de votre bateau, d\u2019autres ports r\u00e9tais pourront vous accueillir et vous donner acc\u00e8s \u00e0 la culture ostr\u00e9icole. \u00c0 Saint-Martin-de-R\u00e9, par exemple, ou \u00e0 La-Flotte-en-R\u00e9.<\/em><\/p>\n\n\n\n<div style=\"height:60px\" aria-hidden=\"true\" class=\"wp-block-spacer\"><\/div>\n\n\n\n<p>Vous connaissez d\u00e9sormais toutes nos recommandations pour d\u00e9couvrir l\u2019univers de l\u2019ostr\u00e9iculture en Charente-Maritime avec votre bateau, depuis Port Adhoc Soubise.<\/p>\n\n\n\n<p>Vous avez envie de r\u00e9aliser des navigations diff\u00e9rentes, et de profiter de plus de destinations dans les environs&nbsp;? Il y a encore d\u2019autres lieux d\u2019escale \u00e0 visiter depuis le port de Soubise&nbsp;!<\/p>\n\n\n\n<div class=\"wp-block-buttons is-layout-flex wp-block-buttons-is-layout-flex\">\n<div class=\"wp-block-button has-custom-font-size\" style=\"font-size:15px\"><a class=\"wp-block-button__link has-white-color has-text-color has-background has-link-color wp-element-button\" href=\"https:\/\/www.port-adhoc.com\/fr\/blog\/navigation-plaisance\/naviguer-en-charente-maritime-au-depart-de-port-adhoc-soubise\/\" style=\"background-color:#201e5b\" target=\"_blank\" rel=\"noreferrer noopener\">\u27a1\ufe0f&nbsp;\u00c0 lire aussi&nbsp;: Naviguer en Charente-Maritime, au d\u00e9part de Port Adhoc Soubise<\/a><\/div>\n<\/div>\n","protected":false},"excerpt":{"rendered":"<p>Partie int\u00e9grante du patrimoine culinaire en Charente-Maritime, les hu\u00eetres sont souvent d\u00e9gust\u00e9es \u00e0 l\u2019occasion des festivit\u00e9s de fin d\u2019ann\u00e9e. Mais saviez-vous qu\u2019il est possible de d\u00e9couvrir le monde de l\u2019ostr\u00e9iculture toute l\u2019ann\u00e9e, en bateau \u00e0 moteur ou en voilier ? L\u2019\u00e9quipe de Port Adhoc vous guide !<\/p>\n","protected":false},"author":26,"featured_media":115017,"comment_status":"closed","ping_status":"closed","sticky":false,"template":"","format":"standard","meta":{"wds_primary_category":26,"footnotes":""},"categories":[26],"tags":[51],"class_list":["post-52968","post","type-post","status-publish","format-standard","has-post-thumbnail","hentry","category-technique-astuces","tag-port-adhoc-soubise"],"_links":{"self":[{"href":"https:\/\/www.port-adhoc.com\/fr\/wp-json\/wp\/v2\/posts\/52968","targetHints":{"allow":["GET"]}}],"collection":[{"href":"https:\/\/www.port-adhoc.com\/fr\/wp-json\/wp\/v2\/posts"}],"about":[{"href":"https:\/\/www.port-adhoc.com\/fr\/wp-json\/wp\/v2\/types\/post"}],"author":[{"embeddable":true,"href":"https:\/\/www.port-adhoc.com\/fr\/wp-json\/wp\/v2\/users\/26"}],"replies":[{"embeddable":true,"href":"https:\/\/www.port-adhoc.com\/fr\/wp-json\/wp\/v2\/comments?post=52968"}],"version-history":[{"count":0,"href":"https:\/\/www.port-adhoc.com\/fr\/wp-json\/wp\/v2\/posts\/52968\/revisions"}],"wp:featuredmedia":[{"embeddable":true,"href":"https:\/\/www.port-adhoc.com\/fr\/wp-json\/wp\/v2\/media\/115017"}],"wp:attachment":[{"href":"https:\/\/www.port-adhoc.com\/fr\/wp-json\/wp\/v2\/media?parent=52968"}],"wp:term":[{"taxonomy":"category","embeddable":true,"href":"https:\/\/www.port-adhoc.com\/fr\/wp-json\/wp\/v2\/categories?post=52968"},{"taxonomy":"post_tag","embeddable":true,"href":"https:\/\/www.port-adhoc.com\/fr\/wp-json\/wp\/v2\/tags?post=52968"}],"curies":[{"name":"wp","href":"https:\/\/api.w.org\/{rel}","templated":true}]}}