{"id":87148,"date":"2025-04-30T15:37:31","date_gmt":"2025-04-30T13:37:31","guid":{"rendered":"https:\/\/www.port-adhoc.com\/?p=87148"},"modified":"2025-04-30T15:37:35","modified_gmt":"2025-04-30T13:37:35","slug":"recettes-de-cambuse-1-riz-rouge-a-la-provencale","status":"publish","type":"post","link":"https:\/\/www.port-adhoc.com\/fr\/blog\/recettes-de-cambuse\/recettes-de-cambuse-1-riz-rouge-a-la-provencale\/","title":{"rendered":"Recettes de Cambuse #1 : Riz rouge \u00e0 la Proven\u00e7ale"},"content":{"rendered":"\n<p class=\"has-small-font-size\">Date de publication : 30\/04\/2025<\/p>\n\n\n\n<div style=\"height:60px\" aria-hidden=\"true\" class=\"wp-block-spacer\"><\/div>\n\n\n\n<h2 class=\"wp-block-heading\"><strong><strong><strong><strong><strong><strong><strong><strong>Port Napol\u00e9on, port \u00e0 sec et \u00e0 flot en M\u00e9diterran\u00e9e<\/strong><\/strong><\/strong><\/strong><\/strong><\/strong><\/strong><\/strong><\/h2>\n\n\n\n<div style=\"height:30px\" aria-hidden=\"true\" class=\"wp-block-spacer\"><\/div>\n\n\n\n<div style=\"height:0px\" aria-hidden=\"true\" class=\"wp-block-spacer\"><\/div>\n\n\n\n<p>La ville de Port-Saint-Louis-du-Rh\u00f4ne, situ\u00e9e <strong>\u00e0 \u00e9gale distance de l&rsquo;Espagne et de l&rsquo;Italie<\/strong>, est une escale \u00e0 ne pas manquer. Pour une courte halte ou un arr\u00eat prolong\u00e9, Port Napol\u00e9on ravit les plaisanciers internationaux. Depuis cette marina du groupe Port Adhoc, vous pourrez d\u00e9couvrir les charmes de la Camargue et de la Provence, r\u00e9gions qui regorgent de traditions et de sp\u00e9cialit\u00e9s culturelles et culinaires.<\/p>\n\n\n\n<div style=\"height:30px\" aria-hidden=\"true\" class=\"wp-block-spacer\"><\/div>\n\n\n\n<div class=\"wp-block-buttons is-layout-flex wp-block-buttons-is-layout-flex\">\n<div class=\"wp-block-button\"><a class=\"wp-block-button__link has-white-color has-vivid-cyan-blue-background-color has-text-color has-background has-link-color wp-element-button\" href=\"https:\/\/www.port-adhoc.com\/fr\/port-napoleon\/\" target=\"_blank\" rel=\"noreferrer noopener\">D\u00e9couvrir Port Napol\u00e9on \ud83d\udc4b<\/a><\/div>\n<\/div>\n\n\n\n<div style=\"height:60px\" aria-hidden=\"true\" class=\"wp-block-spacer\"><\/div>\n\n\n\n<figure class=\"wp-block-image size-large\"><img fetchpriority=\"high\" decoding=\"async\" width=\"1024\" height=\"576\" src=\"https:\/\/b2765252.smushcdn.com\/2765252\/wp-content\/uploads\/2025\/01\/DJI_20241218161015_0030_D-1024x576.jpg?lossy=1&strip=1&webp=1\" alt=\"Port Napol\u00e9on vue a\u00e9rienne\" class=\"wp-image-68506\" srcset=\"https:\/\/b2765252.smushcdn.com\/2765252\/wp-content\/uploads\/2025\/01\/DJI_20241218161015_0030_D-1024x576.jpg?lossy=1&strip=1&webp=1 1024w, https:\/\/b2765252.smushcdn.com\/2765252\/wp-content\/uploads\/2025\/01\/DJI_20241218161015_0030_D-300x169.jpg?lossy=1&strip=1&webp=1 300w, https:\/\/b2765252.smushcdn.com\/2765252\/wp-content\/uploads\/2025\/01\/DJI_20241218161015_0030_D-768x432.jpg?lossy=1&strip=1&webp=1 768w, https:\/\/b2765252.smushcdn.com\/2765252\/wp-content\/uploads\/2025\/01\/DJI_20241218161015_0030_D-1536x864.jpg?lossy=1&strip=1&webp=1 1536w, https:\/\/b2765252.smushcdn.com\/2765252\/wp-content\/uploads\/2025\/01\/DJI_20241218161015_0030_D-2048x1152.jpg?lossy=1&strip=1&webp=1 2048w, https:\/\/b2765252.smushcdn.com\/2765252\/wp-content\/uploads\/2025\/01\/DJI_20241218161015_0030_D.jpg?size=512x288&lossy=1&strip=1&webp=1 512w\" sizes=\"(max-width: 1024px) 100vw, 1024px\" \/><figcaption class=\"wp-element-caption\">Port Napol\u00e9on, Port-Saint-Louis-du-Rh\u00f4ne<\/figcaption><\/figure>\n\n\n\n<div style=\"height:60px\" aria-hidden=\"true\" class=\"wp-block-spacer\"><\/div>\n\n\n\n<h2 class=\"wp-block-heading\"><strong><strong><strong><strong><strong><strong><strong><strong>La cuisine proven\u00e7ale, un art de vivre ensoleill\u00e9<\/strong><\/strong><\/strong><\/strong><\/strong><\/strong><\/strong><\/strong><\/h2>\n\n\n\n<div style=\"height:30px\" aria-hidden=\"true\" class=\"wp-block-spacer\"><\/div>\n\n\n\n<p>Lorsque l&rsquo;on \u00e9voque la Provence, des images de champs de lavande, de march\u00e9s color\u00e9s, et de collines baign\u00e9es de soleil viennent imm\u00e9diatement \u00e0 l&rsquo;esprit. Mais la Provence, c&rsquo;est aussi une <strong>cuisine g\u00e9n\u00e9reuse et authentique<\/strong> qui c\u00e9l\u00e8bre <strong>les produits du terroir<\/strong>, les <strong>saveurs m\u00e9diterran\u00e9ennes<\/strong>, et <strong>l&rsquo;art de vivre \u00e0 la fran\u00e7aise<\/strong>.<\/p>\n\n\n\n<p>Ancr\u00e9e dans une <strong>tradition agricole et maritime<\/strong>, elle repose sur des <strong>ingr\u00e9dients simples<\/strong> : fruits et l\u00e9gumes m\u00fbris au soleil, herbes aromatiques, huile d&rsquo;olives et poissons fra\u00eechement p\u00each\u00e9s en M\u00e9diterran\u00e9e.<\/p>\n\n\n\n<p>Pour cette premi\u00e8re \u00e9tape de notre voyage, nous vous proposons la recette du <strong>Riz Rouge \u00e0 la Proven\u00e7ale<\/strong>. Laissez-nous vous pr\u00e9senter quelques ingr\u00e9dients typiques de cette recette m\u00e9diterran\u00e9enne.<\/p>\n\n\n\n<div style=\"height:60px\" aria-hidden=\"true\" class=\"wp-block-spacer\"><\/div>\n\n\n\n<h3 class=\"wp-block-heading\"><strong><strong><strong><strong><strong><strong><strong><strong>Riz rouge de Camargue<\/strong><\/strong><\/strong><\/strong><\/strong><\/strong><\/strong><\/strong><\/h3>\n\n\n\n<div style=\"height:30px\" aria-hidden=\"true\" class=\"wp-block-spacer\"><\/div>\n\n\n\n<p><strong>Le riz rouge de Camargue est un riz complet<\/strong>, qui a connu une mutation naturelle pour se parer d&rsquo;une enveloppe rouge. Le riz rouge de Camargue est un riz de connaisseur, prot\u00e9g\u00e9 par une <strong>Indication G\u00e9ographique Prot\u00e9g\u00e9e<\/strong> (IGP) depuis pr\u00e8s de 25 ans.<\/p>\n\n\n\n<p>Ce riz se distingue par :<\/p>\n\n\n\n<ul class=\"wp-block-list\">\n<li><strong>Valeur nutritionnelle<\/strong> : Riche en fibres, en vitamine B6 et en min\u00e9raux, c&rsquo;est un alli\u00e9 parfait pour votre sant\u00e9.<\/li>\n\n\n\n<li><strong>Ar\u00f4me<\/strong> : Notes de noisette et go\u00fbt l\u00e9g\u00e8rement terreux.<\/li>\n\n\n\n<li><strong>Texture<\/strong> : Grains fermes et croquants, m\u00eame apr\u00e8s cuisson.<\/li>\n<\/ul>\n\n\n\n<div style=\"height:30px\" aria-hidden=\"true\" class=\"wp-block-spacer\"><\/div>\n\n\n\n<p><strong>\u27a1\ufe0f O\u00f9 acheter du riz rouge de Camargue ?<\/strong><\/p>\n\n\n\n<ul class=\"wp-block-list\">\n<li><a href=\"https:\/\/www.maisonduriz.com\/product-page\/riz-rouge\">Maison du Riz<\/a>, Albaron<\/li>\n\n\n\n<li><a href=\"https:\/\/www.rizcamarguais.fr\/boutique\/riz-de-camargue-igp-le-long-rouge\/\">Domaine de Remoule<\/a>, Arles<\/li>\n<\/ul>\n\n\n\n<div style=\"height:60px\" aria-hidden=\"true\" class=\"wp-block-spacer\"><\/div>\n\n\n\n<figure class=\"wp-block-image size-large\"><img decoding=\"async\" width=\"1024\" height=\"680\" src=\"https:\/\/b2765252.smushcdn.com\/2765252\/wp-content\/uploads\/2025\/03\/riz-rouge-de-Camargue-1024x680.jpeg?lossy=1&strip=1&webp=1\" alt=\"riz rouge de Camargue\" class=\"wp-image-87178\" srcset=\"https:\/\/b2765252.smushcdn.com\/2765252\/wp-content\/uploads\/2025\/03\/riz-rouge-de-Camargue-1024x680.jpeg?lossy=1&strip=1&webp=1 1024w, https:\/\/b2765252.smushcdn.com\/2765252\/wp-content\/uploads\/2025\/03\/riz-rouge-de-Camargue-300x199.jpeg?lossy=1&strip=1&webp=1 300w, https:\/\/b2765252.smushcdn.com\/2765252\/wp-content\/uploads\/2025\/03\/riz-rouge-de-Camargue-768x510.jpeg?lossy=1&strip=1&webp=1 768w, https:\/\/b2765252.smushcdn.com\/2765252\/wp-content\/uploads\/2025\/03\/riz-rouge-de-Camargue-1536x1020.jpeg?lossy=1&strip=1&webp=1 1536w, https:\/\/b2765252.smushcdn.com\/2765252\/wp-content\/uploads\/2025\/03\/riz-rouge-de-Camargue-2048x1360.jpeg?lossy=1&strip=1&webp=1 2048w, https:\/\/b2765252.smushcdn.com\/2765252\/wp-content\/uploads\/2025\/03\/riz-rouge-de-Camargue.jpeg?size=512x340&lossy=1&strip=1&webp=1 512w\" sizes=\"auto, (max-width: 1024px) 100vw, 1024px\" loading=\"lazy\" \/><figcaption class=\"wp-element-caption\">Riz rouge de Camargue<\/figcaption><\/figure>\n\n\n\n<div style=\"height:60px\" aria-hidden=\"true\" class=\"wp-block-spacer\"><\/div>\n\n\n\n<h3 class=\"wp-block-heading\"><strong><strong><strong><strong><strong><strong><strong><strong>Sel de Camargue<\/strong><\/strong><\/strong><\/strong><\/strong><\/strong><\/strong><\/strong><\/h3>\n\n\n\n<div style=\"height:30px\" aria-hidden=\"true\" class=\"wp-block-spacer\"><\/div>\n\n\n\n<p><strong>Le sel de Camargue<\/strong> est produit \u00e0 partir des eaux sal\u00e9es de la mer M\u00e9diterran\u00e9e. Issu d\u2019un proc\u00e9d\u00e9 artisanal qui lui conf\u00e8re une qualit\u00e9 exceptionnelle, le sel de Camargue est r\u00e9colt\u00e9 en juillet et ao\u00fbt, \u00e0 l\u2019aide de grands seaux et est ensuite s\u00e9ch\u00e9 au soleil sur des canaux bord\u00e9s de roseaux. Ce proc\u00e9d\u00e9 traditionnel permet au sel de conserver son go\u00fbt unique et ses propri\u00e9t\u00e9s d&rsquo;exception.<\/p>\n\n\n\n<div style=\"height:60px\" aria-hidden=\"true\" class=\"wp-block-spacer\"><\/div>\n\n\n\n<figure class=\"wp-block-image size-large\"><img decoding=\"async\" width=\"1024\" height=\"682\" src=\"https:\/\/b2765252.smushcdn.com\/2765252\/wp-content\/uploads\/2025\/03\/marais-Aigues-Mortes-1024x682.jpeg?lossy=1&strip=1&webp=1\" alt=\"\" class=\"wp-image-87183\" srcset=\"https:\/\/b2765252.smushcdn.com\/2765252\/wp-content\/uploads\/2025\/03\/marais-Aigues-Mortes-1024x682.jpeg?lossy=1&strip=1&webp=1 1024w, https:\/\/b2765252.smushcdn.com\/2765252\/wp-content\/uploads\/2025\/03\/marais-Aigues-Mortes-300x200.jpeg?lossy=1&strip=1&webp=1 300w, https:\/\/b2765252.smushcdn.com\/2765252\/wp-content\/uploads\/2025\/03\/marais-Aigues-Mortes-768x511.jpeg?lossy=1&strip=1&webp=1 768w, https:\/\/b2765252.smushcdn.com\/2765252\/wp-content\/uploads\/2025\/03\/marais-Aigues-Mortes-1536x1023.jpeg?lossy=1&strip=1&webp=1 1536w, https:\/\/b2765252.smushcdn.com\/2765252\/wp-content\/uploads\/2025\/03\/marais-Aigues-Mortes-2048x1364.jpeg?lossy=1&strip=1&webp=1 2048w, https:\/\/b2765252.smushcdn.com\/2765252\/wp-content\/uploads\/2025\/03\/marais-Aigues-Mortes.jpeg?size=512x341&lossy=1&strip=1&webp=1 512w\" sizes=\"auto, (max-width: 1024px) 100vw, 1024px\" loading=\"lazy\" \/><figcaption class=\"wp-element-caption\">Ville historique fortifi\u00e9e d&rsquo;Aigues-Mortes en Camargue et les lacs sal\u00e9s qui l&rsquo;entourent, France<\/figcaption><\/figure>\n\n\n\n<div style=\"height:60px\" aria-hidden=\"true\" class=\"wp-block-spacer\"><\/div>\n\n\n\n<p>La d\u00e9nomination \u00ab\u00a0Sel de Camargue &#8211; Fleur de sel de Camargue\u00a0\u00bb est officiellement reconnue comme <strong>Indication G\u00e9ographique Prot\u00e9g\u00e9e<\/strong> (IGP) depuis le mois de f\u00e9vrier 2024. Ce label garantit une authenticit\u00e9 pr\u00e9serv\u00e9e et renforce l&rsquo;attraction touristique des salins de Camargue. Ces marais salants, inscrits \u00e0 l&rsquo;Inventaire G\u00e9n\u00e9ral du Patrimoine Culturel, se visitent \u00e0 pied, \u00e0 v\u00e9lo ou en petit train.<\/p>\n\n\n\n<div style=\"height:30px\" aria-hidden=\"true\" class=\"wp-block-spacer\"><\/div>\n\n\n\n<p><strong>\u27a1\ufe0f Vous souhaitez visiter des marais salants ?<\/strong><\/p>\n\n\n\n<ul class=\"wp-block-list\">\n<li><a href=\"https:\/\/www.visitesalinsdecamargue.com\/\">Salin d&rsquo;Aigues-Mortes<\/a><\/li>\n\n\n\n<li><a href=\"https:\/\/www.arlestourisme.com\/fr\/visiter-salin-de-giraud-en-camargue.html\">Salin de Giraud<\/a><\/li>\n<\/ul>\n\n\n\n<p>Les salins de Peccais, situ\u00e9s \u00e0 proximit\u00e9 d\u2019Aigues-Mortes dans le Gard, figurent parmi les plus anciens de la M\u00e9diterran\u00e9e. Leur nom trouverait son origine dans celui de Peccius, un ing\u00e9nieur romain charg\u00e9 d&rsquo;organiser la production de sel au d\u00e9but de l\u2019\u00e8re chr\u00e9tienne. Durant le Moyen \u00c2ge, ces \u00ab\u00a0Salins du roi\u00a0\u00bb deviennent le principal site d\u2019exploitation de sel sur le littoral m\u00e9diterran\u00e9en.<\/p>\n\n\n\n<div style=\"height:30px\" aria-hidden=\"true\" class=\"wp-block-spacer\"><\/div>\n\n\n\n<p><strong>\u27a1\ufe0f O\u00f9 acheter du sel de Camargue ?<\/strong><\/p>\n\n\n\n<ul class=\"wp-block-list\">\n<li><a href=\"https:\/\/www.laboutiquedusel.com\/\">La Boutique du Sel<\/a><\/li>\n\n\n\n<li><a href=\"https:\/\/www.lepetitmarchedecamargue.com\/epicerie-salee\">Le Petit March\u00e9 de Camargue<\/a><\/li>\n<\/ul>\n\n\n\n<div style=\"height:60px\" aria-hidden=\"true\" class=\"wp-block-spacer\"><\/div>\n\n\n\n<h2 class=\"wp-block-heading\"><strong><strong><strong><strong><strong><strong><strong><strong>Recette : Riz rouge \u00e0 la Proven\u00e7ale<\/strong><\/strong><\/strong><\/strong><\/strong><\/strong><\/strong><\/strong><\/h2>\n\n\n\n<div style=\"height:30px\" aria-hidden=\"true\" class=\"wp-block-spacer\"><\/div>\n\n\n\n<p>Color\u00e9, savoureux et nutritif, le riz rouge \u00e0 la proven\u00e7ale est un plat id\u00e9al pour une escale ensoleill\u00e9e&nbsp;!<\/p>\n\n\n\n<div style=\"height:60px\" aria-hidden=\"true\" class=\"wp-block-spacer\"><\/div>\n\n\n\n<h3 class=\"wp-block-heading\"><strong><strong><strong><strong><strong><strong><strong><strong>Ingr\u00e9dients<\/strong><\/strong><\/strong><\/strong><\/strong><\/strong><\/strong><\/strong><\/h3>\n\n\n\n<div style=\"height:30px\" aria-hidden=\"true\" class=\"wp-block-spacer\"><\/div>\n\n\n\n<ul class=\"wp-block-list\">\n<li>250 g de riz rouge<\/li>\n\n\n\n<li>1 aubergine<\/li>\n\n\n\n<li>2 petites courgettes<\/li>\n\n\n\n<li>1 poivron rouge<\/li>\n\n\n\n<li>3 tomates bien m\u00fbres<\/li>\n\n\n\n<li>1 oignon<\/li>\n\n\n\n<li>Un bouquet d\u2019herbes de Provence<\/li>\n\n\n\n<li>Huile d&rsquo;olive<\/li>\n\n\n\n<li>Poivre<\/li>\n\n\n\n<li>Sel de Camargue<\/li>\n<\/ul>\n\n\n\n<div style=\"height:60px\" aria-hidden=\"true\" class=\"wp-block-spacer\"><\/div>\n\n\n\n<h3 class=\"wp-block-heading\"><strong><strong><strong><strong><strong><strong><strong><strong>Mat\u00e9riel n\u00e9cessaire<\/strong><\/strong><\/strong><\/strong><\/strong><\/strong><\/strong><\/strong><\/h3>\n\n\n\n<div style=\"height:30px\" aria-hidden=\"true\" class=\"wp-block-spacer\"><\/div>\n\n\n\n<ul class=\"wp-block-list\">\n<li>1 couteau<\/li>\n\n\n\n<li>1 cuill\u00e8re en bois<\/li>\n\n\n\n<li>2 casseroles<\/li>\n\n\n\n<li>2 couvercles<\/li>\n\n\n\n<li>1 verre doseur<\/li>\n<\/ul>\n\n\n\n<div style=\"height:60px\" aria-hidden=\"true\" class=\"wp-block-spacer\"><\/div>\n\n\n\n<h3 class=\"wp-block-heading\"><strong><strong><strong><strong><strong><strong><strong><strong>Pr\u00e9paration<\/strong><\/strong><\/strong><\/strong><\/strong><\/strong><\/strong><\/strong><\/h3>\n\n\n\n<div style=\"height:30px\" aria-hidden=\"true\" class=\"wp-block-spacer\"><\/div>\n\n\n\n<p><strong>Pr\u00e9paration des l\u00e9gumes<\/strong> :<\/p>\n\n\n\n<ul class=\"wp-block-list\">\n<li>\u00c9mincer l&rsquo;oignon et le faire dorer dans un filet d&rsquo;huile d&rsquo;olive.<\/li>\n\n\n\n<li>Ajouter l&rsquo;aubergine et les courgettes coup\u00e9es en cubes (sans les \u00e9plucher si elles sont bio), puis les tomates pel\u00e9es et concass\u00e9es.<\/li>\n\n\n\n<li>Ajouter les herbes de Provence et laisser mijoter \u00e0 feu doux et \u00e0 couvert pendant 30 minutes.<\/li>\n<\/ul>\n\n\n\n<p><strong>Cuisson du riz<\/strong> :<\/p>\n\n\n\n<ul class=\"wp-block-list\">\n<li>Ajouter le riz et 60 cl d&rsquo;eau.<\/li>\n\n\n\n<li>Saler et poivrer.<\/li>\n\n\n\n<li>Laisser cuire \u00e0 couvert pendant 30 minutes suppl\u00e9mentaires.<\/li>\n<\/ul>\n\n\n\n<div style=\"height:60px\" aria-hidden=\"true\" class=\"wp-block-spacer\"><\/div>\n\n\n\n<h3 class=\"wp-block-heading\"><strong><strong><strong><strong><strong><strong><strong><strong>Astuces gourmandes<\/strong><\/strong><\/strong><\/strong><\/strong><\/strong><\/strong><\/strong><\/h3>\n\n\n\n<div style=\"height:30px\" aria-hidden=\"true\" class=\"wp-block-spacer\"><\/div>\n\n\n\n<ul class=\"wp-block-list\">\n<li><strong>Touche bois\u00e9e<\/strong> : Ajouter 1\/2 cuill\u00e8re \u00e0 caf\u00e9 de poudre de cacao non sucr\u00e9 dans l&rsquo;eau de cuisson pour une note bois\u00e9e.<\/li>\n\n\n\n<li><strong>Variante \u00e9pic\u00e9e<\/strong> : Ajouter 2 cuill\u00e8res \u00e0 caf\u00e9 de poudre de curry et 1\/2 brique de lait de coco (125 ml) dans l&rsquo;eau de cuisson, puis quelques amandes pour une texture croquante.<\/li>\n<\/ul>\n\n\n\n<div style=\"height:30px\" aria-hidden=\"true\" class=\"wp-block-spacer\"><\/div>\n\n\n\n<p><strong>Si vous reproduisez cette recette, \u00e0 terre ou \u00e0 bord d&rsquo;un bateau, n&rsquo;h\u00e9sitez pas \u00e0 nous partager des photos sur les r\u00e9seaux sociaux en utilisant le hashtag #GalleyRecipes !<\/strong><\/p>\n\n\n\n<p><strong>Nous vous retrouvons tr\u00e8s bient\u00f4t sur notre site internet pour la suite de la s\u00e9rie des <em>Recettes de Cambuse<\/em>.<\/strong><\/p>\n","protected":false},"excerpt":{"rendered":"<p>Notre s\u00e9rie Recettes de Cambuse d\u00e9bute \u00e0 Port Napol\u00e9on, au c\u0153ur de la M\u00e9diterran\u00e9e. Port-Saint-Louis-du-Rh\u00f4ne est le point de d\u00e9part id\u00e9al pour d\u00e9couvrir les richesses culinaires et culturelles de la r\u00e9gion Provence-Alpes-C\u00f4te d&rsquo;Azur. <\/p>\n","protected":false},"author":26,"featured_media":92684,"comment_status":"closed","ping_status":"closed","sticky":false,"template":"","format":"standard","meta":{"wds_primary_category":273,"footnotes":""},"categories":[273],"tags":[53],"class_list":["post-87148","post","type-post","status-publish","format-standard","has-post-thumbnail","hentry","category-recettes-de-cambuse","tag-port-napoleon"],"_links":{"self":[{"href":"https:\/\/www.port-adhoc.com\/fr\/wp-json\/wp\/v2\/posts\/87148","targetHints":{"allow":["GET"]}}],"collection":[{"href":"https:\/\/www.port-adhoc.com\/fr\/wp-json\/wp\/v2\/posts"}],"about":[{"href":"https:\/\/www.port-adhoc.com\/fr\/wp-json\/wp\/v2\/types\/post"}],"author":[{"embeddable":true,"href":"https:\/\/www.port-adhoc.com\/fr\/wp-json\/wp\/v2\/users\/26"}],"replies":[{"embeddable":true,"href":"https:\/\/www.port-adhoc.com\/fr\/wp-json\/wp\/v2\/comments?post=87148"}],"version-history":[{"count":0,"href":"https:\/\/www.port-adhoc.com\/fr\/wp-json\/wp\/v2\/posts\/87148\/revisions"}],"wp:featuredmedia":[{"embeddable":true,"href":"https:\/\/www.port-adhoc.com\/fr\/wp-json\/wp\/v2\/media\/92684"}],"wp:attachment":[{"href":"https:\/\/www.port-adhoc.com\/fr\/wp-json\/wp\/v2\/media?parent=87148"}],"wp:term":[{"taxonomy":"category","embeddable":true,"href":"https:\/\/www.port-adhoc.com\/fr\/wp-json\/wp\/v2\/categories?post=87148"},{"taxonomy":"post_tag","embeddable":true,"href":"https:\/\/www.port-adhoc.com\/fr\/wp-json\/wp\/v2\/tags?post=87148"}],"curies":[{"name":"wp","href":"https:\/\/api.w.org\/{rel}","templated":true}]}}