{"id":104757,"date":"2025-07-07T11:46:22","date_gmt":"2025-07-07T09:46:22","guid":{"rendered":"https:\/\/www.port-adhoc.com\/?p=104757"},"modified":"2025-07-07T14:08:40","modified_gmt":"2025-07-07T12:08:40","slug":"soubisesaus","status":"publish","type":"post","link":"https:\/\/www.port-adhoc.com\/nl\/blog\/kombuis-recepten\/soubisesaus\/","title":{"rendered":"Kombuisrecepten #5: Soubisesaus &#038; Fruitsalade"},"content":{"rendered":"\n<p class=\"has-small-font-size\">Publicatiedatum: 07\/07\/2025<\/p>\n\n<div style=\"height:60px\" aria-hidden=\"true\" class=\"wp-block-spacer\"><\/div>\n\n<h2 class=\"wp-block-heading\"><strong>Soubise: een reis langs zee, geschiedenis en gastronomie<\/strong><\/h2>\n\n<div style=\"height:15px\" aria-hidden=\"true\" class=\"wp-block-spacer\"><\/div>\n\n<h3 class=\"wp-block-heading\"><strong>Een parel aan de Charente<\/strong><\/h3>\n\n<div style=\"height:15px\" aria-hidden=\"true\" class=\"wp-block-spacer\"><\/div>\n\n<div style=\"height:0px\" aria-hidden=\"true\" class=\"wp-block-spacer\"><\/div>\n\n<p>Soubise ligt schilderachtig aan de oevers van de rivier de Charente, in het departement Charente-Maritime. De stad kijkt uit op het prachtige <strong>Pertuis d\u2019Antioche<\/strong>, de zeestraat tussen <strong>\u00cele de R\u00e9<\/strong> en <strong>\u00cele d\u2019Ol\u00e9ron<\/strong>\u2014echte parels van de Franse kust. Deze idyllische omgeving biedt watersportliefhebbers talloze mogelijkheden: varen langs de kust met zijn duinen, zoutmoerassen en kliffen, nabijgelegen eilanden ontdekken zoals Aix, Madame en Fort Boyard, of verder uitvaren richting de Vend\u00e9e en Loire-Atlantique.<\/p>\n\n<p>\u27a1\ufe0f Een bezoek waard:<\/p>\n\n<ul class=\"wp-block-list\">\n<li>De vuurtoren van Chassiron<\/li>\n\n\n\n<li>Port de la C\u00f4tini\u00e8re, Saint-Pierre d&#8217;Ol\u00e9ron<\/li>\n\n\n\n<li>Fort Boyard<\/li>\n<\/ul>\n\n<div style=\"height:30px\" aria-hidden=\"true\" class=\"wp-block-spacer\"><\/div>\n\n<p>Verder landinwaarts verandert het landschap langs de Charente: een oase voor rustige tochten per woonboot, roeiboot of jacht over bijna 200 km, langs erfgoedrijke steden zoals Rochefort, Saintes, Cognac en Angoul\u00eame.<\/p>\n\n<p>\u27a1\ufe0f Niet te missen:<\/p>\n\n<ul class=\"wp-block-list\">\n<li>Bourg-Charente<\/li>\n\n\n\n<li>Cognac<\/li>\n\n\n\n<li>Rochefort<\/li>\n\n\n\n<li>Fort Lapointe, Fouras<\/li>\n\n\n\n<li>Fontaine royale de Lupin, Saint-Nazaire-sur-Charente<\/li>\n<\/ul>\n\n<div style=\"height:60px\" aria-hidden=\"true\" class=\"wp-block-spacer\"><\/div>\n\n<h3 class=\"wp-block-heading\"><strong>Port Adhoc Soubise: slechts 5 zeemijlen van de Atlantische Oceaan via de Charente<\/strong><\/h3>\n\n<div style=\"height:15px\" aria-hidden=\"true\" class=\"wp-block-spacer\"><\/div>\n\n<p>Onze droogdokhaven in Charente-Maritime, Port Adhoc Soubise, verwelkomt pleziervaarders hartelijk met een compleet aanbod aan diensten. Het professionele team ontvangt motorboten, monohulls en multihulls tot 16 meter. De haven is ideaal om een oversteek voor te bereiden of onderhoudswerk aan uw schip uit te voeren.<\/p>\n\n<div style=\"height:15px\" aria-hidden=\"true\" class=\"wp-block-spacer\"><\/div>\n\n<div class=\"wp-block-buttons is-layout-flex wp-block-buttons-is-layout-flex\">\n<div class=\"wp-block-button\"><a class=\"wp-block-button__link has-white-color has-vivid-cyan-blue-background-color has-text-color has-background has-link-color has-small-font-size has-custom-font-size wp-element-button\" href=\"https:\/\/www.port-adhoc.com\/nl\/soubise\/\" target=\"_blank\" rel=\"noreferrer noopener\">Ontdek Port Adhoc Soubise \ud83d\udc4b <\/a><\/div>\n<\/div>\n\n<div style=\"height:60px\" aria-hidden=\"true\" class=\"wp-block-spacer\"><\/div>\n\n<figure class=\"wp-block-image size-large\"><img fetchpriority=\"high\" decoding=\"async\" width=\"1024\" height=\"768\" src=\"https:\/\/b2765252.smushcdn.com\/2765252\/wp-content\/uploads\/2025\/04\/port-adhoc-soubise-scaled-2-1024x768.jpeg?lossy=1&strip=1&webp=1\" alt=\"\" class=\"wp-image-90043\" srcset=\"https:\/\/b2765252.smushcdn.com\/2765252\/wp-content\/uploads\/2025\/04\/port-adhoc-soubise-scaled-2-1024x768.jpeg?lossy=1&strip=1&webp=1 1024w, https:\/\/b2765252.smushcdn.com\/2765252\/wp-content\/uploads\/2025\/04\/port-adhoc-soubise-scaled-2-300x225.jpeg?lossy=1&strip=1&webp=1 300w, https:\/\/b2765252.smushcdn.com\/2765252\/wp-content\/uploads\/2025\/04\/port-adhoc-soubise-scaled-2-768x576.jpeg?lossy=1&strip=1&webp=1 768w, https:\/\/b2765252.smushcdn.com\/2765252\/wp-content\/uploads\/2025\/04\/port-adhoc-soubise-scaled-2-1536x1152.jpeg?lossy=1&strip=1&webp=1 1536w, https:\/\/b2765252.smushcdn.com\/2765252\/wp-content\/uploads\/2025\/04\/port-adhoc-soubise-scaled-2-2048x1536.jpeg?lossy=1&strip=1&webp=1 2048w, https:\/\/b2765252.smushcdn.com\/2765252\/wp-content\/uploads\/2025\/04\/port-adhoc-soubise-scaled-2.jpeg?size=512x384&lossy=1&strip=1&webp=1 512w\" sizes=\"(max-width: 1024px) 100vw, 1024px\" \/><figcaption class=\"wp-element-caption\">Luchtfoto van Port Adhoc Soubise<\/figcaption><\/figure>\n\n<div style=\"height:60px\" aria-hidden=\"true\" class=\"wp-block-spacer\"><\/div>\n\n<h2 class=\"wp-block-heading\"><strong>Smaken van Charente-Maritime: oceaan, moerassen &amp; plattelandstradities<\/strong><\/h2>\n\n<div style=\"height:15px\" aria-hidden=\"true\" class=\"wp-block-spacer\"><\/div>\n\n<p>Charente-Maritime is tegelijk kustgebied en platteland. De royale gastronomie wordt gevormd door <strong>Atlantische zeelucht<\/strong>, <strong>zoutmoerassen<\/strong> en <strong>lokale wijngaarden<\/strong>. Van Marennes-Ol\u00e9ron-oesters tot Pineau des Charentes\u2014elke stop in deze regio is een uitnodiging om het terroir te proeven.<\/p>\n\n<div style=\"height:30px\" aria-hidden=\"true\" class=\"wp-block-spacer\"><\/div>\n\n<h3 class=\"wp-block-heading\"><strong>Marennes-Ol\u00e9ron-oesters \u2013 trots van de riviermonding<\/strong><\/h3>\n\n<div style=\"height:15px\" aria-hidden=\"true\" class=\"wp-block-spacer\"><\/div>\n\n<p><strong>Marennes-Ol\u00e9ron<\/strong> is het grootste oestergebied van Europa en een van de weinige regio\u2019s waar <strong>oesters worden verfijnd in <em data-start=\"2655\" data-end=\"2664\">claires<\/em><\/strong>\u2014voormalige zoutpannen. Deze unieke methode geeft de oesters een subtiel zilte smaak, een stevige textuur en een onge\u00ebvenaarde mineraliteit.<\/p>\n\n<div style=\"height:15px\" aria-hidden=\"true\" class=\"wp-block-spacer\"><\/div>\n\n<p>Bekende vari\u00ebteiten:<\/p>\n\n<ul class=\"wp-block-list\">\n<li><em><strong data-start=\"2835\" data-end=\"2853\">Fine de Claire<\/strong><\/em>: licht, knapperig, uitgesproken zout<\/li>\n\n\n\n<li><em><strong data-start=\"2895\" data-end=\"2917\">Sp\u00e9ciale de Claire<\/strong><\/em>: voller van vlees, zachter van smaak<\/li>\n\n\n\n<li><em><strong data-start=\"2959\" data-end=\"2979\">Pousse en Claire<\/strong><\/em>: een zeldzame delicatesse met krachtige, lange nasmaak<\/li>\n<\/ul>\n\n<div style=\"height:60px\" aria-hidden=\"true\" class=\"wp-block-spacer\"><\/div>\n\n<figure class=\"wp-block-image size-large\"><img decoding=\"async\" width=\"1024\" height=\"683\" src=\"https:\/\/b2765252.smushcdn.com\/2765252\/wp-content\/uploads\/2025\/07\/AdobeStock_132238446-1024x683.jpeg?lossy=1&strip=1&webp=1\" alt=\"\" class=\"wp-image-104406\" srcset=\"https:\/\/b2765252.smushcdn.com\/2765252\/wp-content\/uploads\/2025\/07\/AdobeStock_132238446-1024x683.jpeg?lossy=1&strip=1&webp=1 1024w, https:\/\/b2765252.smushcdn.com\/2765252\/wp-content\/uploads\/2025\/07\/AdobeStock_132238446-300x200.jpeg?lossy=1&strip=1&webp=1 300w, https:\/\/b2765252.smushcdn.com\/2765252\/wp-content\/uploads\/2025\/07\/AdobeStock_132238446-768x512.jpeg?lossy=1&strip=1&webp=1 768w, https:\/\/b2765252.smushcdn.com\/2765252\/wp-content\/uploads\/2025\/07\/AdobeStock_132238446-1536x1024.jpeg?lossy=1&strip=1&webp=1 1536w, https:\/\/b2765252.smushcdn.com\/2765252\/wp-content\/uploads\/2025\/07\/AdobeStock_132238446-2048x1366.jpeg?lossy=1&strip=1&webp=1 2048w, https:\/\/b2765252.smushcdn.com\/2765252\/wp-content\/uploads\/2025\/07\/AdobeStock_132238446.jpeg?size=512x342&lossy=1&strip=1&webp=1 512w\" sizes=\"auto, (max-width: 1024px) 100vw, 1024px\" loading=\"lazy\" \/><figcaption class=\"wp-element-caption\">Verse Marennes-Ol\u00e9ron-oesters<\/figcaption><\/figure>\n\n<div style=\"height:60px\" aria-hidden=\"true\" class=\"wp-block-spacer\"><\/div>\n\n<p>\u27a1\ufe0f <strong data-start=\"3077\" data-end=\"3094\">Waar proeven?<\/strong><\/p>\n\n<ul class=\"wp-block-list\">\n<li><a href=\"https:\/\/www.tripadvisor.fr\/Restaurant_Review-g2139102-d3219172-Reviews-La_Cabane_du_Chapus-Bourcefranc_le_Chapus_Marennes_Charente_Maritime_Nouvelle_Aq.html\">La Cabane du Chapus<\/a>, Bourcefranc-le-Chapus<\/li>\n\n\n\n<li><a href=\"https:\/\/www.tripadvisor.fr\/Restaurant_Review-g2139102-d12878723-Reviews-Bar_a_Huitres_Le_Mollin-Bourcefranc_le_Chapus_Marennes_Charente_Maritime_Nouvel.html\">Bar \u00e0 hu\u00eetres Le Mollin<\/a>, Bourcefranc-le-Chapus<\/li>\n<\/ul>\n\n<div style=\"height:60px\" aria-hidden=\"true\" class=\"wp-block-spacer\"><\/div>\n\n<h3 class=\"wp-block-heading\"><strong>Pineau des Charentes \u2013 lokale zoetheid om van te nippen<\/strong><\/h3>\n\n<div style=\"height:15px\" aria-hidden=\"true\" class=\"wp-block-spacer\"><\/div>\n\n<p>Ontstaan door een gelukkig toeval in de 16e eeuw, is <strong>Pineau des Charentes<\/strong> een verfijnde aperitief, gemaakt van druivensap en cognac-eau-de-vie. Wit of ros\u00e9, hij onthult aroma\u2019s van rijp fruit, honing en soms gedroogd fruit.<\/p>\n\n<p>Heerlijke combinaties:<\/p>\n\n<ul class=\"wp-block-list\">\n<li>Een bord lokale geitenkazen (jong of gerijpt)<\/li>\n\n\n\n<li>Een zoet-hartig voorgerecht (meloen, ham, foie gras)<\/li>\n\n\n\n<li>Een dessert met karamel of steenvruchten<\/li>\n<\/ul>\n\n<div style=\"height:60px\" aria-hidden=\"true\" class=\"wp-block-spacer\"><\/div>\n\n<figure class=\"wp-block-image size-large\"><img decoding=\"async\" width=\"1024\" height=\"681\" src=\"https:\/\/b2765252.smushcdn.com\/2765252\/wp-content\/uploads\/2025\/07\/AdobeStock_750268881-1024x681.jpeg?lossy=1&strip=1&webp=1\" alt=\"\" class=\"wp-image-104411\" srcset=\"https:\/\/b2765252.smushcdn.com\/2765252\/wp-content\/uploads\/2025\/07\/AdobeStock_750268881-1024x681.jpeg?lossy=1&strip=1&webp=1 1024w, https:\/\/b2765252.smushcdn.com\/2765252\/wp-content\/uploads\/2025\/07\/AdobeStock_750268881-300x200.jpeg?lossy=1&strip=1&webp=1 300w, https:\/\/b2765252.smushcdn.com\/2765252\/wp-content\/uploads\/2025\/07\/AdobeStock_750268881-768x511.jpeg?lossy=1&strip=1&webp=1 768w, https:\/\/b2765252.smushcdn.com\/2765252\/wp-content\/uploads\/2025\/07\/AdobeStock_750268881-1536x1022.jpeg?lossy=1&strip=1&webp=1 1536w, https:\/\/b2765252.smushcdn.com\/2765252\/wp-content\/uploads\/2025\/07\/AdobeStock_750268881-2048x1363.jpeg?lossy=1&strip=1&webp=1 2048w, https:\/\/b2765252.smushcdn.com\/2765252\/wp-content\/uploads\/2025\/07\/AdobeStock_750268881.jpeg?size=512x341&lossy=1&strip=1&webp=1 512w\" sizes=\"auto, (max-width: 1024px) 100vw, 1024px\" loading=\"lazy\" \/><figcaption class=\"wp-element-caption\">Alcohol rijping in eikenhouten vaten in de wijnkelders van de Charente<\/figcaption><\/figure>\n\n<div style=\"height:60px\" aria-hidden=\"true\" class=\"wp-block-spacer\"><\/div>\n\n<p>\u27a1\ufe0f <strong data-start=\"3709\" data-end=\"3726\">Waar proeven?<\/strong><\/p>\n\n<ul class=\"wp-block-list\">\n<li><a href=\"https:\/\/www.rochefort-ocean.com\/organiser\/vie-locale\/shopping\/le-relais-des-vignes-4671742\">Le Relais des Vignes<\/a>, Rochefort<\/li>\n\n\n\n<li><a href=\"https:\/\/cognacgodard.com\/content\/4-fouras-la-galerie-de-l-alambic\">La Galerie de l\u2019Alambic<\/a>, Fouras<\/li>\n<\/ul>\n\n<div style=\"height:60px\" aria-hidden=\"true\" class=\"wp-block-spacer\"><\/div>\n\n<h3 class=\"wp-block-heading\"><strong>De jonch\u00e9e, een specialiteit uit Charente-Maritime<\/strong><\/h3>\n\n<div style=\"height:15px\" aria-hidden=\"true\" class=\"wp-block-spacer\"><\/div>\n\n<p>De <b>jonch\u00e9e<\/b> is een typische specialiteit uit de Charente-Maritime. Het is een verse kaas op basis van koemelk, die op subtiele wijze wordt gevormd in <b>rietstengels <\/b><em>(joncs)<\/em>, waaraan hij zijn naam dankt. Door deze traditionele vorm krijgt hij een langwerpige vorm en karakteristieke strepen. Jonch\u00e9e is licht, zacht en subtiel geparfumeerd door het riet en wordt gewaardeerd om zijn <b>versheid en plantaardige zoetheid<\/b>. Hij wordt vaak als dessert gegeten, naturel of met een beetje suiker, jam of een scheutje Pineau des Charentes. Buiten zijn gebied van oorsprong is hij zeldzaam, maar tijdens een tussenstop in de Charente zeker het proberen waard!<\/p>\n\n<div style=\"height:60px\" aria-hidden=\"true\" class=\"wp-block-spacer\"><\/div>\n<div class=\"wp-block-image\">\n<figure class=\"aligncenter size-large is-resized\"><img loading=\"lazy\" decoding=\"async\" width=\"1024\" height=\"768\" src=\"https:\/\/b2765252.smushcdn.com\/2765252\/wp-content\/uploads\/2025\/07\/Jonchee-Sentinelle-du-gout--1024x768.webp?lossy=1&strip=1&webp=1\" alt=\"\" class=\"wp-image-105234\" style=\"width:641px;height:auto\" srcset=\"https:\/\/b2765252.smushcdn.com\/2765252\/wp-content\/uploads\/2025\/07\/Jonchee-Sentinelle-du-gout--1024x768.webp?lossy=1&strip=1&webp=1 1024w, https:\/\/b2765252.smushcdn.com\/2765252\/wp-content\/uploads\/2025\/07\/Jonchee-Sentinelle-du-gout--300x225.webp?lossy=1&strip=1&webp=1 300w, https:\/\/b2765252.smushcdn.com\/2765252\/wp-content\/uploads\/2025\/07\/Jonchee-Sentinelle-du-gout--768x576.webp?lossy=1&strip=1&webp=1 768w, https:\/\/b2765252.smushcdn.com\/2765252\/wp-content\/uploads\/2025\/07\/Jonchee-Sentinelle-du-gout-.webp?lossy=1&strip=1&webp=1 1200w, https:\/\/b2765252.smushcdn.com\/2765252\/wp-content\/uploads\/2025\/07\/Jonchee-Sentinelle-du-gout-.webp?size=512x384&lossy=1&strip=1&webp=1 512w\" sizes=\"auto, (max-width: 1024px) 100vw, 1024px\" \/><figcaption class=\"wp-element-caption\">Jonch\u00e9e, <strong>\u00a9<\/strong> Papilles et Pupilles<\/figcaption><\/figure>\n<\/div>\n<div style=\"height:60px\" aria-hidden=\"true\" class=\"wp-block-spacer\"><\/div>\n\n<h3 class=\"wp-block-heading\"><strong>Soubisesaus \u2013 een culinair erfgoed<\/strong><\/h3>\n\n<div style=\"height:15px\" aria-hidden=\"true\" class=\"wp-block-spacer\"><\/div>\n\n<p>Achter deze elegante saus schuilt een nobele geschiedenis. Ze zou genoemd zijn naar maarschalk Charles de Rohan-Soubise, minister onder Lodewijk XV en een levensgenieter. Deze saus op basis van ui en bechamelsaus past perfect bij gevogelte, wit vlees of groenten zoals asperges en gestoomde aardappelen. Een schoolvoorbeeld van Franse culinaire finesse.<\/p>\n\n<div style=\"height:60px\" aria-hidden=\"true\" class=\"wp-block-spacer\"><\/div>\n\n<h2 class=\"wp-block-heading\"><strong>Recept: Soubisesaus<\/strong><\/h2>\n\n<div style=\"height:30px\" aria-hidden=\"true\" class=\"wp-block-spacer\"><\/div>\n\n<h3 class=\"wp-block-heading\"><strong>Ingredi\u00ebnten (voor 4 personen)<\/strong><\/h3>\n\n<div style=\"height:30px\" aria-hidden=\"true\" class=\"wp-block-spacer\"><\/div>\n\n<ul class=\"wp-block-list\">\n<li>100 g boter (Charentes-Poitou AOP)<\/li>\n\n\n\n<li>50 g bloem<\/li>\n\n\n\n<li>500 ml volle melk<\/li>\n\n\n\n<li>400 g zoete uien<\/li>\n\n\n\n<li>1 snufje zout<\/li>\n\n\n\n<li>1 snufje nootmuskaat<\/li>\n\n\n\n<li>(optioneel) 1 el cr\u00e8me fra\u00eeche<\/li>\n<\/ul>\n\n<div style=\"height:60px\" aria-hidden=\"true\" class=\"wp-block-spacer\"><\/div>\n\n<h3 class=\"wp-block-heading\"><strong>Benodigdheden<\/strong><\/h3>\n\n<div style=\"height:30px\" aria-hidden=\"true\" class=\"wp-block-spacer\"><\/div>\n\n<ul class=\"wp-block-list\">\n<li>Schilmesje<\/li>\n\n\n\n<li>Snijplank<\/li>\n\n\n\n<li>Koekenpan<\/li>\n\n\n\n<li>Steelpan<\/li>\n\n\n\n<li>Garde<\/li>\n\n\n\n<li>Staafmixer (optioneel)<\/li>\n<\/ul>\n\n<div style=\"height:60px\" aria-hidden=\"true\" class=\"wp-block-spacer\"><\/div>\n\n<h3 class=\"wp-block-heading\"><strong>Bereiding<\/strong><\/h3>\n\n<div style=\"height:30px\" aria-hidden=\"true\" class=\"wp-block-spacer\"><\/div>\n\n<ul class=\"wp-block-list\">\n<li><strong data-start=\"4524\" data-end=\"4546\">Uien voorbereiden:<\/strong> Snijd de uien fijn.<\/li>\n\n\n\n<li><p data-start=\"4572\" data-end=\"4711\"><strong data-start=\"4572\" data-end=\"4590\">Fruit de uien:<\/strong> Laat 50 g boter smelten in een pan. Bak de uien zachtjes op laag vuur \u00b115 minuten tot ze glazig zijn, maar niet bruin.<\/p><\/li>\n\n\n\n<li><strong data-start=\"4715\" data-end=\"4736\">Maak de bechamel:<\/strong> Smelt de rest van de boter in een steelpan. Roer de bloem erdoor en laat 2 minuten garen. Voeg beetje bij beetje koude melk toe, roerend tot de saus dikker wordt.<\/li>\n\n\n\n<li><strong data-start=\"4905\" data-end=\"4921\">Samenvoegen:<\/strong> Voeg de gebakken uien toe aan de bechamel. Breng op smaak met zout en nootmuskaat. Mix eventueel met een staafmixer voor een extra gladde textuur.<\/li>\n\n\n\n<li><strong data-start=\"5074\" data-end=\"5087\">Afwerken:<\/strong> Roer voor een romigere versie een lepel cr\u00e8me fra\u00eeche erdoor vlak voor het serveren.<\/li>\n<\/ul>\n\n<div style=\"height:60px\" aria-hidden=\"true\" class=\"wp-block-spacer\"><\/div>\n\n<h2 class=\"wp-block-heading\"><strong>Recept: Lichte fruitsalade<\/strong><\/h2>\n\n<div style=\"height:30px\" aria-hidden=\"true\" class=\"wp-block-spacer\"><\/div>\n\n<p>Na de rijke Soubisesaus is een licht dessert ideaal. Een frisse fruitsalade brengt balans en levendigheid op tafel.<\/p>\n\n<div style=\"height:30px\" aria-hidden=\"true\" class=\"wp-block-spacer\"><\/div>\n\n<h3 class=\"wp-block-heading\"><strong>Ingredi\u00ebnten (voor 4 personen)<\/strong><\/h3>\n\n<div style=\"height:30px\" aria-hidden=\"true\" class=\"wp-block-spacer\"><\/div>\n\n<ul class=\"wp-block-list\">\n<li>2 peren (Williams of Comice)<\/li>\n\n\n\n<li>2 appels (Gala of Pink Lady)<\/li>\n\n\n\n<li>1 sinaasappel<\/li>\n\n\n\n<li>1 roze grapefruit<\/li>\n\n\n\n<li>1 limoen<\/li>\n\n\n\n<li>Enkele verse muntblaadjes<\/li>\n\n\n\n<li>2\u20133 el vloeibare honing<\/li>\n\n\n\n<li>(optioneel) Granaatappelpitten of geroosterde amandelschilfers<\/li>\n<\/ul>\n\n<div style=\"height:60px\" aria-hidden=\"true\" class=\"wp-block-spacer\"><\/div>\n\n<h3 class=\"wp-block-heading\"><strong>Benodigdheden<\/strong><\/h3>\n\n<div style=\"height:30px\" aria-hidden=\"true\" class=\"wp-block-spacer\"><\/div>\n\n<ul class=\"wp-block-list\">\n<li>Snijplank<\/li>\n\n\n\n<li>Mes<\/li>\n\n\n\n<li>Mengkom<\/li>\n\n\n\n<li>Lepel<\/li>\n\n\n\n<li>Rasp voor limoenzeste<\/li>\n<\/ul>\n\n<div style=\"height:60px\" aria-hidden=\"true\" class=\"wp-block-spacer\"><\/div>\n\n<h3 class=\"wp-block-heading\"><strong>Bereiding<\/strong><\/h3>\n\n<div style=\"height:30px\" aria-hidden=\"true\" class=\"wp-block-spacer\"><\/div>\n\n<ul class=\"wp-block-list\">\n<li>Schil de peren en appels, verwijder het klokhuis en snijd in stukjes. Schil de sinaasappel en grapefruit \u00e0 vif en haal de partjes eruit. Rasp wat limoenschil en pers het sap uit.<\/li>\n\n\n\n<li>Doe al het fruit in een mengkom.<\/li>\n\n\n\n<li>Voeg fijngesneden munt toe.<\/li>\n\n\n\n<li>Besprenkel met limoensap en honing.<\/li>\n\n\n\n<li>Meng voorzichtig.<\/li>\n\n\n\n<li>Serveer in kommetjes. <\/li>\n\n\n\n<li>Werk eventueel af met granaatappelpitten of amandelschilfers.<\/li>\n<\/ul>\n\n<div style=\"height:60px\" aria-hidden=\"true\" class=\"wp-block-spacer\"><\/div>\n\n<div class=\"wp-block-buttons is-layout-flex wp-block-buttons-is-layout-flex\">\n<div class=\"wp-block-button\"><a class=\"wp-block-button__link has-background has-small-font-size has-custom-font-size wp-element-button\" href=\"https:\/\/www.port-adhoc.com\/nl\/blog\/kombuis-recepten\/warme-oesters-pijnboompittentaart\/\" style=\"background-color:#201e5b\" target=\"_blank\" rel=\"noreferrer noopener\">\u27a1\ufe0f Ook lezen: Kombuisrecepten #4: Warme Oesters<\/a><\/div>\n<\/div>\n\n<div style=\"height:60px\" aria-hidden=\"true\" class=\"wp-block-spacer\"><\/div>\n\n<p>Tussen verfijnde gastronomie en eenvoudige geneugten laat deze tussenstop in Soubise ons zien dat, op zee of aan wal, elke maaltijd een kans is om geschiedenis en streeksmaken te proeven.<\/p>\n\n<p><strong>Probeer je deze recepten aan boord of aan wal? Deel je foto&#8217;s met de hashtag #GalleyRecipes!<\/strong><\/p>\n","protected":false},"excerpt":{"rendered":"<p>Onze serie Kombuisrecepten zet haar reis voort door de Charente-Maritime met een tussenstop in Soubise, gelegen tussen rivier en moeras. Deze ingetogen haven, verscholen aan de oevers van de Charente, vormt de toegangspoort tot een regio die zowel maritiem als landelijk is, rijk aan tradities en smaken. In deze vijfde aflevering staat een historisch juweel uit de Franse keuken centraal: de fluweelzachte, elegante en subtiel zoete Soubisesaus\u2014een culinaire ode aan het stadje waarnaar ze is vernoemd!<\/p>\n","protected":false},"author":26,"featured_media":104770,"comment_status":"closed","ping_status":"closed","sticky":false,"template":"","format":"standard","meta":{"wds_primary_category":276,"footnotes":""},"categories":[276],"tags":[117],"class_list":["post-104757","post","type-post","status-publish","format-standard","has-post-thumbnail","hentry","category-kombuis-recepten","tag-port-adhoc-soubise-nl"],"_links":{"self":[{"href":"https:\/\/www.port-adhoc.com\/nl\/wp-json\/wp\/v2\/posts\/104757","targetHints":{"allow":["GET"]}}],"collection":[{"href":"https:\/\/www.port-adhoc.com\/nl\/wp-json\/wp\/v2\/posts"}],"about":[{"href":"https:\/\/www.port-adhoc.com\/nl\/wp-json\/wp\/v2\/types\/post"}],"author":[{"embeddable":true,"href":"https:\/\/www.port-adhoc.com\/nl\/wp-json\/wp\/v2\/users\/26"}],"replies":[{"embeddable":true,"href":"https:\/\/www.port-adhoc.com\/nl\/wp-json\/wp\/v2\/comments?post=104757"}],"version-history":[{"count":0,"href":"https:\/\/www.port-adhoc.com\/nl\/wp-json\/wp\/v2\/posts\/104757\/revisions"}],"wp:featuredmedia":[{"embeddable":true,"href":"https:\/\/www.port-adhoc.com\/nl\/wp-json\/wp\/v2\/media\/104770"}],"wp:attachment":[{"href":"https:\/\/www.port-adhoc.com\/nl\/wp-json\/wp\/v2\/media?parent=104757"}],"wp:term":[{"taxonomy":"category","embeddable":true,"href":"https:\/\/www.port-adhoc.com\/nl\/wp-json\/wp\/v2\/categories?post=104757"},{"taxonomy":"post_tag","embeddable":true,"href":"https:\/\/www.port-adhoc.com\/nl\/wp-json\/wp\/v2\/tags?post=104757"}],"curies":[{"name":"wp","href":"https:\/\/api.w.org\/{rel}","templated":true}]}}