{"id":102143,"date":"2025-05-16T09:30:16","date_gmt":"2025-05-16T07:30:16","guid":{"rendered":"https:\/\/www.port-adhoc.com\/blog\/okategoriserat\/fisk-pa-katalanskt-vis\/"},"modified":"2025-07-03T13:57:22","modified_gmt":"2025-07-03T11:57:22","slug":"fisk-pa-katalanskt-vis","status":"publish","type":"post","link":"https:\/\/www.port-adhoc.com\/sv\/blog\/kombusenrecept\/fisk-pa-katalanskt-vis\/","title":{"rendered":"Komb\u00fcsenrecept #2: Fisk p\u00e5 katalanskt vis"},"content":{"rendered":"\n<p class=\"has-small-font-size\">Publiceringsdatum: 16\/05\/2025<\/p>\n\n<div style=\"height:60px\" aria-hidden=\"true\" class=\"wp-block-spacer\"><\/div>\n\n<h2 class=\"wp-block-heading\"><strong>Port Leucate, torrhamn vid Medelhavet<\/strong><\/h2>\n\n<div style=\"height:30px\" aria-hidden=\"true\" class=\"wp-block-spacer\"><\/div>\n\n<div style=\"height:0px\" aria-hidden=\"true\" class=\"wp-block-spacer\"><\/div>\n\n<p>Port Leucate ligger mellan Leucate-lagunen och Medelhavet och \u00e4r ett popul\u00e4rt resm\u00e5l f\u00f6r b\u00e5tentusiaster. <strong>Bel\u00e4gen i hj\u00e4rtat av Occitanie<\/strong> erbjuder platsen en idyllisk milj\u00f6 f\u00f6r ett nautiskt och gastronomiskt stopp. Det \u00e4r en av Europas st\u00f6rsta sm\u00e5b\u00e5tshamnar och den perfekta utg\u00e5ngspunkten f\u00f6r att utforska den or\u00f6rda naturen l\u00e4ngs <strong>C\u00f4te Vermeille<\/strong> \u2013 samt njuta av lokala specialiteter.<\/p>\n\n<div style=\"height:30px\" aria-hidden=\"true\" class=\"wp-block-spacer\"><\/div>\n\n<div class=\"wp-block-buttons is-layout-flex wp-block-buttons-is-layout-flex\">\n<div class=\"wp-block-button\"><a class=\"wp-block-button__link has-white-color has-vivid-cyan-blue-background-color has-text-color has-background has-link-color wp-element-button\" href=\"https:\/\/www.port-adhoc.com\/sv\/leucate\/\" target=\"_blank\" rel=\"noreferrer noopener\">Uppt\u00e4ck Port Leucate \ud83d\udc4b<\/a><\/div>\n<\/div>\n\n<div style=\"height:60px\" aria-hidden=\"true\" class=\"wp-block-spacer\"><\/div>\n\n<figure class=\"wp-block-image size-large\"><img fetchpriority=\"high\" decoding=\"async\" width=\"1024\" height=\"565\" src=\"https:\/\/b2765252.smushcdn.com\/2765252\/wp-content\/uploads\/2024\/10\/Port-Leucate-vue-du-ciel-1024x565.jpeg?lossy=1&strip=1&webp=1\" alt=\"\" class=\"wp-image-52029\" srcset=\"https:\/\/b2765252.smushcdn.com\/2765252\/wp-content\/uploads\/2024\/10\/Port-Leucate-vue-du-ciel-1024x565.jpeg?lossy=1&strip=1&webp=1 1024w, https:\/\/b2765252.smushcdn.com\/2765252\/wp-content\/uploads\/2024\/10\/Port-Leucate-vue-du-ciel-300x165.jpeg?lossy=1&strip=1&webp=1 300w, https:\/\/b2765252.smushcdn.com\/2765252\/wp-content\/uploads\/2024\/10\/Port-Leucate-vue-du-ciel-768x424.jpeg?lossy=1&strip=1&webp=1 768w, https:\/\/b2765252.smushcdn.com\/2765252\/wp-content\/uploads\/2024\/10\/Port-Leucate-vue-du-ciel-1536x847.jpeg?lossy=1&strip=1&webp=1 1536w, https:\/\/b2765252.smushcdn.com\/2765252\/wp-content\/uploads\/2024\/10\/Port-Leucate-vue-du-ciel-2048x1130.jpeg?lossy=1&strip=1&webp=1 2048w, https:\/\/b2765252.smushcdn.com\/2765252\/wp-content\/uploads\/2024\/10\/Port-Leucate-vue-du-ciel.jpeg?size=512x283&lossy=1&strip=1&webp=1 512w\" sizes=\"(max-width: 1024px) 100vw, 1024px\" \/><figcaption class=\"wp-element-caption\">Flygfoto \u00f6ver Port Leucate<\/figcaption><\/figure>\n\n<div style=\"height:60px\" aria-hidden=\"true\" class=\"wp-block-spacer\"><\/div>\n\n<h2 class=\"wp-block-heading\"><strong>Katalansk mat \u2013 mellan hav och land<\/strong><\/h2>\n\n<div style=\"height:30px\" aria-hidden=\"true\" class=\"wp-block-spacer\"><\/div>\n\n<p>Med sitt rika medelhavsarv balanserar Port Leucates k\u00f6k skickligt mellan <strong>havets l\u00e4ckerheter och landets smaker<\/strong>. F\u00e4rskf\u00e5ngad fisk, viner fr\u00e5n Roussillon och solmogna kryddor f\u00f6renas i smakrika r\u00e4tter med stark tradition. F\u00f6r detta kulinariska stopp bjuder vi in dig att uppt\u00e4cka <strong data-start=\"1397\" data-end=\"1423\">fisk p\u00e5 katalanskt vis<\/strong> \u2013 en klassisk r\u00e4tt med tomater, paprika, oliver och aromatiska \u00f6rter.<\/p>\n\n<div style=\"height:60px\" aria-hidden=\"true\" class=\"wp-block-spacer\"><\/div>\n\n<h3 class=\"wp-block-heading\"><strong>Medelhavsfisk<\/strong><\/h3>\n\n<div style=\"height:30px\" aria-hidden=\"true\" class=\"wp-block-spacer\"><\/div>\n\n<p>Kusten vid Leucate \u00e4r rik p\u00e5 ikoniska <strong>medelhavsfiskar<\/strong> s\u00e5som dorade, havsabborre, r\u00f6d mullet och marulk.<\/p>\n\n<div style=\"height:30px\" aria-hidden=\"true\" class=\"wp-block-spacer\"><\/div>\n\n<p>\u27a1\ufe0f <strong data-start=\"1639\" data-end=\"1686\">Var kan man k\u00f6pa f\u00e4rsk fisk i Port Leucate?<\/strong><\/p>\n\n<ul class=\"wp-block-list\">\n<li><a href=\"https:\/\/www.tourisme-leucate.com\/offres\/le-marche-aux-poissons-port-leucate-leucate-fr-3023357\/\">Fiskmarknaden i hamnen<\/a><\/li>\n\n\n\n<li><a href=\"https:\/\/www.pavillonfrance.fr\/fillere-entre-terre-mer\/ports-francais\/port-nouvelle\">Fiskauktionen i Port-La Nouvelle<\/a><\/li>\n<\/ul>\n\n<div style=\"height:60px\" aria-hidden=\"true\" class=\"wp-block-spacer\"><\/div>\n\n<figure class=\"wp-block-image size-large\"><img decoding=\"async\" width=\"1024\" height=\"683\" src=\"https:\/\/b2765252.smushcdn.com\/2765252\/wp-content\/uploads\/2025\/05\/1-1024x683.jpeg?lossy=1&strip=1&webp=1\" alt=\"\" class=\"wp-image-94573\" srcset=\"https:\/\/b2765252.smushcdn.com\/2765252\/wp-content\/uploads\/2025\/05\/1-1024x683.jpeg?lossy=1&strip=1&webp=1 1024w, https:\/\/b2765252.smushcdn.com\/2765252\/wp-content\/uploads\/2025\/05\/1-300x200.jpeg?lossy=1&strip=1&webp=1 300w, https:\/\/b2765252.smushcdn.com\/2765252\/wp-content\/uploads\/2025\/05\/1-768x512.jpeg?lossy=1&strip=1&webp=1 768w, https:\/\/b2765252.smushcdn.com\/2765252\/wp-content\/uploads\/2025\/05\/1-1536x1024.jpeg?lossy=1&strip=1&webp=1 1536w, https:\/\/b2765252.smushcdn.com\/2765252\/wp-content\/uploads\/2025\/05\/1-2048x1365.jpeg?lossy=1&strip=1&webp=1 2048w, https:\/\/b2765252.smushcdn.com\/2765252\/wp-content\/uploads\/2025\/05\/1.jpeg?size=512x342&lossy=1&strip=1&webp=1 512w\" sizes=\"auto, (max-width: 1024px) 100vw, 1024px\" loading=\"lazy\" \/><figcaption class=\"wp-element-caption\">Ostronodlingar och fiskmarknaden i Leucate<\/figcaption><\/figure>\n\n<div style=\"height:60px\" aria-hidden=\"true\" class=\"wp-block-spacer\"><\/div>\n\n<h3 class=\"wp-block-heading\"><strong>Roussillons viner<\/strong><\/h3>\n\n<div style=\"height:30px\" aria-hidden=\"true\" class=\"wp-block-spacer\"><\/div>\n\n<p>Roussillon \u00e4r en exceptionell vinregion, badad i solsken och svept av den kraftiga tramontane-vinden. Det varierade terroiret \u2013 fr\u00e5n hav till berg och garrigue \u2013 ger upphov till en rik m\u00e5ngfald av viner med intensiva aromer.<\/p>\n\n<p>Vinodlingarna kring Leucate producerar uts\u00f6kta viner, perfekta att servera till fiskr\u00e4tter. Omr\u00e5det \u00e4r s\u00e4rskilt k\u00e4nt f\u00f6r sina <strong data-start=\"2182\" data-end=\"2197\">muscatviner<\/strong> och <strong data-start=\"2202\" data-end=\"2241\">torra vita viner med blommiga toner<\/strong>.<\/p>\n\n<div style=\"height:60px\" aria-hidden=\"true\" class=\"wp-block-spacer\"><\/div>\n\n<figure class=\"wp-block-image size-large\"><img decoding=\"async\" width=\"1024\" height=\"576\" src=\"https:\/\/b2765252.smushcdn.com\/2765252\/wp-content\/uploads\/2025\/05\/2-1024x576.jpeg?lossy=1&strip=1&webp=1\" alt=\"\" class=\"wp-image-94578\" srcset=\"https:\/\/b2765252.smushcdn.com\/2765252\/wp-content\/uploads\/2025\/05\/2-1024x576.jpeg?lossy=1&strip=1&webp=1 1024w, https:\/\/b2765252.smushcdn.com\/2765252\/wp-content\/uploads\/2025\/05\/2-300x169.jpeg?lossy=1&strip=1&webp=1 300w, https:\/\/b2765252.smushcdn.com\/2765252\/wp-content\/uploads\/2025\/05\/2-768x432.jpeg?lossy=1&strip=1&webp=1 768w, https:\/\/b2765252.smushcdn.com\/2765252\/wp-content\/uploads\/2025\/05\/2-1536x864.jpeg?lossy=1&strip=1&webp=1 1536w, https:\/\/b2765252.smushcdn.com\/2765252\/wp-content\/uploads\/2025\/05\/2-2048x1152.jpeg?lossy=1&strip=1&webp=1 2048w, https:\/\/b2765252.smushcdn.com\/2765252\/wp-content\/uploads\/2025\/05\/2.jpeg?size=512x288&lossy=1&strip=1&webp=1 512w\" sizes=\"auto, (max-width: 1024px) 100vw, 1024px\" loading=\"lazy\" \/><figcaption class=\"wp-element-caption\">Flygfoto \u00f6ver Narbonnaise regionala naturpark<\/figcaption><\/figure>\n\n<div style=\"height:60px\" aria-hidden=\"true\" class=\"wp-block-spacer\"><\/div>\n\n<p>\u27a1\ufe0f <strong data-start=\"2298\" data-end=\"2340\">Sugen p\u00e5 att smaka n\u00e5gra lokala viner?<\/strong><\/p>\n\n<ul class=\"wp-block-list\">\n<li>Kooperativa vink\u00e4llaren <a href=\"https:\/\/www.tourisme-leucate.com\/offres\/cave-cooperative-vignobles-cap-leucate-chai-la-prade-leucate-village-leucate-fr-2945427\/\">\u201dVignobles Cap Leucate\u201d<\/a><\/li>\n\n\n\n<li><a href=\"https:\/\/www.visitesalinsdecamargue.com\/\">Domaine de la Perdrix<\/a><\/li>\n\n\n\n<li><a href=\"https:\/\/www.arlestourisme.com\/fr\/visiter-salin-de-giraud-en-camargue.html\">Domaine de la Rochelierre<\/a><\/li>\n<\/ul>\n\n<div style=\"height:60px\" aria-hidden=\"true\" class=\"wp-block-spacer\"><\/div>\n\n<h2 class=\"wp-block-heading\"><strong>Recept: Fisk p\u00e5 katalanskt vis<\/strong><\/h2>\n\n<div style=\"height:30px\" aria-hidden=\"true\" class=\"wp-block-spacer\"><\/div>\n\n<p>Smakrik och f\u00e4rgstark \u2013 denna emblematiska r\u00e4tt fr\u00e5n det katalanska k\u00f6ket \u00e4r en sann inbjudan till en kulinarisk resa.<\/p>\n\n<div style=\"height:60px\" aria-hidden=\"true\" class=\"wp-block-spacer\"><\/div>\n\n<h3 class=\"wp-block-heading\"><strong>Ingredienser (4 portioner)<\/strong><\/h3>\n\n<div style=\"height:30px\" aria-hidden=\"true\" class=\"wp-block-spacer\"><\/div>\n\n<ul class=\"wp-block-list\">\n<li>4 fil\u00e9er av dorade (eller havsabborre, r\u00f6d mullet)<\/li>\n\n\n\n<li>6 mogna tomater<\/li>\n\n\n\n<li>2 r\u00f6da paprikor<\/li>\n\n\n\n<li>2 gr\u00f6na paprikor<\/li>\n\n\n\n<li>2 l\u00f6kar<\/li>\n\n\n\n<li>4 vitl\u00f6ksklyftor<\/li>\n\n\n\n<li>20 svarta oliver<\/li>\n\n\n\n<li>300 ml torrt vitt vin<\/li>\n\n\n\n<li>6 msk olivolja<\/li>\n\n\n\n<li>1 knippe persilja<\/li>\n\n\n\n<li>Salt och peppar<\/li>\n<\/ul>\n\n<div style=\"height:60px\" aria-hidden=\"true\" class=\"wp-block-spacer\"><\/div>\n\n<h3 class=\"wp-block-heading\"><strong>Utrustning<\/strong><\/h3>\n\n<div style=\"height:30px\" aria-hidden=\"true\" class=\"wp-block-spacer\"><\/div>\n\n<ul class=\"wp-block-list\">\n<li>1 stor stekpanna<\/li>\n\n\n\n<li>1 kniv<\/li>\n\n\n\n<li>1 kniv<\/li>\n\n\n\n<li>1 tr\u00e4slev<\/li>\n<\/ul>\n\n<div style=\"height:60px\" aria-hidden=\"true\" class=\"wp-block-spacer\"><\/div>\n\n<h3 class=\"wp-block-heading\"><strong>Tillagning<\/strong><\/h3>\n\n<div style=\"height:30px\" aria-hidden=\"true\" class=\"wp-block-spacer\"><\/div>\n\n<p><strong>F\u00f6rbered gr\u00f6nsakerna:<\/strong><\/p>\n\n<ul class=\"wp-block-list\">\n<li>Skiva l\u00f6ken och vitl\u00f6ken tunt, strimla paprikorna och t\u00e4rna tomaterna.<\/li>\n\n\n\n<li>Fr\u00e4s l\u00f6ken i olivolja, tills\u00e4tt sedan paprika och tomater.<\/li>\n\n\n\n<li>L\u00e5t sjuda p\u00e5 svag v\u00e4rme i 15 minuter.<\/li>\n<\/ul>\n\n<p><strong>Tillagning av fisken:<\/strong><\/p>\n\n<ul class=\"wp-block-list\">\n<li>L\u00e4gg i fiskfil\u00e9erna och h\u00e4ll \u00f6ver det vita vinet.<\/li>\n\n\n\n<li>Krydda med salt och peppar, och tills\u00e4tt oliverna.<\/li>\n\n\n\n<li>T\u00e4ck \u00f6ver och l\u00e5t sjuda f\u00f6rsiktigt i 10\u201315 minuter.<\/li>\n<\/ul>\n\n<div style=\"height:60px\" aria-hidden=\"true\" class=\"wp-block-spacer\"><\/div>\n\n<h3 class=\"wp-block-heading\"><strong>Smakfulla tips<\/strong><\/h3>\n\n<div style=\"height:30px\" aria-hidden=\"true\" class=\"wp-block-spacer\"><\/div>\n\n<ul class=\"wp-block-list\">\n<li><strong data-start=\"982\" data-end=\"1000\">Kryddig twist:<\/strong> Tills\u00e4tt en nypa Espelette-peppar.<\/li>\n\n\n\n<li><strong data-start=\"1040\" data-end=\"1062\">Perfekt tillbeh\u00f6r:<\/strong> Servera med Camargue-r\u00f6tt ris eller \u00e5ngkokt potatis.<\/li>\n<\/ul>\n\n<div style=\"height:60px\" aria-hidden=\"true\" class=\"wp-block-spacer\"><\/div>\n\n<h2 class=\"wp-block-heading\"><strong>Recept: Katalansk kr\u00e4m<\/strong><\/h2>\n\n<div style=\"height:30px\" aria-hidden=\"true\" class=\"wp-block-spacer\"><\/div>\n\n<p>En god m\u00e5ltid f\u00f6rtj\u00e4nar en s\u00f6t avslutning! H\u00e4r \u00e4r ett recept p\u00e5 Katalansk kr\u00e4m \u2013 en traditionell dessert med subtila vaniljtoner, perfekt att avrunda en medelhavsm\u00e5ltid med.<\/p>\n\n<div style=\"height:30px\" aria-hidden=\"true\" class=\"wp-block-spacer\"><\/div>\n\n<h3 class=\"wp-block-heading\"><strong>Ingredienser (4 portioner)<\/strong><\/h3>\n\n<div style=\"height:30px\" aria-hidden=\"true\" class=\"wp-block-spacer\"><\/div>\n\n<ul class=\"wp-block-list\">\n<li>500 ml helmj\u00f6lk<\/li>\n\n\n\n<li>4 \u00e4ggulor<\/li>\n\n\n\n<li>100 g socker<\/li>\n\n\n\n<li>1 msk majsst\u00e4rkelse<\/li>\n\n\n\n<li>1 vaniljst\u00e5ng<\/li>\n\n\n\n<li>Rivet skal av 1 citron<\/li>\n\n\n\n<li>4 msk farinsocker (till karamellisering)<\/li>\n<\/ul>\n\n<div style=\"height:60px\" aria-hidden=\"true\" class=\"wp-block-spacer\"><\/div>\n\n<h3 class=\"wp-block-heading\"><strong>Utrustning<\/strong><\/h3>\n\n<div style=\"height:30px\" aria-hidden=\"true\" class=\"wp-block-spacer\"><\/div>\n\n<ul class=\"wp-block-list\">\n<li>1 kastrull<\/li>\n\n\n\n<li>1 visp<\/li>\n\n\n\n<li>1 bunke<\/li>\n\n\n\n<li>4 portionsformar\/ramekiner<\/li>\n\n\n\n<li>1 k\u00f6ksbr\u00e4nnare eller ugnsgrill<\/li>\n<\/ul>\n\n<div style=\"height:60px\" aria-hidden=\"true\" class=\"wp-block-spacer\"><\/div>\n\n<h3 class=\"wp-block-heading\"><strong>Tillagning<\/strong><\/h3>\n\n<div style=\"height:30px\" aria-hidden=\"true\" class=\"wp-block-spacer\"><\/div>\n\n<ul class=\"wp-block-list\">\n<li>Koka upp mj\u00f6lken med den delade vaniljst\u00e5ngen och citronskalet. Ta av fr\u00e5n v\u00e4rmen och l\u00e5t dra.<\/li>\n\n\n\n<li>Vispa \u00e4ggulor och socker i en bunke tills smeten blir ljus och kr\u00e4mig. Tills\u00e4tt majsst\u00e4rkelsen och blanda v\u00e4l.<\/li>\n\n\n\n<li>H\u00e4ll l\u00e5ngsamt i den silade varma mj\u00f6lken under konstant omr\u00f6rning.<\/li>\n\n\n\n<li>H\u00e4ll tillbaka blandningen i kastrullen och v\u00e4rm f\u00f6rsiktigt under omr\u00f6rning tills kr\u00e4men tjocknar.<\/li>\n\n\n\n<li>F\u00f6rdela i portionsformar och l\u00e5t svalna i kylen.<\/li>\n\n\n\n<li>Str\u00f6 \u00f6ver farinsocker och karamellisera med en k\u00f6ksbr\u00e4nnare eller under grillen i ugnen.<\/li>\n<\/ul>\n\n<div style=\"height:60px\" aria-hidden=\"true\" class=\"wp-block-spacer\"><\/div>\n\n<h3 class=\"wp-block-heading\"><strong>Smakfulla tips<\/strong><\/h3>\n\n<div style=\"height:30px\" aria-hidden=\"true\" class=\"wp-block-spacer\"><\/div>\n\n<ul class=\"wp-block-list\">\n<li><strong data-start=\"2224\" data-end=\"2244\">Kryddig version:<\/strong> Tills\u00e4tt en nypa kanel eller en hel stj\u00e4rnanis i mj\u00f6lken under infusionen.<\/li>\n\n\n\n<li><strong data-start=\"2324\" data-end=\"2341\">Extra kr\u00e4mig:<\/strong> Byt ut en del av mj\u00f6lken mot gr\u00e4dde f\u00f6r en \u00e4nnu lenare konsistens.<\/li>\n\n\n\n<li><p class=\"\" data-start=\"2410\" data-end=\"2477\"><strong data-start=\"2413\" data-end=\"2437\">Perfekt kombination:<\/strong> Njut med ett glas Muscat de Rivesaltes.<\/p><\/li>\n<\/ul>\n\n<div style=\"height:60px\" aria-hidden=\"true\" class=\"wp-block-spacer\"><\/div>\n\n<p><p class=\"\" data-start=\"2484\" data-end=\"2595\"><strong>Om du provar recepten \u2013 p\u00e5 land eller till sj\u00f6ss \u2013 dela g\u00e4rna dina bilder med hashtaggen #GalleyRecipes!<\/strong><\/p><\/p>\n\n<p>Vi ses snart igen p\u00e5 v\u00e5r webbplats f\u00f6r n\u00e4sta recept i serien Komb\u00fcsenrecept!<\/p>\n","protected":false},"excerpt":{"rendered":"<p>V\u00e5r serie &#8221;Komb\u00fcsenrecept&#8221; g\u00f6r ett stopp i Port Leucate, en p\u00e4rla vid den occitanska kusten. Inb\u00e4ddat mellan havet och vinodlingarna erbjuder denna destination en unik kulinarisk rikedom pr\u00e4glad av katalanska och medelhavska traditioner.<\/p>\n","protected":false},"author":26,"featured_media":94719,"comment_status":"closed","ping_status":"closed","sticky":false,"template":"","format":"standard","meta":{"wds_primary_category":0,"footnotes":""},"categories":[275],"tags":[197],"class_list":["post-102143","post","type-post","status-publish","format-standard","has-post-thumbnail","hentry","category-kombusenrecept","tag-port-adhoc-leucate-sv"],"_links":{"self":[{"href":"https:\/\/www.port-adhoc.com\/sv\/wp-json\/wp\/v2\/posts\/102143","targetHints":{"allow":["GET"]}}],"collection":[{"href":"https:\/\/www.port-adhoc.com\/sv\/wp-json\/wp\/v2\/posts"}],"about":[{"href":"https:\/\/www.port-adhoc.com\/sv\/wp-json\/wp\/v2\/types\/post"}],"author":[{"embeddable":true,"href":"https:\/\/www.port-adhoc.com\/sv\/wp-json\/wp\/v2\/users\/26"}],"replies":[{"embeddable":true,"href":"https:\/\/www.port-adhoc.com\/sv\/wp-json\/wp\/v2\/comments?post=102143"}],"version-history":[{"count":0,"href":"https:\/\/www.port-adhoc.com\/sv\/wp-json\/wp\/v2\/posts\/102143\/revisions"}],"wp:featuredmedia":[{"embeddable":true,"href":"https:\/\/www.port-adhoc.com\/sv\/wp-json\/wp\/v2\/media\/94719"}],"wp:attachment":[{"href":"https:\/\/www.port-adhoc.com\/sv\/wp-json\/wp\/v2\/media?parent=102143"}],"wp:term":[{"taxonomy":"category","embeddable":true,"href":"https:\/\/www.port-adhoc.com\/sv\/wp-json\/wp\/v2\/categories?post=102143"},{"taxonomy":"post_tag","embeddable":true,"href":"https:\/\/www.port-adhoc.com\/sv\/wp-json\/wp\/v2\/tags?post=102143"}],"curies":[{"name":"wp","href":"https:\/\/api.w.org\/{rel}","templated":true}]}}