{"id":104761,"date":"2025-07-07T11:46:22","date_gmt":"2025-07-07T09:46:22","guid":{"rendered":"https:\/\/www.port-adhoc.com\/?p=104761"},"modified":"2025-07-07T14:08:43","modified_gmt":"2025-07-07T12:08:43","slug":"soubisesas","status":"publish","type":"post","link":"https:\/\/www.port-adhoc.com\/sv\/blog\/kombusenrecept\/soubisesas\/","title":{"rendered":"Komb\u00fcsenrecept #5: Soubises\u00e5s &#038; Fruktsallad"},"content":{"rendered":"\n<p class=\"has-small-font-size\">Publiceringsdatum: 07\/07\/2025<\/p>\n\n<div style=\"height:60px\" aria-hidden=\"true\" class=\"wp-block-spacer\"><\/div>\n\n<h2 class=\"wp-block-heading\"><b><strong>Soubise: en resa genom hav, historia och gastronomi<\/strong><\/b><\/h2>\n\n<div style=\"height:15px\" aria-hidden=\"true\" class=\"wp-block-spacer\"><\/div>\n\n<h3 class=\"wp-block-heading\"><b><strong>En p\u00e4rla i Charente<\/strong><\/b><\/h3>\n\n<div style=\"height:15px\" aria-hidden=\"true\" class=\"wp-block-spacer\"><\/div>\n\n<div style=\"height:0px\" aria-hidden=\"true\" class=\"wp-block-spacer\"><\/div>\n\n<p>Soubise \u00e4r en charmig stad i Charente-Maritime, bel\u00e4gen vid floden Charente. Den \u00f6ppnar sig mot den magnifika <b>Pertuis d\u2019Antioche<\/b>, sundet mellan <b>\u00cele de R\u00e9<\/b> och<b> \u00cele d\u2019Ol\u00e9ron<\/b>, tv\u00e5 verkliga skatter p\u00e5 den franska kusten. Denna idylliska milj\u00f6 erbjuder b\u00e5tentusiaster otaliga m\u00f6jligheter: segla l\u00e4ngs kusten mellan sanddyner, saltmarker och klippor, utforska n\u00e4rliggande \u00f6ar som Aix, Madame och Fort Boyard, eller bege dig l\u00e4ngre ut till havs mot Vend\u00e9e och Loire-Atlantique.<\/p>\n\n<p>\u27a1\ufe0f V\u00e4rt att se:<\/p>\n\n<ul class=\"wp-block-list\">\n<li>Chassiron fyr<\/li>\n\n\n\n<li>Port de la C\u00f4tini\u00e8re, Saint-Pierre d&#8217;Ol\u00e9ron<\/li>\n\n\n\n<li>Fort Boyard<\/li>\n<\/ul>\n\n<div style=\"height:30px\" aria-hidden=\"true\" class=\"wp-block-spacer\"><\/div>\n\n<p>L\u00e4ngs Charentes inre delar avsl\u00f6jas ett annorlunda landskap, perfekt f\u00f6r avkopplande utflykter: pr\u00e5mar, roddb\u00e5tar och fritidsb\u00e5tar glider fram p\u00e5 det fridfulla vattnet i n\u00e4stan 200 km och f\u00f6rbinder kulturrika st\u00e4der som Rochefort, Saintes, Cognac och Angoul\u00eame.<\/p>\n\n<p>\u27a1\ufe0f Missa inte:<\/p>\n\n<ul class=\"wp-block-list\">\n<li>Bourg-Charente<\/li>\n\n\n\n<li>Cognac<\/li>\n\n\n\n<li>Rochefort<\/li>\n\n\n\n<li>Fort Lapointe, Fouras<\/li>\n\n\n\n<li>Fontaine royale de Lupin, Saint-Nazaire-sur-Charente<\/li>\n<\/ul>\n\n<div style=\"height:60px\" aria-hidden=\"true\" class=\"wp-block-spacer\"><\/div>\n\n<h3 class=\"wp-block-heading\"><b><strong>Ad hoc-hamn Soubise: 5 nautiska mil fr\u00e5n Atlanten via Charente<\/strong><\/b><\/h3>\n\n<div style=\"height:15px\" aria-hidden=\"true\" class=\"wp-block-spacer\"><\/div>\n\n<p>V\u00e5r torrhamn i Charente-Maritime, Port Adhoc Soubise, erbjuder varm g\u00e4stfrihet och full service till bes\u00f6kande yachter. Det professionella teamet v\u00e4lkomnar en m\u00e4ngd olika motorb\u00e5tar, monohulls och multihulls, upp till 53 fot. Det \u00e4r en idealisk hamn f\u00f6r att f\u00f6rbereda en \u00f6verfart eller utf\u00f6ra underh\u00e5llsarbete p\u00e5 din b\u00e5t.<\/p>\n\n<div style=\"height:15px\" aria-hidden=\"true\" class=\"wp-block-spacer\"><\/div>\n\n<div class=\"wp-block-buttons is-layout-flex wp-block-buttons-is-layout-flex\">\n<div class=\"wp-block-button\"><a class=\"wp-block-button__link has-white-color has-vivid-cyan-blue-background-color has-text-color has-background has-link-color has-small-font-size has-custom-font-size wp-element-button\" href=\"https:\/\/www.port-adhoc.com\/sv\/soubise\/\" target=\"_blank\" rel=\"noreferrer noopener\">Uppt\u00e4ck Port Adhoc Soubise \ud83d\udc4b<\/a><\/div>\n<\/div>\n\n<div style=\"height:60px\" aria-hidden=\"true\" class=\"wp-block-spacer\"><\/div>\n\n<figure class=\"wp-block-image size-large\"><img fetchpriority=\"high\" decoding=\"async\" width=\"1024\" height=\"768\" src=\"https:\/\/b2765252.smushcdn.com\/2765252\/wp-content\/uploads\/2025\/04\/port-adhoc-soubise-scaled-2-1024x768.jpeg?lossy=1&strip=1&webp=1\" alt=\"\" class=\"wp-image-90043\" srcset=\"https:\/\/b2765252.smushcdn.com\/2765252\/wp-content\/uploads\/2025\/04\/port-adhoc-soubise-scaled-2-1024x768.jpeg?lossy=1&strip=1&webp=1 1024w, https:\/\/b2765252.smushcdn.com\/2765252\/wp-content\/uploads\/2025\/04\/port-adhoc-soubise-scaled-2-300x225.jpeg?lossy=1&strip=1&webp=1 300w, https:\/\/b2765252.smushcdn.com\/2765252\/wp-content\/uploads\/2025\/04\/port-adhoc-soubise-scaled-2-768x576.jpeg?lossy=1&strip=1&webp=1 768w, https:\/\/b2765252.smushcdn.com\/2765252\/wp-content\/uploads\/2025\/04\/port-adhoc-soubise-scaled-2-1536x1152.jpeg?lossy=1&strip=1&webp=1 1536w, https:\/\/b2765252.smushcdn.com\/2765252\/wp-content\/uploads\/2025\/04\/port-adhoc-soubise-scaled-2-2048x1536.jpeg?lossy=1&strip=1&webp=1 2048w, https:\/\/b2765252.smushcdn.com\/2765252\/wp-content\/uploads\/2025\/04\/port-adhoc-soubise-scaled-2.jpeg?size=512x384&lossy=1&strip=1&webp=1 512w\" sizes=\"(max-width: 1024px) 100vw, 1024px\" \/><figcaption class=\"wp-element-caption\">Flygfoto \u00f6ver Port Adhoc Soubise<\/figcaption><\/figure>\n\n<div style=\"height:60px\" aria-hidden=\"true\" class=\"wp-block-spacer\"><\/div>\n\n<h2 class=\"wp-block-heading\"><b><strong>Charente-Maritimes smaker: hav, v\u00e5tmarker och lantliga traditioner<\/strong><\/b><\/h2>\n\n<div style=\"height:15px\" aria-hidden=\"true\" class=\"wp-block-spacer\"><\/div>\n\n<p>Charente-Maritime \u00e4r b\u00e5de kust och landsbygd, och dess gener\u00f6sa k\u00f6k pr\u00e4glas av <b>Atlantens havsluft<\/b>, <b>saltmyrar<\/b> och <b>lokala ving\u00e5rdar<\/b>. Fr\u00e5n ostron fr\u00e5n Marennes-Ol\u00e9ron till Pineau des Charentes \u2013 varje stopp i denna region inbjuder dig att njuta av landskapet.<\/p>\n\n<div style=\"height:30px\" aria-hidden=\"true\" class=\"wp-block-spacer\"><\/div>\n\n<h3 class=\"wp-block-heading\"><b><strong>Ostron fr\u00e5n Marennes-Ol\u00e9ron, flodmynningens stolthet<\/strong><\/b><\/h3>\n\n<div style=\"height:15px\" aria-hidden=\"true\" class=\"wp-block-spacer\"><\/div>\n\n<p><b>Marennes-Ol\u00e9ron<\/b> \u00e4r Europas ledande ostronproducerande region och en av f\u00e5 som f\u00f6r\u00e4dlar sina <b>ostron i <i>claires, <\/i><\/b>tidigare saltmarskmarker som nu har f\u00e5tt en ny anv\u00e4ndning. Denna unika metod ger ostronen en mild s\u00e4lta, fast konsistens och en o\u00f6vertr\u00e4ffad mineralrikedom.<\/p>\n\n<div style=\"height:15px\" aria-hidden=\"true\" class=\"wp-block-spacer\"><\/div>\n\n<p>De mest k\u00e4nda sorterna:<\/p>\n\n<ul class=\"wp-block-list\">\n<li><b><i>Fine de Claire<\/i><\/b>: l\u00e4tt, krispig och mycket salt<\/li>\n\n\n\n<li><b><i>Sp\u00e9ciale de Claire<\/i><\/b>: k\u00f6ttigare och mildare<\/li>\n\n\n\n<li><b><i>Pousse en Claire<\/i><\/b>: en exceptionell, s\u00e4llsynt delikatess med en kraftig, l\u00e5ng eftersmak<\/li>\n<\/ul>\n\n<div style=\"height:60px\" aria-hidden=\"true\" class=\"wp-block-spacer\"><\/div>\n\n<figure class=\"wp-block-image size-large\"><img decoding=\"async\" width=\"1024\" height=\"683\" src=\"https:\/\/b2765252.smushcdn.com\/2765252\/wp-content\/uploads\/2025\/07\/AdobeStock_132238446-1024x683.jpeg?lossy=1&strip=1&webp=1\" alt=\"\" class=\"wp-image-104406\" srcset=\"https:\/\/b2765252.smushcdn.com\/2765252\/wp-content\/uploads\/2025\/07\/AdobeStock_132238446-1024x683.jpeg?lossy=1&strip=1&webp=1 1024w, https:\/\/b2765252.smushcdn.com\/2765252\/wp-content\/uploads\/2025\/07\/AdobeStock_132238446-300x200.jpeg?lossy=1&strip=1&webp=1 300w, https:\/\/b2765252.smushcdn.com\/2765252\/wp-content\/uploads\/2025\/07\/AdobeStock_132238446-768x512.jpeg?lossy=1&strip=1&webp=1 768w, https:\/\/b2765252.smushcdn.com\/2765252\/wp-content\/uploads\/2025\/07\/AdobeStock_132238446-1536x1024.jpeg?lossy=1&strip=1&webp=1 1536w, https:\/\/b2765252.smushcdn.com\/2765252\/wp-content\/uploads\/2025\/07\/AdobeStock_132238446-2048x1366.jpeg?lossy=1&strip=1&webp=1 2048w, https:\/\/b2765252.smushcdn.com\/2765252\/wp-content\/uploads\/2025\/07\/AdobeStock_132238446.jpeg?size=512x342&lossy=1&strip=1&webp=1 512w\" sizes=\"auto, (max-width: 1024px) 100vw, 1024px\" loading=\"lazy\" \/><figcaption class=\"wp-element-caption\">F\u00e4rska ostron fr\u00e5n Marennes-Ol\u00e9ron<\/figcaption><\/figure>\n\n<div style=\"height:60px\" aria-hidden=\"true\" class=\"wp-block-spacer\"><\/div>\n\n<p>\u27a1\ufe0f <b>Var kan man prova ostron fr\u00e5n Marennes-Ol\u00e9ron?<\/b><\/p>\n\n<ul class=\"wp-block-list\">\n<li><a href=\"https:\/\/www.tripadvisor.fr\/Restaurant_Review-g2139102-d3219172-Reviews-La_Cabane_du_Chapus-Bourcefranc_le_Chapus_Marennes_Charente_Maritime_Nouvelle_Aq.html\">La Cabane du Chapus<\/a>, Bourcefranc-le-Chapus<\/li>\n\n\n\n<li><a href=\"https:\/\/www.tripadvisor.fr\/Restaurant_Review-g2139102-d12878723-Reviews-Bar_a_Huitres_Le_Mollin-Bourcefranc_le_Chapus_Marennes_Charente_Maritime_Nouvel.html\">Bar \u00e0 hu\u00eetres Le Mollin<\/a>, Bourcefranc-le-Chapus<\/li>\n<\/ul>\n\n<div style=\"height:60px\" aria-hidden=\"true\" class=\"wp-block-spacer\"><\/div>\n\n<h3 class=\"wp-block-heading\"><b><strong>Pineau des Charentes \u2013 en lokal s\u00f6tma att njuta av<\/strong><\/b><\/h3>\n\n<div style=\"height:15px\" aria-hidden=\"true\" class=\"wp-block-spacer\"><\/div>\n\n<p><b>Pineau des Charentes<\/b> \u00e4r en raffinerad aperitif som uppstod av en lycklig slump p\u00e5 1500-talet och tillverkas genom att blanda druvmust med cognac-eau-de-vie. Den finns i b\u00e5de vitt och ros\u00e9 och har toner av mogen frukt, honung och ibland torkad frukt.<\/p>\n\n<p>Perfekta kombinationer \u00e4r bland annat:<\/p>\n\n<ul class=\"wp-block-list\">\n<li>En ostbricka med lokala ostar (unga eller mogna getostar)<\/li>\n\n\n\n<li>En s\u00f6t och salt f\u00f6rr\u00e4tt (melon, skinka, foie gras)<\/li>\n\n\n\n<li>En dessert med karamell eller stenfrukter<\/li>\n<\/ul>\n\n<div style=\"height:60px\" aria-hidden=\"true\" class=\"wp-block-spacer\"><\/div>\n\n<figure class=\"wp-block-image size-large\"><img decoding=\"async\" width=\"1024\" height=\"681\" src=\"https:\/\/b2765252.smushcdn.com\/2765252\/wp-content\/uploads\/2025\/07\/AdobeStock_750268881-1024x681.jpeg?lossy=1&strip=1&webp=1\" alt=\"\" class=\"wp-image-104411\" srcset=\"https:\/\/b2765252.smushcdn.com\/2765252\/wp-content\/uploads\/2025\/07\/AdobeStock_750268881-1024x681.jpeg?lossy=1&strip=1&webp=1 1024w, https:\/\/b2765252.smushcdn.com\/2765252\/wp-content\/uploads\/2025\/07\/AdobeStock_750268881-300x200.jpeg?lossy=1&strip=1&webp=1 300w, https:\/\/b2765252.smushcdn.com\/2765252\/wp-content\/uploads\/2025\/07\/AdobeStock_750268881-768x511.jpeg?lossy=1&strip=1&webp=1 768w, https:\/\/b2765252.smushcdn.com\/2765252\/wp-content\/uploads\/2025\/07\/AdobeStock_750268881-1536x1022.jpeg?lossy=1&strip=1&webp=1 1536w, https:\/\/b2765252.smushcdn.com\/2765252\/wp-content\/uploads\/2025\/07\/AdobeStock_750268881-2048x1363.jpeg?lossy=1&strip=1&webp=1 2048w, https:\/\/b2765252.smushcdn.com\/2765252\/wp-content\/uploads\/2025\/07\/AdobeStock_750268881.jpeg?size=512x341&lossy=1&strip=1&webp=1 512w\" sizes=\"auto, (max-width: 1024px) 100vw, 1024px\" loading=\"lazy\" \/><figcaption class=\"wp-element-caption\">Alkohol lagras p\u00e5 gamla ekfat i vink\u00e4llarna i Charente<\/figcaption><\/figure>\n\n<div style=\"height:60px\" aria-hidden=\"true\" class=\"wp-block-spacer\"><\/div>\n\n<p>\u27a1\ufe0f <b>Var kan man prova Pineau des Charentes?<\/b><\/p>\n\n<ul class=\"wp-block-list\">\n<li><a href=\"https:\/\/www.rochefort-ocean.com\/organiser\/vie-locale\/shopping\/le-relais-des-vignes-4671742\">Le Relais des Vignes<\/a>, Rochefort<\/li>\n\n\n\n<li><a href=\"https:\/\/cognacgodard.com\/content\/4-fouras-la-galerie-de-l-alambic\">La Galerie de l\u2019Alambic<\/a>, Fouras<\/li>\n<\/ul>\n\n<div style=\"height:60px\" aria-hidden=\"true\" class=\"wp-block-spacer\"><\/div>\n\n<h3 class=\"wp-block-heading\"><strong>Jonch\u00e9e, en specialitet fr\u00e5n Charente-Maritime<\/strong><\/h3>\n\n<div style=\"height:15px\" aria-hidden=\"true\" class=\"wp-block-spacer\"><\/div>\n\n<p>Jonch\u00e9e \u00e4r en symbolisk specialitet fr\u00e5n Charente-Maritime. Det \u00e4r en f\u00e4rsk ost gjord p\u00e5 komj\u00f6lk, som formas f\u00f6rsiktigt i <b>vassr\u00f6r <\/b><em>(joncs)<\/em>, d\u00e4rav namnet. Denna traditionella formningsmetod ger osten en l\u00e5ngstr\u00e4ckt form och karakteristiska r\u00e4nder. Jonch\u00e9e \u00e4r l\u00e4tt, mjuk och har en subtil doft av s\u00e4v och uppskattas f\u00f6r sin <b>f\u00e4rskhet och milda smak<\/b>. Den \u00e4ts ofta som dessert, naturell eller med lite str\u00f6socker, sylt eller en skv\u00e4tt Pineau des Charentes. Den \u00e4r s\u00e4llsynt utanf\u00f6r sitt ursprungsomr\u00e5de och \u00e4r ett m\u00e5ste att prova om du bes\u00f6ker Charente!<\/p>\n\n<div style=\"height:60px\" aria-hidden=\"true\" class=\"wp-block-spacer\"><\/div>\n<div class=\"wp-block-image\">\n<figure class=\"aligncenter size-large is-resized\"><img loading=\"lazy\" decoding=\"async\" width=\"1024\" height=\"768\" src=\"https:\/\/b2765252.smushcdn.com\/2765252\/wp-content\/uploads\/2025\/07\/Jonchee-Sentinelle-du-gout--1024x768.webp?lossy=1&strip=1&webp=1\" alt=\"\" class=\"wp-image-105234\" style=\"width:641px;height:auto\" srcset=\"https:\/\/b2765252.smushcdn.com\/2765252\/wp-content\/uploads\/2025\/07\/Jonchee-Sentinelle-du-gout--1024x768.webp?lossy=1&strip=1&webp=1 1024w, https:\/\/b2765252.smushcdn.com\/2765252\/wp-content\/uploads\/2025\/07\/Jonchee-Sentinelle-du-gout--300x225.webp?lossy=1&strip=1&webp=1 300w, https:\/\/b2765252.smushcdn.com\/2765252\/wp-content\/uploads\/2025\/07\/Jonchee-Sentinelle-du-gout--768x576.webp?lossy=1&strip=1&webp=1 768w, https:\/\/b2765252.smushcdn.com\/2765252\/wp-content\/uploads\/2025\/07\/Jonchee-Sentinelle-du-gout-.webp?lossy=1&strip=1&webp=1 1200w, https:\/\/b2765252.smushcdn.com\/2765252\/wp-content\/uploads\/2025\/07\/Jonchee-Sentinelle-du-gout-.webp?size=512x384&lossy=1&strip=1&webp=1 512w\" sizes=\"auto, (max-width: 1024px) 100vw, 1024px\" \/><figcaption class=\"wp-element-caption\">Jonch\u00e9e, <strong>\u00a9<\/strong> Papilles et Pupilles<\/figcaption><\/figure>\n<\/div>\n<div style=\"height:60px\" aria-hidden=\"true\" class=\"wp-block-spacer\"><\/div>\n\n<h3 class=\"wp-block-heading\"><b><strong>Soubises\u00e5s \u2013 ett kulinariskt arv<\/strong><\/b><\/h3>\n\n<div style=\"height:15px\" aria-hidden=\"true\" class=\"wp-block-spacer\"><\/div>\n\n<p>Bakom denna eleganta s\u00e5s ligger en \u00e4del historia. Den s\u00e4gs vara uppkallad efter marskalk Charles de Rohan-Soubise, minister under Ludvig XV och en k\u00e4nd gourmet. Denna s\u00e5s, som har sina r\u00f6tter i den franska mattraditionen, \u00e4r baserad p\u00e5 l\u00f6k och b\u00e9chamels\u00e5s och passar utm\u00e4rkt till f\u00e5gel, vitt k\u00f6tt och gr\u00f6nsaker som sparris eller \u00e5ngkokta potatis. Den f\u00f6rkroppsligar den franska k\u00f6kskonstens elegans till perfektion.<\/p>\n\n<div style=\"height:60px\" aria-hidden=\"true\" class=\"wp-block-spacer\"><\/div>\n\n<h2 class=\"wp-block-heading\"><b><strong>Recept: Soubise-s\u00e5s<\/strong><\/b><\/h2>\n\n<div style=\"height:30px\" aria-hidden=\"true\" class=\"wp-block-spacer\"><\/div>\n\n<h3 class=\"wp-block-heading\"><b><strong>Ingredienser (4 portioner)<\/strong><\/b><\/h3>\n\n<div style=\"height:30px\" aria-hidden=\"true\" class=\"wp-block-spacer\"><\/div>\n\n<ul class=\"wp-block-list\">\n<li>100 g Charentes-Poitou AOP-sm\u00f6r<\/li>\n\n\n\n<li>50 g mj\u00f6l<\/li>\n\n\n\n<li>500 ml helmj\u00f6lk<\/li>\n\n\n\n<li>400 g s\u00f6tl\u00f6k<\/li>\n\n\n\n<li>1 nypa salt<\/li>\n\n\n\n<li>En nypa muskot<\/li>\n\n\n\n<li>(Valfritt) 1 msk cr\u00e8me fra\u00eeche f\u00f6r extra kr\u00e4mighet<\/li>\n<\/ul>\n\n<div style=\"height:60px\" aria-hidden=\"true\" class=\"wp-block-spacer\"><\/div>\n\n<h3 class=\"wp-block-heading\"><b><strong>N\u00f6dv\u00e4ndig utrustning<\/strong><\/b><\/h3>\n\n<div style=\"height:30px\" aria-hidden=\"true\" class=\"wp-block-spacer\"><\/div>\n\n<ul class=\"wp-block-list\">\n<li>1 skalkniv<\/li>\n\n\n\n<li>1 sk\u00e4rbr\u00e4da<\/li>\n\n\n\n<li>1 stekpanna<\/li>\n\n\n\n<li>1 kastrull<\/li>\n\n\n\n<li>1 visp<\/li>\n\n\n\n<li>1 stavmixer (valfritt, f\u00f6r en sl\u00e4tare konsistens)<\/li>\n<\/ul>\n\n<div style=\"height:60px\" aria-hidden=\"true\" class=\"wp-block-spacer\"><\/div>\n\n<h3 class=\"wp-block-heading\"><b><strong>F\u00f6rberedelse<\/strong><\/b><\/h3>\n\n<div style=\"height:30px\" aria-hidden=\"true\" class=\"wp-block-spacer\"><\/div>\n\n<ul class=\"wp-block-list\">\n<li><b>F\u00f6rbered l\u00f6ken<\/b>: Skiva den s\u00f6ta l\u00f6ken fint.<\/li>\n\n\n\n<li><b>Fr\u00e4s<\/b>: Sm\u00e4lt 50 g sm\u00f6r i en stekpanna och stek l\u00f6ken p\u00e5 svag v\u00e4rme i cirka 15 minuter tills den blir genomskinlig men inte brun.<\/li>\n\n\n\n<li><b>G\u00f6r b\u00e9chamels\u00e5sen<\/b>: Sm\u00e4lt resterande sm\u00f6r i en kastrull, r\u00f6r i mj\u00f6let och l\u00e5t koka i 2 minuter tills det bildas en ljus roux. Tills\u00e4tt kall mj\u00f6lk gradvis under st\u00e4ndig omr\u00f6rning tills s\u00e5sen tjocknar.<\/li>\n\n\n\n<li><b>Blanda s\u00e5sen<\/b>: R\u00f6r ner de stekta l\u00f6karna i b\u00e9chamels\u00e5sen. Krydda med salt och en nypa muskot. F\u00f6r en \u00e4nnu sl\u00e4tare konsistens, mixa s\u00e5sen med en stavmixer.<\/li>\n\n\n\n<li><b>Avsluta och servera<\/b>: F\u00f6r en rikare version, r\u00f6r i en sked cr\u00e8me fra\u00eeche innan servering.<\/li>\n<\/ul>\n\n<div style=\"height:60px\" aria-hidden=\"true\" class=\"wp-block-spacer\"><\/div>\n\n<h2 class=\"wp-block-heading\"><b><strong>Recept: L\u00e4tt fruktsallad<\/strong><\/b><\/h2>\n\n<div style=\"height:30px\" aria-hidden=\"true\" class=\"wp-block-spacer\"><\/div>\n\n<p>Efter den rika Soubise-s\u00e5sen \u00e4r en l\u00e4tt dessert perfekt f\u00f6r att balansera m\u00e5ltiden. En fr\u00e4sch fruktsallad ger ljushet och friskhet.<\/p>\n\n<div style=\"height:30px\" aria-hidden=\"true\" class=\"wp-block-spacer\"><\/div>\n\n<h3 class=\"wp-block-heading\"><b><strong>Ingredienser (4 portioner)<\/strong><\/b><\/h3>\n\n<div style=\"height:30px\" aria-hidden=\"true\" class=\"wp-block-spacer\"><\/div>\n\n<ul class=\"wp-block-list\">\n<li>2 p\u00e4ron (Williams eller Comice)<\/li>\n\n\n\n<li>2 \u00e4pplen (Gala eller Pink Lady)<\/li>\n\n\n\n<li>1 apelsin<\/li>\n\n\n\n<li>1 rosa grapefrukt<\/li>\n\n\n\n<li>1 limefrukt<\/li>\n\n\n\n<li>N\u00e5gra f\u00e4rska myntablad<\/li>\n\n\n\n<li>2\u20133 msk flytande honung<\/li>\n\n\n\n<li>(Valfritt) Granat\u00e4pplefr\u00f6n eller rostade mandelflagor<\/li>\n<\/ul>\n\n<div style=\"height:60px\" aria-hidden=\"true\" class=\"wp-block-spacer\"><\/div>\n\n<h3 class=\"wp-block-heading\"><b><strong>N\u00f6dv\u00e4ndig utrustning<\/strong><\/b><\/h3>\n\n<div style=\"height:30px\" aria-hidden=\"true\" class=\"wp-block-spacer\"><\/div>\n\n<ul class=\"wp-block-list\">\n<li>1 sk\u00e4rbr\u00e4da<\/li>\n\n\n\n<li>1 kniv<\/li>\n\n\n\n<li>1 blandningssk\u00e5l<\/li>\n\n\n\n<li>1 sked<\/li>\n\n\n\n<li>1 rivj\u00e4rn (f\u00f6r limezest)<\/li>\n<\/ul>\n\n<div style=\"height:60px\" aria-hidden=\"true\" class=\"wp-block-spacer\"><\/div>\n\n<h3 class=\"wp-block-heading\"><b><strong>F\u00f6rberedelse<\/strong><\/b><\/h3>\n\n<div style=\"height:30px\" aria-hidden=\"true\" class=\"wp-block-spacer\"><\/div>\n\n<ul class=\"wp-block-list\">\n<li>Skala \u00e4pplena och p\u00e4ronen, ta bort k\u00e4rnhusen och sk\u00e4r dem i sm\u00e5 bitar. Skala apelsinen och grapefrukten och ta bort allt vitt. Dela dem i klyftor. Riv limefruktens skal fint och pressa sedan saften.<\/li>\n\n\n\n<li>Blanda alla hackade frukter i en salladssk\u00e5l.<\/li>\n\n\n\n<li>Tills\u00e4tt finhackade myntablad.<\/li>\n\n\n\n<li>Ringla \u00f6ver limejuice och honung.<\/li>\n\n\n\n<li>Blanda f\u00f6rsiktigt.<\/li>\n\n\n\n<li>Servera i sm\u00e5 sk\u00e5lar eller ramekiner.<\/li>\n\n\n\n<li>Tills\u00e4tt en krispig topping av granat\u00e4pplefr\u00f6n eller rostade mandlar.<\/li>\n<\/ul>\n\n<div style=\"height:60px\" aria-hidden=\"true\" class=\"wp-block-spacer\"><\/div>\n\n<div class=\"wp-block-buttons is-layout-flex wp-block-buttons-is-layout-flex\">\n<div class=\"wp-block-button\"><a class=\"wp-block-button__link has-background has-small-font-size has-custom-font-size wp-element-button\" href=\"https:\/\/www.port-adhoc.com\/sv\/blog\/galley-recipes\/varma-ostron-paj-med-pinjenotter\/\" style=\"background-color:#201e5b\" target=\"_blank\" rel=\"noreferrer noopener\">\u27a1\ufe0f L\u00e4s ocks\u00e5: Komb\u00fcsenrecept #4: Varma ostron<\/a><\/div>\n<\/div>\n\n<div style=\"height:60px\" aria-hidden=\"true\" class=\"wp-block-spacer\"><\/div>\n\n<p>Mellan raffinerad matlagning och enkla n\u00f6jen p\u00e5minner denna mellanlandning i Soubise oss om att varje m\u00e5ltid, vare sig det \u00e4r till havs eller p\u00e5 land, \u00e4r en m\u00f6jlighet att njuta av historia och lokala smaker.<\/p>\n\n<p><b><strong>Om du provar dessa recept, vare sig det \u00e4r p\u00e5 land eller ombord, dela dina foton med hashtaggen #GalleyRecipes!<\/strong><\/b><\/p>\n","protected":false},"excerpt":{"rendered":"<p>V\u00e5r serie Komb\u00fcsenrecept forts\u00e4tter sin resa i Charente-Maritime med ett stopp i Soubise, mellan floden och tr\u00e4skmarkerna. Denna diskreta hamn, inb\u00e4ddad vid Charente, \u00e4r en port till ett b\u00e5de marint och lantligt omr\u00e5de, rikt p\u00e5 traditioner och smaker. I det femte avsnittet s\u00e4tter vi kurs mot en historisk r\u00e4tt i det franska k\u00f6ket: den milda, kr\u00e4miga och eleganta s\u00e5sen Soubise. En kulinarisk hyllning till den kommun som gett den sitt namn!<\/p>\n","protected":false},"author":26,"featured_media":104782,"comment_status":"closed","ping_status":"closed","sticky":false,"template":"","format":"standard","meta":{"wds_primary_category":275,"footnotes":""},"categories":[275],"tags":[177],"class_list":["post-104761","post","type-post","status-publish","format-standard","has-post-thumbnail","hentry","category-kombusenrecept","tag-port-adhoc-soubise-sv"],"_links":{"self":[{"href":"https:\/\/www.port-adhoc.com\/sv\/wp-json\/wp\/v2\/posts\/104761","targetHints":{"allow":["GET"]}}],"collection":[{"href":"https:\/\/www.port-adhoc.com\/sv\/wp-json\/wp\/v2\/posts"}],"about":[{"href":"https:\/\/www.port-adhoc.com\/sv\/wp-json\/wp\/v2\/types\/post"}],"author":[{"embeddable":true,"href":"https:\/\/www.port-adhoc.com\/sv\/wp-json\/wp\/v2\/users\/26"}],"replies":[{"embeddable":true,"href":"https:\/\/www.port-adhoc.com\/sv\/wp-json\/wp\/v2\/comments?post=104761"}],"version-history":[{"count":0,"href":"https:\/\/www.port-adhoc.com\/sv\/wp-json\/wp\/v2\/posts\/104761\/revisions"}],"wp:featuredmedia":[{"embeddable":true,"href":"https:\/\/www.port-adhoc.com\/sv\/wp-json\/wp\/v2\/media\/104782"}],"wp:attachment":[{"href":"https:\/\/www.port-adhoc.com\/sv\/wp-json\/wp\/v2\/media?parent=104761"}],"wp:term":[{"taxonomy":"category","embeddable":true,"href":"https:\/\/www.port-adhoc.com\/sv\/wp-json\/wp\/v2\/categories?post=104761"},{"taxonomy":"post_tag","embeddable":true,"href":"https:\/\/www.port-adhoc.com\/sv\/wp-json\/wp\/v2\/tags?post=104761"}],"curies":[{"name":"wp","href":"https:\/\/api.w.org\/{rel}","templated":true}]}}