{"id":105724,"date":"2025-07-17T09:39:15","date_gmt":"2025-07-17T07:39:15","guid":{"rendered":"https:\/\/www.port-adhoc.com\/?p=105724"},"modified":"2026-01-12T15:48:43","modified_gmt":"2026-01-12T14:48:43","slug":"port-medoc-en-livfull-marina","status":"publish","type":"post","link":"https:\/\/www.port-adhoc.com\/sv\/blog\/marinanyheter\/port-medoc-en-livfull-marina\/","title":{"rendered":"Port M\u00e9doc, en livfull marina"},"content":{"rendered":"\n<p class=\"has-small-font-size\">Publiceringsdatum: 07\/17\/2025<\/p>\n\n<div style=\"height:60px\" aria-hidden=\"true\" class=\"wp-block-spacer\"><\/div>\n\n<h2 class=\"wp-block-heading\"><strong>En livlig marina i hj\u00e4rtat av M\u00e9doc<\/strong><\/h2>\n\n<div style=\"height:15px\" aria-hidden=\"true\" class=\"wp-block-spacer\"><\/div>\n\n<div style=\"height:0px\" aria-hidden=\"true\" class=\"wp-block-spacer\"><\/div>\n\n<p>Port M\u00e9doc har ett<strong data-start=\"43\" data-end=\"93\"> idealiskt geografiskt l\u00e4ge<\/strong>: i Le Verdon-sur-Mer, vid Atlanten och vid mynningen av Girondefloden, mittemot Royan. Det ligger i omedelbar n\u00e4rhet av Soulac-sur-Mer \u2013 en v\u00e4lk\u00e4nd badort som varje sommar lockar tusentals bes\u00f6kare.<\/p>\n\n<p>Hamnomr\u00e5det i Le Verdon \u00e4r l\u00e4ttillg\u00e4ngligt b\u00e5de fr\u00e5n land och sj\u00f6v\u00e4gen och tar emot en stor variation av bes\u00f6kare: motorb\u00e5ts- och segelb\u00e5ts\u00e4gare \u2013 ofta fr\u00e5n hamnar l\u00e4ngs flodmynningen \u2013 men ocks\u00e5 tillf\u00e4lliga turister som anl\u00e4nder med bil f\u00f6r att uppt\u00e4cka en genuin och \u00e4nnu relativt ouppt\u00e4ckt plats.<\/p>\n\n<div style=\"height:60px\" aria-hidden=\"true\" class=\"wp-block-spacer\"><\/div>\n\n<div class=\"wp-block-buttons is-layout-flex wp-block-buttons-is-layout-flex\">\n<div class=\"wp-block-button\"><a class=\"wp-block-button__link has-white-color has-vivid-cyan-blue-background-color has-text-color has-background has-link-color has-small-font-size has-custom-font-size wp-element-button\" href=\"https:\/\/www.port-adhoc.com\/sv\/port-medoc\/\" target=\"_blank\" rel=\"noreferrer noopener\">Uppt\u00e4ck Port M\u00e9doc \ud83d\udc4b<\/a><\/div>\n<\/div>\n\n<div style=\"height:60px\" aria-hidden=\"true\" class=\"wp-block-spacer\"><\/div>\n\n<p>Ur en seglares perspektiv \u00e4r det som g\u00f6r Port M\u00e9doc unik j\u00e4mf\u00f6rt med andra marinor l\u00e4ngs Atlantkusten dess tillg\u00e4nglighet:<\/p>\n\n<p>Medan m\u00e5nga hamnar l\u00e4ngs Atlantkusten \u00e4r fullbelagda, med b\u00e5t\u00e4gare som v\u00e4ntar i m\u00e5nader eller \u00e5r p\u00e5 en plats, har <strong>Port M\u00e9doc fortfarande lediga platser<\/strong> f\u00f6r b\u00e5tar mellan 8 och 10 meter \u2013 till och med f\u00f6r st\u00f6rre fartyg. F\u00f6r dem som s\u00f6ker en bekv\u00e4m och v\u00e4lkomnande marina utan att kompromissa med komforten \u00e4r detta en chans man inte b\u00f6r missa.<\/p>\n\n<div style=\"height:60px\" aria-hidden=\"true\" class=\"wp-block-spacer\"><\/div>\n\n<figure class=\"wp-block-image size-large\"><img fetchpriority=\"high\" decoding=\"async\" width=\"1024\" height=\"888\" src=\"https:\/\/b2765252.smushcdn.com\/2765252\/wp-content\/uploads\/2025\/07\/PM-GNL-22-scaled-e1755013032913-1024x888.jpg?lossy=1&strip=1&webp=1\" alt=\"Port M&#xE9;doc\" class=\"wp-image-108878\" srcset=\"https:\/\/www.port-adhoc.com\/wp-content\/uploads\/2025\/07\/PM-GNL-22-scaled-e1755013032913-1024x888.jpg 1024w, https:\/\/www.port-adhoc.com\/wp-content\/uploads\/2025\/07\/PM-GNL-22-scaled-e1755013032913-300x260.jpg 300w, https:\/\/www.port-adhoc.com\/wp-content\/uploads\/2025\/07\/PM-GNL-22-scaled-e1755013032913-768x666.jpg 768w, https:\/\/www.port-adhoc.com\/wp-content\/uploads\/2025\/07\/PM-GNL-22-scaled-e1755013032913-1536x1332.jpg 1536w, https:\/\/www.port-adhoc.com\/wp-content\/uploads\/2025\/07\/PM-GNL-22-scaled-e1755013032913.jpg 1707w\" sizes=\"(max-width: 1024px) 100vw, 1024px\" \/><\/figure>\n\n<div style=\"height:60px\" aria-hidden=\"true\" class=\"wp-block-spacer\"><\/div>\n\n<h2 class=\"wp-block-heading\"><strong>Butiker och service i marinan<\/strong><\/h2>\n\n<div style=\"height:15px\" aria-hidden=\"true\" class=\"wp-block-spacer\"><\/div>\n\n<p>I Port M\u00e9doc spelar lokala butiker en aktiv roll i <strong>marinans liv<\/strong>: olika verksamheter erbjuder produkter och tj\u00e4nster f\u00f6r b\u00e5tliv, utflykter och avkoppling.<\/p>\n\n<ul class=\"wp-block-list\">\n<li><a href=\"https:\/\/www.cordouanplaisanceservices.fr\/\">Cordouan Plaisance Services\u00a0<\/a><\/li>\n\n\n\n<li>Le comptoir des chantiers\u00a0<\/li>\n\n\n\n<li><a href=\"https:\/\/neosailingtechnologies.com\/\">Neo Sailing Technologies<\/a><\/li>\n\n\n\n<li>La Fabrique\u00a0<\/li>\n\n\n\n<li><a href=\"https:\/\/tyalan-accastillage.com\/\">Tyalan Accastillage<\/a><\/li>\n\n\n\n<li><a href=\"https:\/\/www.croiseurs-medocains.fr\/\">Croiseurs M\u00e9docains<\/a><\/li>\n\n\n\n<li><a href=\"https:\/\/voile-medoc.com\/\">Cercle Nautique du Verdon<\/a><\/li>\n\n\n\n<li><a href=\"https:\/\/www.facebook.com\/p\/eXtreme-Jet-33-61557667910860\/\">eXtreme Jet 33<\/a><\/li>\n\n\n\n<li><a href=\"https:\/\/www.flyjet33.com\/\">Fly Jet 33<\/a><\/li>\n\n\n\n<li><a href=\"https:\/\/www.paddlecenter33.com\/\">Paddle Center 33<\/a><\/li>\n\n\n\n<li><a href=\"https:\/\/medoc-en-mer.fr\/\">M\u00e9doc en Mer<\/a><\/li>\n\n\n\n<li><a href=\"https:\/\/www.vedette-laboheme.com\/\">La Boh\u00e8me<\/a><\/li>\n\n\n\n<li><a href=\"https:\/\/www.instagram.com\/brocnsoul\/\">Broc\u2019n\u2019Soul<\/a>\u00a0<\/li>\n\n\n\n<li><a href=\"https:\/\/www.instagram.com\/_laboutika_\/\">La Boutika<\/a><\/li>\n\n\n\n<li><a href=\"https:\/\/www.facebook.com\/leverdonpassioncycles\/\">Passion Cycles<\/a>\u00a0<\/li>\n\n\n\n<li><a href=\"https:\/\/www.facebook.com\/COLORYOURLIFE.Boby\/\">Color Your Life<\/a>\u00a0<\/li>\n\n\n\n<li><a href=\"https:\/\/www.heidimoriot.com\/lac\">SEA<\/a>\u00a0<\/li>\n\n\n\n<li><a href=\"https:\/\/douceursdumedoc.fr\/\">Douceurs du M\u00e9doc<\/a>\u2026\u00a0<\/li>\n<\/ul>\n\n<div style=\"height:60px\" aria-hidden=\"true\" class=\"wp-block-spacer\"><\/div>\n\n<figure class=\"wp-block-image size-large\"><img decoding=\"async\" width=\"1024\" height=\"682\" src=\"https:\/\/b2765252.smushcdn.com\/2765252\/wp-content\/uploads\/2025\/07\/PM-GNL-03-1024x682.jpg?lossy=1&strip=1&webp=1\" alt=\"\" class=\"wp-image-108863\" srcset=\"https:\/\/b2765252.smushcdn.com\/2765252\/wp-content\/uploads\/2025\/07\/PM-GNL-03-1024x682.jpg?lossy=1&strip=1&webp=1 1024w, https:\/\/b2765252.smushcdn.com\/2765252\/wp-content\/uploads\/2025\/07\/PM-GNL-03-300x200.jpg?lossy=1&strip=1&webp=1 300w, https:\/\/b2765252.smushcdn.com\/2765252\/wp-content\/uploads\/2025\/07\/PM-GNL-03-768x512.jpg?lossy=1&strip=1&webp=1 768w, https:\/\/b2765252.smushcdn.com\/2765252\/wp-content\/uploads\/2025\/07\/PM-GNL-03-1536x1023.jpg?lossy=1&strip=1&webp=1 1536w, https:\/\/b2765252.smushcdn.com\/2765252\/wp-content\/uploads\/2025\/07\/PM-GNL-03-2048x1364.jpg?lossy=1&strip=1&webp=1 2048w, https:\/\/b2765252.smushcdn.com\/2765252\/wp-content\/uploads\/2025\/07\/PM-GNL-03.jpg?size=512x341&lossy=1&strip=1&webp=1 512w\" sizes=\"auto, (max-width: 1024px) 100vw, 1024px\" loading=\"lazy\" \/><figcaption class=\"wp-element-caption\">Port M\u00e9doc, en marina i Gironde<\/figcaption><\/figure>\n\n<div style=\"height:60px\" aria-hidden=\"true\" class=\"wp-block-spacer\"><\/div>\n\n<h2 class=\"wp-block-heading\"><strong>En v\u00e4lkomnande atmosf\u00e4r mellan lugn och gemenskap<\/strong><\/h2>\n\n<div style=\"height:15px\" aria-hidden=\"true\" class=\"wp-block-spacer\"><\/div>\n\n<p>Bes\u00f6kare dras ofta till Port M\u00e9doc tack vare det bevarade naturomr\u00e5det runt marinan. Den som \u00e4lskar lugn, \u00f6ppna ytor och natur k\u00e4nner sig genast hemma! I n\u00e4rheten finns vilda str\u00e4nder, cykelv\u00e4gar genom skogen och kuststigar l\u00e4ngs Atlanten \u2013 ett stort natur\u00e4ventyr v\u00e4ntar.<\/p>\n\n<p>Oavsett om det handlar om vattensport, promenader, fiske eller f\u00e5gelsk\u00e5dning i estuariet \u00e4r marinan en perfekt utg\u00e5ngspunkt f\u00f6r en m\u00e4ngd popul\u00e4ra <strong>utomhusaktiviteter<\/strong> i naturens hj\u00e4rta.<\/p>\n\n<div style=\"height:30px\" aria-hidden=\"true\" class=\"wp-block-spacer\"><\/div>\n\n<blockquote class=\"wp-block-quote is-layout-flow wp-block-quote-is-layout-flow\">\n<p>&#8221;<em>Jag \u00e4lskar den h\u00e4r hamnen! Jag uppskattar lugnet som platsen utstr\u00e5lar. N\u00e4r det g\u00e4ller sj\u00e4lva marinan \u00e4r friheten att komma och g\u00e5 som man vill \u2013 oavsett tidvatten \u2013 en stor f\u00f6rdel. N\u00e5gra restauranger g\u00f6r helheten komplett.<\/em>\u201d<\/p>\n\n\n\n<p>Luc Mouche, Google-recension (2024)<\/p>\n<\/blockquote>\n\n<div style=\"height:30px\" aria-hidden=\"true\" class=\"wp-block-spacer\"><\/div>\n\n<p>Inom marinan kan anv\u00e4ndare \u2013 b\u00e5de promenerande, bes\u00f6kare och b\u00e5t\u00e4gare \u2013 njuta av den rofyllda omgivningen. F\u00f6r mat och dryck \u00e4r <a href=\"https:\/\/www.google.com\/search?hl=fr-IT&amp;sca_esv=4443c35cc00d3ade&amp;cs=0&amp;output=search&amp;tbm=lcl&amp;kgmid=\/g\/11b674jbn9&amp;q=Le+Bistrot+Du+Port&amp;shndl=30&amp;shem=lcuae,uaasie&amp;source=sh\/x\/loc\/uni\/m1\/1&amp;kgs=e1b8d10e6cacf15f\">Le Bistrot du Port<\/a>,\u00a0<a href=\"https:\/\/www.google.com\/search?hl=fr-IT&amp;sca_esv=4443c35cc00d3ade&amp;cs=0&amp;output=search&amp;tbm=lcl&amp;kgmid=\/g\/1235c42wn&amp;q=Le+Belem+Port-M%C3%A9doc&amp;shndl=30&amp;shem=lcuae,uaasie&amp;source=sh\/x\/loc\/uni\/m1\/1&amp;kgs=3d2c80e8f6a0afb4\">Le Belem<\/a> och <a href=\"https:\/\/share.google\/JSkSXFadKskBIBwLM\" target=\"_blank\" rel=\"noreferrer noopener\">le Ponton<\/a>\u00a0\u2013 de tre hamnrestaurangerna \u2013 mycket popul\u00e4ra bland b\u00e5de b\u00e5tfolk och lokalbefolkning.<\/p>\n\n<div style=\"height:60px\" aria-hidden=\"true\" class=\"wp-block-spacer\"><\/div>\n\n<figure class=\"wp-block-image size-large\"><img decoding=\"async\" width=\"1024\" height=\"819\" src=\"https:\/\/b2765252.smushcdn.com\/2765252\/wp-content\/uploads\/2025\/07\/IMG_0214-1024x819.jpg?lossy=1&strip=1&webp=1\" alt=\"\" class=\"wp-image-105585\" srcset=\"https:\/\/b2765252.smushcdn.com\/2765252\/wp-content\/uploads\/2025\/07\/IMG_0214-1024x819.jpg?lossy=1&strip=1&webp=1 1024w, https:\/\/b2765252.smushcdn.com\/2765252\/wp-content\/uploads\/2025\/07\/IMG_0214-300x240.jpg?lossy=1&strip=1&webp=1 300w, https:\/\/b2765252.smushcdn.com\/2765252\/wp-content\/uploads\/2025\/07\/IMG_0214-768x614.jpg?lossy=1&strip=1&webp=1 768w, https:\/\/b2765252.smushcdn.com\/2765252\/wp-content\/uploads\/2025\/07\/IMG_0214.jpg?lossy=1&strip=1&webp=1 1315w, https:\/\/b2765252.smushcdn.com\/2765252\/wp-content\/uploads\/2025\/07\/IMG_0214.jpg?size=512x410&lossy=1&strip=1&webp=1 512w\" sizes=\"auto, (max-width: 1024px) 100vw, 1024px\" loading=\"lazy\" \/><figcaption class=\"wp-element-caption\">Terrassen p\u00e5 Le Bistrot du Port med utsikt \u00f6ver Port M\u00e9docs bryggor<\/figcaption><\/figure>\n\n<div style=\"height:60px\" aria-hidden=\"true\" class=\"wp-block-spacer\"><\/div>\n\n<p>Under sommaren \u00f6kar antalet bes\u00f6kare markant. Lokalbor, campare och semesterfirare kommer f\u00f6r att njuta av omr\u00e5det. Trots detta bevarar marinan sin lugna atmosf\u00e4r \u2013 och det livliga evenemangsprogrammet ser till att ingen blir uttr\u00e5kad.<\/p>\n\n<p>Port M\u00e9doc kan uppt\u00e4ckas ensam, som par, med familj eller v\u00e4nner. Marinan fylls med liv under <strong>sommarens evenemang<\/strong>: uteserveringarna fylls, folk promenerar l\u00e4ngs kajerna, m\u00f6ts och delar den avslappnade, v\u00e4lkomnande st\u00e4mningen.<\/p>\n\n<div style=\"height:60px\" aria-hidden=\"true\" class=\"wp-block-spacer\"><\/div>\n\n<h2 class=\"wp-block-heading\"><strong>Port M\u00e9doc: familjeaktiviteter och festligheter \u00e5ret runt<\/strong><\/h2>\n\n<div style=\"height:15px\" aria-hidden=\"true\" class=\"wp-block-spacer\"><\/div>\n\n<h3 class=\"wp-block-heading\"><strong>La Vigie \u2013 navet f\u00f6r aktiviteter i marinan<\/strong><\/h3>\n\n<div style=\"height:30px\" aria-hidden=\"true\" class=\"wp-block-spacer\"><\/div>\n\n<p>Port M\u00e9doc \u00e4r mer \u00e4n bara en b\u00e5tplats \u2013 det \u00e4r en levande m\u00f6tesplats. \u00c5ret runt anordnas olika <strong>evenemang<\/strong>, till stor del tack vare klubbhuset <em>La Vigie<\/em>. Gruppen drivs av ett f\u00e5tal passionerade volont\u00e4rer och har som uppdrag att skapa liv i marinan, h\u00e5lla evenemang l\u00e4ngs kajerna och bygga en stark k\u00e4nsla av gemenskap bland anv\u00e4ndarna.<\/p>\n\n<p>F\u00f6r att st\u00f6dja <em>La Vigies<\/em> arbete har Port M\u00e9docs ledning tillhandah\u00e5llit tv\u00e5 kommersiella lokaler d\u00e4r volont\u00e4rerna nu kan organisera sina aktiviteter.<\/p>\n\n<div style=\"height:60px\" aria-hidden=\"true\" class=\"wp-block-spacer\"><\/div>\n\n<h3 class=\"wp-block-heading\"><strong>En rik och varierad evenemangskalender<\/strong><\/h3>\n\n<div style=\"height:30px\" aria-hidden=\"true\" class=\"wp-block-spacer\"><\/div>\n\n<p><p data-start=\"4045\" data-end=\"4202\">Fr\u00e5n januari till december h\u00e5ller <em>La Vigie<\/em> ett omfattande <strong>evenemangsprogram<\/strong>. Oavsett \u00e5lder eller om man \u00e4r lokal eller bes\u00f6kare \u2013 alla \u00e4r v\u00e4lkomna att delta!<\/p><\/p>\n\n<p>Evenemangen inkluderar grillkv\u00e4llar, \u00e4ggjakt till p\u00e5sk f\u00f6r barn, fisket\u00e4vlingar och en julmarknad d\u00e4r lokala hantverkare och marinaf\u00f6retag deltar med gl\u00e4dje.<\/p>\n\n<p>Under sommaren arrangerar Port M\u00e9doc flera kv\u00e4llsmarknader. Dessa kv\u00e4llar ger bes\u00f6kare m\u00f6jlighet att uppt\u00e4cka lokala produkter, tr\u00e4ffa boende och handlare samt njuta av trevlig samvaro.<\/p>\n\n<p>\u00c5r 2025 h\u00e5lls <strong>kv\u00e4llsmarknaderna<\/strong> varje fredag kv\u00e4ll i juli och augusti:<\/p>\n\n<ul class=\"wp-block-list\">\n<li>Fredag 11 juli<\/li>\n\n\n\n<li>Fredag 18 juli<\/li>\n\n\n\n<li>Fredag 25 juli<\/li>\n\n\n\n<li>Fredag 1 augusti<\/li>\n\n\n\n<li>Fredag 8 augusti<\/li>\n\n\n\n<li>Fredag 15 augusti<\/li>\n\n\n\n<li>Fredag 22 augusti<\/li>\n\n\n\n<li>Fredag 29 augusti<\/li>\n<\/ul>\n\n<div style=\"height:60px\" aria-hidden=\"true\" class=\"wp-block-spacer\"><\/div>\n\n<figure class=\"wp-block-gallery has-nested-images columns-default is-cropped wp-block-gallery-2 is-layout-flex wp-block-gallery-is-layout-flex\">\n<figure class=\"wp-block-image size-large\"><img loading=\"lazy\" decoding=\"async\" width=\"1024\" height=\"768\" data-id=\"105590\" src=\"https:\/\/b2765252.smushcdn.com\/2765252\/wp-content\/uploads\/2025\/07\/487286895_1096614779176805_2467096253453694007_n-1024x768.jpg?lossy=1&strip=1&webp=1\" alt=\"\" class=\"wp-image-105590\" srcset=\"https:\/\/b2765252.smushcdn.com\/2765252\/wp-content\/uploads\/2025\/07\/487286895_1096614779176805_2467096253453694007_n-1024x768.jpg?lossy=1&strip=1&webp=1 1024w, https:\/\/b2765252.smushcdn.com\/2765252\/wp-content\/uploads\/2025\/07\/487286895_1096614779176805_2467096253453694007_n-300x225.jpg?lossy=1&strip=1&webp=1 300w, https:\/\/b2765252.smushcdn.com\/2765252\/wp-content\/uploads\/2025\/07\/487286895_1096614779176805_2467096253453694007_n-768x576.jpg?lossy=1&strip=1&webp=1 768w, https:\/\/b2765252.smushcdn.com\/2765252\/wp-content\/uploads\/2025\/07\/487286895_1096614779176805_2467096253453694007_n-1536x1152.jpg?lossy=1&strip=1&webp=1 1536w, https:\/\/b2765252.smushcdn.com\/2765252\/wp-content\/uploads\/2025\/07\/487286895_1096614779176805_2467096253453694007_n.jpg?lossy=1&strip=1&webp=1 2048w, https:\/\/b2765252.smushcdn.com\/2765252\/wp-content\/uploads\/2025\/07\/487286895_1096614779176805_2467096253453694007_n.jpg?size=512x384&lossy=1&strip=1&webp=1 512w\" sizes=\"auto, (max-width: 1024px) 100vw, 1024px\" \/><\/figure>\n\n\n\n<figure class=\"wp-block-image size-large\"><img loading=\"lazy\" decoding=\"async\" width=\"1024\" height=\"768\" data-id=\"105595\" src=\"https:\/\/b2765252.smushcdn.com\/2765252\/wp-content\/uploads\/2025\/07\/487313745_1096821172489499_8767373559512554839_n-1024x768.jpg?lossy=1&strip=1&webp=1\" alt=\"\" class=\"wp-image-105595\" srcset=\"https:\/\/b2765252.smushcdn.com\/2765252\/wp-content\/uploads\/2025\/07\/487313745_1096821172489499_8767373559512554839_n-1024x768.jpg?lossy=1&strip=1&webp=1 1024w, https:\/\/b2765252.smushcdn.com\/2765252\/wp-content\/uploads\/2025\/07\/487313745_1096821172489499_8767373559512554839_n-300x225.jpg?lossy=1&strip=1&webp=1 300w, https:\/\/b2765252.smushcdn.com\/2765252\/wp-content\/uploads\/2025\/07\/487313745_1096821172489499_8767373559512554839_n-768x576.jpg?lossy=1&strip=1&webp=1 768w, https:\/\/b2765252.smushcdn.com\/2765252\/wp-content\/uploads\/2025\/07\/487313745_1096821172489499_8767373559512554839_n-1536x1152.jpg?lossy=1&strip=1&webp=1 1536w, https:\/\/b2765252.smushcdn.com\/2765252\/wp-content\/uploads\/2025\/07\/487313745_1096821172489499_8767373559512554839_n.jpg?lossy=1&strip=1&webp=1 2048w, https:\/\/b2765252.smushcdn.com\/2765252\/wp-content\/uploads\/2025\/07\/487313745_1096821172489499_8767373559512554839_n.jpg?size=512x384&lossy=1&strip=1&webp=1 512w\" sizes=\"auto, (max-width: 1024px) 100vw, 1024px\" \/><\/figure>\n<\/figure>\n\n<div style=\"height:60px\" aria-hidden=\"true\" class=\"wp-block-spacer\"><\/div>\n\n<h2 class=\"wp-block-heading\"><strong>F\u00eate des Pontons: sommarens h\u00f6jdpunkt i marinan<\/strong><\/h2>\n\n<div style=\"height:15px\" aria-hidden=\"true\" class=\"wp-block-spacer\"><\/div>\n\n<p>En av sommarens st\u00f6rsta h\u00f6jdpunkter i Port M\u00e9doc \u00e4r <strong data-start=\"4776\" data-end=\"4796\">F\u00eate des Pontons<\/strong> (Bryggfesten). I \u00e5r h\u00e5lls den den 19 juli, fr\u00e5n tidig eftermiddag till kv\u00e4ll.<\/p>\n\n<p>Det \u00e4r tredje \u00e5ret i rad som evenemanget anordnas av Club House <em>La Vigie<\/em> i n\u00e4ra samarbete med marinan. Festdagen \u00e4r t\u00e4nkt att vara enkel, v\u00e4nlig och inkluderande \u2013 \u00f6ppen f\u00f6r b\u00e5de b\u00e5tfolk och allm\u00e4nheten.<\/p>\n\n<div style=\"height:60px\" aria-hidden=\"true\" class=\"wp-block-spacer\"><\/div>\n\n<h3 class=\"wp-block-heading\"><strong>Program: marknad, spel, parad, middag och konsert<\/strong><\/h3>\n\n<div style=\"height:30px\" aria-hidden=\"true\" class=\"wp-block-spacer\"><\/div>\n\n<p><p data-start=\"5144\" data-end=\"5370\">\u00c5rets F\u00eate des Pontons inleds med en stor och varierad hantverksmarknad l\u00e4ngs marinans kajer.<br data-start=\"5237\" data-end=\"5240\"\/>Fr\u00e5n kl. 14.00 kan bes\u00f6kare strosa runt bland lokala alster, provsmaka regionala delikatesser och leka med stora tr\u00e4s\u00e4llskapsspel. En gatuteatergrupp \u2013 Asym\u00e9trik fr\u00e5n Nantes \u2013 underh\u00e5ller marinan under eftermiddagen.<\/p><\/p>\n\n<div style=\"height:60px\" aria-hidden=\"true\" class=\"wp-block-spacer\"><\/div>\n\n<figure class=\"wp-block-gallery has-nested-images columns-default is-cropped wp-block-gallery-3 is-layout-flex wp-block-gallery-is-layout-flex\">\n<figure class=\"wp-block-image size-large\"><img loading=\"lazy\" decoding=\"async\" width=\"683\" height=\"1024\" data-id=\"108873\" src=\"https:\/\/b2765252.smushcdn.com\/2765252\/wp-content\/uploads\/2025\/07\/PM-CMR-40-683x1024.jpg?lossy=1&strip=1&webp=1\" alt=\"\" class=\"wp-image-108873\" srcset=\"https:\/\/b2765252.smushcdn.com\/2765252\/wp-content\/uploads\/2025\/07\/PM-CMR-40-683x1024.jpg?lossy=1&strip=1&webp=1 683w, https:\/\/b2765252.smushcdn.com\/2765252\/wp-content\/uploads\/2025\/07\/PM-CMR-40-200x300.jpg?lossy=1&strip=1&webp=1 200w, https:\/\/b2765252.smushcdn.com\/2765252\/wp-content\/uploads\/2025\/07\/PM-CMR-40-768x1152.jpg?lossy=1&strip=1&webp=1 768w, https:\/\/b2765252.smushcdn.com\/2765252\/wp-content\/uploads\/2025\/07\/PM-CMR-40-1024x1536.jpg?lossy=1&strip=1&webp=1 1024w, https:\/\/b2765252.smushcdn.com\/2765252\/wp-content\/uploads\/2025\/07\/PM-CMR-40-1365x2048.jpg?lossy=1&strip=1&webp=1 1365w, https:\/\/b2765252.smushcdn.com\/2765252\/wp-content\/uploads\/2025\/07\/PM-CMR-40-scaled.jpg?lossy=1&strip=1&webp=1 1707w, https:\/\/b2765252.smushcdn.com\/2765252\/wp-content\/uploads\/2025\/07\/PM-CMR-40.jpg?size=512x768&lossy=1&strip=1&webp=1 512w\" sizes=\"auto, (max-width: 683px) 100vw, 683px\" \/><\/figure>\n\n\n\n<figure class=\"wp-block-image size-large\"><img loading=\"lazy\" decoding=\"async\" width=\"683\" height=\"1024\" data-id=\"108868\" src=\"https:\/\/b2765252.smushcdn.com\/2765252\/wp-content\/uploads\/2025\/07\/PM-CMR-36-683x1024.jpg?lossy=1&strip=1&webp=1\" alt=\"\" class=\"wp-image-108868\" srcset=\"https:\/\/b2765252.smushcdn.com\/2765252\/wp-content\/uploads\/2025\/07\/PM-CMR-36-683x1024.jpg?lossy=1&strip=1&webp=1 683w, https:\/\/b2765252.smushcdn.com\/2765252\/wp-content\/uploads\/2025\/07\/PM-CMR-36-200x300.jpg?lossy=1&strip=1&webp=1 200w, https:\/\/b2765252.smushcdn.com\/2765252\/wp-content\/uploads\/2025\/07\/PM-CMR-36-768x1152.jpg?lossy=1&strip=1&webp=1 768w, https:\/\/b2765252.smushcdn.com\/2765252\/wp-content\/uploads\/2025\/07\/PM-CMR-36-1024x1536.jpg?lossy=1&strip=1&webp=1 1024w, https:\/\/b2765252.smushcdn.com\/2765252\/wp-content\/uploads\/2025\/07\/PM-CMR-36-1365x2048.jpg?lossy=1&strip=1&webp=1 1365w, https:\/\/b2765252.smushcdn.com\/2765252\/wp-content\/uploads\/2025\/07\/PM-CMR-36-scaled.jpg?lossy=1&strip=1&webp=1 1707w, https:\/\/b2765252.smushcdn.com\/2765252\/wp-content\/uploads\/2025\/07\/PM-CMR-36.jpg?size=512x768&lossy=1&strip=1&webp=1 512w\" sizes=\"auto, (max-width: 683px) 100vw, 683px\" \/><\/figure>\n<\/figure>\n\n<div style=\"height:60px\" aria-hidden=\"true\" class=\"wp-block-spacer\"><\/div>\n\n<p>F\u00f6r att f\u00f6rst\u00e4rka festst\u00e4mningen bjuds b\u00e5t\u00e4gare in att dekorera sina b\u00e5tar och delta i en vattenparad i estuariet.<\/p>\n\n<p>P\u00e5 kv\u00e4llen h\u00e5lls en sittande utomhusmiddag exklusivt f\u00f6r b\u00e5tplatsinnehavare. Maten tillagas av <em>La Cuisine de Len<\/em>, en h\u00f6gt ansedd lokal kock utvald av arrang\u00f6rsteamet.<\/p>\n\n<p>Slutligen upptr\u00e4der bandet <em>The Pulse<\/em> med en gratis utomhuskonsert p\u00e5 kajen mellan kl. 22.00 och midnatt.<\/p>\n\n<p>Teamet fr\u00e5n Port Adhoc ser fram emot evenemanget! F\u00f6rra \u00e5rets F\u00eate des Pontons var en stor framg\u00e5ng, d\u00e4r matens kvalitet och den livliga, v\u00e4nliga atmosf\u00e4ren fick mycket ber\u00f6m fr\u00e5n deltagarna.<\/p>\n\n<div style=\"height:60px\" aria-hidden=\"true\" class=\"wp-block-spacer\"><\/div>\n\n<div class=\"wp-block-buttons is-layout-flex wp-block-buttons-is-layout-flex\">\n<div class=\"wp-block-button\"><a class=\"wp-block-button__link has-white-color has-vivid-cyan-blue-background-color has-text-color has-background has-link-color has-small-font-size has-custom-font-size wp-element-button\" href=\"https:\/\/www.port-adhoc.com\/sv\/port-medoc\/\" target=\"_blank\" rel=\"noreferrer noopener\">Uppt\u00e4ck Port M\u00e9doc \ud83d\udc4b<\/a><\/div>\n<\/div>\n","protected":false},"excerpt":{"rendered":"<p>Vid mynningen av Gironde-estuariet, mellan Atlanten och vindistriktet M\u00e9doc, \u00e4r Port M\u00e9doc en verkligt livlig destination. Varje \u00e5r samlas b\u00e5tfolk, semesterfirare och lokalbor fr\u00e5n Verdon-sur-Mer i marinan. De omr\u00e5den som f\u00f6rvaltas av Port Adhoc-gruppen \u00e4r omtyckta f\u00f6r sin varma atmosf\u00e4r, tillg\u00e4nglighet och det breda utbudet av evenemang. Varje bes\u00f6k blir ett of\u00f6rgl\u00f6mligt minne!<\/p>\n","protected":false},"author":26,"featured_media":113094,"comment_status":"closed","ping_status":"closed","sticky":false,"template":"","format":"standard","meta":{"wds_primary_category":0,"footnotes":""},"categories":[182],"tags":[191],"class_list":["post-105724","post","type-post","status-publish","format-standard","has-post-thumbnail","hentry","category-marinanyheter","tag-port-medoc-sv"],"_links":{"self":[{"href":"https:\/\/www.port-adhoc.com\/sv\/wp-json\/wp\/v2\/posts\/105724","targetHints":{"allow":["GET"]}}],"collection":[{"href":"https:\/\/www.port-adhoc.com\/sv\/wp-json\/wp\/v2\/posts"}],"about":[{"href":"https:\/\/www.port-adhoc.com\/sv\/wp-json\/wp\/v2\/types\/post"}],"author":[{"embeddable":true,"href":"https:\/\/www.port-adhoc.com\/sv\/wp-json\/wp\/v2\/users\/26"}],"replies":[{"embeddable":true,"href":"https:\/\/www.port-adhoc.com\/sv\/wp-json\/wp\/v2\/comments?post=105724"}],"version-history":[{"count":0,"href":"https:\/\/www.port-adhoc.com\/sv\/wp-json\/wp\/v2\/posts\/105724\/revisions"}],"wp:featuredmedia":[{"embeddable":true,"href":"https:\/\/www.port-adhoc.com\/sv\/wp-json\/wp\/v2\/media\/113094"}],"wp:attachment":[{"href":"https:\/\/www.port-adhoc.com\/sv\/wp-json\/wp\/v2\/media?parent=105724"}],"wp:term":[{"taxonomy":"category","embeddable":true,"href":"https:\/\/www.port-adhoc.com\/sv\/wp-json\/wp\/v2\/categories?post=105724"},{"taxonomy":"post_tag","embeddable":true,"href":"https:\/\/www.port-adhoc.com\/sv\/wp-json\/wp\/v2\/tags?post=105724"}],"curies":[{"name":"wp","href":"https:\/\/api.w.org\/{rel}","templated":true}]}}