{"id":112523,"date":"2025-09-10T13:54:22","date_gmt":"2025-09-10T11:54:22","guid":{"rendered":"https:\/\/www.port-adhoc.com\/?p=112523"},"modified":"2025-09-11T15:53:27","modified_gmt":"2025-09-11T13:53:27","slug":"vinterforvaring-for-batar-i-nederlanderna-vad-som-kannetecknar-en-bra-vinterforvaring","status":"publish","type":"post","link":"https:\/\/www.port-adhoc.com\/sv\/blog\/teknik-och-tips\/vinterforvaring-for-batar-i-nederlanderna-vad-som-kannetecknar-en-bra-vinterforvaring\/","title":{"rendered":"Vinterf\u00f6rvaring f\u00f6r b\u00e5tar i Nederl\u00e4nderna: Vad som k\u00e4nnetecknar en bra vinterf\u00f6rvaring"},"content":{"rendered":"\n<p class=\"has-small-font-size\">Publiceringsdatum: 10\/09\/2025<\/p>\n\n<div style=\"height:60px\" aria-hidden=\"true\" class=\"wp-block-spacer\"><\/div>\n\n<h2 class=\"wp-block-heading\"><strong>Checklista: Vad som k\u00e4nnetecknar en bra vinterf\u00f6rvaring i Nederl\u00e4nderna<\/strong><\/h2>\n\n<div style=\"height:15px\" aria-hidden=\"true\" class=\"wp-block-spacer\"><\/div>\n\n<div style=\"height:0px\" aria-hidden=\"true\" class=\"wp-block-spacer\"><\/div>\n\n<p>F\u00f6r att hitta den l\u00e4mpliga vinterf\u00f6rvaringen b\u00f6r du f\u00f6rst fr\u00e5ga dig sj\u00e4lv vad som \u00e4r viktigt f\u00f6r dig och vilka arbeten du vill utf\u00f6ra p\u00e5 din b\u00e5t under vintern. N\u00e4r du har det klart f\u00f6r dig rekommenderar vi att du dessutom uppm\u00e4rksammar f\u00f6ljande 5 punkter.<\/p>\n\n<div style=\"height:60px\" aria-hidden=\"true\" class=\"wp-block-spacer\"><\/div>\n\n<h3 class=\"wp-block-heading\"><strong>Dessa 5 punkter k\u00e4nnetecknar en bra vinterf\u00f6rvaring<\/strong><\/h3>\n\n<div style=\"height:15px\" aria-hidden=\"true\" class=\"wp-block-spacer\"><\/div>\n\n<p><strong>1. Skydd &amp; klimat:<\/strong><\/p>\n\n<p>En bra hallplats skyddar inte bara mot regn, utan \u00e4ven mot temperaturskiftningar och kondensfukt. Ventilation, luftcirkulation och torrhet \u00e4r avg\u00f6rande f\u00f6r att undvika m\u00f6gel och korrosion. Vid en utomhusplats \u00e4r en professionell vinterkonservering avg\u00f6rande f\u00f6r att b\u00e4st f\u00f6rebygga ovan n\u00e4mnda problem.<\/p>\n\n<div style=\"height:15px\" aria-hidden=\"true\" class=\"wp-block-spacer\"><\/div>\n\n<p><strong>2. Teknisk infrastruktur:<\/strong><\/p>\n\n<p>Idealiskt finns krananl\u00e4ggningar, elanslutningar, vattenf\u00f6rs\u00f6rjning och eventuellt avfallshanteringsstationer i direkt n\u00e4rhet. S\u00e4rskilt praktiskt: hallar med tillr\u00e4cklig h\u00f6jd f\u00f6r st\u00e5ende master eller kranar med h\u00f6g lyftkapacitet samt t\u00e4ckta omr\u00e5den vid utomhusf\u00f6rvaringar f\u00f6r att ha alternativ f\u00f6r arbeten som inte beh\u00f6ver utf\u00f6ras direkt vid b\u00e5ten.<\/p>\n\n<div style=\"height:15px\" aria-hidden=\"true\" class=\"wp-block-spacer\"><\/div>\n\n<p><strong>3. Underh\u00e5llsservice p\u00e5 plats:<\/strong><\/p>\n\n<p>Vissa marinor erbjuder fullservicepaket: motorunderh\u00e5ll, skrovsinspektion, batteriv\u00e5rd eller reparationsarbeten \u2013 direkt i vinterf\u00f6rvaringen. Det sparar tid, nerver och resor. Dessutom \u00e4r det f\u00f6r vissa arbeten meningsfullt att ha proffs p\u00e5 plats.<\/p>\n\n<div style=\"height:15px\" aria-hidden=\"true\" class=\"wp-block-spacer\"><\/div>\n\n<p><strong>4. God tillg\u00e4nglighet:<\/strong><\/p>\n\n<p>En vinterf\u00f6rvaring \u00e4r inte mycket v\u00e4rd om den ligger g\u00f6md i provinsens dimma. Goda v\u00e4gf\u00f6rbindelser, parkeringsm\u00f6jligheter och eventuellt kollektivtrafik g\u00f6r det l\u00e4ttare med regelbundna kontroller eller spontana arbeten.<\/p>\n\n<div style=\"height:15px\" aria-hidden=\"true\" class=\"wp-block-spacer\"><\/div>\n\n<p><strong>5. Tydlig kommunikation &amp; erfarenhet:<\/strong><\/p>\n\n<p>Att ha en tysk- eller engelsktalande kontaktperson som kommunicerar \u00f6ppet och transparent f\u00f6rhindrar missf\u00f6rst\u00e5nd. Att kunna lita p\u00e5 ett erfaret marina-team ger f\u00e4rre bekymmer. B\u00e5da dessa faktorer g\u00e4ller i m\u00e5nga nederl\u00e4ndska marinor. Komforten och servicen i de nederl\u00e4ndska marinorna \u00f6vertygar m\u00e5nga b\u00e5t\u00e4gare.<\/p>\n\n<div style=\"height:60px\" aria-hidden=\"true\" class=\"wp-block-spacer\"><\/div>\n\n<h2 class=\"wp-block-heading\"><strong>Inomhus eller utomhus \u2013 kort f\u00f6rklarat<\/strong><\/h2>\n\n<div style=\"height:30px\" aria-hidden=\"true\" class=\"wp-block-spacer\"><\/div>\n\n<p>Inte varje b\u00e5t beh\u00f6ver n\u00f6dv\u00e4ndigtvis en hallf\u00f6rvaring. Och inte varje utomhusf\u00f6rvaring \u00e4r densamma. Den som \u00e4r v\u00e4l f\u00f6rberedd, v\u00e4ljer r\u00e4tt marina och vinterkonserverar sin b\u00e5t korrekt, g\u00f6r med b\u00e5da varianterna ett bra och s\u00e4kert val.<br\/><br\/>H\u00e4r en grov j\u00e4mf\u00f6relse:<\/p>\n\n<div style=\"height:15px\" aria-hidden=\"true\" class=\"wp-block-spacer\"><\/div>\n\n <meta charset=\"utf-8\"\/><br\/>  <meta name=\"viewport\" content=\"width=device-width, initial-scale=1\"\/><br\/>  <title>Tableau responsive \u2013 Indoor vs Outdoor<\/title><br\/>  <style>\r\n    .table-container {\r\n      max-width: 100%;\r\n      overflow-x: auto;\r\n      -webkit-overflow-scrolling: touch;\r\n    }\r\n\r\n    body {\r\n      font-family: system-ui, -apple-system, Segoe UI, Roboto, sans-serif;\r\n      font-size: 16px;\r\n      color: #201e5b;\r\n    }\r\n\r\n    table {\r\n      width: 100%;\r\n      border-collapse: collapse;\r\n    }\r\n\r\n    thead th {\r\n      text-align: left;\r\n      background: #f7f6f4;\r\n      color: #201e5b;\r\n    }\r\n\r\n    th, td {\r\n      padding: 12px 14px;\r\n      border-bottom: 1px solid #e5e7eb;\r\n      vertical-align: top;\r\n    }\r\n\r\n    tr:hover td {\r\n      background: #fafafa;\r\n    }\r\n\r\n    @media (max-width: 640px) {\r\n      thead {\r\n        display: none;\r\n      }\r\n\r\n      table, tbody, tr, td {\r\n        display: block;\r\n        width: 100%;\r\n      }\r\n\r\n      tr {\r\n        margin: 0 0 12px 0;\r\n        border: 1px solid #e5e7eb;\r\n        border-radius: 12px;\r\n        overflow: hidden;\r\n      }\r\n\r\n      td {\r\n        border: 0;\r\n        border-bottom: 1px solid #f1f5f9;\r\n        padding: 10px 12px 10px 120px;\r\n        position: relative;\r\n      }\r\n\r\n      td:last-child {\r\n        border-bottom: 0;\r\n      }\r\n\r\n      td::before {\r\n        content: attr(data-label);\r\n        position: absolute;\r\n        left: 12px;\r\n        top: 10px;\r\n        width: 96px;\r\n        font-weight: 600;\r\n        color: #201e5b;\r\n        white-space: normal;\r\n      }\r\n    }\r\n  <\/style><br\/><br\/><div class=\"table-container\" role=\"region\" aria-label=\"Inomhus vs Utomhus vinterf\u00f6rvaring\">\r\n  <table aria-describedby=\"caption\">\r\n    <thead>\r\n      <tr>\r\n        <th scope=\"col\">Kriterium<\/th>\r\n        <th scope=\"col\">Inomhus vinterf\u00f6rvaring<\/th>\r\n        <th scope=\"col\">Utomhus vinterf\u00f6rvaring<\/th>\r\n      <\/tr>\r\n    <\/thead>\r\n    <tbody>\r\n      <tr>\r\n        <td data-label=\"Kriterium\">Skydd<\/td>\r\n        <td data-label=\"Inomhus vinterf\u00f6rvaring\">Maximalt skydd mot v\u00e4der och klimat<\/td>\r\n        <td data-label=\"Utomhus vinterf\u00f6rvaring\">Robusta b\u00e5tar med kapell \u00e4r v\u00e4l skyddade<\/td>\r\n      <\/tr>\r\n      <tr>\r\n        <td data-label=\"Kriterium\">Kostnader<\/td>\r\n        <td data-label=\"Inomhus vinterf\u00f6rvaring\">H\u00f6gre, men inkluderar komfort och s\u00e4kerhet<\/td>\r\n        <td data-label=\"Utomhus vinterf\u00f6rvaring\">Billigare, p\u00e5litligt vid god f\u00f6rberedelse<\/td>\r\n      <\/tr>\r\n      <tr>\r\n        <td data-label=\"Kriterium\">Service<\/td>\r\n        <td data-label=\"Inomhus vinterf\u00f6rvaring\">Underh\u00e5ll m\u00f6jligt oberoende av v\u00e4der<\/td>\r\n        <td data-label=\"Utomhus vinterf\u00f6rvaring\">Tillg\u00e5ng oftast mer flexibel, v\u00e4derberoende<\/td>\r\n      <\/tr>\r\n    <\/tbody>\r\n  <\/table>\r\n<\/div>\n\n<div style=\"height:15px\" aria-hidden=\"true\" class=\"wp-block-spacer\"><\/div>\n\n<div class=\"wp-block-buttons is-layout-flex wp-block-buttons-is-layout-flex\">\n<div class=\"wp-block-button\"><a class=\"wp-block-button__link has-background has-small-font-size has-custom-font-size wp-element-button\" href=\"https:\/\/www.port-adhoc.com\/sv\/blog\/teknik-och-tips\/inomhus-eller-utomhus-sa-hittar-du-ratt-vinterforvaring-i-nederlanderna\/\" style=\"background-color:#201e5b\" target=\"_blank\" rel=\"noreferrer noopener\">\u27a1\ufe0f L\u00e4s ocks\u00e5: Inomhus eller utomhus? S\u00e5 hittar du r\u00e4tt vinterf\u00f6rvaring i Nederl\u00e4nderna<\/a><\/div>\n<\/div>\n\n<div style=\"height:60px\" aria-hidden=\"true\" class=\"wp-block-spacer\"><\/div>\n\n<h2 class=\"wp-block-heading\"><strong>Inomhusf\u00f6rvaring \u2013 s\u00e5 g\u00e5r det till<\/strong><\/h2>\n\n<div style=\"height:15px\" aria-hidden=\"true\" class=\"wp-block-spacer\"><\/div>\n\n<p>F\u00f6rvaring i hall f\u00f6ljer ett tydligt schema \u2013 s\u00e4rskilt n\u00e4r den sker professionellt. H\u00e4r ett typiskt exempel fr\u00e5n <strong>Flevo Marina Lelystad<\/strong>:<\/p>\n\n<div style=\"height:30px\" aria-hidden=\"true\" class=\"wp-block-spacer\"><\/div>\n\n<h3 class=\"wp-block-heading\"><strong>Stegen i \u00f6versikt<\/strong><\/h3>\n\n<div style=\"height:15px\" aria-hidden=\"true\" class=\"wp-block-spacer\"><\/div>\n\n<ul class=\"wp-block-list\">\n<li>Bokning (helst fr\u00e5n maj\/juni \u2013 inomhusplatser blir snabbt fullbokade!)<\/li>\n\n\n\n<li>Boka krantid<\/li>\n\n\n\n<li>B\u00e5ten lyfts och skrovet spolas <em>(ing\u00e5r i priset hos Flevo Marina)<\/em><\/li>\n\n\n\n<li>Vinterf\u00f6rberedelser (motor, sanit\u00e4rsystem, f\u00e4rskvatten etc.)<\/li>\n\n\n\n<li>Inv\u00e4ndig reng\u00f6ring m\u00f6jlig med \u201dFlevoClean\u201d \u2013 perfekt f\u00f6r en enkel start p\u00e5 v\u00e5ren<\/li>\n\n\n\n<li>Valfritt: hyra s\u00e4kerhetsutrustning ist\u00e4llet f\u00f6r att k\u00f6pa \u2013 t.ex. vid s\u00e4llan anv\u00e4ndning<\/li>\n<\/ul>\n\n<div style=\"height:30px\" aria-hidden=\"true\" class=\"wp-block-spacer\"><\/div>\n\n<p><strong>\ud83d\udca1 Tips<\/strong>: \u00c4ven Deko Marina Lelystad erbjuder en v\u00e4lsk\u00f6tt hall med personlig service \u2013 perfekt f\u00f6r \u00e4gare som inte vill sk\u00f6ta underh\u00e5ll sj\u00e4lva.<\/p>\n\n<div style=\"height:30px\" aria-hidden=\"true\" class=\"wp-block-spacer\"><\/div>\n\n<div class=\"wp-block-buttons is-layout-flex wp-block-buttons-is-layout-flex\">\n<div class=\"wp-block-button\"><a class=\"wp-block-button__link has-background has-small-font-size has-custom-font-size wp-element-button\" href=\"https:\/\/www.port-adhoc.com\/sv\/blog\/teknik-och-tips\/steg-for-att-vinterforvara-din-bat-pa-torra-land\/\" style=\"background-color:#201e5b\" target=\"_blank\" rel=\"noreferrer noopener\">\u27a1\ufe0f L\u00e4s ocks\u00e5: Stegen f\u00f6r att vinterf\u00f6rvara din b\u00e5t p\u00e5 land<\/a><\/div>\n<\/div>\n\n<div style=\"height:60px\" aria-hidden=\"true\" class=\"wp-block-spacer\"><\/div>\n\n<h2 class=\"wp-block-heading\"><strong>Utomhusf\u00f6rvaring \u2013 s\u00e5 s\u00e4krar du din b\u00e5t r\u00e4tt<\/strong><\/h2>\n\n<div style=\"height:15px\" aria-hidden=\"true\" class=\"wp-block-spacer\"><\/div>\n\n<p>Den som v\u00e4ljer utomhusf\u00f6rvaring \u2013 t.ex. i <strong>Lelystad Haven<\/strong> \u2013 b\u00f6r t\u00e4nka p\u00e5 dessa punkter:<\/p>\n\n<div style=\"height:30px\" aria-hidden=\"true\" class=\"wp-block-spacer\"><\/div>\n\n<h3 class=\"wp-block-heading\"><strong>Steg f\u00f6r s\u00e4ker utomhusf\u00f6rvaring<\/strong><\/h3>\n\n<div style=\"height:15px\" aria-hidden=\"true\" class=\"wp-block-spacer\"><\/div>\n\n<ul class=\"wp-block-list\">\n<li>Anv\u00e4nd ett bra kapell \u2013 UV-best\u00e4ndigt, passande och andningsbart<\/li>\n\n\n\n<li>Skrovreng\u00f6ring &amp; kontroll (t.ex. ing\u00e5r i Lelystad Haven)<\/li>\n\n\n\n<li>L\u00e5t motor och batterier vinterkonserveras professionellt \u2013 erbjuds i alla tre marinor<\/li>\n\n\n\n<li>Regelbunden kontroll (t.ex. av hamnkontoret vid vindvarningar)<\/li>\n\n\n\n<li>Valfritt: ta ner masten och f\u00f6rvara den separat (s\u00e4rskilt vettigt vid stormrisk)<\/li>\n<\/ul>\n\n<div style=\"height:60px\" aria-hidden=\"true\" class=\"wp-block-spacer\"><\/div>\n\n<h2 class=\"wp-block-heading\"><strong>Varf\u00f6r det l\u00f6nar sig att vinterf\u00f6rvara b\u00e5ten i Holland<\/strong><\/h2>\n\n<div style=\"height:15px\" aria-hidden=\"true\" class=\"wp-block-spacer\"><\/div>\n\n<p>En vinterf\u00f6rvaring \u00e4r, som n\u00e4mnts, viktig f\u00f6r att bevara v\u00e4rdet p\u00e5 din b\u00e5t. Och just d\u00e4rf\u00f6r v\u00e4ljer allt fler tyska \u00e4gare medvetet en plats i Nederl\u00e4nderna. S\u00e4rskilt Flevo Marina i Lelystad erbjuder f\u00f6rdelar som ofta inte g\u00e5r att hitta i Tyskland.<\/p>\n\n<div style=\"height:60px\" aria-hidden=\"true\" class=\"wp-block-spacer\"><\/div>\n\n<h3 class=\"wp-block-heading\"><strong>N\u00e4rhet till Tyskland<\/strong><\/h3>\n\n<div style=\"height:15px\" aria-hidden=\"true\" class=\"wp-block-spacer\"><\/div>\n\n<p>Naturligtvis \u00e4r en vinterf\u00f6rvaring bara idealisk om den \u00e4r l\u00e4tt att n\u00e5. Fr\u00e5n Nordrhein-Westfalen, Niedersachsen eller Hamburg n\u00e5r du Lelystad p\u00e5 n\u00e5gra timmar \u2013 helt utan f\u00e4rja och med v\u00e4l utbyggda motorv\u00e4gar. P\u00e5 plats kan du sedan gl\u00e4dja dig \u00e5t utm\u00e4rkt service. S\u00e5 \u00e4r din b\u00e5t tillr\u00e4ckligt n\u00e4ra f\u00f6r regelbundna kontroller och samtidigt professionellt omh\u00e4ndertagen i ett maritimt centrum.<\/p>\n\n<div style=\"height:60px\" aria-hidden=\"true\" class=\"wp-block-spacer\"><\/div>\n\n<h3 class=\"wp-block-heading\"><strong>Tekniskt f\u00f6rspr\u00e5ng<\/strong><\/h3>\n\n<div style=\"height:15px\" aria-hidden=\"true\" class=\"wp-block-spacer\"><\/div>\n\n<p>I Holland \u00e4r hanteringen av b\u00e5tar mer \u00e4n en hobby \u2013 det \u00e4r kultur. D\u00e4refter \u00e4r niv\u00e5n i servicef\u00f6retag, verkst\u00e4der och marinor mycket h\u00f6g. \u00c4nd\u00e5 finns vinterf\u00f6rvaring f\u00f6r olika behov. Inte alla m\u00e5ste vara mitt i h\u00e4ndelsernas centrum, men man kan vara det om man vill.<\/p>\n\n<div style=\"height:60px\" aria-hidden=\"true\" class=\"wp-block-spacer\"><\/div>\n\n<p><strong>Flevo Marina utm\u00e4rker sig med:<\/strong><\/p>\n\n<ul class=\"wp-block-list\">\n<li><strong data-start=\"445\" data-end=\"495\">Egen krananl\u00e4ggning med 40 tons lyftkapacitet:<\/strong> Dra nytta av snabba och flexibla lyft \u2013 \u00e4ven f\u00f6r st\u00f6rre yachter. Perfekt f\u00f6r underh\u00e5ll, reparationer eller s\u00e4ker vinterf\u00f6rvaring.<\/li>\n\n\n\n<li><strong data-start=\"630\" data-end=\"660\">Uppv\u00e4rmd inomhusf\u00f6rvaring:<\/strong> Skydda din b\u00e5t optimalt \u2013 torr, s\u00e4ker och med konstant temperatur. P\u00e5 s\u00e5 s\u00e4tt klarar den vintern i b\u00e4sta m\u00f6jliga skick.<\/li>\n\n\n\n<li><strong data-start=\"785\" data-end=\"823\">Samarbete med erfarna fackf\u00f6retag:<\/strong> Lita p\u00e5 kvalificerade partners p\u00e5 plats \u2013 f\u00f6r allt kring el, skrov, teknik eller motor. I Flevo Marina hittar du allt som det teknikintresserade seglarhj\u00e4rtat \u00f6nskar.<\/li>\n\n\n\n<li><p data-start=\"995\" data-end=\"1168\"><strong data-start=\"995\" data-end=\"1033\">Korta v\u00e4gar och tydliga processer:<\/strong> Upplev ett smidigt f\u00f6rlopp \u2013 med direktkontakt med hamnens personal, transparent kommunikation och snabb hantering av dina \u00f6nskem\u00e5l.<\/p><\/li>\n<\/ul>\n\n<div style=\"height:60px\" aria-hidden=\"true\" class=\"wp-block-spacer\"><\/div>\n\n<figure class=\"wp-block-image size-large\"><img fetchpriority=\"high\" decoding=\"async\" width=\"984\" height=\"1024\" src=\"https:\/\/b2765252.smushcdn.com\/2765252\/wp-content\/uploads\/2025\/08\/DSC09986-2-e1755683629308-984x1024.jpg?lossy=1&strip=1&webp=1\" alt=\"Flevo Marina Lelystad\" class=\"wp-image-110475\" srcset=\"https:\/\/www.port-adhoc.com\/wp-content\/uploads\/2025\/08\/DSC09986-2-e1755683629308-984x1024.jpg 984w, https:\/\/www.port-adhoc.com\/wp-content\/uploads\/2025\/08\/DSC09986-2-e1755683629308-288x300.jpg 288w, https:\/\/www.port-adhoc.com\/wp-content\/uploads\/2025\/08\/DSC09986-2-e1755683629308-768x799.jpg 768w, https:\/\/www.port-adhoc.com\/wp-content\/uploads\/2025\/08\/DSC09986-2-e1755683629308.jpg 1365w\" sizes=\"(max-width: 984px) 100vw, 984px\" \/><figcaption class=\"wp-element-caption\">Inomhus- och utomhusvinterf\u00f6rvaring i Nederl\u00e4nderna: Flevo Marina Lelystad<\/figcaption><\/figure>\n\n<div style=\"height:60px\" aria-hidden=\"true\" class=\"wp-block-spacer\"><\/div>\n\n<p><strong data-start=\"1171\" data-end=\"1187\">R\u00e4tt timing:<\/strong> P\u00e5 Flevo Marina Lelystad b\u00f6rjar bokningarna f\u00f6r vinterf\u00f6rvaring tidigt, runt maj\/juni, s\u00e4rskilt f\u00f6r inomhusf\u00f6rvaring som snabbt blir fullbokad p\u00e5 grund av h\u00f6g efterfr\u00e5gan. Var ute i tid och s\u00e4kra din plats!<\/p>\n\n<div style=\"height:30px\" aria-hidden=\"true\" class=\"wp-block-spacer\"><\/div>\n\n<div class=\"wp-block-buttons is-layout-flex wp-block-buttons-is-layout-flex\">\n<div class=\"wp-block-button\"><a class=\"wp-block-button__link has-white-color has-vivid-cyan-blue-background-color has-text-color has-background has-link-color has-small-font-size has-custom-font-size wp-element-button\" href=\"https:\/\/www.port-adhoc.com\/sv\/flevo-marina-lelystad\/\" target=\"_blank\" rel=\"noreferrer noopener\">Uppt\u00e4ck Flevo Marina Lelystad \ud83d\udc4b<\/a><\/div>\n<\/div>\n\n<div style=\"height:60px\" aria-hidden=\"true\" class=\"wp-block-spacer\"><\/div>\n\n<p><strong>Deko Marina utm\u00e4rker sig med:<\/strong><\/p>\n\n<ul class=\"wp-block-list\">\n<li><strong data-start=\"1442\" data-end=\"1494\">V\u00e4lsk\u00f6tt inomhusf\u00f6rvaring med personlig service:<\/strong> H\u00e4r st\u00e5r din b\u00e5t torrt, rent och i en v\u00e4lventilerad hall \u2013 perfekt f\u00f6r alla som v\u00e4rdes\u00e4tter komfort och lugn. Den \u00f6versk\u00e5dliga storleken g\u00f6r det m\u00f6jligt att ge individuell omsorg till varje enskild plats.<\/li>\n\n\n\n<li><strong data-start=\"1704\" data-end=\"1740\">Lugn milj\u00f6 utan varvsverksamhet:<\/strong> Perfekt f\u00f6r \u00e4gare som inte vill \u00f6vervintra mitt i varvsr\u00f6relsen. P\u00e5 Deko Marina f\u00e5r du en stilfull och diskret atmosf\u00e4r \u2013 utan kompromisser n\u00e4r det g\u00e4ller s\u00e4kerhet.<\/li>\n\n\n\n<li><strong data-start=\"1910\" data-end=\"1940\">Extra tj\u00e4nster p\u00e5 beg\u00e4ran:<\/strong> Fr\u00e5n trailerf\u00f6rvaring till elf\u00f6rs\u00f6rjning och segelv\u00e5rd \u2013 marinan erbjuder ett genomt\u00e4nkt servicepaket som kan kompletteras flexibelt. \u00c4ven mastf\u00f6rvaring \u00e4r m\u00f6jligt utan problem.<\/li>\n\n\n\n<li><p data-start=\"2123\" data-end=\"2338\"><strong data-start=\"2123\" data-end=\"2176\">Modern infrastruktur &amp; laddstationer f\u00f6r elbilar:<\/strong> H\u00e5llbart p\u00e5 land? Tack vare laddstationer och korta avst\u00e5nd till staden \u00e4r du ocks\u00e5 v\u00e4l utrustad p\u00e5 land \u2013 praktiskt f\u00f6r b\u00e5de l\u00e5ngtidsboende och helganv\u00e4ndare.<\/p><\/li>\n<\/ul>\n\n<div style=\"height:30px\" aria-hidden=\"true\" class=\"wp-block-spacer\"><\/div>\n\n<div class=\"wp-block-buttons is-layout-flex wp-block-buttons-is-layout-flex\">\n<div class=\"wp-block-button\"><a class=\"wp-block-button__link has-white-color has-vivid-cyan-blue-background-color has-text-color has-background has-link-color has-small-font-size has-custom-font-size wp-element-button\" href=\"https:\/\/www.port-adhoc.com\/sv\/deko-marina-lelystad\/\" target=\"_blank\" rel=\"noreferrer noopener\">Uppt\u00e4ck Deko Marina Lelystad \ud83d\udc4b<\/a><\/div>\n<\/div>\n\n<div style=\"height:60px\" aria-hidden=\"true\" class=\"wp-block-spacer\"><\/div>\n\n<figure class=\"wp-block-image size-large\"><img decoding=\"async\" width=\"1020\" height=\"1024\" src=\"https:\/\/b2765252.smushcdn.com\/2765252\/wp-content\/uploads\/2025\/08\/DSC01708-e1755684216165-1020x1024.jpg?lossy=1&strip=1&webp=1\" alt=\"Inomhus- och utomhusvinterf&#xF6;rvaring i Nederl&#xE4;nderna: Deko Marina Lelystad\" class=\"wp-image-110480\" srcset=\"https:\/\/www.port-adhoc.com\/wp-content\/uploads\/2025\/08\/DSC01708-e1755684216165-1020x1024.jpg 1020w, https:\/\/www.port-adhoc.com\/wp-content\/uploads\/2025\/08\/DSC01708-e1755684216165-300x300.jpg 300w, https:\/\/www.port-adhoc.com\/wp-content\/uploads\/2025\/08\/DSC01708-e1755684216165-150x150.jpg 150w, https:\/\/www.port-adhoc.com\/wp-content\/uploads\/2025\/08\/DSC01708-e1755684216165-768x771.jpg 768w, https:\/\/www.port-adhoc.com\/wp-content\/uploads\/2025\/08\/DSC01708-e1755684216165.jpg 1365w\" sizes=\"auto, (max-width: 1020px) 100vw, 1020px\" loading=\"lazy\" \/><figcaption class=\"wp-element-caption\">Inomhus- och utomhusvinterf\u00f6rvaring i Nederl\u00e4nderna: Deko Marina Lelystad<\/figcaption><\/figure>\n\n<div style=\"height:60px\" aria-hidden=\"true\" class=\"wp-block-spacer\"><\/div>\n\n<p><strong>Lelystad Haven utm\u00e4rker sig med:<\/strong><\/p>\n\n<ul class=\"wp-block-list\">\n<li><strong data-start=\"2387\" data-end=\"2441\">\u00d6versk\u00e5dlig utomhusf\u00f6rvaring till r\u00e4ttvisa priser:<\/strong> Perfekt f\u00f6r familjer, l\u00e5ngtidsboende eller prismedvetna seglare. H\u00e4r st\u00e5r b\u00e5tarna s\u00e4kert och v\u00e4lorganiserat p\u00e5 land \u2013 inklusive kranservice, skrovreng\u00f6ring och elanslutning utan dolda extrakostnader.<\/li>\n\n\n\n<li><strong data-start=\"2646\" data-end=\"2690\">Familj\u00e4r atmosf\u00e4r och personlig kontakt:<\/strong> Ingen anonym varvsanl\u00e4ggning, utan en hamn med hj\u00e4rta. Hamnkontoret talar tyska, \u00e4r tillg\u00e4ngligt och k\u00e4nner m\u00e5nga liggare personligen \u2013 det skapar f\u00f6rtroende och korta v\u00e4gar f\u00f6r alla \u00e4renden.<\/li>\n\n\n\n<li><strong data-start=\"2887\" data-end=\"2929\">Bra utrustning trots utomhusf\u00f6rvaring:<\/strong> Tillg\u00e5ng till moderna sanitetsanl\u00e4ggningar, bevakad parkering och wifi i hela omr\u00e5det \u2013 f\u00f6r m\u00e5nga \u00e4gare en verklig f\u00f6rdel under vinterm\u00e5naderna.<\/li>\n\n\n\n<li><strong data-start=\"3079\" data-end=\"3134\">M\u00f6jlighet till mastf\u00f6rvaring och traileranv\u00e4ndning:<\/strong> Vill du beh\u00e5lla flexibiliteten? I Lelystad Haven kan du vinterf\u00f6rvara din b\u00e5t p\u00e5 egen trailer eller st\u00e4lla undan masterna separat \u2013 praktiskt och okomplicerat.<\/li>\n<\/ul>\n\n<div style=\"height:30px\" aria-hidden=\"true\" class=\"wp-block-spacer\"><\/div>\n\n<div class=\"wp-block-buttons is-layout-flex wp-block-buttons-is-layout-flex\">\n<div class=\"wp-block-button\"><a class=\"wp-block-button__link has-white-color has-vivid-cyan-blue-background-color has-text-color has-background has-link-color has-small-font-size has-custom-font-size wp-element-button\" href=\"https:\/\/www.port-adhoc.com\/sv\/jachthaven-lelystad-haven\/\" target=\"_blank\" rel=\"noreferrer noopener\">Uppt\u00e4ck Jachthaven Lelystad Haven \ud83d\udc4b<\/a><\/div>\n<\/div>\n\n<div style=\"height:60px\" aria-hidden=\"true\" class=\"wp-block-spacer\"><\/div>\n\n<figure class=\"wp-block-image size-large\"><img decoding=\"async\" src=\"https:\/\/b2765252.smushcdn.com\/2765252\/wp-content\/uploads\/2025\/08\/DSC01357-e1755618143414-1024x818.jpg?lossy=1&strip=1&webp=1\" alt=\"Outdoor-Vinterl&#xE4;ger Nederl&#xE4;nderna\" class=\"wp-image-110301\" sizes=\"(max-width: 1024px) 100vw, 1024px\" loading=\"lazy\" \/><figcaption class=\"wp-element-caption\">Outdoor-Winterlager i Nederl\u00e4nderna: Lelystad Haven<\/figcaption><\/figure>\n\n<div style=\"height:60px\" aria-hidden=\"true\" class=\"wp-block-spacer\"><\/div>\n\n<h3 class=\"wp-block-heading\"><strong>Bra pris-prestandaf\u00f6rh\u00e5llande<\/strong><\/h3>\n\n<div style=\"height:15px\" aria-hidden=\"true\" class=\"wp-block-spacer\"><\/div>\n\n<p><p data-start=\"3340\" data-end=\"3567\">F\u00f6rvaring, underh\u00e5ll eller liknande tj\u00e4nster kostar ofta betydligt mer i Tyskland eller \u00e4r sv\u00e5rare att f\u00e5 tag p\u00e5. I Flevo Marina f\u00e5r du r\u00e4ttvisa priser med professionellt utf\u00f6rande \u2013 inklusive en transparent kostnadsstruktur.<\/p><br\/><p data-start=\"3569\" data-end=\"3734\"><strong data-start=\"3569\" data-end=\"3583\">Kort sagt:<\/strong> Den som vill bevara sin b\u00e5t l\u00e5ngsiktigt g\u00f6r en bekv\u00e4m, ofta billigare och tekniskt klok investering genom att v\u00e4lja vinterf\u00f6rvaring i Nederl\u00e4nderna.<\/p><\/p>\n\n<div style=\"height:60px\" aria-hidden=\"true\" class=\"wp-block-spacer\"><\/div>\n\n<h2 class=\"wp-block-heading\"><strong>Dessa tj\u00e4nster erbjuder Flevo Marina kring vinterf\u00f6rvaring<\/strong><\/h2>\n\n<div style=\"height:15px\" aria-hidden=\"true\" class=\"wp-block-spacer\"><\/div>\n\n<p>Ett vinteruppl\u00e4gg \u00e4r mer \u00e4n bara en parkeringsplats \u2013 s\u00e4rskilt om du vill anv\u00e4nda tiden f\u00f6r att g\u00f6ra din b\u00e5t redo f\u00f6r den nya s\u00e4songen. P\u00e5 Flevo Marina finns m\u00e5nga till\u00e4ggstj\u00e4nster som du kan boka individuellt \u2013 bekv\u00e4mt och professionellt utf\u00f6rda.<\/p>\n\n<div style=\"height:30px\" aria-hidden=\"true\" class=\"wp-block-spacer\"><\/div>\n\n<h3 class=\"wp-block-heading\"><strong>Batteriv\u00e5rd &amp; teknikkontroll<\/strong><\/h3>\n\n<div style=\"height:15px\" aria-hidden=\"true\" class=\"wp-block-spacer\"><\/div>\n\n<p>P\u00e5 beg\u00e4ran ser teamet till att dina batterier under vintern:<\/p>\n\n<ul class=\"wp-block-list\">\n<li>Kontrolleras regelbundet och vid behov laddas<\/li>\n\n\n\n<li>\u00c4r s\u00e4kert fr\u00e5nkopplade och f\u00f6rvaras torrt<\/li>\n\n\n\n<li>\u00c4r redo att anv\u00e4ndas igen p\u00e5 v\u00e5ren utan obehagliga \u00f6verraskningar<\/li>\n<\/ul>\n\n<p>\u00c4ven enklare teknikkontroller (t.ex. el, laddare) kan ing\u00e5 i vintertj\u00e4nsten.<\/p>\n\n<div style=\"height:60px\" aria-hidden=\"true\" class=\"wp-block-spacer\"><\/div>\n\n<h3 class=\"wp-block-heading\"><strong>Motorunderh\u00e5ll &amp; frostskydd<\/strong><\/h3>\n\n<div style=\"height:15px\" aria-hidden=\"true\" class=\"wp-block-spacer\"><\/div>\n\n<ul class=\"wp-block-list\">\n<li>Spolning av kylsystem<\/li>\n\n\n\n<li>Oljebyte och filterbyte<\/li>\n\n\n\n<li>Konservering av drev, saildrive, v\u00e4xell\u00e5da<\/li>\n\n\n\n<li>Eventuellt byte av offeranoder<\/li>\n<\/ul>\n\n<p>S\u00e4rskilt vid l\u00e4ngre stillest\u00e5nd \u00e4r professionell motorv\u00e5rd avg\u00f6rande f\u00f6r att undvika startproblem p\u00e5 v\u00e5ren.<\/p>\n\n<div style=\"height:60px\" aria-hidden=\"true\" class=\"wp-block-spacer\"><\/div>\n\n<h3 class=\"wp-block-heading\"><strong>Rigg- &amp; segelservice<\/strong><\/h3>\n\n<div style=\"height:15px\" aria-hidden=\"true\" class=\"wp-block-spacer\"><\/div>\n\n<p>Oavsett om master tas ner eller f\u00f6rvaras st\u00e5ende \u2013 marinans team organiserar:<\/p>\n\n<ul class=\"wp-block-list\">\n<li>Riggkontroller<\/li>\n\n\n\n<li>Demontering och reng\u00f6ring av segel<\/li>\n\n\n\n<li>F\u00f6rvaring av kapell, sprayhood eller bimini<\/li>\n<\/ul>\n\n<div style=\"height:60px\" aria-hidden=\"true\" class=\"wp-block-spacer\"><\/div>\n\n<h3 class=\"wp-block-heading\"><strong>V\u00e5rkontroll &amp; startklar-service<\/strong><\/h3>\n\n<div style=\"height:15px\" aria-hidden=\"true\" class=\"wp-block-spacer\"><\/div>\n\n<p>Innan det \u00e4r dags att ge sig ut igen ser Flevo Marina till att:<\/p>\n\n<ul class=\"wp-block-list\">\n<li>D\u00e4ck eller skrov reng\u00f6rs<\/li>\n\n\n\n<li>Genomf\u00f6ringar och tampar kontrolleras<\/li>\n\n\n\n<li>Vattensystemet testas (t.ex. f\u00f6r frostskador)<\/li>\n\n\n\n<li>Och p\u00e5 beg\u00e4ran: Segelklar \u00f6verl\u00e4mning vid bryggan<\/li>\n<\/ul>\n\n<div style=\"height:30px\" aria-hidden=\"true\" class=\"wp-block-spacer\"><\/div>\n\n<div class=\"wp-block-buttons is-layout-flex wp-block-buttons-is-layout-flex\">\n<div class=\"wp-block-button\"><a class=\"wp-block-button__link has-white-color has-vivid-cyan-blue-background-color has-text-color has-background has-link-color has-small-font-size has-custom-font-size wp-element-button\" href=\"https:\/\/www.port-adhoc.com\/sv\/flevo-marina-lelystad\/yachtservice-och-renovering\/\" target=\"_blank\" rel=\"noreferrer noopener\">Uppt\u00e4ck alla tj\u00e4nster \ud83d\udc4b<\/a><\/div>\n<\/div>\n\n<div style=\"height:60px\" aria-hidden=\"true\" class=\"wp-block-spacer\"><\/div>\n\n<h2 class=\"wp-block-heading\"><strong>Slutsats: Vinterf\u00f6rvara smart \u2013 starta stressfritt<\/strong><\/h2>\n\n<div style=\"height:15px\" aria-hidden=\"true\" class=\"wp-block-spacer\"><\/div>\n\n<p>En bra start p\u00e5 s\u00e4songen b\u00f6rjar redan p\u00e5 h\u00f6sten. Den som l\u00e5ter sin b\u00e5t vinterf\u00f6rvaras professionellt sparar inte bara arbete p\u00e5 v\u00e5ren \u2013 utan \u00e4ven on\u00f6diga kostnader p\u00e5 grund av frostskador, batteriproblem eller korrosion.<\/p>\n\n<p>Flevo Marina i Lelystad erbjuder de perfekta f\u00f6ruts\u00e4ttningarna f\u00f6r detta:<\/p>\n\n<ul class=\"wp-block-list\">\n<li>Modern infrastruktur<\/li>\n\n\n\n<li>Erfaret team<\/li>\n\n\n\n<li>Individuellt bokningsbara tj\u00e4nster \u2013 och valet mellan inomhus- och utomhusf\u00f6rvaring<\/li>\n<\/ul>\n\n<p>Oavsett om du vill g\u00f6ra arbetet sj\u00e4lv eller anv\u00e4nda helhetsservice: Din b\u00e5t \u00e4r h\u00e4r inte bara s\u00e4ker \u00f6ver vintern \u2013 utan i de b\u00e4sta h\u00e4nder.<\/p>\n\n<div style=\"height:60px\" aria-hidden=\"true\" class=\"wp-block-spacer\"><\/div>\n\n<h2 class=\"wp-block-heading\"><strong>Mini-FAQ: Vinterf\u00f6rvaring i Holland p\u00e5 Flevo Marina<\/strong><\/h2>\n\n<div style=\"height:15px\" aria-hidden=\"true\" class=\"wp-block-spacer\"><\/div>\n\n<h3 class=\"wp-block-heading\"><strong>N\u00e4r b\u00f6r jag anm\u00e4la min b\u00e5t till vinterf\u00f6rvaring?<\/strong><\/h3>\n\n<p>Helst mellan maj och oktober. Framf\u00f6r allt inomhusplatser \u00e4r begr\u00e4nsade och snabbt fullbokade \u2013 den som planerar tidigt har b\u00e4ttre valm\u00f6jligheter och datum.<\/p>\n\n<div style=\"height:30px\" aria-hidden=\"true\" class=\"wp-block-spacer\"><\/div>\n\n<h3 class=\"wp-block-heading\"><strong>Vad kostar vinterf\u00f6rvaringen i Flevo Marina?<\/strong><\/h3>\n\n<p>Priserna beror p\u00e5 b\u00e5tens l\u00e4ngd, f\u00f6rvaringsform (inomhus eller utomhus) och till\u00e4ggstj\u00e4nster. F\u00f6rvaringen b\u00f6rjar fr\u00e5n cirka 550 euro \u2013 exakta erbjudanden f\u00e5r du direkt via hamnkontoret. Om du v\u00e4ljer en \u00e5rsplats inklusive vinterf\u00f6rvaring f\u00e5r du dessutom f\u00f6rdelar genom Port Adhoc-lojalitetsprogrammet. P\u00e5 fakturan f\u00f6r vinterf\u00f6rvaringen r\u00e4knas beloppet f\u00f6r vinterliggplatsen av! F\u00f6r en b\u00e5t p\u00e5 11 meters l\u00e4ngd inneb\u00e4r det en prisf\u00f6rdel p\u00e5 hela 463 \u20ac.<\/p>\n\n<div style=\"height:15px\" aria-hidden=\"true\" class=\"wp-block-spacer\"><\/div>\n\n<div class=\"wp-block-buttons is-layout-flex wp-block-buttons-is-layout-flex\">\n<div class=\"wp-block-button\"><a class=\"wp-block-button__link has-white-color has-vivid-cyan-blue-background-color has-text-color has-background has-link-color has-small-font-size has-custom-font-size wp-element-button\" href=\"https:\/\/www.port-adhoc.com\/sv\/vara-medlemsformaner\/\" target=\"_blank\" rel=\"noreferrer noopener\">Uppt\u00e4ck v\u00e5ra f\u00f6rdelar f\u00f6r medlemmar \ud83d\udc4b<\/a><\/div>\n<\/div>\n\n<div style=\"height:30px\" aria-hidden=\"true\" class=\"wp-block-spacer\"><\/div>\n\n<h3 class=\"wp-block-heading\"><strong>Kan jag komma \u00e5t b\u00e5ten under vintern?<\/strong><\/h3>\n\n<p>Ja \u2013 tillg\u00e5ng \u00e4r m\u00f6jlig efter \u00f6verenskommelse. Marinans team \u00e4r ocks\u00e5 regelbundet p\u00e5 plats under vintern och kan p\u00e5 beg\u00e4ran utf\u00f6ra kontroller eller mellanbesiktningar.<\/p>\n\n<div style=\"height:30px\" aria-hidden=\"true\" class=\"wp-block-spacer\"><\/div>\n\n<h3 class=\"wp-block-heading\"><strong>Blir min b\u00e5t rengjord innan f\u00f6rvaringen?<\/strong><\/h3>\n\n<p>P\u00e5 beg\u00e4ran ja. H\u00f6gtryckstv\u00e4tt av undervattenskroppen och visuell kontroll innan f\u00f6rvaring \u00e4r bokningsbara till\u00e4ggstj\u00e4nster \u2013 s\u00e4rskilt rekommenderade efter s\u00e4songen.<\/p>\n\n<div style=\"height:30px\" aria-hidden=\"true\" class=\"wp-block-spacer\"><\/div>\n\n<h3 class=\"wp-block-heading\"><strong>Vad h\u00e4nder p\u00e5 v\u00e5ren?<\/strong><\/h3>\n\n<p>Teamet kontaktar dig i tid f\u00f6r utl\u00e4mningsdatumet. P\u00e5 beg\u00e4ran erbjuds v\u00e5rkontroll, teknisk genomg\u00e5ng och segelklar \u00f6verl\u00e4mning.<\/p>\n\n<div style=\"height:60px\" aria-hidden=\"true\" class=\"wp-block-spacer\"><\/div>\n\n<p><strong>Vi ser fram emot din f\u00f6rfr\u00e5gan och att hitta den perfekta platsen f\u00f6r din b\u00e5t!<\/strong><\/p>\n\n<div style=\"height:30px\" aria-hidden=\"true\" class=\"wp-block-spacer\"><\/div>\n\n<div class=\"wp-block-buttons is-layout-flex wp-block-buttons-is-layout-flex\">\n<div class=\"wp-block-button\"><a class=\"wp-block-button__link has-white-color has-vivid-cyan-blue-background-color has-text-color has-background has-link-color has-small-font-size has-custom-font-size wp-element-button\" href=\"https:\/\/www.port-adhoc.com\/sv\/offert-batplats\/\" target=\"_blank\" rel=\"noreferrer noopener\">Kontakta oss \ud83d\udc4b<\/a><\/div>\n<\/div>\n","protected":false},"excerpt":{"rendered":"<p>En vinterf\u00f6rvaring \u00e4r mer \u00e4n bara en parkeringsplats f\u00f6r b\u00e5tar \u2013 det \u00e4r ett beslut f\u00f6r v\u00e4rdebevarande, komfort och s\u00e4kerhet. I Nederl\u00e4nderna, d\u00e4r vind, fukt och temperaturskiftningar h\u00f6r till vardagen, beh\u00f6vs genomt\u00e4nkta l\u00f6sningar. Vad som verkligen k\u00e4nnetecknar en bra vinterf\u00f6rvaring \u2013 och vad du b\u00f6r t\u00e4nka p\u00e5 vid valet \u2013 f\u00e5r du veta h\u00e4r.<\/p>\n","protected":false},"author":26,"featured_media":112940,"comment_status":"closed","ping_status":"closed","sticky":false,"template":"","format":"standard","meta":{"wds_primary_category":176,"footnotes":""},"categories":[176],"tags":[196,265,189],"class_list":["post-112523","post","type-post","status-publish","format-standard","has-post-thumbnail","hentry","category-teknik-och-tips","tag-deko-marina-lelystad-sv","tag-flevo-marina-sv","tag-jachthaven-lelystad-haven-sv"],"_links":{"self":[{"href":"https:\/\/www.port-adhoc.com\/sv\/wp-json\/wp\/v2\/posts\/112523","targetHints":{"allow":["GET"]}}],"collection":[{"href":"https:\/\/www.port-adhoc.com\/sv\/wp-json\/wp\/v2\/posts"}],"about":[{"href":"https:\/\/www.port-adhoc.com\/sv\/wp-json\/wp\/v2\/types\/post"}],"author":[{"embeddable":true,"href":"https:\/\/www.port-adhoc.com\/sv\/wp-json\/wp\/v2\/users\/26"}],"replies":[{"embeddable":true,"href":"https:\/\/www.port-adhoc.com\/sv\/wp-json\/wp\/v2\/comments?post=112523"}],"version-history":[{"count":0,"href":"https:\/\/www.port-adhoc.com\/sv\/wp-json\/wp\/v2\/posts\/112523\/revisions"}],"wp:featuredmedia":[{"embeddable":true,"href":"https:\/\/www.port-adhoc.com\/sv\/wp-json\/wp\/v2\/media\/112940"}],"wp:attachment":[{"href":"https:\/\/www.port-adhoc.com\/sv\/wp-json\/wp\/v2\/media?parent=112523"}],"wp:term":[{"taxonomy":"category","embeddable":true,"href":"https:\/\/www.port-adhoc.com\/sv\/wp-json\/wp\/v2\/categories?post=112523"},{"taxonomy":"post_tag","embeddable":true,"href":"https:\/\/www.port-adhoc.com\/sv\/wp-json\/wp\/v2\/tags?post=112523"}],"curies":[{"name":"wp","href":"https:\/\/api.w.org\/{rel}","templated":true}]}}