{"id":113087,"date":"2025-09-10T15:04:30","date_gmt":"2025-09-10T13:04:30","guid":{"rendered":"https:\/\/www.port-adhoc.com\/?p=113087"},"modified":"2025-09-16T09:31:03","modified_gmt":"2025-09-16T07:31:03","slug":"mot-renate-ilmer-rden-nya-chefen-for-jachthaven-strijensas","status":"publish","type":"post","link":"https:\/\/www.port-adhoc.com\/sv\/blog\/marinanyheter\/mot-renate-ilmer-rden-nya-chefen-for-jachthaven-strijensas\/","title":{"rendered":"M\u00f6t Renate Ilmer, den nya chefen f\u00f6r Jachthaven Strijensas"},"content":{"rendered":"\n<p class=\"has-small-font-size\">Publiceringsdatum: 10\/09\/2025<\/p>\n\n<div style=\"height:60px\" aria-hidden=\"true\" class=\"wp-block-spacer\"><\/div>\n\n<p>I hj\u00e4rtat av <strong>Zuid-Holland<\/strong>, vid Hollands Diep, ligger Jachthaven Strijensas \u2013 en liten, v\u00e4nlig marina med en unik identitet: f\u00f6r b\u00e5t\u00e4gare \u00e4r det en v\u00e4lkomnande plats omgiven av natur, d\u00e4r de kan f\u00f6rt\u00f6ja sina b\u00e5tar i lugn och ro.<\/p>\n\n<div style=\"height:15px\" aria-hidden=\"true\" class=\"wp-block-spacer\"><\/div>\n\n<div class=\"wp-block-buttons is-layout-flex wp-block-buttons-is-layout-flex\">\n<div class=\"wp-block-button\"><a class=\"wp-block-button__link has-white-color has-vivid-cyan-blue-background-color has-text-color has-background has-link-color has-small-font-size has-custom-font-size wp-element-button\" href=\"https:\/\/jachthavenstrijensas.nl\/\" target=\"_blank\" rel=\"noreferrer noopener\">Uppt\u00e4ck Jachthaven Strijensas \ud83d\udc4b<\/a><\/div>\n<\/div>\n\n<div style=\"height:60px\" aria-hidden=\"true\" class=\"wp-block-spacer\"><\/div>\n\n<p>I Strijensas har motorb\u00e5ts- och segelb\u00e5ts\u00e4gare tillg\u00e5ng till kajplatser och torrf\u00f6rvaring, samt h\u00f6gkvalitativa tekniska anl\u00e4ggningar och tj\u00e4nster: lyft och hantering, underh\u00e5ll, vinterf\u00f6rvaring, f\u00f6rs\u00e4ljning av br\u00e4nsle och gasolflaskor, Wi-Fi, sanitetsanl\u00e4ggningar, fritidsaktiviteter, en restaurang och boende.<\/p>\n\n<p>Jachthaven Strijensas har dessutom ett strategiskt l\u00e4ge n\u00e4ra m\u00e5nga intressanta platser.<\/p>\n\n<div style=\"height:15px\" aria-hidden=\"true\" class=\"wp-block-spacer\"><\/div>\n\n<div class=\"wp-block-buttons is-layout-flex wp-block-buttons-is-layout-flex\">\n<div class=\"wp-block-button\"><a class=\"wp-block-button__link has-background has-small-font-size has-custom-font-size wp-element-button\" href=\"https:\/\/www.port-adhoc.com\/sv\/blog\/batliv\/vara-seglingsrutter-fran-jachthaven-strijensas\/\" style=\"background-color:#201e5b\" target=\"_blank\" rel=\"noreferrer noopener\">\u27a1\ufe0f L\u00e4s ocks\u00e5: V\u00e5ra seglingsrutter fr\u00e5n Jachthaven Strijensas<\/a><\/div>\n<\/div>\n\n<div style=\"height:60px\" aria-hidden=\"true\" class=\"wp-block-spacer\"><\/div>\n<div class=\"wp-block-image\">\n<figure class=\"aligncenter size-large is-resized\"><img fetchpriority=\"high\" decoding=\"async\" width=\"952\" height=\"1024\" src=\"https:\/\/b2765252.smushcdn.com\/2765252\/wp-content\/uploads\/2025\/09\/DSC00512-e1756903206113-952x1024.jpg?lossy=1&strip=1&webp=1\" alt=\"\" class=\"wp-image-113052\" style=\"width:670px;height:auto\" srcset=\"https:\/\/www.port-adhoc.com\/wp-content\/uploads\/2025\/09\/DSC00512-e1756903206113-952x1024.jpg 952w, https:\/\/www.port-adhoc.com\/wp-content\/uploads\/2025\/09\/DSC00512-e1756903206113-279x300.jpg 279w, https:\/\/www.port-adhoc.com\/wp-content\/uploads\/2025\/09\/DSC00512-e1756903206113-768x826.jpg 768w, https:\/\/www.port-adhoc.com\/wp-content\/uploads\/2025\/09\/DSC00512-e1756903206113.jpg 1365w\" sizes=\"(max-width: 952px) 100vw, 952px\" \/><figcaption class=\"wp-element-caption\">Jachthaven Strijensas<\/figcaption><\/figure>\n<\/div>\n<div style=\"height:60px\" aria-hidden=\"true\" class=\"wp-block-spacer\"><\/div>\n\n<h2 class=\"wp-block-heading\"><strong>Vem \u00e4r Renate Ilmer? Vad \u00e4r hennes roll som ny chef f\u00f6r Jachthaven Strijensas?<\/strong><\/h2>\n\n<div style=\"height:15px\" aria-hidden=\"true\" class=\"wp-block-spacer\"><\/div>\n\n<div style=\"height:0px\" aria-hidden=\"true\" class=\"wp-block-spacer\"><\/div>\n\n<p>Rekryterad av Port Adhoc-gruppen som <em>Marina Manager<\/em> i augusti 2025, var Renate Ilmer redan v\u00e4lbekant med regionen:<\/p>\n\n<blockquote class=\"wp-block-quote is-layout-flow wp-block-quote-is-layout-flow\">\n<p><em>&#8221;Jag bor i Hendrik-Ido-Ambacht, bara 20 kilometer fr\u00e5n Jachthaven Strijensas. Jag har alltid haft en stark anknytning till vatten, natur och g\u00e4stfrihet. Utanf\u00f6r arbetet tycker jag om att tillbringa tid med min familj och mina v\u00e4nner, samt att ta l\u00e5nga promenader med Fender, min Labradoodle.&#8221;<\/em><\/p>\n<\/blockquote>\n\n<p>Vid sin ankomst till marinan satte Renate Ilmer genast ig\u00e5ng med att betj\u00e4na b\u00e5tsamfundet. Hon gjorde det till sin mission att leda det dagliga arbetet i marinan och att se till att alla k\u00e4nner sig v\u00e4lkomna. Hennes ansvarsomr\u00e5den omfattar allt fr\u00e5n att organisera underh\u00e5ll och \u00f6vervaka teamen till att h\u00e5lla kontakt med anv\u00e4ndarna.<\/p>\n\n<blockquote class=\"wp-block-quote is-layout-flow wp-block-quote-is-layout-flow\">\n<p><em>&#8221;Som <strong>chef f\u00f6r Jachthaven Strijensas<\/strong> ansvarar jag f\u00f6r den dagliga driften av marinan: jag h\u00e5ller kontakten med b\u00e5tplatsinnehavare och bes\u00f6kare, koordinerar underh\u00e5llet och ser till att skapa en v\u00e4lkomnande atmosf\u00e4r. Jag tycker verkligen om att arbeta med m\u00e4nniskor. Det jag uppskattar mest \u00e4r den personliga kontakten: varje anv\u00e4ndare har sin egen historia, och jag vill att alla ska k\u00e4nna sig hemma i v\u00e5r marina.&#8221;<\/em><\/p>\n<\/blockquote>\n\n<div style=\"height:60px\" aria-hidden=\"true\" class=\"wp-block-spacer\"><\/div>\n\n<h2 class=\"wp-block-heading\"><strong>Varf\u00f6r valde du marinan i Strijensas?<\/strong><\/h2>\n\n<div style=\"height:15px\" aria-hidden=\"true\" class=\"wp-block-spacer\"><\/div>\n\n<p>Innan hon b\u00f6rjade p\u00e5 Strijensas arbetade Renate i flera \u00e5r vid Jachthaven Biesbosch \u2013 en av de st\u00f6rsta marinorna i Nederl\u00e4nderna, bara n\u00e5gra kilometer bort.<\/p>\n\n<p>Hon ville sedan ansluta sig till en mer intim marina, d\u00e4r m\u00e4nskliga relationer st\u00e5r i centrum f\u00f6r hamnens liv: v\u00e5r marina verkade b\u00e4ttre st\u00e4mma \u00f6verens med hennes ambitioner.<\/p>\n\n<blockquote class=\"wp-block-quote is-layout-flow wp-block-quote-is-layout-flow\">\n<p><em>&#8221;Jachthaven Strijensas f\u00e5ngade genast min uppm\u00e4rksamhet. Jag drogs f\u00f6rst till dess l\u00e4ge: en lugn, naturlig milj\u00f6 med en intim och charmig hamn. Jag k\u00e4nner v\u00e4l till omr\u00e5det och f\u00f6redrar dess v\u00e4nliga, personliga atmosf\u00e4r i en m\u00e4nsklig skala. Det \u00e4r speciellt att arbeta h\u00e4r eftersom hamnen har en rik historia och en sammansvetsad gemenskap!&#8221;<\/em><\/p>\n<\/blockquote>\n\n<div style=\"height:60px\" aria-hidden=\"true\" class=\"wp-block-spacer\"><\/div>\n<div class=\"wp-block-image\">\n<figure class=\"aligncenter size-full is-resized\"><img decoding=\"async\" src=\"https:\/\/b2765252.smushcdn.com\/2765252\/wp-content\/uploads\/2025\/08\/DSC00543-e1756378732657.jpg?lossy=1&strip=1&webp=1\" alt=\"Jachthaven Strijensas\" class=\"wp-image-111776\" style=\"width:692px;height:auto\" sizes=\"(max-width: 1365px) 100vw, 1365px\" loading=\"lazy\" \/><figcaption class=\"wp-element-caption\">Jachthaven Strijensas<\/figcaption><\/figure>\n<\/div>\n<div style=\"height:60px\" aria-hidden=\"true\" class=\"wp-block-spacer\"><\/div>\n\n<h2 class=\"wp-block-heading\"><strong>Vilken erfarenhet tar Renate med sig fr\u00e5n sina \u00e5r vid Jachthaven Biesbosch?<\/strong><\/h2>\n\n<div style=\"height:15px\" aria-hidden=\"true\" class=\"wp-block-spacer\"><\/div>\n\n<blockquote class=\"wp-block-quote is-layout-flow wp-block-quote-is-layout-flow\">\n<p><em>&#8221;P\u00e5 Jachthaven Biesbosch ledde jag, f\u00f6rutom den dagliga driften, flera st\u00f6rre projekt. Bland dessa fanns utvecklingen av en husbilspark, byggandet av en stor inomhus- och utomhuslekplats, etableringen av en stormarknad och uppf\u00f6randet av ett hotell. Jag samarbetade ocks\u00e5 n\u00e4ra med lokala entrepren\u00f6rer f\u00f6r att f\u00f6rvandla marinan till en riktig fritidspark.&#8221;<\/em><\/p>\n<\/blockquote>\n\n<p>Genom denna yrkeserfarenhet har Renate utvecklat en solid expertis inom hamninfrastruktur och genomf\u00f6randet av storskaliga projekt. P\u00e5 Jachthaven Strijensas kombinerar hon sin strategiska vision med ett praktiskt tillv\u00e4gag\u00e5ngss\u00e4tt, alltid anpassat till v\u00e5r marinas skala.<\/p>\n\n<blockquote class=\"wp-block-quote is-layout-flow wp-block-quote-is-layout-flow\">\n<p><p data-start=\"4184\" data-end=\"4757\"><em>&#8221;Vid mitt f\u00f6rsta m\u00f6te med Renate var det hennes m\u00e4nniskoorienterade inst\u00e4llning som genast stod ut. Enligt mig \u00e4r detta en av de mest underskattade aspekterna av ledarskap, som ofta \u00f6verskuggas av betoningen p\u00e5 enbart operativa och finansiella m\u00e5l. F\u00f6r att skapa en verkligt g\u00e4storienterad atmosf\u00e4r m\u00e5ste vi f\u00f6rst s\u00e4kerst\u00e4lla att v\u00e5ra team \u00e4r n\u00f6jda och engagerade. Jag \u00e4r \u00f6vertygad om att Renate kommer att tillf\u00f6ra verkligt v\u00e4rde till gruppen i detta avseende. I kombination med hennes omfattande branscherfarenhet ser jag fram emot ett fruktbart och givande samarbete.&#8221;<\/em><\/p><br\/><p data-start=\"4759\" data-end=\"4817\">Jorin, Verkst\u00e4llande direkt\u00f6r f\u00f6r Port Adhoc Nederland<\/p><\/p>\n<\/blockquote>\n\n<div style=\"height:60px\" aria-hidden=\"true\" class=\"wp-block-spacer\"><\/div>\n\n<h2 class=\"wp-block-heading\"><strong>Vilka v\u00e4rderingar och vilken ledarskapsvision tar Renate med sig i sitt dagliga arbete?<\/strong><\/h2>\n\n<div style=\"height:15px\" aria-hidden=\"true\" class=\"wp-block-spacer\"><\/div>\n\n<p>F\u00f6r den nya <strong>hamnchefen<\/strong> <strong>handlar<\/strong> det om att lyssna, vara transparent och bygga f\u00f6rtroende. Hon har en \u00f6ppen, engagerad och samarbetsinriktad ledarstil f\u00f6r att s\u00e4kerst\u00e4lla att b\u00e5de anst\u00e4llda och b\u00e5t\u00e4gare k\u00e4nner sig uppskattade. Hon f\u00f6rklarar:<br data-start=\"5158\" data-end=\"5161\"\/><em>&#8221;Jag tycker att det \u00e4r viktigt att vara synlig och tillg\u00e4nglig s\u00e5 att mina kollegor och hamnens anv\u00e4ndare k\u00e4nner sig h\u00f6rda.&#8221;<\/em><\/p>\n\n<div style=\"height:60px\" aria-hidden=\"true\" class=\"wp-block-spacer\"><\/div>\n\n<figure class=\"wp-block-image size-large\"><img decoding=\"async\" width=\"1024\" height=\"901\" src=\"https:\/\/b2765252.smushcdn.com\/2765252\/wp-content\/uploads\/2025\/08\/DSC00518-e1756904416803-1024x901.jpg?lossy=1&strip=1&webp=1\" alt=\"Travelift Jachthaven Strijensas\" class=\"wp-image-111782\" srcset=\"https:\/\/b2765252.smushcdn.com\/2765252\/wp-content\/uploads\/2025\/08\/DSC00518-e1756904416803-1024x901.jpg?lossy=1&strip=1&webp=1 1024w, https:\/\/b2765252.smushcdn.com\/2765252\/wp-content\/uploads\/2025\/08\/DSC00518-e1756904416803-300x264.jpg?lossy=1&strip=1&webp=1 300w, https:\/\/b2765252.smushcdn.com\/2765252\/wp-content\/uploads\/2025\/08\/DSC00518-e1756904416803-768x676.jpg?lossy=1&strip=1&webp=1 768w, https:\/\/b2765252.smushcdn.com\/2765252\/wp-content\/uploads\/2025\/08\/DSC00518-e1756904416803.jpg?lossy=1&strip=1&webp=1 1365w, https:\/\/b2765252.smushcdn.com\/2765252\/wp-content\/uploads\/2025\/08\/DSC00518-e1756904416803.jpg?size=512x451&lossy=1&strip=1&webp=1 512w\" sizes=\"auto, (max-width: 1024px) 100vw, 1024px\" loading=\"lazy\" \/><figcaption class=\"wp-element-caption\">Travelift Jachthaven Strijensas<\/figcaption><\/figure>\n\n<div style=\"height:60px\" aria-hidden=\"true\" class=\"wp-block-spacer\"><\/div>\n\n<h2 class=\"wp-block-heading\"><strong>Vad var hennes f\u00f6rsta intryck n\u00e4r hon anl\u00e4nde till Jachthaven Strijensas?<\/strong><\/h2>\n\n<div style=\"height:15px\" aria-hidden=\"true\" class=\"wp-block-spacer\"><\/div>\n\n<p>Redan fr\u00e5n sina f\u00f6rsta dagar i marinan i Strijensas s\u00e4ger Renate att hon blev slagen av den varma atmosf\u00e4ren i hamnen. Hon f\u00f6rklarar att hon snabbt k\u00e4nde av en positiv dynamik, driven av ett motiverat team och b\u00e5t\u00e4gare som \u00e4r knutna till sin marina:<\/p>\n\n<blockquote class=\"wp-block-quote is-layout-flow wp-block-quote-is-layout-flow\">\n<p><em>&#8221;Mitt f\u00f6rsta intryck var mycket bra: hamnen har en varm atmosf\u00e4r och teamet \u00e4r entusiastiskt och engagerat. Det finns en h\u00e4rlig anda h\u00e4r, och jag m\u00e4rkte direkt att alla delar samma m\u00e5l: att erbjuda varje bes\u00f6kare en of\u00f6rgl\u00f6mlig upplevelse.&#8221;<\/em><\/p>\n<\/blockquote>\n\n<div style=\"height:15px\" aria-hidden=\"true\" class=\"wp-block-spacer\"><\/div>\n\n<div class=\"wp-block-buttons is-layout-flex wp-block-buttons-is-layout-flex\">\n<div class=\"wp-block-button\"><a class=\"wp-block-button__link has-background has-small-font-size has-custom-font-size wp-element-button\" href=\"https:\/\/www.port-adhoc.com\/sv\/blog\/gruppnyheter\/jachthaven-strijensas-ansluter-sig-till-port-adhoc-natverket\/\" style=\"background-color:#201e5b\" target=\"_blank\" rel=\"noreferrer noopener\">\u27a1\ufe0f L\u00e4s ocks\u00e5: Jachthaven Strijensas ansluter sig till Port Adhoc-n\u00e4tverket!<\/a><\/div>\n<\/div>\n\n<div style=\"height:60px\" aria-hidden=\"true\" class=\"wp-block-spacer\"><\/div>\n\n<h2 class=\"wp-block-heading\"><strong>Vilka \u00e4r de stora projekten f\u00f6r marinan?<\/strong><\/h2>\n\n<div style=\"height:15px\" aria-hidden=\"true\" class=\"wp-block-spacer\"><\/div>\n\n<p>\u00c4ven om Strijensas redan charmar sina bes\u00f6kare med sin autenticitet, vill den nya <em><strong>hamnchefen<\/strong><\/em> ta saker ett steg l\u00e4ngre. Detta inkluderar f\u00f6rb\u00e4ttringar av infrastruktur och tj\u00e4nster, samt nya h\u00e5llbarhetsprojekt. Marinan kommer att bli ett centrum f\u00f6r milj\u00f6v\u00e4nliga initiativ och lokala evenemang:<\/p>\n\n<blockquote class=\"wp-block-quote is-layout-flow wp-block-quote-is-layout-flow\">\n<p><em>&#8221;Min huvudprioritet \u00e4r att bevara hamnens charm och lugn, samtidigt som vi utforskar f\u00f6rb\u00e4ttringar n\u00e4r det g\u00e4ller infrastruktur och h\u00e5llbarhet. Till exempel vill jag g\u00f6ra anl\u00e4ggningarna mer milj\u00f6v\u00e4nliga och organisera sm\u00e5skaliga evenemang f\u00f6r att st\u00e4rka gemenskapen och forts\u00e4tta g\u00f6ra Jachthaven Strijensas till en mycket trevlig plats att leva p\u00e5. P\u00e5 kort sikt kommer jag att noggrant lyssna p\u00e5 \u00f6nskem\u00e5len fr\u00e5n b\u00e5tplatsinnehavare och bes\u00f6kare f\u00f6r att identifiera de viktigaste behoven.&#8221;<\/em><\/p>\n<\/blockquote>\n\n<p>I slutet av v\u00e5rt samtal avslutar Renate:<\/p>\n\n<blockquote class=\"wp-block-quote is-layout-flow wp-block-quote-is-layout-flow\">\n<p><em>&#8221;Jag skulle vilja att Jachthaven Strijensas blir \u00e4nnu mer erk\u00e4nd som en v\u00e4lkomnande, charmig och milj\u00f6v\u00e4nlig marina. En marina dit m\u00e4nniskor \u00e4lskar att komma \u2013 och komma tillbaka! Inom Port Adhoc-gruppen kommer marinan att beh\u00e5lla sin unika karakt\u00e4r, och vi kommer att forts\u00e4tta s\u00e4tta personlig uppm\u00e4rksamhet i centrum f\u00f6r allt vi g\u00f6r.<\/em><\/p>\n<\/blockquote>\n\n<blockquote class=\"wp-block-quote is-layout-flow wp-block-quote-is-layout-flow\">\n<p><em>Jag vill varmt bjuda in alla att uppt\u00e4cka Jachthaven Strijensas \u2013 lugn, natur och g\u00e4stfrihet. Oavsett om du passerar f\u00f6r ett kort stopp eller stannar l\u00e4ngre, kommer vi att g\u00f6ra allt vi kan f\u00f6r att g\u00f6ra din upplevelse h\u00e4r s\u00e5 trevlig som m\u00f6jligt.&#8221;<\/em><\/p>\n<\/blockquote>\n\n<div style=\"height:60px\" aria-hidden=\"true\" class=\"wp-block-spacer\"><\/div>\n\n<figure class=\"wp-block-image size-large\"><img decoding=\"async\" width=\"1024\" height=\"973\" src=\"https:\/\/b2765252.smushcdn.com\/2765252\/wp-content\/uploads\/2025\/09\/DSC00546-e1756905125739-1024x973.jpg?lossy=1&strip=1&webp=1\" alt=\"Jachthaven Strijensas\" class=\"wp-image-113058\" srcset=\"https:\/\/b2765252.smushcdn.com\/2765252\/wp-content\/uploads\/2025\/09\/DSC00546-e1756905125739-1024x973.jpg?lossy=1&strip=1&webp=1 1024w, https:\/\/b2765252.smushcdn.com\/2765252\/wp-content\/uploads\/2025\/09\/DSC00546-e1756905125739-300x285.jpg?lossy=1&strip=1&webp=1 300w, https:\/\/b2765252.smushcdn.com\/2765252\/wp-content\/uploads\/2025\/09\/DSC00546-e1756905125739-768x730.jpg?lossy=1&strip=1&webp=1 768w, https:\/\/b2765252.smushcdn.com\/2765252\/wp-content\/uploads\/2025\/09\/DSC00546-e1756905125739.jpg?lossy=1&strip=1&webp=1 1365w, https:\/\/b2765252.smushcdn.com\/2765252\/wp-content\/uploads\/2025\/09\/DSC00546-e1756905125739.jpg?size=512x487&lossy=1&strip=1&webp=1 512w\" sizes=\"auto, (max-width: 1024px) 100vw, 1024px\" loading=\"lazy\" \/><figcaption class=\"wp-element-caption\">Jachthaven Strijensas, Hollands Diep<\/figcaption><\/figure>\n\n<div style=\"height:60px\" aria-hidden=\"true\" class=\"wp-block-spacer\"><\/div>\n\n<p>Vill du veta mer om v\u00e5r marina, eller \u00e4r du intresserad av en b\u00e5tplats f\u00f6r din motorb\u00e5t eller segelb\u00e5t h\u00e4r? Kontakta Renate och teamet p\u00e5 plats!<\/p>\n\n<div style=\"height:30px\" aria-hidden=\"true\" class=\"wp-block-spacer\"><\/div>\n\n<div class=\"wp-block-buttons is-layout-flex wp-block-buttons-is-layout-flex\">\n<div class=\"wp-block-button\"><a class=\"wp-block-button__link has-white-color has-vivid-cyan-blue-background-color has-text-color has-background has-link-color has-small-font-size has-custom-font-size wp-element-button\" href=\"https:\/\/www.port-adhoc.com\/sv\/offert-batplats\/\" target=\"_blank\" rel=\"noreferrer noopener\">Kontakta oss \ud83d\udc4b<\/a><\/div>\n<\/div>\n","protected":false},"excerpt":{"rendered":"<p>I maj 2025 ansl\u00f6t sig marinan i Strijensas till Port Adhoc-n\u00e4tverket. Detta f\u00f6rv\u00e4rv av v\u00e5r grupp inneb\u00e4r att Port Adhoc Nederland nu kan erbjuda \u00e5tta marinor till fritidsb\u00e5ts\u00e4gare i Nederl\u00e4nderna.<br \/>\nUnder sommaren 2025 valdes Renate Ilmer, en erfaren professionell inom hamnf\u00f6rvaltning, till att ta rollen som Marina Manager. L\u00e4s vidare f\u00f6r att f\u00e5 veta mer om henne!<\/p>\n","protected":false},"author":26,"featured_media":114734,"comment_status":"closed","ping_status":"closed","sticky":false,"template":"","format":"standard","meta":{"wds_primary_category":0,"footnotes":""},"categories":[182],"tags":[283],"class_list":["post-113087","post","type-post","status-publish","format-standard","has-post-thumbnail","hentry","category-marinanyheter","tag-jachthaven-strijensas-sv"],"_links":{"self":[{"href":"https:\/\/www.port-adhoc.com\/sv\/wp-json\/wp\/v2\/posts\/113087","targetHints":{"allow":["GET"]}}],"collection":[{"href":"https:\/\/www.port-adhoc.com\/sv\/wp-json\/wp\/v2\/posts"}],"about":[{"href":"https:\/\/www.port-adhoc.com\/sv\/wp-json\/wp\/v2\/types\/post"}],"author":[{"embeddable":true,"href":"https:\/\/www.port-adhoc.com\/sv\/wp-json\/wp\/v2\/users\/26"}],"replies":[{"embeddable":true,"href":"https:\/\/www.port-adhoc.com\/sv\/wp-json\/wp\/v2\/comments?post=113087"}],"version-history":[{"count":0,"href":"https:\/\/www.port-adhoc.com\/sv\/wp-json\/wp\/v2\/posts\/113087\/revisions"}],"wp:featuredmedia":[{"embeddable":true,"href":"https:\/\/www.port-adhoc.com\/sv\/wp-json\/wp\/v2\/media\/114734"}],"wp:attachment":[{"href":"https:\/\/www.port-adhoc.com\/sv\/wp-json\/wp\/v2\/media?parent=113087"}],"wp:term":[{"taxonomy":"category","embeddable":true,"href":"https:\/\/www.port-adhoc.com\/sv\/wp-json\/wp\/v2\/categories?post=113087"},{"taxonomy":"post_tag","embeddable":true,"href":"https:\/\/www.port-adhoc.com\/sv\/wp-json\/wp\/v2\/tags?post=113087"}],"curies":[{"name":"wp","href":"https:\/\/api.w.org\/{rel}","templated":true}]}}