{"id":56981,"date":"2024-11-12T11:54:10","date_gmt":"2024-11-12T10:54:10","guid":{"rendered":"https:\/\/www.port-adhoc.com\/stockage-bateau-a-sec-il-a-choisi-port-adhoc-paimpol\/"},"modified":"2025-09-11T17:16:43","modified_gmt":"2025-09-11T15:16:43","slug":"torr-batforvaring-han-valde-port-adhoc-paimpol","status":"publish","type":"post","link":"https:\/\/www.port-adhoc.com\/sv\/blog\/marinanyheter\/torr-batforvaring-han-valde-port-adhoc-paimpol\/","title":{"rendered":"Torr f\u00f6rvaring av b\u00e5tar: han valde Port Adhoc Paimpol"},"content":{"rendered":"\n<p class=\"has-small-font-size\">Publiceringsdatum: 12\/11\/2024<\/p>\n\n<div style=\"height:60px\" aria-hidden=\"true\" class=\"wp-block-spacer\"><\/div>\n\n<p>N\u00e4r Port Adhoc-teamet fr\u00e5gade \u00c9ric om han ville ber\u00e4tta sin historia och dela med sig av sina erfarenheter till v\u00e5ra l\u00e4sare svarade han positivt. <em>\u201dDet \u00e4r en f\u00f6rvaringsl\u00f6sning f\u00f6r min b\u00e5t som jag \u00e4r n\u00f6jd med, s\u00e5 jag ber\u00e4ttar g\u00e4rna om det <\/em>\u201d, sa han.<\/p>\n\n<p>\u00c9ric \u00e4r en ung pension\u00e4r som bor i Parisregionen och har ett familjehem p\u00e5 den bretonska \u00f6n Br\u00e9hat. En g\u00e5ng i m\u00e5naden under hela \u00e5ret \u00e5ker \u00c9ric och hans fru till detta hus d\u00e4r de tr\u00e4ffar familj och v\u00e4nner. De passar ocks\u00e5 p\u00e5 att ta ut sin b\u00e5t f\u00f6r en tur.<\/p>\n\n<blockquote class=\"wp-block-quote is-layout-flow wp-block-quote-is-layout-flow\">\n<p><em>Tidigare\u201d,<\/em> s\u00e4ger \u00c9ric<em>, \u201d\u00e4gde jag en n\u00e4stan 5 meter l\u00e5ng tr\u00e4jolle fr\u00e5n Paimpol.<\/em> <em>Under flera \u00e5r f\u00f6rt\u00f6jde jag den vid min ankarplats vid Port Clos i Br\u00e9hat.<\/em> <em>\u00c4ven om regionen \u00e4r k\u00e4nd f\u00f6r att vara ganska sv\u00e5rnavigerad, inte minst p\u00e5 grund av de m\u00e5nga klipporna runt sk\u00e4rg\u00e5rden, \u00e4r Port Clos en av de lugnaste ankringsplatserna i omr\u00e5det.<\/em> <em>Tyv\u00e4rr drabbades vi en dag av en storm och en krycka slet upp fribordet, vilket gjorde att hon sj\u00f6nk snabbt<\/em>\u201d.<\/p>\n\n\n\n<p>S\u00e5 \u00c9ric k\u00f6pte en ny b\u00e5t, den h\u00e4r g\u00e5ngen i polyester: <em>&#8221;Jag valde en b\u00e5t som \u00e4r l\u00e4tt att hantera f\u00f6r b\u00e5de n\u00f6je och fiske, ganska ekonomisk, bra att korsa och vars bordl\u00e4ggning p\u00e5minner om den tr\u00e4bordl\u00e4ggning som jag \u00e4lskade s\u00e5 mycket p\u00e5 min gamla jolle.<\/em> <em>Jag d\u00f6pte henne till Kyrios &#8211; efter mitt hus &#8211; och jag njuter av henne varje g\u00e5ng jag kommer till Bretagne.<\/em> <em>S\u00e5 jag \u00e5ker ut med min b\u00e5t \u00e5ret runt, utom under den djupa vintern f\u00f6rst\u00e5s.<\/em> <em>Jag vinterf\u00f6rvarar aldrig min b\u00e5t i ordets egentliga bem\u00e4rkelse&#8221;<\/em>, f\u00f6rklarar seglaren<em>.<\/em><\/p>\n<\/blockquote>\n\n<div style=\"height:60px\" aria-hidden=\"true\" class=\"wp-block-spacer\"><\/div>\n<div class=\"wp-block-image\">\n<figure class=\"aligncenter size-large\"><img fetchpriority=\"high\" decoding=\"async\" width=\"1024\" height=\"577\" src=\"https:\/\/b2765252.smushcdn.com\/2765252\/wp-content\/uploads\/2024\/11\/PA-11.2.-EM-2-1024x577.jpeg?lossy=1&strip=1&webp=1\" alt=\"Kyrios vid Port Clos ankarplats i Br&#xE9;hat\" class=\"wp-image-52728\" srcset=\"https:\/\/b2765252.smushcdn.com\/2765252\/wp-content\/uploads\/2024\/11\/PA-11.2.-EM-2-1024x577.jpeg?lossy=1&strip=1&webp=1 1024w, https:\/\/b2765252.smushcdn.com\/2765252\/wp-content\/uploads\/2024\/11\/PA-11.2.-EM-2-300x169.jpeg?lossy=1&strip=1&webp=1 300w, https:\/\/b2765252.smushcdn.com\/2765252\/wp-content\/uploads\/2024\/11\/PA-11.2.-EM-2-768x433.jpeg?lossy=1&strip=1&webp=1 768w, https:\/\/b2765252.smushcdn.com\/2765252\/wp-content\/uploads\/2024\/11\/PA-11.2.-EM-2-1536x866.jpeg?lossy=1&strip=1&webp=1 1536w, https:\/\/b2765252.smushcdn.com\/2765252\/wp-content\/uploads\/2024\/11\/PA-11.2.-EM-2-2048x1154.jpeg?lossy=1&strip=1&webp=1 2048w, https:\/\/b2765252.smushcdn.com\/2765252\/wp-content\/uploads\/2024\/11\/PA-11.2.-EM-2.jpeg?size=512x289&lossy=1&strip=1&webp=1 512w\" sizes=\"(max-width: 1024px) 100vw, 1024px\" \/><figcaption class=\"wp-element-caption\">Kyrios vid Port Clos ankarplats i Br\u00e9hat<\/figcaption><\/figure>\n<\/div>\n<div style=\"height:60px\" aria-hidden=\"true\" class=\"wp-block-spacer\"><\/div>\n\n<h2 class=\"wp-block-heading\"><strong>I Paimpol, en praktisk f\u00f6rvaringsl\u00f6sning<\/strong><\/h2>\n\n<p>F\u00f6r att undvika en upprepning av den tidigare olyckliga h\u00e4ndelsen letade \u00c9ric efter ett s\u00e4tt att <strong>f\u00f6rvara sin nya b\u00e5t p\u00e5 torra land<\/strong>, i en milj\u00f6 d\u00e4r Kyrios skulle vara <strong>s\u00e4ker<\/strong>.<\/p>\n\n<blockquote class=\"wp-block-quote is-layout-flow wp-block-quote-is-layout-flow\">\n<p><em>\u201dJag letade efter ett f\u00f6rvaringsutrymme som skulle vara skyddat fr\u00e5n vindar och stormar, men ocks\u00e5 fr\u00e5n andra seglare, som kan vara en k\u00e4lla till kollisioner &#8230; Eftersom jag bor flera timmar bort ville jag ha en s\u00e4ker plats, i synnerhet f\u00f6r att njuta av en viss sinnesfrid\u201d.<\/em><\/p>\n<\/blockquote>\n\n<p>Paimpol, L\u00e9zardrieux&#8230; Genom att fr\u00e5ga runt uppt\u00e4ckte \u00c9ric att det fanns flera alternativ f\u00f6r b\u00e5tf\u00f6rvaring i omr\u00e5det, med olika f\u00f6r- och nackdelar. Genom att erbjuda b\u00e5tf\u00f6rvaring p\u00e5 st\u00e4llningar uppfyllde Port Adhoc Paimpol redan yacht\u00e4garnas f\u00f6rv\u00e4ntningar.<\/p>\n\n<blockquote class=\"wp-block-quote is-layout-flow wp-block-quote-is-layout-flow\">\n<p><em>&#8221;Det finns ingen bensinstation i Br\u00e9hat.<\/em> <em>Det \u00e4r inte s\u00e5 l\u00e4tt att f\u00e5 tag p\u00e5 f\u00f6rn\u00f6denheter.<\/em> <em>S\u00e5 m\u00f6jligheten att tanka direkt vid Port Adhoc Paimpol v\u00e4gdes snabbt p\u00e5 v\u00e5gsk\u00e5len\u201d.<\/em><\/p>\n<\/blockquote>\n\n<p>Port Adhoc Paimpol hade ocks\u00e5 f\u00f6rdelen att kunna erbjuda ett <strong>komplett utbud av tekniska faciliteter<\/strong>, vilket underl\u00e4ttade underh\u00e5llsarbetet &#8211; s\u00e4rskilt motor\u00f6versyner p\u00e5 b\u00e5ten.<\/p>\n\n<div style=\"height:30px\" aria-hidden=\"true\" class=\"wp-block-spacer\"><\/div>\n\n<h2 class=\"wp-block-heading\"><strong>En l\u00e4tt\u00e5tkomlig port<\/strong><\/h2>\n\n<blockquote class=\"wp-block-quote is-layout-flow wp-block-quote-is-layout-flow\">\n<p><em>&#8221;Att v\u00e4lja torrmarinan i Paimpol var ocks\u00e5 en bra l\u00f6sning f\u00f6r att enkelt kunna ta mig till min b\u00e5t.<\/em> <em>Paimpol har en mycket bekv\u00e4m <\/em><em>SNCF-t\u00e5gstation<\/em><em>:<\/em><\/p>\n\n\n\n<p><em>F\u00f6r att komma till Port Adhoc Paimpol fr\u00e5n Paris Montparnasse kan jag i dag v\u00e4lja mellan olika t\u00e5g, beroende p\u00e5 tidvattnet.<\/em> <em>N\u00e4r jag har kommit fram till Breton-stationen har jag cirka 15 minuter p\u00e5 mig att g\u00e5 till hamnen.<\/em><\/p>\n\n\n\n<p><em>N\u00e4r jag kommer med bil l\u00e4mnar jag den p\u00e5 kajen, p\u00e5 parkeringen Port Adhoc Paimpol.<\/em> <em>D\u00e5 kan jag snabbt g\u00e5 ombord p\u00e5 min b\u00e5t, vars sj\u00f6s\u00e4ttning har organiserats f\u00f6r min ankomst.<\/em> <em>Knappt 30 minuter senare \u00e4r jag i Br\u00e9hat<\/em>!<\/p>\n<\/blockquote>\n\n<p>Paimpols torrmarina \u00e4r idealiskt bel\u00e4gen, s\u00e5 tidvattentiderna \u00e4r mindre restriktiva, vilket ger dig en viss <strong>flexibilitet n\u00e4r du seglar<\/strong>.<\/p>\n\n<div style=\"height:30px\" aria-hidden=\"true\" class=\"wp-block-spacer\"><\/div>\n\n<h2 class=\"wp-block-heading\"><strong>Marinan som rekommenderades av en v\u00e4n<\/strong><\/h2>\n\n<p>I sin jakt p\u00e5 den <strong>perfekta f\u00f6rvaringsplatsen<\/strong> s\u00e4ger \u00c9ric att han hade flera alternativ: det fanns flera tillg\u00e4ngliga i regionen, och olika m\u00f6jligheter att <strong>f\u00f6rvara b\u00e5ten torrt<\/strong>, p\u00e5 vaggor eller i st\u00e4llage. Men \u00c9ric hade ocks\u00e5 f\u00e5tt r\u00e5d av sin kusin, som hade en egen b\u00e5t i <strong>torrmarinan i Paimpol.<\/strong><\/p>\n\n<p>Flera \u00e5r senare ber\u00e4ttar han att han inte tvekar att rekommendera marinan. Faktum \u00e4r att han har utvecklat ett <strong>f\u00f6rtroendefullt f\u00f6rh\u00e5llande<\/strong> till personalen i torrmarinan: \u201d <em>Chefen och agenterna h\u00e5ller alltid ett \u00f6ga p\u00e5 b\u00e5tarna, de h\u00e5ller ett \u00f6ga p\u00e5 dem och kommer med eventuella kommentarer.<\/em><\/p>\n\n<div style=\"height:30px\" aria-hidden=\"true\" class=\"wp-block-spacer\"><\/div>\n\n<h2 class=\"wp-block-heading\"><strong>Tj\u00e4nster som \u00e4r skr\u00e4ddarsydda f\u00f6r anv\u00e4ndningen av b\u00e5ten<\/strong><\/h2>\n\n<p>Vid ankomsten till Port Adhoc Paimpol erbj\u00f6ds \u00c9ric olika abonnemangspaket. Han valde f\u00f6rvaring <strong>av b\u00e5ten \u00e5ret runt<\/strong>, med obegr\u00e4nsad hantering, sk\u00f6ljning av b\u00e5ten efter varje utflykt, h\u00f6gtryckstv\u00e4tt en g\u00e5ng om \u00e5ret och tillg\u00e5ng till br\u00e4nsletanken.<\/p>\n\n<blockquote class=\"wp-block-quote is-layout-flow wp-block-quote-is-layout-flow\">\n<p><em>&#8221;Jag uppskattar de tj\u00e4nster som marinan erbjuder och som \u00e4r v\u00e4l anpassade till anv\u00e4ndningen av min b\u00e5t.<\/em> <em>Ibland best\u00e4mmer jag mig till exempel f\u00f6r att \u00e5ka till Br\u00e9hat i sista minuten.<\/em> <em>D\u00e5 kan jag enkelt be om att f\u00e5 sj\u00f6s\u00e4tta min b\u00e5t dagen innan eller till och med dagen innan jag anl\u00e4nder.<\/em><\/p>\n\n\n\n<p><em>S\u00e5 jag vet att om vi beh\u00f6ver sj\u00f6s\u00e4tta Kyrios i bara 4 eller 5 dagar i Port Adhoc Paimpol s\u00e5 kommer det inte att vara n\u00e5got problem.<\/em> <em>I andra marinor \u00e4r det inte m\u00f6jligt att beg\u00e4ra en kortvarig sj\u00f6s\u00e4ttning!&#8221;<\/em><\/p>\n<\/blockquote>\n\n<p>Tack vare de flytande pontonerna i marinan \u00e4r det <strong>l\u00e4tt f\u00f6r<\/strong> \u00c9ric att l\u00e4gga till oavsett tidvatten och koefficienter: \u201d <em>Pontonen anpassar sig mycket v\u00e4l till tidvattenvariationen<\/em><em>, s\u00e5 det finns fler m\u00f6jligheter att &#8217;hoppa \u00f6ver&#8217; till fastlandet fr\u00e5n \u00f6n Br\u00e9hat.&#8221;<\/em><\/p>\n\n<div style=\"height:60px\" aria-hidden=\"true\" class=\"wp-block-spacer\"><\/div>\n\n<div class=\"wp-block-group\"><div class=\"wp-block-group__inner-container is-layout-constrained wp-block-group-is-layout-constrained\">\n<div class=\"wp-block-columns is-layout-flex wp-container-core-columns-is-layout-9d6595d7 wp-block-columns-is-layout-flex\">\n<div class=\"wp-block-column is-layout-flow wp-block-column-is-layout-flow\" style=\"flex-basis:100%\">\n<figure class=\"wp-block-gallery has-nested-images columns-default is-cropped wp-block-gallery-2 is-layout-flex wp-block-gallery-is-layout-flex\">\n<figure class=\"wp-block-image size-full\"><img decoding=\"async\" width=\"1274\" height=\"1612\" data-id=\"52729\" src=\"https:\/\/b2765252.smushcdn.com\/2765252\/wp-content\/uploads\/2024\/11\/PA-11.2.-EM-3.jpeg?lossy=1&strip=1&webp=1\" alt=\"Fartyget Kyrios f&#xF6;rt&#xF6;jt p&#xE5; flytponton i Port Adhoc Paimpol\" class=\"wp-image-52729\" srcset=\"https:\/\/b2765252.smushcdn.com\/2765252\/wp-content\/uploads\/2024\/11\/PA-11.2.-EM-3.jpeg?lossy=1&strip=1&webp=1 1274w, https:\/\/b2765252.smushcdn.com\/2765252\/wp-content\/uploads\/2024\/11\/PA-11.2.-EM-3-237x300.jpeg?lossy=1&strip=1&webp=1 237w, https:\/\/b2765252.smushcdn.com\/2765252\/wp-content\/uploads\/2024\/11\/PA-11.2.-EM-3-809x1024.jpeg?lossy=1&strip=1&webp=1 809w, https:\/\/b2765252.smushcdn.com\/2765252\/wp-content\/uploads\/2024\/11\/PA-11.2.-EM-3-768x972.jpeg?lossy=1&strip=1&webp=1 768w, https:\/\/b2765252.smushcdn.com\/2765252\/wp-content\/uploads\/2024\/11\/PA-11.2.-EM-3-1214x1536.jpeg?lossy=1&strip=1&webp=1 1214w, https:\/\/b2765252.smushcdn.com\/2765252\/wp-content\/uploads\/2024\/11\/PA-11.2.-EM-3.jpeg?size=512x648&lossy=1&strip=1&webp=1 512w, https:\/\/b2765252.smushcdn.com\/2765252\/wp-content\/uploads\/2024\/11\/PA-11.2.-EM-3.jpeg?size=1024x1296&lossy=1&strip=1&webp=1 1024w\" sizes=\"auto, (max-width: 1274px) 100vw, 1274px\" loading=\"lazy\" \/><figcaption class=\"wp-element-caption\">Fartyget Kyrios f\u00f6rt\u00f6jt p\u00e5 flytponton i Port Adhoc Paimpol<\/figcaption><\/figure>\n\n\n\n<figure class=\"wp-block-image size-full\"><img decoding=\"async\" width=\"589\" height=\"667\" data-id=\"52730\" src=\"https:\/\/b2765252.smushcdn.com\/2765252\/wp-content\/uploads\/2024\/11\/PA-11.2.-EM-4.jpeg?lossy=1&strip=1&webp=1\" alt=\"\" class=\"wp-image-52730\" srcset=\"https:\/\/b2765252.smushcdn.com\/2765252\/wp-content\/uploads\/2024\/11\/PA-11.2.-EM-4.jpeg?lossy=1&strip=1&webp=1 589w, https:\/\/b2765252.smushcdn.com\/2765252\/wp-content\/uploads\/2024\/11\/PA-11.2.-EM-4-265x300.jpeg?lossy=1&strip=1&webp=1 265w, https:\/\/b2765252.smushcdn.com\/2765252\/wp-content\/uploads\/2024\/11\/PA-11.2.-EM-4.jpeg?size=512x580&lossy=1&strip=1&webp=1 512w\" sizes=\"auto, (max-width: 589px) 100vw, 589px\" loading=\"lazy\" \/><figcaption class=\"wp-element-caption\">B\u00e5ten Kyrios i torrmarinan i Port Adhoc Paimpol<\/figcaption><\/figure>\n<\/figure>\n<\/div>\n<\/div>\n<\/div><\/div>\n\n<div style=\"height:60px\" aria-hidden=\"true\" class=\"wp-block-spacer\"><\/div>\n\n<blockquote class=\"wp-block-quote is-layout-flow wp-block-quote-is-layout-flow\">\n<p><em>&#8221;Denna f\u00f6rvaringsl\u00f6sning inneb\u00e4r ocks\u00e5 att b\u00e5ten vid behov kan tas ut ur st\u00e4llningarna och placeras p\u00e5 block i Port Adhoc Paimpol.<\/em> <em>Det g\u00f6r jag ibland n\u00e4r jag beh\u00f6ver utf\u00f6ra mindre arbeten p\u00e5 Kyrios.<\/em> <em>Det \u00e4r ocks\u00e5 v\u00e4rt att p\u00e5peka att denna f\u00f6rvaringsmetod sparar in p\u00e5 underh\u00e5llskostnader &#8211; s\u00e4rskilt kostnader f\u00f6r bottenreng\u00f6ring.&#8221;<\/em><\/p>\n<\/blockquote>\n\n<p>Slutligen f\u00f6rklarar \u00c9ric att Port Adhoc Paimpol \u00e4r en l\u00f6sning som ocks\u00e5 g\u00f6r det m\u00f6jligt f\u00f6r hela hans familj att <strong>njuta av b\u00e5ten<\/strong>: \u201d <em>Hamnteamen g\u00f6r det enkelt f\u00f6r mig, s\u00e5 att till exempel mina barn kan komma till Paimpol n\u00e4r jag \u00e4r borta och anv\u00e4nda Kyrios <\/em>\u201d.<\/p>\n\n<p>Vill du veta mer om Port Adhoc Paimpol och de tj\u00e4nster som v\u00e5ra team erbjuder p\u00e5 plats? Bes\u00f6k sidan som \u00e4r till\u00e4gnad v\u00e5r torrmarina i Bretagne!<\/p>\n\n<div style=\"height:60px\" aria-hidden=\"true\" class=\"wp-block-spacer\"><\/div>\n\n<div class=\"wp-block-buttons is-horizontal is-layout-flex wp-block-buttons-is-layout-flex\">\n<div class=\"wp-block-button is-style-fill\"><a class=\"wp-block-button__link has-white-color has-vivid-cyan-blue-background-color has-text-color has-background wp-element-button\" href=\"https:\/\/www.port-adhoc.com\/sv\/paimpol\/\" target=\"_blank\" rel=\"noreferrer noopener\">Uppt\u00e4ck Port Adhoc Paimpol\ud83d\udc4b<\/a><\/div>\n<\/div>\n","protected":false},"excerpt":{"rendered":"<p>\u00c9ric Maerten \u00e4ger en Obe &#038; Carmen med en skrovl\u00e4ngd p\u00e5 6 meter och en Yamaha-motor p\u00e5 100 hk. N\u00e4r han k\u00f6pte b\u00e5ten 2019 valde han Port Adhoc Paimpol f\u00f6r att f\u00f6rvara den. I den h\u00e4r artikeln ser han tillbaka p\u00e5 sin historia, sk\u00e4len till sitt val och sin upplevelse i v\u00e5r marina.<\/p>\n","protected":false},"author":26,"featured_media":115036,"comment_status":"closed","ping_status":"closed","sticky":false,"template":"","format":"standard","meta":{"wds_primary_category":0,"footnotes":""},"categories":[182],"tags":[183],"class_list":["post-56981","post","type-post","status-publish","format-standard","has-post-thumbnail","hentry","category-marinanyheter","tag-port-adhoc-paimpol-sv"],"_links":{"self":[{"href":"https:\/\/www.port-adhoc.com\/sv\/wp-json\/wp\/v2\/posts\/56981","targetHints":{"allow":["GET"]}}],"collection":[{"href":"https:\/\/www.port-adhoc.com\/sv\/wp-json\/wp\/v2\/posts"}],"about":[{"href":"https:\/\/www.port-adhoc.com\/sv\/wp-json\/wp\/v2\/types\/post"}],"author":[{"embeddable":true,"href":"https:\/\/www.port-adhoc.com\/sv\/wp-json\/wp\/v2\/users\/26"}],"replies":[{"embeddable":true,"href":"https:\/\/www.port-adhoc.com\/sv\/wp-json\/wp\/v2\/comments?post=56981"}],"version-history":[{"count":0,"href":"https:\/\/www.port-adhoc.com\/sv\/wp-json\/wp\/v2\/posts\/56981\/revisions"}],"wp:featuredmedia":[{"embeddable":true,"href":"https:\/\/www.port-adhoc.com\/sv\/wp-json\/wp\/v2\/media\/115036"}],"wp:attachment":[{"href":"https:\/\/www.port-adhoc.com\/sv\/wp-json\/wp\/v2\/media?parent=56981"}],"wp:term":[{"taxonomy":"category","embeddable":true,"href":"https:\/\/www.port-adhoc.com\/sv\/wp-json\/wp\/v2\/categories?post=56981"},{"taxonomy":"post_tag","embeddable":true,"href":"https:\/\/www.port-adhoc.com\/sv\/wp-json\/wp\/v2\/tags?post=56981"}],"curies":[{"name":"wp","href":"https:\/\/api.w.org\/{rel}","templated":true}]}}