{"id":57180,"date":"2024-07-02T09:29:10","date_gmt":"2024-07-02T07:29:10","guid":{"rendered":"https:\/\/www.port-adhoc.com\/visiter-les-fetes-maritimes-de-l-ete-depuis-port-adhoc-paimpol\/"},"modified":"2026-03-05T12:54:04","modified_gmt":"2026-03-05T11:54:04","slug":"besok-sommarens-maritima-festivaler-fran-port-adhoc-paimpol","status":"publish","type":"post","link":"https:\/\/www.port-adhoc.com\/sv\/blog\/marinanyheter\/besok-sommarens-maritima-festivaler-fran-port-adhoc-paimpol\/","title":{"rendered":"Bes\u00f6k sommarens maritima festivaler fr\u00e5n Port Adhoc Paimpol"},"content":{"rendered":"\n<p class=\"has-small-font-size\">Publiceringsdatum: 02\/07\/2024 \u2013 Senaste uppdatering: 04\/02\/2026<\/p>\n\n<div style=\"height:60px\" aria-hidden=\"true\" class=\"wp-block-spacer\"><\/div>\n\n<h2 class=\"wp-block-heading\"><strong>Bretagne, hem f\u00f6r stora maritima festligheter<\/strong><\/h2>\n\n<div style=\"height:30px\" aria-hidden=\"true\" class=\"wp-block-spacer\"><\/div>\n\n<p>De viktigaste marina evenemangen \u00e4ger rum i Finist\u00e8re \u2013 vart tredje \u00e5r i Brest och vartannat \u00e5r i Douarnenez. De <strong>maritima festivalerna i Brest och Douarnenez<\/strong> \u00e4r varje g\u00e5ng ett tillf\u00e4lle att v\u00e4lkomna tusentals bes\u00f6kare som \u00e4r passionerade av havet, som kommer f\u00f6r att beundra fartygen eller helt enkelt njuta av den livliga atmosf\u00e4ren l\u00e4ngs kajerna.<\/p>\n\n<p>Som platsen f\u00f6r de allra f\u00f6rsta maritima festivalerna har <strong>Bretagne<\/strong> med \u00e5ren etablerat sig som regionen d\u00e4r de <strong>mest fantastiska firandena<\/strong> h\u00e5lls. Enligt v\u00e5r mening, om du <strong>uppskattar maritimt<\/strong> arv och <strong>b\u00e5tar<\/strong> i allm\u00e4nhet, \u00e4r <strong>festivalerna i Brest<\/strong> och <strong>Douarnenez<\/strong> verkligen ett m\u00e5ste!<\/p>\n\n<div style=\"height:60px\" aria-hidden=\"true\" class=\"wp-block-spacer\"><\/div>\n\n<h3 class=\"wp-block-heading\"><strong>De maritima festivalerna i Brest<\/strong><\/h3>\n\n<p>\u00c5r 2026 kommer du tyv\u00e4rr inte att ha m\u00f6jlighet att delta i Brests maritima festival. Festligheterna, som tidigare organiserades vart fj\u00e4rde \u00e5r, \u00e4ger nu rum vart tredje \u00e5r, och 2027 blir n\u00e4sta upplaga av evenemanget.<\/p>\n\n<div style=\"height:15px\" aria-hidden=\"true\" class=\"wp-block-spacer\"><\/div>\n\n<div class=\"wp-block-buttons is-layout-flex wp-block-buttons-is-layout-flex\">\n<div class=\"wp-block-button\"><a class=\"wp-block-button__link has-vivid-cyan-blue-background-color has-background has-small-font-size has-custom-font-size wp-element-button\" href=\"https:\/\/www.fetesmaritimesdebrest.fr\/\" target=\"_blank\" rel=\"noreferrer noopener\">L\u00e4s mer om Brest 2027 \ud83d\udc4b<\/a><\/div>\n<\/div>\n\n<div style=\"height:30px\" aria-hidden=\"true\" class=\"wp-block-spacer\"><\/div>\n\n<p><p data-start=\"1543\" data-end=\"1728\">Under tiden, medan vi v\u00e4ntar p\u00e5 \u201c<strong>Brest 2027<\/strong>\u201d, som kommer att \u00e4ga rum \u00f6ver hela hamnomr\u00e5det och en del av milit\u00e4rzonen, kan du bes\u00f6ka de maritima <strong>festivalerna i Douarnenez<\/strong> i juli 2026.<\/p><br\/><p data-start=\"1730\" data-end=\"1861\"><\/p><\/p>\n\n<div style=\"height:60px\" aria-hidden=\"true\" class=\"wp-block-spacer\"><\/div>\n\n<figure class=\"wp-block-image size-large is-resized\"><img fetchpriority=\"high\" decoding=\"async\" width=\"1024\" height=\"683\" src=\"https:\/\/b2765252.smushcdn.com\/2765252\/wp-content\/uploads\/2024\/07\/Fetes-maritimes-Brest-1024x683.jpeg?lossy=1&strip=1&webp=1\" alt=\"\" class=\"wp-image-47106\" style=\"width:845px;height:auto\" srcset=\"https:\/\/b2765252.smushcdn.com\/2765252\/wp-content\/uploads\/2024\/07\/Fetes-maritimes-Brest-1024x683.jpeg?lossy=1&strip=1&webp=1 1024w, https:\/\/b2765252.smushcdn.com\/2765252\/wp-content\/uploads\/2024\/07\/Fetes-maritimes-Brest-300x200.jpeg?lossy=1&strip=1&webp=1 300w, https:\/\/b2765252.smushcdn.com\/2765252\/wp-content\/uploads\/2024\/07\/Fetes-maritimes-Brest-768x512.jpeg?lossy=1&strip=1&webp=1 768w, https:\/\/b2765252.smushcdn.com\/2765252\/wp-content\/uploads\/2024\/07\/Fetes-maritimes-Brest-1536x1024.jpeg?lossy=1&strip=1&webp=1 1536w, https:\/\/b2765252.smushcdn.com\/2765252\/wp-content\/uploads\/2024\/07\/Fetes-maritimes-Brest-2048x1365.jpeg?lossy=1&strip=1&webp=1 2048w, https:\/\/b2765252.smushcdn.com\/2765252\/wp-content\/uploads\/2024\/07\/Fetes-maritimes-Brest.jpeg?size=512x342&lossy=1&strip=1&webp=1 512w\" sizes=\"(max-width: 1024px) 100vw, 1024px\" \/><figcaption class=\"wp-element-caption\"><em>L&#8217;\u00c9toile du Roy och La Belle Poule f\u00f6rt\u00f6jda vid Quai du Commandant Malbert under 2022 \u00e5rs upplaga av Brests maritima festivaler<\/em><\/figcaption><\/figure>\n\n<div style=\"height:60px\" aria-hidden=\"true\" class=\"wp-block-spacer\"><\/div>\n\n<h3 class=\"wp-block-heading\"><strong>Festivalen f\u00f6r gamla segelfartyg i Paimpol<\/strong><\/h3>\n\n<p>Fr\u00e5n den 14 till 16 augusti 2026 firar Festivalen f\u00f6r gamla segelfartyg i Paimpol sitt 20:e jubileum! Ett m\u00e5ste f\u00f6r alla som \u00e4lskar maritimt arv och musik. Under tre dagar kommer hamnen att sjuda av liv med gamla segelfartyg, nautiska aktiviteter och konserter p\u00e5 flera scener, och erbjuda en festlig inblick i Bretagne\u2019s maritima v\u00e4rld. Ett perfekt tillf\u00e4lle att uppt\u00e4cka Bretagnes rika maritima kultur i en v\u00e4nlig och livlig atmosf\u00e4r.<\/p>\n\n<p>I \u00e5r \u00e4r <strong>Port Adhoc Paimpol<\/strong> stolt \u00f6ver att vara partner till evenemanget och bidrar till att lyfta fram det regionala maritima arvet samtidigt som man st\u00f6djer det lokala kulturlivet.<\/p>\n\n<div style=\"height:15px\" aria-hidden=\"true\" class=\"wp-block-spacer\"><\/div>\n\n<div class=\"wp-block-buttons is-layout-flex wp-block-buttons-is-layout-flex\">\n<div class=\"wp-block-button\"><a class=\"wp-block-button__link has-vivid-cyan-blue-background-color has-background has-small-font-size has-custom-font-size wp-element-button\" href=\"https:\/\/vieux-greements-paimpol.fr\/\" target=\"_blank\" rel=\"noreferrer noopener\">L\u00e4s mer om Festivalen f\u00f6r gamla segelfartyg i Paimpol \ud83d\udc4b<\/a><\/div>\n<\/div>\n\n<div style=\"height:60px\" aria-hidden=\"true\" class=\"wp-block-spacer\"><\/div>\n\n<figure class=\"wp-block-image size-large\"><img decoding=\"async\" width=\"1024\" height=\"1024\" src=\"https:\/\/b2765252.smushcdn.com\/2765252\/wp-content\/uploads\/2024\/07\/606429244_122219726816271242_2326676027164079080_n-1024x1024.jpg?lossy=1&strip=1&webp=1\" alt=\"Phoenix-b&#xE5;ten Paimpol Festival\" class=\"wp-image-126920\" srcset=\"https:\/\/b2765252.smushcdn.com\/2765252\/wp-content\/uploads\/2024\/07\/606429244_122219726816271242_2326676027164079080_n-1024x1024.jpg?lossy=1&strip=1&webp=1 1024w, https:\/\/b2765252.smushcdn.com\/2765252\/wp-content\/uploads\/2024\/07\/606429244_122219726816271242_2326676027164079080_n-300x300.jpg?lossy=1&strip=1&webp=1 300w, https:\/\/b2765252.smushcdn.com\/2765252\/wp-content\/uploads\/2024\/07\/606429244_122219726816271242_2326676027164079080_n-150x150.jpg?lossy=1&strip=1&webp=1 150w, https:\/\/b2765252.smushcdn.com\/2765252\/wp-content\/uploads\/2024\/07\/606429244_122219726816271242_2326676027164079080_n-768x768.jpg?lossy=1&strip=1&webp=1 768w, https:\/\/b2765252.smushcdn.com\/2765252\/wp-content\/uploads\/2024\/07\/606429244_122219726816271242_2326676027164079080_n.jpg?lossy=1&strip=1&webp=1 1440w, https:\/\/b2765252.smushcdn.com\/2765252\/wp-content\/uploads\/2024\/07\/606429244_122219726816271242_2326676027164079080_n.jpg?size=512x512&lossy=1&strip=1&webp=1 512w\" sizes=\"auto, (max-width: 1024px) 100vw, 1024px\" loading=\"lazy\" \/><figcaption class=\"wp-element-caption\">Piratskeppet <em>Phoenix<\/em> och dess bes\u00e4ttning, g\u00e4st i 2026 \u00e5rs upplaga<\/figcaption><\/figure>\n\n<div style=\"height:60px\" aria-hidden=\"true\" class=\"wp-block-spacer\"><\/div>\n\n<h3 class=\"wp-block-heading\"><strong>De maritima festivalerna i Douarnenez<\/strong><\/h3>\n\n<p>Fr\u00e5n 23 till 26 juli 2026 kommer den 19:e upplagan av evenemanget att samla hundratals bes\u00e4ttningar och traditionella b\u00e5tar vid Port du Rosmeur i Douarnenez. Det kommer ocks\u00e5 att vara 40-\u00e5rsjubileum f\u00f6r det allra f\u00f6rsta maritima evenemanget som organiserades p\u00e5 bretonska mark!<\/p>\n\n<p>I Douarnenez kommer festligheterna att \u00e4ga rum p\u00e5 vattnet, p\u00e5 scen och l\u00e4ngs kajerna. Bes\u00f6kare kommer att kunna utforska traditionella b\u00e5tar, beundra olika nautiska parader, g\u00e5 ut till havs f\u00f6r n\u00f6jesturer, delta i demonstrationer\u2026 eller till och med prova p\u00e5 introduktionsaktiviteter.<\/p>\n\n<p>Det kulturella programmet kommer att vara s\u00e4rskilt rikt: entusiaster av havet och maritimt arv kommer att njuta av ett brett utbud av aktiviteter, konferenser och debatter, utst\u00e4llningar och filmvisningar.<\/p>\n\n<p>Slutligen, som brukligt, kommer Douarnenez maritima festivaler att erbjuda ett eklektiskt musikprogram, inklusive v\u00e4rldsmusik och traditionella sj\u00f6manss\u00e5nger.<\/p>\n\n<div style=\"height:15px\" aria-hidden=\"true\" class=\"wp-block-spacer\"><\/div>\n\n<div class=\"wp-block-buttons is-layout-flex wp-block-buttons-is-layout-flex\">\n<div class=\"wp-block-button\"><a class=\"wp-block-button__link has-vivid-cyan-blue-background-color has-background has-small-font-size has-custom-font-size wp-element-button\" href=\"https:\/\/fetesmaritimes.fr\/\" target=\"_blank\" rel=\"noreferrer noopener\">L\u00e4s mer om Douarnenez maritima festivaler \ud83d\udc4b<\/a><\/div>\n<\/div>\n\n<div style=\"height:60px\" aria-hidden=\"true\" class=\"wp-block-spacer\"><\/div>\n\n<figure class=\"wp-block-image size-large is-resized\"><img decoding=\"async\" width=\"1024\" height=\"683\" src=\"https:\/\/b2765252.smushcdn.com\/2765252\/wp-content\/uploads\/2024\/07\/623470167_1428448285404401_2261873328285180929_n-1024x683.jpg?lossy=1&strip=1&webp=1\" alt=\"\" class=\"wp-image-124478\" style=\"width:845px;height:auto\" srcset=\"https:\/\/b2765252.smushcdn.com\/2765252\/wp-content\/uploads\/2024\/07\/623470167_1428448285404401_2261873328285180929_n-1024x683.jpg?lossy=1&strip=1&webp=1 1024w, https:\/\/b2765252.smushcdn.com\/2765252\/wp-content\/uploads\/2024\/07\/623470167_1428448285404401_2261873328285180929_n-300x200.jpg?lossy=1&strip=1&webp=1 300w, https:\/\/b2765252.smushcdn.com\/2765252\/wp-content\/uploads\/2024\/07\/623470167_1428448285404401_2261873328285180929_n-768x512.jpg?lossy=1&strip=1&webp=1 768w, https:\/\/b2765252.smushcdn.com\/2765252\/wp-content\/uploads\/2024\/07\/623470167_1428448285404401_2261873328285180929_n-1536x1024.jpg?lossy=1&strip=1&webp=1 1536w, https:\/\/b2765252.smushcdn.com\/2765252\/wp-content\/uploads\/2024\/07\/623470167_1428448285404401_2261873328285180929_n.jpg?lossy=1&strip=1&webp=1 2048w, https:\/\/b2765252.smushcdn.com\/2765252\/wp-content\/uploads\/2024\/07\/623470167_1428448285404401_2261873328285180929_n.jpg?size=512x342&lossy=1&strip=1&webp=1 512w\" sizes=\"auto, (max-width: 1024px) 100vw, 1024px\" loading=\"lazy\" \/><figcaption class=\"wp-element-caption\"><em>Ankomst av den ryska fyrmastade fartyget Kruzenshtern, 2008 \u00a9 Jacques Vapillon<\/em><\/figcaption><\/figure>\n\n<div style=\"height:60px\" aria-hidden=\"true\" class=\"wp-block-spacer\"><\/div>\n\n<h2 class=\"wp-block-heading\"><strong>I Normandie: Granville Working Sail Festival<\/strong><\/h2>\n\n<p>Om du vill delta i ett maritimt evenemang vid Engelska kanalen, bege dig ist\u00e4llet till Granville i Normandie. D\u00e4r, mellan 19 och 23 augusti 2026, kan du njuta av fem dagar av uppt\u00e4ckter och aktiviteter med fokus p\u00e5 maritimt arv, som en del av den v\u00e4lk\u00e4nda <strong>Working Sail Festival<\/strong> (Festival des Voiles de Travail).<\/p>\n\n<p>Festivalen \u00e4r ett pedagogiskt evenemang, utformat f\u00f6r att hj\u00e4lpa allm\u00e4nheten att f\u00f6rst\u00e5 vad arbetsskepp var och den ekonomiska och kulturella betydelsen av regionens maritima f\u00f6rflutna.<\/p>\n\n<p>Skapad 2012, \u00e4ger den rum varje \u00e5r i hamnen i Granville. F\u00f6rra \u00e5ret bes\u00f6ktes den av n\u00e4stan 50 000 personer som kom f\u00f6r att delta i aktiviteter till sj\u00f6ss, underh\u00e5llning i hamnen och evenemang p\u00e5 land.<\/p>\n\n<div style=\"height:60px\" aria-hidden=\"true\" class=\"wp-block-spacer\"><\/div>\n\n<h2 class=\"wp-block-heading\"><strong>Bretonska och normandiska maritima festivaler 2026: kalender<\/strong><\/h2>\n\n<div class=\"table-container\" role=\"region\" aria-label=\"Maritima evenemang i Bretagne och Normandie\">\r\n\r\n  <table class=\"responsive-table\">\r\n    <thead>\r\n      <tr>\r\n        <th>Maritima evenemang i Bretagne och Normandie<\/th>\r\n        <th>Evenemangsdatum<\/th>\r\n      <\/tr>\r\n    <\/thead>\r\n\r\n    <tbody>\r\n      <tr>\r\n        <td data-label=\"Evenemang\">Maritima festligheter i Douarnenez<\/td>\r\n        <td data-label=\"Datum\">23 \u2013 26 juli 2026<\/td>\r\n      <\/tr>\r\n\r\n      <tr>\r\n        <td data-label=\"\u00c9v\u00e9nement\">Festivalen f\u00f6r gamla segelfartyg i Paimpol<\/td>\r\n        <td data-label=\"Dates\">14\u201316 augusti 2026<\/td>\r\n      <\/tr>\r\n\r\n      <tr>\r\n        <td data-label=\"Evenemang\">Granville Arbetssegel Festival<\/td>\r\n        <td data-label=\"Datum\">19 \u2013 23 augusti 2026<\/td>\r\n      <\/tr>\r\n    <\/tbody>\r\n  <\/table>\r\n\r\n<\/div>\r\n\r\n<style>\r\n  .table-container {\r\n    width: 100%;\r\n    overflow-x: auto;\r\n    margin: 24px 0;\r\n  }\r\n\r\n  .responsive-table {\r\n    width: 100%;\r\n    border-collapse: collapse;\r\n    color: #201e5b;\r\n    border: 1px solid #e5e7eb;\r\n  }\r\n\r\n  .responsive-table th,\r\n  .responsive-table td {\r\n    border: 1px solid #e5e7eb;\r\n    padding: 12px 14px;\r\n    text-align: left;\r\n    vertical-align: top;\r\n  }\r\n\r\n  .responsive-table thead th {\r\n    background-color: #f7f6f4;\r\n    font-weight: 600;\r\n  }\r\n\r\n  .responsive-table tr:hover td {\r\n    background-color: #fafafa;\r\n  }\r\n\r\n  \/* --- Responsive mobile --- *\/\r\n  @media (max-width: 640px) {\r\n    .responsive-table thead {\r\n      display: none;\r\n    }\r\n\r\n    .responsive-table,\r\n    .responsive-table tbody,\r\n    .responsive-table tr,\r\n    .responsive-table td {\r\n      display: block;\r\n      width: 100%;\r\n    }\r\n\r\n    .responsive-table tr {\r\n      margin-bottom: 14px;\r\n      border: 1px solid #e5e7eb;\r\n      border-radius: 12px;\r\n      background: #ffffff;\r\n      overflow: hidden;\r\n    }\r\n\r\n    .responsive-table td {\r\n      border: none;\r\n      border-bottom: 1px solid #f1f5f9;\r\n      padding: 10px 12px 10px 140px;\r\n      position: relative;\r\n    }\r\n\r\n    .responsive-table td:last-child {\r\n      border-bottom: none;\r\n    }\r\n\r\n    .responsive-table td::before {\r\n      content: attr(data-label);\r\n      position: absolute;\r\n      left: 12px;\r\n      top: 10px;\r\n      width: 120px;\r\n      font-weight: 600;\r\n      color: #201e5b;\r\n    }\r\n  }\r\n<\/style>\n\n<div style=\"height:60px\" aria-hidden=\"true\" class=\"wp-block-spacer\"><\/div>\n\n<h2 class=\"wp-block-heading\"><strong>Port Adhoc Paimpol, den perfekta utg\u00e5ngspunkten f\u00f6r festligheter<\/strong><\/h2>\n\n<p>Bel\u00e4get 126 nautiska mil fr\u00e5n Douarnenez och 58 nautiska mil fr\u00e5n Granville, \u00e4r Port Adhoc Paimpol den n\u00e4rmaste hamnen i v\u00e5rt n\u00e4tverk till de maritima festivalerna under 2026. Oavsett om du planerar att delta i en festival, Granville-evenemanget eller alla, kommer Paimpol vara den idealiska hamnen att s\u00e4tta segel fr\u00e5n.<\/p>\n\n<div style=\"height:15px\" aria-hidden=\"true\" class=\"wp-block-spacer\"><\/div>\n\n<div class=\"wp-block-buttons is-horizontal is-layout-flex wp-block-buttons-is-layout-flex\">\n<div class=\"wp-block-button is-style-fill\"><a class=\"wp-block-button__link has-white-color has-text-color has-background has-small-font-size has-custom-font-size wp-element-button\" href=\"https:\/\/www.port-adhoc.com\/sv\/blog\/batliv\/paimpol-en-bretonsk-stad-med-en-rik-hamnhistoria\/\" style=\"background-color:#201e5b\" target=\"_blank\" rel=\"noreferrer noopener\">\u27a1\ufe0f L\u00e4s ocks\u00e5: Paimpol, en bretonsk stad med en rik hamnhistoria<\/a><\/div>\n<\/div>\n\n<div style=\"height:60px\" aria-hidden=\"true\" class=\"wp-block-spacer\"><\/div>\n\n<figure class=\"wp-block-image size-large\"><img loading=\"lazy\" decoding=\"async\" width=\"1024\" height=\"684\" src=\"https:\/\/b2765252.smushcdn.com\/2765252\/wp-content\/uploads\/2024\/07\/DSC02875-1-1024x684.jpg?lossy=1&strip=1&webp=1\" alt=\"Port Adhoc Paimpol\" class=\"wp-image-124480\" srcset=\"https:\/\/b2765252.smushcdn.com\/2765252\/wp-content\/uploads\/2024\/07\/DSC02875-1-1024x684.jpg?lossy=1&strip=1&webp=1 1024w, https:\/\/b2765252.smushcdn.com\/2765252\/wp-content\/uploads\/2024\/07\/DSC02875-1-300x200.jpg?lossy=1&strip=1&webp=1 300w, https:\/\/b2765252.smushcdn.com\/2765252\/wp-content\/uploads\/2024\/07\/DSC02875-1-768x513.jpg?lossy=1&strip=1&webp=1 768w, https:\/\/b2765252.smushcdn.com\/2765252\/wp-content\/uploads\/2024\/07\/DSC02875-1-1536x1026.jpg?lossy=1&strip=1&webp=1 1536w, https:\/\/b2765252.smushcdn.com\/2765252\/wp-content\/uploads\/2024\/07\/DSC02875-1-2048x1368.jpg?lossy=1&strip=1&webp=1 2048w, https:\/\/b2765252.smushcdn.com\/2765252\/wp-content\/uploads\/2024\/07\/DSC02875-1.jpg?size=512x342&lossy=1&strip=1&webp=1 512w\" sizes=\"auto, (max-width: 1024px) 100vw, 1024px\" \/><figcaption class=\"wp-element-caption\"><em>Port Adhoc Paimpol, C\u00f4tes d&#8217;Armor<\/em><\/figcaption><\/figure>\n\n<div style=\"height:60px\" aria-hidden=\"true\" class=\"wp-block-spacer\"><\/div>\n\n<p>Vi r\u00e5der dig att sj\u00f6s\u00e4tta din b\u00e5t tidigt: i Port Adhoc Paimpol kan du g\u00f6ra det mellan 3 timmar f\u00f6re och 3 timmar efter h\u00f6gvatten. V\u00e4l i vattnet kan du segla direkt till sj\u00f6fartsfestivalerna, utan att <strong>beh\u00f6va slussa igenom<\/strong>!<\/p>\n\n<div style=\"height:60px\" aria-hidden=\"true\" class=\"wp-block-spacer\"><\/div>\n\n<div class=\"wp-block-buttons is-horizontal is-layout-flex wp-block-buttons-is-layout-flex\">\n<div class=\"wp-block-button is-style-fill\"><a class=\"wp-block-button__link has-white-color has-vivid-cyan-blue-background-color has-text-color has-background has-small-font-size has-custom-font-size wp-element-button\" href=\"https:\/\/www.port-adhoc.com\/sv\/paimpol\/\" target=\"_blank\" rel=\"noreferrer noopener\">Uppt\u00e4ck hamnen i Paimpol \ud83d\udc4b<\/a><\/div>\n<\/div>\n\n<div style=\"height:60px\" aria-hidden=\"true\" class=\"wp-block-spacer\"><\/div>\n\n<p>Och om du inte har en b\u00e5tplats <strong>i Paimpol<\/strong> eller Bretagne, men \u00e4r intresserad av att bes\u00f6ka festligheterna med motorb\u00e5t eller segelb\u00e5t, rekommenderar vi att du tar reda p\u00e5 mer om omr\u00e5det och <strong>seglingsf\u00f6rh\u00e5llandena i Bretagne i<\/strong> f\u00f6rv\u00e4g. L\u00e4s vidare: vi har ocks\u00e5 f\u00f6rberett en artikel om \u00e4mnet!<\/p>\n\n<div style=\"height:60px\" aria-hidden=\"true\" class=\"wp-block-spacer\"><\/div>\n\n<div class=\"wp-block-buttons is-horizontal is-layout-flex wp-block-buttons-is-layout-flex\">\n<div class=\"wp-block-button is-style-fill\"><a class=\"wp-block-button__link has-white-color has-text-color has-background has-small-font-size has-custom-font-size wp-element-button\" href=\"https:\/\/www.port-adhoc.com\/sv\/blog\/batliv\/det-speciella-med-att-segla-i-bretagne\/\" style=\"background-color:#201e5b\" target=\"_blank\" rel=\"noreferrer noopener\">\u27a1\ufe0f L\u00e4s ocks\u00e5: L\u00e4s mer om segling i Bretagne<\/a><\/div>\n<\/div>\n","protected":false},"excerpt":{"rendered":"<p>Letar du efter evenemang att delta i med motorb\u00e5t eller segelb\u00e5t i sommar? I Bretagne-regionen \u00e4r f\u00eates maritimes v\u00e4lk\u00e4nda firanden som inte b\u00f6r missas. I juli, med avg\u00e5ng fr\u00e5n Port Adhoc Paimpol, kommer du verkligen inte att sakna saker att g\u00f6ra!<\/p>\n","protected":false},"author":2,"featured_media":115339,"comment_status":"closed","ping_status":"closed","sticky":false,"template":"","format":"standard","meta":{"wds_primary_category":0,"footnotes":""},"categories":[182],"tags":[183],"class_list":["post-57180","post","type-post","status-publish","format-standard","has-post-thumbnail","hentry","category-marinanyheter","tag-port-adhoc-paimpol-sv"],"_links":{"self":[{"href":"https:\/\/www.port-adhoc.com\/sv\/wp-json\/wp\/v2\/posts\/57180","targetHints":{"allow":["GET"]}}],"collection":[{"href":"https:\/\/www.port-adhoc.com\/sv\/wp-json\/wp\/v2\/posts"}],"about":[{"href":"https:\/\/www.port-adhoc.com\/sv\/wp-json\/wp\/v2\/types\/post"}],"author":[{"embeddable":true,"href":"https:\/\/www.port-adhoc.com\/sv\/wp-json\/wp\/v2\/users\/2"}],"replies":[{"embeddable":true,"href":"https:\/\/www.port-adhoc.com\/sv\/wp-json\/wp\/v2\/comments?post=57180"}],"version-history":[{"count":0,"href":"https:\/\/www.port-adhoc.com\/sv\/wp-json\/wp\/v2\/posts\/57180\/revisions"}],"wp:featuredmedia":[{"embeddable":true,"href":"https:\/\/www.port-adhoc.com\/sv\/wp-json\/wp\/v2\/media\/115339"}],"wp:attachment":[{"href":"https:\/\/www.port-adhoc.com\/sv\/wp-json\/wp\/v2\/media?parent=57180"}],"wp:term":[{"taxonomy":"category","embeddable":true,"href":"https:\/\/www.port-adhoc.com\/sv\/wp-json\/wp\/v2\/categories?post=57180"},{"taxonomy":"post_tag","embeddable":true,"href":"https:\/\/www.port-adhoc.com\/sv\/wp-json\/wp\/v2\/tags?post=57180"}],"curies":[{"name":"wp","href":"https:\/\/api.w.org\/{rel}","templated":true}]}}