{"id":57194,"date":"2024-06-19T19:12:25","date_gmt":"2024-06-19T17:12:25","guid":{"rendered":"https:\/\/www.port-adhoc.com\/visiter-les-fetes-maritimes-de-la-rochelle-depuis-nos-ports-de-latlantique\/"},"modified":"2025-09-12T09:50:01","modified_gmt":"2025-09-12T07:50:01","slug":"besok-la-rochelle-maritime-festival-fran-vara-latlantiska-hamnar","status":"publish","type":"post","link":"https:\/\/www.port-adhoc.com\/sv\/blog\/teknik-och-tips\/besok-la-rochelle-maritime-festival-fran-vara-latlantiska-hamnar\/","title":{"rendered":"Bes\u00f6k F\u00eates maritimes de La Rochelle fr\u00e5n v\u00e5ra marinor vid Atlanten"},"content":{"rendered":"\n<p class=\"has-small-font-size\">Publiceringsdatum: 19\/06\/2024<\/p>\n\n<div style=\"height:60px\" aria-hidden=\"true\" class=\"wp-block-spacer\"><\/div>\n\n<h2 class=\"wp-block-heading\"><strong>La Rochelle, en stad som v\u00e4nder sig mot havet<\/strong><\/h2>\n\n<div style=\"height:30px\" aria-hidden=\"true\" class=\"wp-block-spacer\"><\/div>\n\n<p>Med utsikt \u00f6ver <strong>Atlanten<\/strong> och <strong>ett av de livligaste vattendragen<\/strong> i Frankrike \u00e4r staden La Rochelle k\u00e4nd f\u00f6r <strong>segling<\/strong> och <strong>b\u00e5tliv<\/strong> i allm\u00e4nhet. H\u00e4r finns flera b\u00e5tvarv och den ber\u00f6mda <strong>Grand Pavois-festivalen<\/strong>, och La Rochelle har i \u00e5rtionden varit en m\u00f6tesplats f\u00f6r alla som <strong>\u00e4lskar havet<\/strong>, <strong>motorb\u00e5tar <\/strong>och <strong>segelb\u00e5tar<\/strong>.<\/p>\n\n<p>I stadens hamnar, och s\u00e4rskilt i <strong>Vieux-Port i La Rochelle<\/strong>, \u00e4r b\u00e5de inv\u00e5nare och bes\u00f6kare alltid glada \u00f6ver att fr\u00e5n kajen kunna beundra de m\u00e5nga fartyg som vittnar om <strong>Frankrikes maritima arv<\/strong>.<\/p>\n\n<p>Fr\u00e5n de <strong>traditionella b\u00e5tarna<\/strong> i inloppen till Charente-Maritime till Bernard Moitessiers ber\u00f6mda <em><strong>Joshua<\/strong><\/em>, som ligger f\u00f6rt\u00f6jd p\u00e5 pontonerna vid La Rochelles sj\u00f6fartsmuseum, utg\u00f6r alla dessa b\u00e5tar ett ov\u00e4rderligt levande arv som de lokala akt\u00f6rerna har f\u00f6r avsikt att fr\u00e4mja. Det \u00e4r d\u00e4rf\u00f6r som F\u00eates maritimes de La Rochelle-teamet, tillsammans med cirka 250 volont\u00e4rer, har b\u00f6rjat organisera ett <strong>stort internationellt evenemang<\/strong>. Det r\u00e5der ingen tvekan om att det kommer att bli en stor hit bland alla entusiaster!<\/p>\n\n<div style=\"height:60px\" aria-hidden=\"true\" class=\"wp-block-spacer\"><\/div>\n\n<h2 class=\"wp-block-heading\"><strong>Den f\u00f6rsta upplagan av en exceptionell maritim festival<\/strong><\/h2>\n\n<div style=\"height:30px\" aria-hidden=\"true\" class=\"wp-block-spacer\"><\/div>\n\n<p>F\u00eates maritimes de La Rochelle kommer f\u00f6r f\u00f6rsta g\u00e5ngen att h\u00e5llas runt <strong>Bassin des Chalutiers<\/strong> i <strong>La Rochelles gamla hamn.<\/strong> Under <strong>fyra dagar<\/strong>, fr\u00e5n den <strong>20 till den 23 juni 2024<\/strong>, och bara ett stenkast fr\u00e5n stadens historiska centrum, \u00e4r alla inbjudna att fira <strong>Frankrikes och andra l\u00e4nders maritima arv<\/strong> i ett popul\u00e4rt, familjev\u00e4nligt och kulturellt evenemang.<\/p>\n\n<p><strong>Ett hundratal montrar<\/strong> kommer att st\u00e5 l\u00e4ngs kajerna i La Rochelles gamla hamn. De <strong>150.000 bes\u00f6kare som f\u00f6rv\u00e4ntas delta<\/strong> kommer att kunna njuta av ett brett utbud av aktiviteter, bland annat :<\/p>\n\n<ul class=\"wp-block-list\">\n<li><strong>B\u00e5tturer <\/strong>vid kajen<\/li>\n\n\n\n<li><strong>Utflykter till havs<\/strong><\/li>\n\n\n\n<li><strong>Utbildningsdemonstrationer <\/strong>av sj\u00f6manskap, t\u00e4tning, segelgarvning, fiskr\u00f6kning &#8230;<\/li>\n\n\n\n<li><strong>Utst\u00e4llningar<\/strong> och <strong>modeller<\/strong><\/li>\n\n\n\n<li><strong>Provsmakning<\/strong> av fisk och skaldjur och lokala produkter fr\u00e5n Charente-regionen<\/li>\n\n\n\n<li><strong>Sj\u00f6manss\u00e5nger<\/strong><\/li>\n\n\n\n<li><strong>Konserter<\/strong><\/li>\n\n\n\n<li>Ett <strong>cateringomr\u00e5de<\/strong> och m\u00e5nga foodtrucks<\/li>\n<\/ul>\n\n<p>Undrar du fortfarande om du ska \u00e5ka till La Rochelle f\u00f6r att njuta av den festliga st\u00e4mningen? Evenemanget \u00e4r \u00f6ppet f\u00f6r alla, med <strong>gratis intr\u00e4de<\/strong> under de fyra dagar som festligheterna p\u00e5g\u00e5r!<\/p>\n\n<div style=\"height:60px\" aria-hidden=\"true\" class=\"wp-block-spacer\"><\/div>\n\n<figure class=\"wp-block-image size-large\"><img fetchpriority=\"high\" decoding=\"async\" width=\"1024\" height=\"681\" src=\"https:\/\/b2765252.smushcdn.com\/2765252\/wp-content\/uploads\/2024\/06\/Les-tours-Tour-de-la-chaine-et-tour-Saint-Nicolas-dans-le-vieux-port-La-Rochelle-1024x681.jpg?lossy=1&strip=1&webp=1\" alt=\"\" class=\"wp-image-46386\" srcset=\"https:\/\/b2765252.smushcdn.com\/2765252\/wp-content\/uploads\/2024\/06\/Les-tours-Tour-de-la-chaine-et-tour-Saint-Nicolas-dans-le-vieux-port-La-Rochelle-1024x681.jpg?lossy=1&strip=1&webp=1 1024w, https:\/\/b2765252.smushcdn.com\/2765252\/wp-content\/uploads\/2024\/06\/Les-tours-Tour-de-la-chaine-et-tour-Saint-Nicolas-dans-le-vieux-port-La-Rochelle-300x200.jpg?lossy=1&strip=1&webp=1 300w, https:\/\/b2765252.smushcdn.com\/2765252\/wp-content\/uploads\/2024\/06\/Les-tours-Tour-de-la-chaine-et-tour-Saint-Nicolas-dans-le-vieux-port-La-Rochelle-768x511.jpg?lossy=1&strip=1&webp=1 768w, https:\/\/b2765252.smushcdn.com\/2765252\/wp-content\/uploads\/2024\/06\/Les-tours-Tour-de-la-chaine-et-tour-Saint-Nicolas-dans-le-vieux-port-La-Rochelle-1536x1022.jpg?lossy=1&strip=1&webp=1 1536w, https:\/\/b2765252.smushcdn.com\/2765252\/wp-content\/uploads\/2024\/06\/Les-tours-Tour-de-la-chaine-et-tour-Saint-Nicolas-dans-le-vieux-port-La-Rochelle.jpg?lossy=1&strip=1&webp=1 1596w, https:\/\/b2765252.smushcdn.com\/2765252\/wp-content\/uploads\/2024\/06\/Les-tours-Tour-de-la-chaine-et-tour-Saint-Nicolas-dans-le-vieux-port-La-Rochelle.jpg?size=512x341&lossy=1&strip=1&webp=1 512w\" sizes=\"(max-width: 1024px) 100vw, 1024px\" \/><figcaption class=\"wp-element-caption\">Tour de la Cha\u00eene och Tour Saint-Nicolas i den gamla hamnen i La Rochelle<\/figcaption><\/figure>\n\n<div style=\"height:30px\" aria-hidden=\"true\" class=\"wp-block-spacer\"><\/div>\n\n<h2 class=\"wp-block-heading\"><strong>M\u00e5nga fartyg v\u00e4ntas<\/strong><\/h2>\n\n<div style=\"height:30px\" aria-hidden=\"true\" class=\"wp-block-spacer\"><\/div>\n\n<h3 class=\"wp-block-heading\">Fr\u00e5n Marennaise lasse till stora fartyg<\/h3>\n\n<p>Lasses fr\u00e5n Marennes, traditionell rigg fr\u00e5n Girondes flodmynning, kutter fr\u00e5n Rh\u00f4ne, sardinb\u00e5tar&#8230; Arrang\u00f6rerna av festivalen ville visa upp <strong>alla regionens b\u00e5tar<\/strong>, med n\u00e4rvaro av m\u00e5nga <strong>arbetsb\u00e5tar<\/strong>. Med dem hoppas de kunna fira de <strong>maritima n\u00e4ringarna<\/strong> i Charente-regionen, till exempel ostronodling och skaldjursodling.<\/p>\n\n<p>Andra fartyg, som <em>Saint-Michel II<\/em>, en kopia av Jules Vernes andra segelfartyg fr\u00e5n Nantes, och <em>Mutin<\/em>, en jolle som drivs av den franska flottan i Brest, kommer att dokumentera andra franska regioner.<\/p>\n\n<p>F\u00f6rutom arbetsb\u00e5tar och segelb\u00e5tar kommer det att finnas ett fyrtiotal <strong>klassiska yachter<\/strong> fr\u00e5n La Rochelle och andra platser i Atlanten, liksom ett dussintal <strong>stora skepp<\/strong> av olika nationaliteter. Den fyrmastade <em>Santa Maria Manuela<\/em>, de tremastade <em>Belem<\/em> och <em>Le Fran\u00e7ais<\/em>, <em>Shtandard<\/em> och briggen <em>Morgenster<\/em> kommer till exempel alla att delta i festligheterna.<\/p>\n\n<p>Totalt <strong>150 b\u00e5tar<\/strong> kommer att delta i <a href=\"https:\/\/fetesmaritimeslarochelle.fr\/\">F\u00eates maritimes de La Rochelle<\/a>!<\/p>\n\n<div style=\"height:30px\" aria-hidden=\"true\" class=\"wp-block-spacer\"><\/div>\n\n<figure class=\"wp-block-image size-large\"><img decoding=\"async\" width=\"1024\" height=\"683\" src=\"https:\/\/b2765252.smushcdn.com\/2765252\/wp-content\/uploads\/2024\/06\/Goelette-portugaise-Santa-Maria-Manuela-1024x683.jpg?lossy=1&strip=1&webp=1\" alt=\"\" class=\"wp-image-46387\" srcset=\"https:\/\/b2765252.smushcdn.com\/2765252\/wp-content\/uploads\/2024\/06\/Goelette-portugaise-Santa-Maria-Manuela-1024x683.jpg?lossy=1&strip=1&webp=1 1024w, https:\/\/b2765252.smushcdn.com\/2765252\/wp-content\/uploads\/2024\/06\/Goelette-portugaise-Santa-Maria-Manuela-300x200.jpg?lossy=1&strip=1&webp=1 300w, https:\/\/b2765252.smushcdn.com\/2765252\/wp-content\/uploads\/2024\/06\/Goelette-portugaise-Santa-Maria-Manuela-768x512.jpg?lossy=1&strip=1&webp=1 768w, https:\/\/b2765252.smushcdn.com\/2765252\/wp-content\/uploads\/2024\/06\/Goelette-portugaise-Santa-Maria-Manuela-1536x1024.jpg?lossy=1&strip=1&webp=1 1536w, https:\/\/b2765252.smushcdn.com\/2765252\/wp-content\/uploads\/2024\/06\/Goelette-portugaise-Santa-Maria-Manuela-2048x1365.jpg?lossy=1&strip=1&webp=1 2048w, https:\/\/b2765252.smushcdn.com\/2765252\/wp-content\/uploads\/2024\/06\/Goelette-portugaise-Santa-Maria-Manuela.jpg?size=512x342&lossy=1&strip=1&webp=1 512w\" sizes=\"auto, (max-width: 1024px) 100vw, 1024px\" loading=\"lazy\" \/><figcaption class=\"wp-element-caption\">Portugisiska skonaren Santa Maria Manuela<\/figcaption><\/figure>\n\n<div style=\"height:30px\" aria-hidden=\"true\" class=\"wp-block-spacer\"><\/div>\n\n<h3 class=\"wp-block-heading\">Konvergerar hela v\u00e4gen till Gamla hamnen<\/h3>\n\n<p>Intresserade av att delta i evenemanget gick <strong>25 Charente-baserade f\u00f6reningar<\/strong> som \u00e4ger en eller flera arbetsb\u00e5tar samman och bildade f\u00f6reningen <em>Patrimoine Navigant en Charente-Maritime. <\/em>De arbetade alla tillsammans med arrang\u00f6rerna f\u00f6r att f\u00e5 till st\u00e5nd en <strong>stor sammanstr\u00e5lning<\/strong> av de olika b\u00e5tarna \u00e4nda fram till Gamla hamnen under festligheterna.<\/p>\n\n<p>Totalt 80 b\u00e5tar kommer att <strong>ta<\/strong> sig till La Rochelle tillsammans, fr\u00e5n <strong>5 hamnar i Charente-Maritime-regionen:<\/strong><\/p>\n\n<ul class=\"wp-block-list\">\n<li>Hamnen i La Flotte-en-R\u00e9 (Ile de R\u00e9),<\/li>\n\n\n\n<li>Hamnen i Ch\u00e2teau d&#8217;Ol\u00e9ron (\u00f6n Ol\u00e9ron),<\/li>\n\n\n\n<li>Boyardville marina (\u00f6n Ol\u00e9ron),<\/li>\n\n\n\n<li>Port du Plomb (Nieul-sur-Mer)<\/li>\n\n\n\n<li>Marennes marina (Marennes)<\/li>\n<\/ul>\n\n<p>B\u00e5tarna f\u00f6rv\u00e4ntas samlas i de olika hamnarna under dagarna f\u00f6re evenemanget, den 15 och 16 juni, f\u00f6r att sedan samlas i La Rochelle. Deras ankomst \u00e4r planerad till den 18, 19 och 20 juni.<\/p>\n\n<p>Om du \u00e4ger en motorb\u00e5t eller segelb\u00e5t i Atlanten, f\u00f6rt\u00f6jd i <strong>Port M\u00e9doc<\/strong> eller <strong>Port Adhoc Soubise<\/strong> till exempel, missa inte chansen att njuta av detta <strong>spektakel till sj\u00f6ss<\/strong> och <strong>segla tillsammans med dem<\/strong>!<\/p>\n\n<div style=\"height:60px\" aria-hidden=\"true\" class=\"wp-block-spacer\"><\/div>\n\n<h2 class=\"wp-block-heading\"><strong>Bes\u00f6k evenemanget fr\u00e5n Port Adhoc Soubise eller Port M\u00e9doc<\/strong><\/h2>\n\n<p>\u00c4ger du en b\u00e5t som ligger f\u00f6rt\u00f6jt eller upplagt i n\u00e5gon av marinorna i <strong>Port Adhoc-n\u00e4tverket<\/strong>? Vi uppmanar dig att <strong>delta<\/strong> i <strong>evenemanget till sj\u00f6ss<\/strong>, med din egen b\u00e5t!<\/p>\n\n<p>Fr\u00e5n <strong>Port Adhoc Soubise <\/strong>eller <strong>Port M\u00e9doc<\/strong>, v\u00e5ra tv\u00e5 marinor n\u00e4ra La Rochelle, \u00e4r det l\u00e4tt att delta i festligheterna:<\/p>\n\n<ul class=\"wp-block-list\">\n<li>Den <a href=\"https:\/\/www.port-adhoc.com\/sv\/soubise\/\">torra hamnen i Soubise<\/a>, i Charente-Maritime, ligger bara <strong>25 nautiska mil<\/strong> bort. Efter att ha seglat nerf\u00f6r floden Charente g\u00e5r du norrut till staden La Rochelle.<\/li>\n<\/ul>\n\n<p>Det \u00e4r en fartfylld seglingsupplevelse med massor av attraktioner!<\/p>\n\n<div style=\"height:30px\" aria-hidden=\"true\" class=\"wp-block-spacer\"><\/div>\n\n<p>\u27a1\ufe0f Se \u00e4ven: <a href=\"https:\/\/www.port-adhoc.com\/sv\/blog\/batliv\/segling-i-charente-maritime-fran-port-adhoc-soubise\/\">Segling i Charente-Maritime, fr\u00e5n Port Adhoc Soubise<\/a><\/p>\n\n<div style=\"height:60px\" aria-hidden=\"true\" class=\"wp-block-spacer\"><\/div>\n\n<ul class=\"wp-block-list\">\n<li>Marinan <a href=\"https:\/\/www.port-adhoc.com\/sv\/port-medoc\/\" target=\"_blank\" rel=\"noreferrer noopener\">Port M\u00e9doc<\/a> i Le Verdon-sur-Mer ligger drygt <strong>50 sj\u00f6mil<\/strong> bort. Fr\u00e5n Girondes mynning passerar du Royan och f\u00f6ljer Atlantkusten norrut. Du seglar l\u00e4ngs Ile d&#8217;Ol\u00e9ron till Chassiron och siktar sedan mot La Rochelle f\u00f6r de sista sj\u00f6milen.<\/li>\n<\/ul>\n\n<p>Detta \u00e4r en lite l\u00e4ngre kryssning, som du kan g\u00f6ra p\u00e5 en g\u00e5ng eller under n\u00e5gra dagar, med en eller flera mellanlandningar!<\/p>\n\n<div style=\"height:30px\" aria-hidden=\"true\" class=\"wp-block-spacer\"><\/div>\n\n<p>\u27a1\ufe0f Se \u00e4ven: <a href=\"https:\/\/www.port-adhoc.com\/sv\/blog\/batliv\/segling-fran-port-medoc-10-ideer-om-destinationer\/\">Segla fr\u00e5n Port M\u00e9doc: 10 id\u00e9er p\u00e5 resm\u00e5l<\/a><\/p>\n\n<div style=\"height:60px\" aria-hidden=\"true\" class=\"wp-block-spacer\"><\/div>\n\n<p>V\u00e4nligen notera detta: <strong>B\u00e5tplatserna i La Rochelles Vieux-Port kommer inte att vara tillg\u00e4ngliga f\u00f6r g\u00e4stb\u00e5tar under F\u00eates maritimes de La Rochelle<\/strong>. Seglare och deras b\u00e5tar kommer att vara v\u00e4lkomna i stadens andra marina, k\u00e4nd som Port des Minimes.<\/p>\n\n<p>En sj\u00f6buss eller \u201dPasseur\u201d erbjuder en f\u00f6rbindelse mellan de tv\u00e5 marinorna varje dag \u00e5ret runt, p\u00e5 bara tre minuter. Fr\u00e5n din b\u00e5tplats i Les Minimes \u00e4r detta det enklaste s\u00e4ttet att ta sig till evenemanget!<\/p>\n","protected":false},"excerpt":{"rendered":"<p>Fr\u00e5n den 20 till den 23 juni kommer Vieux-Port i La Rochelle att vara v\u00e4rd f\u00f6r den f\u00f6rsta upplagan av ett evenemang som garanterat snabbt kommer att bli stadens stora samtals\u00e4mne: F\u00eates maritimes de La Rochelle! Om du \u00e4r b\u00e5t\u00e4gare i n\u00e5gon av marinorna vid Atlanten i Port Adhoc-n\u00e4tverket \u00e4r det h\u00e4r ett evenemang som kanske intresserar dig &#8230;<\/p>\n","protected":false},"author":2,"featured_media":115349,"comment_status":"closed","ping_status":"closed","sticky":false,"template":"","format":"standard","meta":{"wds_primary_category":0,"footnotes":""},"categories":[176],"tags":[177,191],"class_list":["post-57194","post","type-post","status-publish","format-standard","has-post-thumbnail","hentry","category-teknik-och-tips","tag-port-adhoc-soubise-sv","tag-port-medoc-sv"],"_links":{"self":[{"href":"https:\/\/www.port-adhoc.com\/sv\/wp-json\/wp\/v2\/posts\/57194","targetHints":{"allow":["GET"]}}],"collection":[{"href":"https:\/\/www.port-adhoc.com\/sv\/wp-json\/wp\/v2\/posts"}],"about":[{"href":"https:\/\/www.port-adhoc.com\/sv\/wp-json\/wp\/v2\/types\/post"}],"author":[{"embeddable":true,"href":"https:\/\/www.port-adhoc.com\/sv\/wp-json\/wp\/v2\/users\/2"}],"replies":[{"embeddable":true,"href":"https:\/\/www.port-adhoc.com\/sv\/wp-json\/wp\/v2\/comments?post=57194"}],"version-history":[{"count":0,"href":"https:\/\/www.port-adhoc.com\/sv\/wp-json\/wp\/v2\/posts\/57194\/revisions"}],"wp:featuredmedia":[{"embeddable":true,"href":"https:\/\/www.port-adhoc.com\/sv\/wp-json\/wp\/v2\/media\/115349"}],"wp:attachment":[{"href":"https:\/\/www.port-adhoc.com\/sv\/wp-json\/wp\/v2\/media?parent=57194"}],"wp:term":[{"taxonomy":"category","embeddable":true,"href":"https:\/\/www.port-adhoc.com\/sv\/wp-json\/wp\/v2\/categories?post=57194"},{"taxonomy":"post_tag","embeddable":true,"href":"https:\/\/www.port-adhoc.com\/sv\/wp-json\/wp\/v2\/tags?post=57194"}],"curies":[{"name":"wp","href":"https:\/\/api.w.org\/{rel}","templated":true}]}}