{"id":57220,"date":"2024-05-29T19:02:14","date_gmt":"2024-05-29T17:02:14","guid":{"rendered":"https:\/\/www.port-adhoc.com\/naviguer-de-port-medoc-a-port-adhoc-soubise-la-route-et-les-escales\/"},"modified":"2025-10-03T16:52:53","modified_gmt":"2025-10-03T14:52:53","slug":"segling-fran-port-medoc-till-port-adhoc-soubise-rutt-och-anlopshamnar","status":"publish","type":"post","link":"https:\/\/www.port-adhoc.com\/sv\/blog\/batliv\/segling-fran-port-medoc-till-port-adhoc-soubise-rutt-och-anlopshamnar\/","title":{"rendered":"Segling fr\u00e5n Port M\u00e9doc till Port Adhoc Soubise: rutt och mellanlandningar"},"content":{"rendered":"\n<p class=\"has-small-font-size\">Publiceringsdatum: 29\/05\/2024<\/p>\n\n<div style=\"height:30px\" aria-hidden=\"true\" class=\"wp-block-spacer\"><\/div>\n\n<p><strong>64 nautiska mil<\/strong>. Det \u00e4r det avst\u00e5nd som skiljer dem \u00e5t, den f\u00f6rsta ligger vid <strong>Girondes mynning<\/strong> och den andra vid <strong>Charenteflodens b\u00f6rjan<\/strong>. Port M\u00e9doc och Port Adhoc Soubise ligger b\u00e5da i omedelbar n\u00e4rhet av <strong>Atlanten<\/strong> och har ett utm\u00e4rkt l\u00e4ge: vid Le Verdon-sur-Mer eller Soubise erbjuder de motorb\u00e5ts- och segelb\u00e5ts\u00e4gare direkt tillg\u00e5ng till ett <strong>fantastiskt seglingsomr\u00e5de<\/strong>. Men varf\u00f6r \u00e4r dessa tv\u00e5 marinor s\u00e5 popul\u00e4ra bland b\u00e5t\u00e4gare?<\/p>\n\n<div style=\"height:60px\" aria-hidden=\"true\" class=\"wp-block-spacer\"><\/div>\n\n<h2 class=\"wp-block-heading\"><strong>Port M\u00e9doc marina, vid Girondes flodmynning<\/strong><\/h2>\n\n<p>P\u00e5 Girondes v\u00e4nstra flodmynning ligger <strong>marina<\/strong><strong>n i Le Verdon<\/strong>, \u00e4ven k\u00e4nd som &#8221;<strong>Port M\u00e9doc<\/strong>&#8221;. Det \u00e4r en <strong>marina<\/strong> som alltid \u00e4r <strong>flytande<\/strong> och v\u00e4lkomnar n\u00e4stan 1 000 b\u00e5tar \u00e5ret runt. Tack vare sitt strategiska l\u00e4ge kan b\u00e5t\u00e4gare ta ut sina b\u00e5tar n\u00e4r de vill f\u00f6r att njuta av <strong>Girondes<\/strong> <strong>flodmynning<\/strong> eller Atlanten.<\/p>\n\n<p>Oavsett om b\u00e5t\u00e4gare vill stanna i n\u00e5gra dagar, flera veckor eller flera m\u00e5nader, eller f\u00f6redrar att ha en b\u00e5tplats <strong>i Port M\u00e9doc \u00e5ret runt<\/strong>, kan de alla dra nytta av exceptionella tj\u00e4nster: video\u00f6vervakade omr\u00e5den, s\u00e4kra pontoner som \u00e4r tillg\u00e4ngliga via en nyckelkod, vatten- och eluttag, en bensinstation, tv\u00e4ttm\u00f6jligheter, toaletter, ett omr\u00e5de f\u00f6r b\u00e4rgning och f\u00f6rvaring etc.<\/p>\n\n<p>F\u00f6rutom <strong>moderna och h\u00f6gkvalitativa anl\u00e4ggningar<\/strong> har b\u00e5t\u00e4gare i marinan i Le Verdon-sur-Mer ocks\u00e5 tillg\u00e5ng till <strong>ett stort antal nautiska yrkesm\u00e4n<\/strong> som kan hj\u00e4lpa dem med underh\u00e5lls- och reparationsarbeten p\u00e5 deras b\u00e5tar.<\/p>\n\n<div style=\"height:60px\" aria-hidden=\"true\" class=\"wp-block-spacer\"><\/div>\n\n<h2 class=\"wp-block-heading\"><strong>Port Adhoc Soubise, en marina ovanf\u00f6r vattenytan vid floden Charente<\/strong><\/h2>\n\n<p>Port Adhoc Soubise \u00e4r <strong>en marina ovanf\u00f6r vattenytan<\/strong> i Charente-Maritime som erbjuder f\u00f6rt\u00f6jnings- eller f\u00f6rvaringsplats f\u00f6r b\u00e5t\u00e4gare fr\u00e5n alla horisonter. Vid floden Charente och ett stenkast fr\u00e5n Atlanten &#8211; bara 5 nautiska mil fr\u00e5n flodens mynning &#8211; erbjuder marinan ocks\u00e5 ett <strong>brett utbud av seglingsm\u00f6jligheter<\/strong>. Med en kapacitet p\u00e5 mer \u00e4n 200 b\u00e5tar, som huvudsakligen f\u00f6rvaras p\u00e5 land i vaggor eller st\u00e4llage, tilltalar den seglare som \u00e4ger <strong>b\u00e5de sm\u00e5 och stora<\/strong> b\u00e5tar: Port Adhoc Soubise kan ta emot b\u00e5tar som v\u00e4ger upp till 20 ton eller m\u00e4ter upp till 53 fot!<\/p>\n\n<p>Privata duschar och toaletter, en yachtklubb, en 24-timmars bensinstation, specialiserade f\u00f6retag f\u00f6r underh\u00e5ll och reparation av b\u00e5tar &#8230; anv\u00e4ndare av marinan \u00e4r glada \u00f6ver att hitta en <strong>m\u00e4ngd tj\u00e4nster och bekv\u00e4mligheter.<\/strong><\/p>\n\n<div style=\"height:60px\" aria-hidden=\"true\" class=\"wp-block-spacer\"><\/div>\n\n<h2 class=\"wp-block-heading\"><strong>Sj\u00f6fart fr\u00e5n marinan i Le Verdon-sur-Mer till marinan i Soubise<\/strong><\/h2>\n\n<p>T\u00e4nk om du skulle \u00f6verv\u00e4ga att <strong>ta dig med b\u00e5t<\/strong><strong>\u00a0fr\u00e5n den f\u00f6rsta marinan till den andra<\/strong>? Fr\u00e5n Port M\u00e9doc, i Le Verdon-sur-Mer, till Port Adhoc Soubise, i kommunen med samma namn, kan du njuta av en <strong>exceptionell kryssning<\/strong> och uppt\u00e4cka ett <strong>brett utbud av landskap<\/strong>.<\/p>\n\n<p>Fr\u00e5n <strong>Le Verdon-sur-Mer<\/strong> och Port M\u00e9doc seglar du n\u00e5gra mil l\u00e4ngs Girondes <strong>mynning<\/strong>. Ni \u00e5ker sedan v\u00e4sterut till Girondes mynning, d\u00e4r ni n\u00e5r <strong>Atlanten<\/strong>. Sedan, i den <strong>maritima kustzonen<\/strong>, g\u00e5r du norrut f\u00f6r att segla <strong>l\u00e4ngs Charente-kusten<\/strong>. Du rundar den st\u00f6rsta \u00f6n i Charente-Maritime: <strong>Ile d&#8217;Ol\u00e9ron<\/strong>. Sedan styr du mot fastlandet: l\u00e4mnar staden Fouras till babord och \u00cele Madame till styrbord, du kommer in i <strong>Charente-floden<\/strong>. Ni seglar uppstr\u00f6ms i fem nautiska mil innan ni anl\u00e4nder till <strong>Port Adhoc Soubise<\/strong>.<\/p>\n\n<div style=\"height:30px\" aria-hidden=\"true\" class=\"wp-block-spacer\"><\/div>\n\n<p>\u27a1\ufe0f Ocks\u00e5 v\u00e4rt att l\u00e4sa: <a href=\"https:\/\/www.port-adhoc.com\/sv\/blog\/batliv\/seglingsrutter-pa-girondes-flodmynning\/\">Seglingsrutter p\u00e5 Girondes flodmynning<\/a><\/p>\n\n<div style=\"height:30px\" aria-hidden=\"true\" class=\"wp-block-spacer\"><\/div>\n\n<p>Har du ett kustskepparintyg f\u00f6r motorb\u00e5t, men inget <strong>intyg f\u00f6r inlandsfarvatten<\/strong>? Oroa dig inte, \u00e4ven om den h\u00e4r resv\u00e4gen inkluderar passager p\u00e5 Girondes flodmynning och Charentefloden kommer du enligt lagstiftningen <strong>fortfarande att arbeta i en maritim zon.<\/strong> Du beh\u00f6ver allts\u00e5 inte n\u00e5got s\u00e4rskilt intyg, f\u00f6rutom det du redan har f\u00f6r att k\u00f6ra din enhet till sj\u00f6ss!<\/p>\n\n<div style=\"height:60px\" aria-hidden=\"true\" class=\"wp-block-spacer\"><\/div>\n\n<h2 class=\"wp-block-heading\"><strong>Etapper mellan Port M\u00e9doc och Port Adhoc Soubise<\/strong><\/h2>\n\n<p>Att segla fr\u00e5n Le Verdon-sur-Mer till Soubise \u00e4r m\u00f6jligt \u00e5ret runt. Sj\u00e4lvklart ska du kontrollera v\u00e4derprognosen innan du ger dig av, liksom tidvattentiderna. Vid Girondes mynning, l\u00e4ngs Atlantkusten och p\u00e5 Charentefloden \u00e4r detta viktiga faktorer som s\u00e4kerst\u00e4ller att du seglar under b\u00e4sta m\u00f6jliga f\u00f6rh\u00e5llanden!<\/p>\n\n<p><strong>B\u00e5tturen fr\u00e5n Port M\u00e9doc till Port Adhoc Soubise<\/strong>, erbjuder ocks\u00e5 regelbundet ett antal <strong>trevliga mellanlandningar.<\/strong> Om du har tid rekommenderar vi att du g\u00f6r flera stopp och bes\u00f6ker, i synnerhet :<\/p>\n\n<div style=\"height:30px\" aria-hidden=\"true\" class=\"wp-block-spacer\"><\/div>\n\n<h3 class=\"wp-block-heading\"><strong>Mittemot Port M\u00e9doc ligger staden Royan<\/strong><\/h3>\n\n<p>Bara 4,5 nautiska mil fr\u00e5n marinan i Le Verdon, vid Girondes mynning, \u00e4r Royan ett stopp f\u00f6r att punktera din kryssning fr\u00e5n Le Verdon-sur-Mer till Soubise. Destinationen \u00e4r k\u00e4nd f\u00f6r sin <strong>efterkrigsarkitektur<\/strong>, men ocks\u00e5 f\u00f6r sina vackra str\u00e4nder och kustlinje kantad av carrelets.<\/p>\n\n<div style=\"height:30px\" aria-hidden=\"true\" class=\"wp-block-spacer\"><\/div>\n\n<figure class=\"wp-block-image size-large\"><img fetchpriority=\"high\" decoding=\"async\" width=\"1024\" height=\"681\" src=\"https:\/\/b2765252.smushcdn.com\/2765252\/wp-content\/uploads\/2024\/05\/port-de-royan-bac-1024x681.jpg?lossy=1&strip=1&webp=1\" alt=\"\" class=\"wp-image-45348\" srcset=\"https:\/\/b2765252.smushcdn.com\/2765252\/wp-content\/uploads\/2024\/05\/port-de-royan-bac-1024x681.jpg?lossy=1&strip=1&webp=1 1024w, https:\/\/b2765252.smushcdn.com\/2765252\/wp-content\/uploads\/2024\/05\/port-de-royan-bac-300x200.jpg?lossy=1&strip=1&webp=1 300w, https:\/\/b2765252.smushcdn.com\/2765252\/wp-content\/uploads\/2024\/05\/port-de-royan-bac-768x511.jpg?lossy=1&strip=1&webp=1 768w, https:\/\/b2765252.smushcdn.com\/2765252\/wp-content\/uploads\/2024\/05\/port-de-royan-bac-1536x1022.jpg?lossy=1&strip=1&webp=1 1536w, https:\/\/b2765252.smushcdn.com\/2765252\/wp-content\/uploads\/2024\/05\/port-de-royan-bac-2048x1363.jpg?lossy=1&strip=1&webp=1 2048w, https:\/\/b2765252.smushcdn.com\/2765252\/wp-content\/uploads\/2024\/05\/port-de-royan-bac.jpg?size=512x341&lossy=1&strip=1&webp=1 512w\" sizes=\"(max-width: 1024px) 100vw, 1024px\" \/><figcaption class=\"wp-element-caption\">Royans hamn med f\u00e4rjan som korsar Girondes flodmynning till Le Verdon-sur-Mer<\/figcaption><\/figure>\n\n<div style=\"height:30px\" aria-hidden=\"true\" class=\"wp-block-spacer\"><\/div>\n\n<h3 class=\"wp-block-heading\"><strong>Saint-Palais-sur-Mer<\/strong><\/h3>\n\n<p>Bara ett stenkast fr\u00e5n den tidigare destinationen \u00e4r staden Saint-Palais-sur-Mer ocks\u00e5 en <strong>hamn med milj\u00f6ombyte<\/strong>: \u00e4ven om Port M\u00e9doc inte ligger l\u00e5ngt bort kommer landskapet i Saint-Palais-sur-Mer utan tvekan att vara helt annorlunda \u00e4n vad du \u00e4r van vid. I Saint-Palais kan du ta dig tid att uppt\u00e4cka de ber\u00f6mda <strong>Belle Epoque-villorna<\/strong> fr\u00e5n b\u00f6rjan av <sup>1900-talet <\/sup>och promenera l\u00e4ngs <strong>tullstigen<\/strong> p\u00e5 jakt efter underbara vyer \u00f6ver havet.<\/p>\n\n<div style=\"height:30px\" aria-hidden=\"true\" class=\"wp-block-spacer\"><\/div>\n\n<h3 class=\"wp-block-heading\"><strong>La Palmyre<\/strong><\/h3>\n\n<p>P\u00e5 v\u00e4gen ligger ocks\u00e5 Les Mathes-la Palmyre, en lugn kuststad som ocks\u00e5 ligger n\u00e4ra Girondes mynning. H\u00e4r kan du ligga <strong>f\u00f6r ankar<\/strong> och om du vill kan du g\u00e5 i land f\u00f6r att utforska omgivningarna: det finns flera <strong>vackra sandstr\u00e4nder <\/strong>att promenera l\u00e4ngs och gott om <strong>naturomr\u00e5den och skog<\/strong> att vandra genom.<\/p>\n\n<div style=\"height:30px\" aria-hidden=\"true\" class=\"wp-block-spacer\"><\/div>\n\n<h3 class=\"wp-block-heading\"><strong>Cordouan-fyren och dess ankarplats<\/strong><\/h3>\n\n<p>Vad s\u00e4gs om att komma n\u00e4ra detta ber\u00f6mda <strong>maritima landm\u00e4rke<\/strong>, som \u00e4r n\u00e4stan 70 meter h\u00f6gt? Vid foten av <strong>Cordouan-fyren <\/strong>finns en f\u00f6rt\u00f6jningsplats f\u00f6r b\u00e5tar om v\u00e4dret till\u00e5ter. Som en del av din kryssning mellan Port M\u00e9doc och Port Adhoc Soubise kan du g\u00e5 i land och <strong>bes\u00f6ka<\/strong> den imponerande byggnaden.<\/p>\n\n<div style=\"height:30px\" aria-hidden=\"true\" class=\"wp-block-spacer\"><\/div>\n\n<h3 class=\"wp-block-heading\"><strong>\u00d6n Ol\u00e9ron och fyren Chassiron<\/strong><\/h3>\n\n<p>Ile d&#8217;Ol\u00e9ron \u00e4r <strong>huvudstaden f\u00f6r ostronodling<\/strong> i Charente-Maritime och \u00e4r ocks\u00e5 den <strong>st\u00f6rsta \u00f6n p\u00e5 Atlantkusten.<\/strong> S\u00e5 p\u00e5 din resa fr\u00e5n Le Verdon till Soubise \u00e4r \u00f6ns atmosf\u00e4r och landskap v\u00e4l v\u00e4rda ett stopp. Stanna till p\u00e5 norra delen av \u00f6n, till exempel i <strong>Saint-Denis-d&#8217;Ol\u00e9ron<\/strong> eller i viken Maleconche, och utforska \u00f6ns <strong>byar<\/strong> och <strong>skogar<\/strong>. Du kan ocks\u00e5 bes\u00f6ka <strong>fyren Chassiron<\/strong> f\u00f6r att f\u00e5 en f\u00e5gelvy \u00f6ver omgivningarna.<\/p>\n\n<div style=\"height:30px\" aria-hidden=\"true\" class=\"wp-block-spacer\"><\/div>\n\n<figure class=\"wp-block-image size-large\"><img decoding=\"async\" width=\"1024\" height=\"576\" src=\"https:\/\/b2765252.smushcdn.com\/2765252\/wp-content\/uploads\/2024\/05\/phare-de-chassiron-oleron-1024x576.jpeg?lossy=1&strip=1&webp=1\" alt=\"\" class=\"wp-image-45337\" srcset=\"https:\/\/b2765252.smushcdn.com\/2765252\/wp-content\/uploads\/2024\/05\/phare-de-chassiron-oleron-1024x576.jpeg?lossy=1&strip=1&webp=1 1024w, https:\/\/b2765252.smushcdn.com\/2765252\/wp-content\/uploads\/2024\/05\/phare-de-chassiron-oleron-300x169.jpeg?lossy=1&strip=1&webp=1 300w, https:\/\/b2765252.smushcdn.com\/2765252\/wp-content\/uploads\/2024\/05\/phare-de-chassiron-oleron-768x432.jpeg?lossy=1&strip=1&webp=1 768w, https:\/\/b2765252.smushcdn.com\/2765252\/wp-content\/uploads\/2024\/05\/phare-de-chassiron-oleron-1536x864.jpeg?lossy=1&strip=1&webp=1 1536w, https:\/\/b2765252.smushcdn.com\/2765252\/wp-content\/uploads\/2024\/05\/phare-de-chassiron-oleron-2048x1152.jpeg?lossy=1&strip=1&webp=1 2048w, https:\/\/b2765252.smushcdn.com\/2765252\/wp-content\/uploads\/2024\/05\/phare-de-chassiron-oleron.jpeg?size=512x288&lossy=1&strip=1&webp=1 512w\" sizes=\"auto, (max-width: 1024px) 100vw, 1024px\" loading=\"lazy\" \/><figcaption class=\"wp-element-caption\">Fyren Chassiron vid Saint-Denis-d&#8217;Ol\u00e9ron<\/figcaption><\/figure>\n\n<div style=\"height:30px\" aria-hidden=\"true\" class=\"wp-block-spacer\"><\/div>\n\n<h3 class=\"wp-block-heading\"><strong>Den lilla \u00f6n Aix<\/strong><\/h3>\n\n<p>\u00d6n Aix, som fortfarande ligger i Charente-Maritime-regionen, lockar ocks\u00e5 ett stort antal b\u00e5t\u00e4gare varje \u00e5r. Det \u00e4r en destination p\u00e5 din seglingsrutt fr\u00e5n Verdon-sur-Mer till Soubise som du s\u00e4kert kommer att uppskatta! <strong>Byn<\/strong>, <strong>arvet<\/strong>, <strong>str\u00e4nderna<\/strong>, de olika <strong>promenaderna<\/strong> i kontakt med naturen &#8230; Om du vill utforska hela \u00f6n rekommenderar vi att du hyr en cykel.<\/p>\n\n<div style=\"height:30px\" aria-hidden=\"true\" class=\"wp-block-spacer\"><\/div>\n\n<figure class=\"wp-block-image size-large\"><img decoding=\"async\" width=\"1024\" height=\"683\" src=\"https:\/\/b2765252.smushcdn.com\/2765252\/wp-content\/uploads\/2022\/02\/phares_fortifications_ile_aix_port_adhoc_soubise-scaled-1024x683.jpeg?lossy=1&strip=1&webp=1\" alt=\"fyrar_fortifikationer_aix_island_port_adhoc_soubise\" class=\"wp-image-7350\" srcset=\"https:\/\/b2765252.smushcdn.com\/2765252\/wp-content\/uploads\/2022\/02\/phares_fortifications_ile_aix_port_adhoc_soubise-scaled-1024x683.jpeg?lossy=1&strip=1&webp=1 1024w, https:\/\/b2765252.smushcdn.com\/2765252\/wp-content\/uploads\/2022\/02\/phares_fortifications_ile_aix_port_adhoc_soubise-scaled-300x200.jpeg?lossy=1&strip=1&webp=1 300w, https:\/\/b2765252.smushcdn.com\/2765252\/wp-content\/uploads\/2022\/02\/phares_fortifications_ile_aix_port_adhoc_soubise-scaled-768x512.jpeg?lossy=1&strip=1&webp=1 768w, https:\/\/b2765252.smushcdn.com\/2765252\/wp-content\/uploads\/2022\/02\/phares_fortifications_ile_aix_port_adhoc_soubise-scaled-1536x1024.jpeg?lossy=1&strip=1&webp=1 1536w, https:\/\/b2765252.smushcdn.com\/2765252\/wp-content\/uploads\/2022\/02\/phares_fortifications_ile_aix_port_adhoc_soubise-scaled-2048x1366.jpeg?lossy=1&strip=1&webp=1 2048w, https:\/\/b2765252.smushcdn.com\/2765252\/wp-content\/uploads\/2022\/02\/phares_fortifications_ile_aix_port_adhoc_soubise-scaled.jpeg?size=512x342&lossy=1&strip=1&webp=1 512w\" sizes=\"auto, (max-width: 1024px) 100vw, 1024px\" loading=\"lazy\" \/><figcaption class=\"wp-element-caption\">Fyrar och bef\u00e4stningar p\u00e5 \u00cele d&#8217;Aix i Charente-Maritime<\/figcaption><\/figure>\n\n<div style=\"height:30px\" aria-hidden=\"true\" class=\"wp-block-spacer\"><\/div>\n\n<h3 class=\"wp-block-heading\"><strong>Fouras<\/strong><\/h3>\n\n<p>Vid Charenteflodens mynning, innan du \u00e5terv\u00e4nder till floden, kan du ocks\u00e5 stanna till i Fouras. Om du stannar i staden en eller flera dagar kan du bes\u00f6ka <strong>Fort Vauban<\/strong>, som byggdes av den ber\u00f6mde ingenj\u00f6ren och milit\u00e4rarkitekten med samma namn. Det s\u00e4gs att utsikten fr\u00e5n dess vallar \u00e4r v\u00e4l v\u00e4rd anstr\u00e4ngningen!<\/p>\n\n<div style=\"height:30px\" aria-hidden=\"true\" class=\"wp-block-spacer\"><\/div>\n\n<figure class=\"wp-block-image size-large\"><img loading=\"lazy\" decoding=\"async\" width=\"1024\" height=\"683\" src=\"https:\/\/b2765252.smushcdn.com\/2765252\/wp-content\/uploads\/2024\/05\/Fouras-Pointe-de-la-Fumee-1024x683.jpeg?lossy=1&strip=1&webp=1\" alt=\"\" class=\"wp-image-45343\" srcset=\"https:\/\/b2765252.smushcdn.com\/2765252\/wp-content\/uploads\/2024\/05\/Fouras-Pointe-de-la-Fumee-1024x683.jpeg?lossy=1&strip=1&webp=1 1024w, https:\/\/b2765252.smushcdn.com\/2765252\/wp-content\/uploads\/2024\/05\/Fouras-Pointe-de-la-Fumee-300x200.jpeg?lossy=1&strip=1&webp=1 300w, https:\/\/b2765252.smushcdn.com\/2765252\/wp-content\/uploads\/2024\/05\/Fouras-Pointe-de-la-Fumee-768x512.jpeg?lossy=1&strip=1&webp=1 768w, https:\/\/b2765252.smushcdn.com\/2765252\/wp-content\/uploads\/2024\/05\/Fouras-Pointe-de-la-Fumee-1536x1024.jpeg?lossy=1&strip=1&webp=1 1536w, https:\/\/b2765252.smushcdn.com\/2765252\/wp-content\/uploads\/2024\/05\/Fouras-Pointe-de-la-Fumee-2048x1365.jpeg?lossy=1&strip=1&webp=1 2048w, https:\/\/b2765252.smushcdn.com\/2765252\/wp-content\/uploads\/2024\/05\/Fouras-Pointe-de-la-Fumee.jpeg?size=512x342&lossy=1&strip=1&webp=1 512w\" sizes=\"auto, (max-width: 1024px) 100vw, 1024px\" \/><figcaption class=\"wp-element-caption\">Flygfoto \u00f6ver Fouras, Pointe de la Fum\u00e9e och Ile d&#8217;Aix i Charente-Maritime<\/figcaption><\/figure>\n\n<div style=\"height:30px\" aria-hidden=\"true\" class=\"wp-block-spacer\"><\/div>\n\n<p>Om du vill utforska mer b\u00f6r du ocks\u00e5 bes\u00f6ka <strong>stadens historiska museum<\/strong>, <strong>str\u00e4nderna<\/strong>, <strong>tr\u00e4sken<\/strong>, <strong>Fouras-marknaden <\/strong>och <strong>fiskmarknaden<\/strong>.<\/p>\n\n<p>Slutligen, n\u00e4r du tar dig <strong>uppf\u00f6r floden Charente<\/strong>, under de sista fem nautiska milen av din resa, kommer dina \u00f6gon utan tvekan att dras till <strong>Fort Lupin<\/strong>, p\u00e5 styrbordssidan. Den h\u00e4r byggnaden ligger i kommunen Saint-Nazaire-sur-Charente och uppf\u00f6rdes ocks\u00e5 av Vauban, som vi n\u00e4mnde tidigare. Fort Lupin byggdes under andra h\u00e4lften av 1600-talet f\u00f6r att skydda Rochefort och dess arsenal fr\u00e5n fientliga fartyg som seglade uppf\u00f6r floden. Detta arkitektoniska verk har varit <strong>listat som ett historiskt monument<\/strong> i \u00f6ver 70 \u00e5r.<\/p>\n\n<div style=\"height:30px\" aria-hidden=\"true\" class=\"wp-block-spacer\"><\/div>\n\n<figure class=\"wp-block-image size-large\"><img loading=\"lazy\" decoding=\"async\" width=\"1024\" height=\"683\" src=\"https:\/\/b2765252.smushcdn.com\/2765252\/wp-content\/uploads\/2024\/05\/Fort-Lupin-1024x683.jpeg?lossy=1&strip=1&webp=1\" alt=\"\" class=\"wp-image-45339\" srcset=\"https:\/\/b2765252.smushcdn.com\/2765252\/wp-content\/uploads\/2024\/05\/Fort-Lupin-1024x683.jpeg?lossy=1&strip=1&webp=1 1024w, https:\/\/b2765252.smushcdn.com\/2765252\/wp-content\/uploads\/2024\/05\/Fort-Lupin-300x200.jpeg?lossy=1&strip=1&webp=1 300w, https:\/\/b2765252.smushcdn.com\/2765252\/wp-content\/uploads\/2024\/05\/Fort-Lupin-768x512.jpeg?lossy=1&strip=1&webp=1 768w, https:\/\/b2765252.smushcdn.com\/2765252\/wp-content\/uploads\/2024\/05\/Fort-Lupin-1536x1024.jpeg?lossy=1&strip=1&webp=1 1536w, https:\/\/b2765252.smushcdn.com\/2765252\/wp-content\/uploads\/2024\/05\/Fort-Lupin-2048x1365.jpeg?lossy=1&strip=1&webp=1 2048w, https:\/\/b2765252.smushcdn.com\/2765252\/wp-content\/uploads\/2024\/05\/Fort-Lupin.jpeg?size=512x342&lossy=1&strip=1&webp=1 512w\" sizes=\"auto, (max-width: 1024px) 100vw, 1024px\" \/><figcaption class=\"wp-element-caption\">Fort Lupin fr\u00e5n luften, mellan Soubise och Saint-Nazaire-sur-Charente i Charente-Maritime<\/figcaption><\/figure>\n\n<div style=\"height:30px\" aria-hidden=\"true\" class=\"wp-block-spacer\"><\/div>\n\n<p>Oavsett om du \u00e4r b\u00e5t\u00e4gare i Port M\u00e9doc, Port Adhoc Soubise eller n\u00e5gon annan marina hoppas vi att vi har inspirerat dig att uppt\u00e4cka det <strong>underbara seglingsomr\u00e5det<\/strong> mellan Le Verdon-sur-Mer, vid Girondes mynning, och Soubise, vid floden Charente. Tveka inte att kontakta v\u00e5rt team om du har n\u00e5gra fr\u00e5gor efter att ha l\u00e4st den h\u00e4r artikeln!<\/p>\n\n<div style=\"height:30px\" aria-hidden=\"true\" class=\"wp-block-spacer\"><\/div>\n\n<div class=\"wp-block-buttons is-horizontal is-layout-flex wp-block-buttons-is-layout-flex\">\n<div class=\"wp-block-button is-style-fill\"><a class=\"wp-block-button__link has-white-color has-vivid-cyan-blue-background-color has-text-color has-background has-small-font-size has-custom-font-size wp-element-button\" href=\"https:\/\/www.port-adhoc.com\/sv\/offert-batplats\/\" target=\"_blank\" rel=\"noreferrer noopener\">Kontakta oss \ud83d\udc4b<\/a><\/div>\n<\/div>\n","protected":false},"excerpt":{"rendered":"<p>Om du \u00e4ger en b\u00e5t \u00e4r Port M\u00e9doc och Port Adhoc Soubise tv\u00e5 marinor i v\u00e5rt n\u00e4tverk d\u00e4r du kan vara s\u00e4ker p\u00e5 att f\u00e5 ett varmt v\u00e4lkomnande. Varje marina har sina egna s\u00e4rdrag och erbjuder goda sk\u00e4l f\u00f6r b\u00e5t\u00e4gare att bes\u00f6ka dem! N\u00e4r du har uppt\u00e4ckt den f\u00f6rsta, varf\u00f6r inte g\u00e5 vidare till den andra? I den h\u00e4r artikeln ger Port Adhoc dig en \u00f6versikt \u00f6ver de tv\u00e5 franska marinorna och f\u00f6rklarar hur du tar dig fr\u00e5n den ena till den andra.<\/p>\n","protected":false},"author":2,"featured_media":115359,"comment_status":"closed","ping_status":"closed","sticky":false,"template":"","format":"standard","meta":{"wds_primary_category":0,"footnotes":""},"categories":[186,320],"tags":[177,191],"class_list":["post-57220","post","type-post","status-publish","format-standard","has-post-thumbnail","hentry","category-batliv","category-lojalitetsprogram","tag-port-adhoc-soubise-sv","tag-port-medoc-sv"],"_links":{"self":[{"href":"https:\/\/www.port-adhoc.com\/sv\/wp-json\/wp\/v2\/posts\/57220","targetHints":{"allow":["GET"]}}],"collection":[{"href":"https:\/\/www.port-adhoc.com\/sv\/wp-json\/wp\/v2\/posts"}],"about":[{"href":"https:\/\/www.port-adhoc.com\/sv\/wp-json\/wp\/v2\/types\/post"}],"author":[{"embeddable":true,"href":"https:\/\/www.port-adhoc.com\/sv\/wp-json\/wp\/v2\/users\/2"}],"replies":[{"embeddable":true,"href":"https:\/\/www.port-adhoc.com\/sv\/wp-json\/wp\/v2\/comments?post=57220"}],"version-history":[{"count":0,"href":"https:\/\/www.port-adhoc.com\/sv\/wp-json\/wp\/v2\/posts\/57220\/revisions"}],"wp:featuredmedia":[{"embeddable":true,"href":"https:\/\/www.port-adhoc.com\/sv\/wp-json\/wp\/v2\/media\/115359"}],"wp:attachment":[{"href":"https:\/\/www.port-adhoc.com\/sv\/wp-json\/wp\/v2\/media?parent=57220"}],"wp:term":[{"taxonomy":"category","embeddable":true,"href":"https:\/\/www.port-adhoc.com\/sv\/wp-json\/wp\/v2\/categories?post=57220"},{"taxonomy":"post_tag","embeddable":true,"href":"https:\/\/www.port-adhoc.com\/sv\/wp-json\/wp\/v2\/tags?post=57220"}],"curies":[{"name":"wp","href":"https:\/\/api.w.org\/{rel}","templated":true}]}}