{"id":57235,"date":"2024-05-15T10:33:27","date_gmt":"2024-05-15T08:33:27","guid":{"rendered":"https:\/\/www.port-adhoc.com\/le-sud-ouest-en-bateau-une-destination-a-explorer-en-avant-saison\/"},"modified":"2025-09-12T10:07:18","modified_gmt":"2025-09-12T08:07:18","slug":"sydvast-med-bat-ett-resmal-att-utforsaka-tidigt-pa-sasongen","status":"publish","type":"post","link":"https:\/\/www.port-adhoc.com\/sv\/blog\/batliv\/sydvast-med-bat-ett-resmal-att-utforsaka-tidigt-pa-sasongen\/","title":{"rendered":"Sydv\u00e4st med b\u00e5t, ett resm\u00e5l att utforska under f\u00f6rs\u00e4song"},"content":{"rendered":"\n<p class=\"has-small-font-size\">Publiceringsdatum: 15\/05\/2024<\/p>\n\n<div style=\"height:30px\" aria-hidden=\"true\" class=\"wp-block-spacer\"><\/div>\n\n<h2 class=\"wp-block-heading\"><strong>Segling i sydv\u00e4st, en popul\u00e4r aktivitet<\/strong><\/h2>\n\n<p>Fr\u00e5n <strong>Charente-Maritimes<\/strong> norra gr\u00e4ns till <strong>Pyr\u00e9n\u00e9es-Atlantiques<\/strong> s\u00f6dra gr\u00e4ns och den spanska gr\u00e4nsen har sydv\u00e4stra Frankrike inte mindre \u00e4n <strong>300 kilometer kustlinje<\/strong>.<\/p>\n\n<p>La Rochelle och \u00f6arna i Charente-Maritime, M\u00e9doc och dess vinkultur, Bordeaux och dess m\u00e5nga historiska monument, Bassin d&#8217;Arcachon med sin ostronodling, Cabanes Tchanqu\u00e9es och Dune du Pyla, eller Baskien med sin kultur och typiska byar vid kanten av havet &#8230; Regionen <strong>Nouvelle-Aquitaine<\/strong> saknar inte sev\u00e4rdheter.<\/p>\n\n<p>Sommaren 2023 var det den fr\u00e4msta turistregionen i Frankrike! Tre fj\u00e4rdedelar av bes\u00f6karna valde denna destination f\u00f6r att <strong>utforska kustlinjen<\/strong>, i departementen Charente-Maritime, Gironde och Pyr\u00e9n\u00e9es-Atlantiques. Och \u00e4ven om m\u00e5nga valde att stanna p\u00e5 land, fanns det ocks\u00e5 gott om <strong>seglare <\/strong>som utnyttjade regionens vatten.<\/p>\n\n<p>Naturligtvis ifr\u00e5gas\u00e4tter vi inte v\u00e4rdet av att bes\u00f6ka sydv\u00e4stra Frankrike med b\u00e5t under h\u00f6gs\u00e4song. Men vore det inte trevligare att dra nytta av regionens <strong>unika landskap och anl\u00f6pshamnar<\/strong> under <strong>lugna kryssningar<\/strong>, snarare \u00e4n mitt i tr\u00e4ngseln?<\/p>\n\n<p>Om du ocks\u00e5 vill utforska det omgivande omr\u00e5det har vi l\u00f6sningen: dra <strong>nytta av f\u00f6rs\u00e4songen<\/strong>.<\/p>\n\n<div style=\"height:30px\" aria-hidden=\"true\" class=\"wp-block-spacer\"><\/div>\n\n<h2 class=\"wp-block-heading\"><strong>Sydv\u00e4stra destinationer med b\u00e5t, utan alltf\u00f6r m\u00e5nga bes\u00f6kare<\/strong><\/h2>\n\n<p>P\u00e5 v\u00e5ren brukar solen titta fram och lysa upp v\u00e5ra dagar. Dagarna blir l\u00e4ngre och v\u00e5rst\u00e4mningen, efter vintern, ger oss en f\u00f6rnyad \u00f6nskan om utomhusaktiviteter. S\u00e5 om du vill <strong>uppt\u00e4cka Nya Aquitaine<\/strong> och <strong>sydv\u00e4stra<\/strong> <strong>Aquitaine<\/strong> med <strong>b\u00e5t<\/strong> tycker vi att det \u00e4r perfekt att v\u00e4lja den h\u00e4r tiden p\u00e5 \u00e5ret. <strong>Innan <\/strong>den \u00e5rliga <strong>sommarturistrusningen <\/strong>kommer du utan tvekan att ha mer tid att njuta av dina uppt\u00e4ckter. F\u00f6re sommaren kommer du att njuta av <strong>trevliga seglingsf\u00f6rh\u00e5llanden<\/strong> <strong>utan tr\u00e4ngseln<\/strong>\u00a0som ofta pl\u00e5gar regionen.<\/p>\n\n<div style=\"height:30px\" aria-hidden=\"true\" class=\"wp-block-spacer\"><\/div>\n\n<figure class=\"wp-block-image size-large\"><img fetchpriority=\"high\" decoding=\"async\" width=\"1024\" height=\"683\" src=\"https:\/\/b2765252.smushcdn.com\/2765252\/wp-content\/uploads\/2024\/05\/La-Rochelle-1-1024x683.jpeg?lossy=1&strip=1&webp=1\" alt=\"\" class=\"wp-image-44570\" srcset=\"https:\/\/b2765252.smushcdn.com\/2765252\/wp-content\/uploads\/2024\/05\/La-Rochelle-1-1024x683.jpeg?lossy=1&strip=1&webp=1 1024w, https:\/\/b2765252.smushcdn.com\/2765252\/wp-content\/uploads\/2024\/05\/La-Rochelle-1-300x200.jpeg?lossy=1&strip=1&webp=1 300w, https:\/\/b2765252.smushcdn.com\/2765252\/wp-content\/uploads\/2024\/05\/La-Rochelle-1-768x513.jpeg?lossy=1&strip=1&webp=1 768w, https:\/\/b2765252.smushcdn.com\/2765252\/wp-content\/uploads\/2024\/05\/La-Rochelle-1-1536x1025.jpeg?lossy=1&strip=1&webp=1 1536w, https:\/\/b2765252.smushcdn.com\/2765252\/wp-content\/uploads\/2024\/05\/La-Rochelle-1-2048x1367.jpeg?lossy=1&strip=1&webp=1 2048w, https:\/\/b2765252.smushcdn.com\/2765252\/wp-content\/uploads\/2024\/05\/La-Rochelle-1.jpeg?size=512x342&lossy=1&strip=1&webp=1 512w\" sizes=\"(max-width: 1024px) 100vw, 1024px\" \/><figcaption class=\"wp-element-caption\">La Rochelle och dess marina i Charente-Maritime<\/figcaption><\/figure>\n\n<div style=\"height:30px\" aria-hidden=\"true\" class=\"wp-block-spacer\"><\/div>\n\n<p>Under f\u00f6rs\u00e4songen kommer du att segla med <b><strong>f\u00e4rre m\u00e4nniskor<\/strong><\/b> omkring dig, oavsett om det \u00e4r p\u00e5 vattnet, i de olika ankringsplatserna eller i marinorna. Uppt\u00e4ck sydv\u00e4stra Frankrike i <strong>din egen takt<\/strong>, med en fantastisk utsikt \u00f6ver landskapet, utan att k\u00e4nna dig tr\u00e4ngd!<\/p>\n\n<p>F\u00f6r att uppt\u00e4cka regionen stannar du till p\u00e5 ett antal platser, antingen p\u00e5 <b><strong>fastlandet<\/strong><\/b> eller p\u00e5 n\u00e5gon av <b><strong>\u00f6arna i sydv\u00e4stra Frankrike<\/strong><\/b>. S\u00e5 kan du utforska i en <b><strong>mer autentisk atmosf\u00e4r<\/strong><\/b>, i kontakt med lokalbefolkningen och kanske med lokala personligheter. P\u00e5 turistanl\u00e4ggningarna, som ocks\u00e5 \u00e4r mindre v\u00e4lbes\u00f6kta, kommer du f\u00f6rmodligen att vara mycket <b><strong>mer v\u00e4lkommen<\/strong><\/b> \u00e4n under h\u00f6gs\u00e4songen&#8230;<\/p>\n\n<div style=\"height:30px\" aria-hidden=\"true\" class=\"wp-block-spacer\"><\/div>\n\n<h2 class=\"wp-block-heading\"><strong>F\u00f6rm\u00e5nligare priser vid segling i sydv\u00e4stra Frankrike under l\u00e5gs\u00e4song<\/strong><\/h2>\n\n<p>Om du vill anl\u00f6pa en <b><strong>marina i sydv\u00e4st<\/strong><\/b>, bes\u00f6ka en viss f\u00f6rt\u00f6jningsplats eller bes\u00f6ka en kultur- eller turistplats, gl\u00f6m inte att ta reda p\u00e5 hur <b><strong>priserna f\u00f6r\u00e4ndras under \u00e5ret<\/strong><\/b>.<\/p>\n\n<p>Under f\u00f6rs\u00e4songen kan du, f\u00f6rutom att njuta av det milda v\u00e5rv\u00e4dret, dra nytta av ett antal <strong>prisreduktioner<\/strong>. Tack vare denna prisskillnad kan du kanske uppt\u00e4cka fler platser eller delta i aktiviteter som du inte hade t\u00e4nkt p\u00e5.<\/p>\n\n<p>M\u00e5nga inr\u00e4ttningar erbjuder <strong>reducerade priser<\/strong> utanf\u00f6r turists\u00e4songen! \u00c4ven p\u00e5 livsmedelsbutikerna och restaurangerna kan du se skillnaden, eftersom priserna ofta stiger under sommars\u00e4songen. Att segla i sydv\u00e4stra Frankrike under f\u00f6rs\u00e4song \u00e4r d\u00e4rf\u00f6r ocks\u00e5 en mer <strong>ekonomisk<\/strong> l\u00f6sning.<\/p>\n\n<div style=\"height:30px\" aria-hidden=\"true\" class=\"wp-block-spacer\"><\/div>\n\n<h2 class=\"wp-block-heading\"><strong>Mer flexibilitet n\u00e4r det g\u00e4ller hur du organiserar din segling<\/strong><\/h2>\n\n<p>Med f\u00e4rre turister och seglare i omr\u00e5det, och tack vare specialpriser, f\u00e5r du fler m\u00f6jligheter att <strong>bo p\u00e5 den plats du \u00f6nskar. <\/strong>Du kommer att kunna organisera din resa mer <strong>flexibelt<\/strong>.<\/p>\n\n<p>Oavsett om du \u00e4r p\u00e5 en motorb\u00e5t eller en segelb\u00e5t b\u00f6r det vara l\u00e4tt att hitta en g\u00e4stf\u00f6rt\u00f6jning<strong>\u00a0utan att beh\u00f6va boka med alltf\u00f6r l\u00e5ng framf\u00f6rh\u00e5llning<\/strong>\u00a0eller <strong>spendera<\/strong> s\u00e5 mycket som du annars skulle g\u00f6ra om du seglade i sydv\u00e4stra Frankrike under sommaren. Detsamma g\u00e4ller om du vill ut\u00f6va en vattensport <strong>utan att beh\u00f6va planera f\u00f6r mycket<\/strong>: att hyra vattensportutrustning i sista minuten, f\u00f6r n\u00e5gra timmar eller f\u00f6r en dag, \u00e4r i allm\u00e4nhet l\u00e4ttare utanf\u00f6r sommarperioden.<\/p>\n\n<p>Att segla f\u00f6re h\u00f6gs\u00e4songen \u00e4r nyckeln till att inte spendera all din tid p\u00e5 att planera ditt seglingsprogram. L\u00e4mna utrymme f\u00f6r <strong>improvisation<\/strong>, g\u00f6r oplanerade stopp eller f\u00f6rl\u00e4ng din vistelse och njut av \u00f6gonblicket i fullst\u00e4ndig stillhet &#8230;<\/p>\n\n<div style=\"height:30px\" aria-hidden=\"true\" class=\"wp-block-spacer\"><\/div>\n\n<figure class=\"wp-block-image size-large\"><img decoding=\"async\" width=\"1024\" height=\"683\" src=\"https:\/\/b2765252.smushcdn.com\/2765252\/wp-content\/uploads\/2024\/05\/coucher-de-soleil-voilier-1024x683.jpeg?lossy=1&strip=1&webp=1\" alt=\"\" class=\"wp-image-44569\" srcset=\"https:\/\/b2765252.smushcdn.com\/2765252\/wp-content\/uploads\/2024\/05\/coucher-de-soleil-voilier-1024x683.jpeg?lossy=1&strip=1&webp=1 1024w, https:\/\/b2765252.smushcdn.com\/2765252\/wp-content\/uploads\/2024\/05\/coucher-de-soleil-voilier-300x200.jpeg?lossy=1&strip=1&webp=1 300w, https:\/\/b2765252.smushcdn.com\/2765252\/wp-content\/uploads\/2024\/05\/coucher-de-soleil-voilier-768x512.jpeg?lossy=1&strip=1&webp=1 768w, https:\/\/b2765252.smushcdn.com\/2765252\/wp-content\/uploads\/2024\/05\/coucher-de-soleil-voilier-1536x1024.jpeg?lossy=1&strip=1&webp=1 1536w, https:\/\/b2765252.smushcdn.com\/2765252\/wp-content\/uploads\/2024\/05\/coucher-de-soleil-voilier-2048x1365.jpeg?lossy=1&strip=1&webp=1 2048w, https:\/\/b2765252.smushcdn.com\/2765252\/wp-content\/uploads\/2024\/05\/coucher-de-soleil-voilier.jpeg?size=512x342&lossy=1&strip=1&webp=1 512w\" sizes=\"auto, (max-width: 1024px) 100vw, 1024px\" loading=\"lazy\" \/><figcaption class=\"wp-element-caption\">Solnedg\u00e5ng under segling<\/figcaption><\/figure>\n\n<div style=\"height:30px\" aria-hidden=\"true\" class=\"wp-block-spacer\"><\/div>\n\n<h2 class=\"wp-block-heading\"><strong>Utforska sydv\u00e4stra Frankrike med b\u00e5t med Port Adhoc<\/strong><\/h2>\n\n<p>Du kanske undrar om det finns en eller flera <strong>marinor i sydv\u00e4stra Frankrike<\/strong> fr\u00e5n vilka du kan utforska det omgivande omr\u00e5det. Den goda nyheten \u00e4r att inom Port Adhoc-n\u00e4tverket finns det tre marinor som kan passa dina behov: fr\u00e5n norr till s\u00f6der, <strong>Port Adhoc<\/strong> <strong>Soubise<\/strong>, <strong>Port M\u00e9doc<\/strong> och <strong>Port Adhoc Bayonne Anglet<\/strong>.<\/p>\n\n<div style=\"height:60px\" aria-hidden=\"true\" class=\"wp-block-spacer\"><\/div>\n\n<h3 class=\"wp-block-heading\"><strong>Port Adhoc Soubise, vid floden Charente<\/strong><\/h3>\n\n<p>I den lilla kommunen Soubise har v\u00e5r marina 240 b\u00e5tplatser f\u00f6r motorb\u00e5tar och segelb\u00e5tar. B\u00e5t\u00e4garna kan v\u00e4lja att f\u00f6rt\u00f6ja sina b\u00e5tar flytande eller f\u00f6rvara dem torrt p\u00e5 land, i vaggor eller st\u00e4llage. Alla \u00e4gare av b\u00e5tar som \u00e4r upp till 17 meter l\u00e5nga och v\u00e4ger upp till 20 ton \u00e4r v\u00e4lkomna!<\/p>\n\n<p>De senaste faciliteterna i <strong>Port Adhoc Soubise<\/strong> omfattar vatten- och eluttag, en br\u00e4nslepump och toaletter som \u00e4r tillg\u00e4ngliga 24 timmar om dygnet, 7 dagar i veckan.<\/p>\n\n<p>Det \u00e4r d\u00e4rf\u00f6r v\u00e5rt team \u00e4r stolta \u00f6ver att kunna erbjuda marina anv\u00e4ndare ett brett utbud av tekniska tj\u00e4nster, med en m\u00e4ngd yrkesm\u00e4n till hands: mekaniker, svetsare, dieselspecialister, sadelmakare, segelmakare, f\u00f6retag som specialiserar sig p\u00e5 marin el och elektronik &#8230; och mer allm\u00e4nt specialister inom alla omr\u00e5den av underh\u00e5ll och reparation av b\u00e5tar.<\/p>\n\n<p>Oavsett om du letar efter en anl\u00e4ggning f\u00f6r att f\u00f6rt\u00f6ja din b\u00e5t, f\u00f6rvara den p\u00e5 torra land, vinterf\u00f6rvara den eller utf\u00f6ra renoveringsarbeten, \u00e4r Port Adhoc Soubise utan tvekan den <strong>multifunktionella marinan<\/strong> f\u00f6r dig&#8230;<\/p>\n\n<div style=\"height:30px\" aria-hidden=\"true\" class=\"wp-block-spacer\"><\/div>\n\n<div class=\"wp-block-buttons is-horizontal is-layout-flex wp-block-buttons-is-layout-flex\">\n<div class=\"wp-block-button is-style-fill\"><a class=\"wp-block-button__link has-white-color has-vivid-cyan-blue-background-color has-text-color has-background wp-element-button\" href=\"https:\/\/www.port-adhoc.com\/sv\/soubise\/\" target=\"_blank\" rel=\"noreferrer noopener\">\u27a1\ufe0f Ta reda p\u00e5 mer om marinan i Soubise<\/a><\/div>\n<\/div>\n\n<div style=\"height:60px\" aria-hidden=\"true\" class=\"wp-block-spacer\"><\/div>\n\n<h3 class=\"wp-block-heading\"><strong>Port M\u00e9doc, vid Girondes mynning<\/strong><\/h3>\n\n<p><strong>Port M\u00e9doc <\/strong>ligger halvv\u00e4gs mellan Atlanten och Girondes flodmynning, 100 kilometer fr\u00e5n Bordeaux, och \u00e4r ocks\u00e5 en utm\u00e4rkt marina f\u00f6r att utforska sydv\u00e4stra Frankrike.<\/p>\n\n<p>Marinan \u00e4r strategiskt bel\u00e4gen i Verdon-sur-Mer, bara ett stenkast fr\u00e5n havet. Den har en n\u00e4ra koppling till den lokala kulturen och gastronomin och erbjuder ett brett utbud av aktiviteter f\u00f6r b\u00e5de vattensport och andra fritidsaktiviteter.&#13;\n&#13;\n<\/p>\n\n<p>Totalt finns det 1 600 meter flytbryggor och 950 djupvattenplatser tillg\u00e4ngliga f\u00f6r b\u00e5t\u00e4gare i Port M\u00e9doc. I ett 15 hektar stort inre bass\u00e4ngomr\u00e5de med ett djup p\u00e5 2 till 3 meter tar marinan emot b\u00e5de segelb\u00e5tar och motorb\u00e5tar, skyddade fr\u00e5n v\u00e5gsvall bakom en f\u00f6rst\u00e4rkt v\u00e5gbrytare.<\/p>\n\n<p>B\u00e5t\u00e4gare med b\u00e5tar f\u00f6rt\u00f6jda i marinan har tillg\u00e5ng till ett video\u00f6vervakat omr\u00e5de, med rymlig och kostnadsfri parkering samt s\u00e4ker \u00e5tkomst till bryggorna. P\u00e5 bryggorna, p\u00e5 serviceomr\u00e5det eller i f\u00f6rvaringsomr\u00e5det erbjuds de bekv\u00e4mligheter som moderna vatten- och elterminaler av senaste generationen.<\/p>\n\n<p>I Port M\u00e9doc har b\u00e5t\u00e4gare tillg\u00e5ng till en m\u00e4ngd tj\u00e4nster, bland annat toaletter, tv\u00e4ttm\u00f6jligheter, ett klubbhus, fiberoptisk internetanslutning och till exempel en bensinstation med permanent tillg\u00e4nglighet.<\/p>\n\n<p>Slutligen, precis som i Port Adhoc Soubise, finns alla nautiska tj\u00e4nster tillg\u00e4ngliga i <strong>marinan<\/strong><strong>\u00a0i Le Verdon<\/strong>.<\/p>\n\n<div style=\"height:30px\" aria-hidden=\"true\" class=\"wp-block-spacer\"><\/div>\n\n<div class=\"wp-block-buttons is-horizontal is-layout-flex wp-block-buttons-is-layout-flex\">\n<div class=\"wp-block-button is-style-fill\"><a class=\"wp-block-button__link has-white-color has-vivid-cyan-blue-background-color has-text-color has-background wp-element-button\" href=\"https:\/\/www.port-adhoc.com\/sv\/port-medoc\/\" target=\"_blank\" rel=\"noreferrer noopener\">\u27a1\ufe0f Ta reda p\u00e5 mer om Port M\u00e9doc<\/a><\/div>\n<\/div>\n\n<div style=\"height:60px\" aria-hidden=\"true\" class=\"wp-block-spacer\"><\/div>\n\n<h3 class=\"wp-block-heading\"><strong>Port Adhoc Bayonne Anglet, en nautisk mil fr\u00e5n Atlanten<\/strong><\/h3>\n\n<p>Vid floden Adour, i regionen Pyr\u00e9n\u00e9es-Atlantiques, ligger <strong>torrmarinan Bayonne-Anglet<\/strong> ocks\u00e5 vid porten till Atlanten: en enda nautisk mil \u00e4r allt som kr\u00e4vs f\u00f6r att n\u00e5 havet.<\/p>\n\n<p>I hj\u00e4rtat av Baskien erbjuds b\u00e5t\u00e4gare utm\u00e4rkta f\u00f6rh\u00e5llanden, oavsett om de v\u00e4ljer n\u00e5gon av de 210 b\u00e5tplatserna i st\u00e4llage eller de 30 platserna i vaggor. Marinans l\u00e4ge \u00e4r perfekt f\u00f6r att utforska sydv\u00e4stra Frankrike b\u00e5de till sj\u00f6ss och l\u00e4ngs floderna!<\/p>\n\n<p>Marinan, \u00e4ven k\u00e4nd som <strong>Port Adhoc Bayonne Anglet<\/strong>, erbjuder en m\u00e4ngd faciliteter av h\u00f6g kvalitet, inklusive ett upptagningsomr\u00e5de, ett sj\u00f6s\u00e4ttningsomr\u00e5de, och privata pontoner. WiFi-n\u00e4tverket \u00e4r gratis och tillg\u00e4ngligt i hela marinan, och b\u00e5tar kan sj\u00f6s\u00e4ttas p\u00e5 \u00e4garnas beg\u00e4ran 7 dagar i veckan.<\/p>\n\n<p>Slutligen, i Port Adhoc Bayonne-Anglet har b\u00e5t\u00e4gare \u00e5terigen tillg\u00e5ng till ett brett utbud av tj\u00e4nster. Fr\u00e5n b\u00e5tvarvet till \u00e5terf\u00f6rs\u00e4ljaren, via butiken som specialiserar sig p\u00e5 vattensporter och fritidsaktiviteter, kan vi garantera att du hittar alla de yrkesverksamma du letar efter i v\u00e5r marina!<\/p>\n\n<div style=\"height:30px\" aria-hidden=\"true\" class=\"wp-block-spacer\"><\/div>\n\n<div class=\"wp-block-buttons is-horizontal is-layout-flex wp-block-buttons-is-layout-flex\">\n<div class=\"wp-block-button is-style-fill\"><a class=\"wp-block-button__link has-white-color has-vivid-cyan-blue-background-color has-text-color has-background wp-element-button\" href=\"https:\/\/www.port-adhoc.com\/sv\/bayonne-anglet\/\" target=\"_blank\" rel=\"noreferrer noopener\">\u27a1\ufe0f Ta reda p\u00e5 mer om marinan i Anglet<\/a><\/div>\n<\/div>\n\n<div style=\"height:60px\" aria-hidden=\"true\" class=\"wp-block-spacer\"><\/div>\n\n<figure class=\"wp-block-image size-large\"><img decoding=\"async\" width=\"1024\" height=\"683\" src=\"https:\/\/b2765252.smushcdn.com\/2765252\/wp-content\/uploads\/2024\/05\/Grande-plage-Anglet-Biarritz-Pays-Basque-1024x683.jpeg?lossy=1&strip=1&webp=1\" alt=\"\" class=\"wp-image-44568\" srcset=\"https:\/\/b2765252.smushcdn.com\/2765252\/wp-content\/uploads\/2024\/05\/Grande-plage-Anglet-Biarritz-Pays-Basque-1024x683.jpeg?lossy=1&strip=1&webp=1 1024w, https:\/\/b2765252.smushcdn.com\/2765252\/wp-content\/uploads\/2024\/05\/Grande-plage-Anglet-Biarritz-Pays-Basque-300x200.jpeg?lossy=1&strip=1&webp=1 300w, https:\/\/b2765252.smushcdn.com\/2765252\/wp-content\/uploads\/2024\/05\/Grande-plage-Anglet-Biarritz-Pays-Basque-768x512.jpeg?lossy=1&strip=1&webp=1 768w, https:\/\/b2765252.smushcdn.com\/2765252\/wp-content\/uploads\/2024\/05\/Grande-plage-Anglet-Biarritz-Pays-Basque-1536x1024.jpeg?lossy=1&strip=1&webp=1 1536w, https:\/\/b2765252.smushcdn.com\/2765252\/wp-content\/uploads\/2024\/05\/Grande-plage-Anglet-Biarritz-Pays-Basque-2048x1365.jpeg?lossy=1&strip=1&webp=1 2048w, https:\/\/b2765252.smushcdn.com\/2765252\/wp-content\/uploads\/2024\/05\/Grande-plage-Anglet-Biarritz-Pays-Basque.jpeg?size=512x342&lossy=1&strip=1&webp=1 512w\" sizes=\"auto, (max-width: 1024px) 100vw, 1024px\" loading=\"lazy\" \/><figcaption class=\"wp-element-caption\">Flygfoto \u00f6ver Grande Plage, Biarritz och Anglet (Baskien)<\/figcaption><\/figure>\n\n<div style=\"height:30px\" aria-hidden=\"true\" class=\"wp-block-spacer\"><\/div>\n\n<p>Beh\u00f6ver du hj\u00e4lp med att organisera dina framtida seglingsresor i sydv\u00e4stra Frankrike? Port Adhoc-teamet kan hj\u00e4lpa dig att g\u00f6ra verklighet av dina planer. Kontakta oss f\u00f6r att f\u00e5 veta mer om det v\u00e4lkomnande som erbjuds i koncernens marinor!<\/p>\n\n<div style=\"height:30px\" aria-hidden=\"true\" class=\"wp-block-spacer\"><\/div>\n\n<div class=\"wp-block-buttons is-horizontal is-layout-flex wp-block-buttons-is-layout-flex\">\n<div class=\"wp-block-button is-style-fill\"><a class=\"wp-block-button__link has-white-color has-vivid-cyan-blue-background-color has-text-color has-background has-small-font-size has-custom-font-size wp-element-button\" href=\"https:\/\/www.port-adhoc.com\/sv\/offert-batplats\/\" target=\"_blank\" rel=\"noreferrer noopener\">Kontakta oss \ud83d\udc4b<\/a><\/div>\n<\/div>\n\n<div style=\"height:30px\" aria-hidden=\"true\" class=\"wp-block-spacer\"><\/div>\n","protected":false},"excerpt":{"rendered":"<p>Precis som vi har du s\u00e4kert njutit av v\u00e5rens f\u00f6rsta solstr\u00e5lar. I sydv\u00e4stra Frankrike \u00e4r temperaturerna redan h\u00f6gre \u00e4n i de flesta delar av det franska fastlandet. S\u00e5 varf\u00f6r inte dra nytta av dessa behagliga f\u00f6rh\u00e5llanden f\u00f6r att uppt\u00e4cka den underbara regionen sydv\u00e4st om Frankrike med b\u00e5t?<\/p>\n","protected":false},"author":2,"featured_media":115369,"comment_status":"closed","ping_status":"closed","sticky":false,"template":"","format":"standard","meta":{"wds_primary_category":0,"footnotes":""},"categories":[186],"tags":[187,177,191],"class_list":["post-57235","post","type-post","status-publish","format-standard","has-post-thumbnail","hentry","category-batliv","tag-port-adhoc-bayonne-anglet-sv","tag-port-adhoc-soubise-sv","tag-port-medoc-sv"],"_links":{"self":[{"href":"https:\/\/www.port-adhoc.com\/sv\/wp-json\/wp\/v2\/posts\/57235","targetHints":{"allow":["GET"]}}],"collection":[{"href":"https:\/\/www.port-adhoc.com\/sv\/wp-json\/wp\/v2\/posts"}],"about":[{"href":"https:\/\/www.port-adhoc.com\/sv\/wp-json\/wp\/v2\/types\/post"}],"author":[{"embeddable":true,"href":"https:\/\/www.port-adhoc.com\/sv\/wp-json\/wp\/v2\/users\/2"}],"replies":[{"embeddable":true,"href":"https:\/\/www.port-adhoc.com\/sv\/wp-json\/wp\/v2\/comments?post=57235"}],"version-history":[{"count":0,"href":"https:\/\/www.port-adhoc.com\/sv\/wp-json\/wp\/v2\/posts\/57235\/revisions"}],"wp:featuredmedia":[{"embeddable":true,"href":"https:\/\/www.port-adhoc.com\/sv\/wp-json\/wp\/v2\/media\/115369"}],"wp:attachment":[{"href":"https:\/\/www.port-adhoc.com\/sv\/wp-json\/wp\/v2\/media?parent=57235"}],"wp:term":[{"taxonomy":"category","embeddable":true,"href":"https:\/\/www.port-adhoc.com\/sv\/wp-json\/wp\/v2\/categories?post=57235"},{"taxonomy":"post_tag","embeddable":true,"href":"https:\/\/www.port-adhoc.com\/sv\/wp-json\/wp\/v2\/tags?post=57235"}],"curies":[{"name":"wp","href":"https:\/\/api.w.org\/{rel}","templated":true}]}}