{"id":57241,"date":"2024-05-14T14:47:26","date_gmt":"2024-05-14T12:47:26","guid":{"rendered":"https:\/\/www.port-adhoc.com\/les-particularites-de-la-navigation-en-bretagne\/"},"modified":"2025-09-12T10:08:52","modified_gmt":"2025-09-12T08:08:52","slug":"det-speciella-med-att-segla-i-bretagne","status":"publish","type":"post","link":"https:\/\/www.port-adhoc.com\/sv\/blog\/batliv\/det-speciella-med-att-segla-i-bretagne\/","title":{"rendered":"Det speciella med att segla i Bretagne"},"content":{"rendered":"\n<p class=\"has-small-font-size\">Publiceringsdatum: 14\/05\/2024<\/p>\n\n<div style=\"height:30px\" aria-hidden=\"true\" class=\"wp-block-spacer\"><\/div>\n\n<h2 class=\"wp-block-heading\"><strong>Bretagne, en region som \u00e4r k\u00e4nd f\u00f6r sin segling<\/strong><\/h2>\n\n<p>Visste du att det bara i Bretagne finns <strong>mer \u00e4n 250.000 registrerade b\u00e5tar<\/strong>? Det \u00e4r <strong>Frankrikes ledande region f\u00f6r seglingsaktiviteter<\/strong>, b\u00e5de n\u00e4r det g\u00e4ller antalet bes\u00f6kare och den infrastruktur som finns tillg\u00e4nglig f\u00f6r b\u00e5t\u00e4gare. Och det \u00e4r en <strong>enast\u00e5ende destination<\/strong> n\u00e4r det g\u00e4ller segling!<\/p>\n\n<p>Fr\u00e5n norr till s\u00f6der \u00e4r Bretagne s\u00e4rskilt popul\u00e4rt bland seglare. Varje \u00e5r, fr\u00e5n maj till september, njuter de av <strong>idealiska seglingsf\u00f6rh\u00e5llanden<\/strong>. Det finns <strong>m\u00e5nga intressanta platser och platser att utforska.<\/strong><\/p>\n\n<p>Oavsett om du seglar eller k\u00f6r motorb\u00e5t har Bretagne ett antal olika <strong>seglingsomr\u00e5den och farvatten<\/strong>:<\/p>\n\n<ul class=\"wp-block-list\">\n<li>Smaragdkusten och maritima Rance<\/li>\n\n\n\n<li>Saint-Brieuc-bukten<\/li>\n\n\n\n<li>Rosa Granitkusten<\/li>\n\n\n\n<li>Morlaix-bukten<\/li>\n\n\n\n<li>Leonlandet<\/li>\n\n\n\n<li>Abers-kusten<\/li>\n\n\n\n<li>Brest hamn<\/li>\n\n\n\n<li>Douarnenez-bukten<\/li>\n\n\n\n<li>Audierne-bukten<\/li>\n\n\n\n<li>Gl\u00e9nan-arkipelagens farvatten och Odet-flodens maritima omr\u00e5de<\/li>\n\n\n\n<li>Cornouaille<\/li>\n\n\n\n<li>Lorients hamn<\/li>\n\n\n\n<li>Quiberon-bukten och Morbihan-bukten<\/li>\n\n\n\n<li>Vilaine-bukten och Vilaine-flodens maritima omr\u00e5de<\/li>\n<\/ul>\n\n<div style=\"height:30px\" aria-hidden=\"true\" class=\"wp-block-spacer\"><\/div>\n\n<h2 class=\"wp-block-heading\"><strong>Segling i Bretagne: destinationer att uppt\u00e4cka<\/strong><\/h2>\n\n<p>I norra Bretagne finns ett antal <strong>typiska<\/strong> och autentiska <strong>hamnar<\/strong>, den ena mer charmig \u00e4n den andra. Fr\u00e5n gr\u00e4nsen till Normandie &#8211; n\u00e4ra Mont-Saint-Michel-bukten &#8211; till Iroisehavet i v\u00e4ster, erbjuder Nordbretagnes kustlinje en <strong>stor variation av landskap<\/strong>. M\u00e5nga <strong>naturomr\u00e5den<\/strong> kan uppt\u00e4ckas med segelb\u00e5t eller motorb\u00e5t, som f\u00f6ljer <strong>tidvattnets rytm<\/strong>, eller till fots l\u00e4ngs <strong>tullstigen<\/strong>.<\/p>\n\n<p>F\u00e5r inte missas n\u00e4r man seglar i norra Bretagne:<\/p>\n\n<ul class=\"wp-block-list\">\n<li>Den maritima staden Saint-Malo och dess vallar<\/li>\n\n\n\n<li>Paimpol och dess aktiviteter f\u00f6r natur-, kultur- och gastronomiupplevelser<\/li>\n\n\n\n<li>\u00d6n Br\u00e9hat och dess fiskeby<\/li>\n\n\n\n<li>Saint-Brieuc-bukten och dess kustlandskap<\/li>\n\n\n\n<li>Plougasnou och tullstigen<\/li>\n\n\n\n<li>Hamnstaden Roscoff och \u00f6n Batz, k\u00e4nd f\u00f6r sina exotiska tr\u00e4dg\u00e5rdar<\/li>\n<\/ul>\n\n<p>\u27a1\ufe0f Ocks\u00e5 v\u00e4rt att l\u00e4sa: <a href=\"https:\/\/www.port-adhoc.com\/sv\/blog\/batliv\/paimpol-en-bretonsk-stad-med-en-rik-hamnhistoria\/\">Paimpol, en bretonsk stad med en rik hamnhistoria<\/a><\/p>\n\n<div style=\"height:30px\" aria-hidden=\"true\" class=\"wp-block-spacer\"><\/div>\n\n<figure class=\"wp-block-image size-large\"><img fetchpriority=\"high\" decoding=\"async\" width=\"1024\" height=\"767\" src=\"https:\/\/b2765252.smushcdn.com\/2765252\/wp-content\/uploads\/2024\/05\/Saint-Malo-1024x767.jpg?lossy=1&strip=1&webp=1\" alt=\"\" class=\"wp-image-44525\" srcset=\"https:\/\/b2765252.smushcdn.com\/2765252\/wp-content\/uploads\/2024\/05\/Saint-Malo-1024x767.jpg?lossy=1&strip=1&webp=1 1024w, https:\/\/b2765252.smushcdn.com\/2765252\/wp-content\/uploads\/2024\/05\/Saint-Malo-300x225.jpg?lossy=1&strip=1&webp=1 300w, https:\/\/b2765252.smushcdn.com\/2765252\/wp-content\/uploads\/2024\/05\/Saint-Malo-768x576.jpg?lossy=1&strip=1&webp=1 768w, https:\/\/b2765252.smushcdn.com\/2765252\/wp-content\/uploads\/2024\/05\/Saint-Malo-1536x1151.jpg?lossy=1&strip=1&webp=1 1536w, https:\/\/b2765252.smushcdn.com\/2765252\/wp-content\/uploads\/2024\/05\/Saint-Malo-2048x1535.jpg?lossy=1&strip=1&webp=1 2048w, https:\/\/b2765252.smushcdn.com\/2765252\/wp-content\/uploads\/2024\/05\/Saint-Malo.jpg?size=512x384&lossy=1&strip=1&webp=1 512w\" sizes=\"(max-width: 1024px) 100vw, 1024px\" \/><figcaption class=\"wp-element-caption\">Flygfoto \u00f6ver korsfararstaden Saint-Malo<\/figcaption><\/figure>\n\n<div style=\"height:30px\" aria-hidden=\"true\" class=\"wp-block-spacer\"><\/div>\n\n<p>I Iroisehavet, p\u00e5 Bretagnes v\u00e4stkust, bes\u00f6ker m\u00e5nga seglare <strong>Ponant\u00f6arna<\/strong> &#8211; Ouessant, Mol\u00e8ne och Sein, Douarnenezbukten, Brest&#8230; Vid \u201dv\u00e4rldens \u00e4nde\u201d, i hj\u00e4rtat av <strong>Iroise Marine Park<\/strong>, har de ofta m\u00f6jlighet att segla tillsammans med flera <strong>anm\u00e4rkningsv\u00e4rda marina arter<\/strong>.<\/p>\n\n<p>S\u00f6dra Bretagne \u00e4r lika k\u00e4nt och erbjuder ocks\u00e5 attraktiva destinationer: fr\u00e5n Mer d&#8217;Iroise i v\u00e4ster till gr\u00e4nserna f\u00f6r departementet Loire-Atlantique i \u00f6ster \u00e4r <strong>seglingsomr\u00e5det<\/strong> en s\u00e4rskild favorit bland <strong>seglingsentusiaster<\/strong>. Med en f\u00f6rh\u00e4rskande v\u00e4stlig vind och str\u00f6mmar som \u00e4r lite l\u00e4ttare att hantera \u00e4n i norra Bretagne, \u00e4r detta <strong>fortfarande en vild region<\/strong> med m\u00e5nga <strong>minnesv\u00e4rda<\/strong> <strong>\u00f6ar<\/strong>, <strong>hamnar och ankarplatser<\/strong>.<\/p>\n\n<p>\u00d6arna i s\u00f6dra Bretagne &#8211; Gl\u00e9nan-arkipelagen, Groix, Belle-Ile, Houat och Ho\u00ebdic &#8211; samt flera <strong>stora kusthamnar <\/strong>som Concarneau, Lorient och Quiberon \u00e4r definitivt v\u00e4rda ett bes\u00f6k.<\/p>\n\n<p>F\u00e5r inte missas n\u00e4r man seglar i s\u00f6dra Bretagne:<\/p>\n\n<ul class=\"wp-block-list\">\n<li>Groix och stranden Sables blancs &#8211; den enda konvexa stranden i Europa!<\/li>\n\n\n\n<li>\u00d6n Houat och Fort En Tal<\/li>\n\n\n\n<li>Ho\u00ebdic och dess vilda landskap<\/li>\n\n\n\n<li>Belle-Ile-en-Mer, med hamnarna Sauzon och Le Palais<\/li>\n\n\n\n<li>Gl\u00e9nan-arkipelagen med sitt turkosa karibiska vatten<\/li>\n<\/ul>\n\n<div style=\"height:30px\" aria-hidden=\"true\" class=\"wp-block-spacer\"><\/div>\n\n<figure class=\"wp-block-image size-large\"><img decoding=\"async\" width=\"1024\" height=\"683\" src=\"https:\/\/b2765252.smushcdn.com\/2765252\/wp-content\/uploads\/2024\/05\/archipel-des-Glenan-1024x683.jpg?lossy=1&strip=1&webp=1\" alt=\"\" class=\"wp-image-44526\" srcset=\"https:\/\/b2765252.smushcdn.com\/2765252\/wp-content\/uploads\/2024\/05\/archipel-des-Glenan-1024x683.jpg?lossy=1&strip=1&webp=1 1024w, https:\/\/b2765252.smushcdn.com\/2765252\/wp-content\/uploads\/2024\/05\/archipel-des-Glenan-300x200.jpg?lossy=1&strip=1&webp=1 300w, https:\/\/b2765252.smushcdn.com\/2765252\/wp-content\/uploads\/2024\/05\/archipel-des-Glenan-768x512.jpg?lossy=1&strip=1&webp=1 768w, https:\/\/b2765252.smushcdn.com\/2765252\/wp-content\/uploads\/2024\/05\/archipel-des-Glenan-1536x1024.jpg?lossy=1&strip=1&webp=1 1536w, https:\/\/b2765252.smushcdn.com\/2765252\/wp-content\/uploads\/2024\/05\/archipel-des-Glenan-2048x1365.jpg?lossy=1&strip=1&webp=1 2048w, https:\/\/b2765252.smushcdn.com\/2765252\/wp-content\/uploads\/2024\/05\/archipel-des-Glenan.jpg?size=512x342&lossy=1&strip=1&webp=1 512w\" sizes=\"auto, (max-width: 1024px) 100vw, 1024px\" loading=\"lazy\" \/><figcaption class=\"wp-element-caption\">Gl\u00e9nan-arkipelagen, ett bretonskt paradis med vita sandstr\u00e4nder<\/figcaption><\/figure>\n\n<div style=\"height:30px\" aria-hidden=\"true\" class=\"wp-block-spacer\"><\/div>\n\n<p>Sist men inte minst kan <strong>seglare<\/strong> ocks\u00e5 njuta av att <strong>segla p\u00e5 floderna i Bretagne,<\/strong> beroende p\u00e5 deras farkost: p\u00e5 Rance, i Abers, p\u00e5 Aven, p\u00e5 Belon, p\u00e5 La\u00efta, p\u00e5 Blavet, p\u00e5 Rivi\u00e8re d&#8217;Auray eller p\u00e5 Vilaine, till exempel. De kan ocks\u00e5 dra nytta av de m\u00e5nga kanaler som korsar regionens inre. Det \u00e4r ytterligare ett tillf\u00e4lle att (\u00e5ter)uppt\u00e4cka en stor variation av landskap!<\/p>\n\n<div style=\"height:30px\" aria-hidden=\"true\" class=\"wp-block-spacer\"><\/div>\n\n<h2 class=\"wp-block-heading\"><strong>Olika klimat och f\u00f6rh\u00e5llanden<\/strong><\/h2>\n\n<p>Fr\u00e5n norr till s\u00f6der erbjuder Bretagne seglare och motorb\u00e5tar ett brett utbud av destinationer med <strong>mycket specifika klimat<\/strong>.<\/p>\n\n<p>Norra Bretagne \u00e4r <strong>svalare<\/strong> och <strong>bl\u00f6tare<\/strong>, medan s\u00f6dra Bretagne har ett <strong>tempererat klimat<\/strong> p\u00e5 sommaren som g\u00f6r det <strong>torrare<\/strong> och <strong>soligare<\/strong>. Vi pratar om \u00f6ver 1800 soltimmar per \u00e5r i s\u00f6dra Bretagne, j\u00e4mf\u00f6rt med 1300 timmar i norra Bretagne!<\/p>\n\n<p>B\u00e5da kusterna uts\u00e4tts f\u00f6r <strong>tidvatten<\/strong>, \u00e4ven om den norra kusten p\u00e5verkas mer: <strong>tidvattenutbredningen \u00e4r st\u00f6rre d\u00e4r,<\/strong> vilket p\u00e5verkar navigationen. Norra Bretagne \u00e4r ocks\u00e5 <strong>bl\u00e5sigare<\/strong>, med termiska vindar.<\/p>\n\n<p>I hela Bretagne \u00e4r det m\u00f6jligt att segla <strong>\u00e5ret runt<\/strong>, med f\u00f6rbeh\u00e5ll f\u00f6r goda v\u00e4derf\u00f6rh\u00e5llanden. Fr\u00e5n maj till september \u00e4r f\u00f6rh\u00e5llandena idealiska och seglingen \u00e4r s\u00e4rskilt trevlig.<\/p>\n\n<p>Vissa omr\u00e5den \u00e4r dock \u00f6k\u00e4nda f\u00f6r de <strong>sv\u00e5righeter<\/strong> som de inneb\u00e4r f\u00f6r seglare alla 12 m\u00e5nader om \u00e5ret. Det g\u00e4ller till exempel <strong>Raz de Sein-passagen<\/strong> &#8211; ett klippigt omr\u00e5de med s\u00e4rskilt starka str\u00f6mmar, f\u00f6r att komma in i eller l\u00e4mna Mer d&#8217;Iroise &#8211; eller <strong>Morbihanbukten<\/strong> d\u00e4r, mellan Ile de la Jument och Ile Berder, Jument-str\u00f6mmen regelbundet n\u00e5r mer \u00e4n 9 knop vid h\u00f6gvatten. Det \u00e4r en av de starkaste str\u00f6mmarna i Europa!<\/p>\n\n<p>Det finns ocks\u00e5 flera <strong>grund<\/strong> att undvika, till exempel H\u00e9aux de Br\u00e9hat, som \u00e4r k\u00e4llan till en brytande v\u00e5g vid h\u00f6gvatten.<\/p>\n\n<div style=\"height:30px\" aria-hidden=\"true\" class=\"wp-block-spacer\"><\/div>\n\n<figure class=\"wp-block-image size-large\"><img decoding=\"async\" width=\"1024\" height=\"683\" src=\"https:\/\/b2765252.smushcdn.com\/2765252\/wp-content\/uploads\/2024\/05\/Kerpenhir-1024x683.jpg?lossy=1&strip=1&webp=1\" alt=\"\" class=\"wp-image-44527\" srcset=\"https:\/\/b2765252.smushcdn.com\/2765252\/wp-content\/uploads\/2024\/05\/Kerpenhir-1024x683.jpg?lossy=1&strip=1&webp=1 1024w, https:\/\/b2765252.smushcdn.com\/2765252\/wp-content\/uploads\/2024\/05\/Kerpenhir-300x200.jpg?lossy=1&strip=1&webp=1 300w, https:\/\/b2765252.smushcdn.com\/2765252\/wp-content\/uploads\/2024\/05\/Kerpenhir-768x512.jpg?lossy=1&strip=1&webp=1 768w, https:\/\/b2765252.smushcdn.com\/2765252\/wp-content\/uploads\/2024\/05\/Kerpenhir-1536x1024.jpg?lossy=1&strip=1&webp=1 1536w, https:\/\/b2765252.smushcdn.com\/2765252\/wp-content\/uploads\/2024\/05\/Kerpenhir-2048x1365.jpg?lossy=1&strip=1&webp=1 2048w, https:\/\/b2765252.smushcdn.com\/2765252\/wp-content\/uploads\/2024\/05\/Kerpenhir.jpg?size=512x342&lossy=1&strip=1&webp=1 512w\" sizes=\"auto, (max-width: 1024px) 100vw, 1024px\" loading=\"lazy\" \/><figcaption class=\"wp-element-caption\">Kerpenhir Point vid Locmariaquer i Morbihan-bukten<\/figcaption><\/figure>\n\n<div style=\"height:30px\" aria-hidden=\"true\" class=\"wp-block-spacer\"><\/div>\n\n<h2 class=\"wp-block-heading\"><strong>I norra eller s\u00f6dra Bretagne, n\u00f6dv\u00e4ndiga f\u00f6rsiktighets\u00e5tg\u00e4rder<\/strong><\/h2>\n\n<p>Oavsett vilket omr\u00e5de du v\u00e4ljer att segla i Bretagne, oavsett om det \u00e4r i norra eller s\u00f6dra delen av landet, m\u00e5ste seglare vidta n\u00e5gra <strong>f\u00f6rsiktighets\u00e5tg\u00e4rder<\/strong>. Detta f\u00f6r att se till att de <strong>seglar s\u00e4kert<\/strong> och f\u00e5r ut mesta m\u00f6jliga av sin tid till sj\u00f6ss!<\/p>\n\n<div style=\"height:30px\" aria-hidden=\"true\" class=\"wp-block-spacer\"><\/div>\n\n<h3 class=\"wp-block-heading\">Ta reda p\u00e5 mer om v\u00e4dret<\/h3>\n\n<p>Det \u00e4r varje seglares plikt att h\u00e5lla sig <strong>uppdaterad med v\u00e4derprognoserna<\/strong>, b\u00e5de innan man ger sig av &#8211; i norra eller s\u00f6dra Bretagne &#8211; och n\u00e4r man \u00e4r ute till havs. F\u00f6rbered din kryssning genom att konsultera flera tillf\u00f6rlitliga k\u00e4llor och forts\u00e4tt att f\u00f6lja utvecklingen ombord, till exempel genom att lyssna p\u00e5 v\u00e4derleksrapporten p\u00e5 din VHF.<\/p>\n\n<div style=\"height:30px\" aria-hidden=\"true\" class=\"wp-block-spacer\"><\/div>\n\n<h3 class=\"wp-block-heading\">K\u00e4nna till regler och f\u00f6reskrifter f\u00f6r navigering<\/h3>\n\n<p>Som seglare \u00e4r du redan bekant med de <strong>best\u00e4mmelser som g\u00e4ller f\u00f6r fritidsb\u00e5tar<\/strong> och har redan den <strong>navigationslicens <\/strong>som du beh\u00f6ver f\u00f6r att framf\u00f6ra din b\u00e5t. Men innan du s\u00e4tter segel i Bretagne m\u00e5ste du ta reda p\u00e5 <strong>tillg\u00e4ngligheten i de omr\u00e5den<\/strong> du planerar att bes\u00f6ka: beh\u00f6ver du <strong>s\u00e4rskilt tillst\u00e5nd<\/strong> f\u00f6r att segla eller ankra d\u00e4r? Vilka <strong>skyddade omr\u00e5den <\/strong>finns det i regionen? Finns det n\u00e5gra <strong>hastighetsbegr\u00e4nsningar<\/strong> eller <strong>s\u00e4rskilda beteenden<\/strong> som man b\u00f6r iaktta eller undvika? Om du planerar att fiska, \u00e4r det till\u00e5tet?<\/p>\n\n<div style=\"height:30px\" aria-hidden=\"true\" class=\"wp-block-spacer\"><\/div>\n\n<h3 class=\"wp-block-heading\">Ta reda p\u00e5 mer om det avsedda seglingsomr\u00e5det<\/h3>\n\n<p>Precis som vid segling \u00f6verallt \u00e4r det viktigt att <strong>ha relevanta sj\u00f6kort<\/strong> till hands innan man ger sig ut p\u00e5 havet. Du m\u00e5ste l\u00e4sa sj\u00f6korten i f\u00f6rv\u00e4g, som en f\u00f6rberedelse inf\u00f6r resan, s\u00e5 att du kan l\u00e4ra <strong>k\u00e4nna omr\u00e5det<\/strong> och <strong>f\u00f6rutse eventuella sv\u00e5righeter<\/strong>. Du kommer att kunna uppt\u00e4cka faror, bojar och landm\u00e4rken som kan hj\u00e4lpa dig att navigera, liksom eventuella grundomr\u00e5den.<\/p>\n\n<div style=\"height:30px\" aria-hidden=\"true\" class=\"wp-block-spacer\"><\/div>\n\n<h3 class=\"wp-block-heading\">T\u00e4nk p\u00e5 tidvattentiderna<\/h3>\n\n<p>F\u00f6r att s\u00e4kerst\u00e4lla att du kan segla s\u00e4kert b\u00f6r du ocks\u00e5 studera <strong>tidvattentiderna<\/strong> noggrant: det \u00e4r alltid tillr\u00e5dligt att <strong>inte ta risken att segla mot str\u00f6mmen<\/strong> och att dra nytta av tidvattenstr\u00f6mmen i dess riktning, var du \u00e4n vill segla i Bretagne. Tidvattnet kan vara mycket starkt! N\u00e4r du v\u00e4ljer ditt seglingsprogram, ta h\u00e4nsyn till <strong>koefficienterna<\/strong>, <strong>vinden<\/strong>, <strong>havstillst\u00e5ndet<\/strong> och <strong>str\u00f6mmarna<\/strong>.<\/p>\n\n<p><strong>Tidvattnet<\/strong> \u00e4r fortfarande en mycket viktig faktor att ta h\u00e4nsyn till, s\u00e4rskilt n\u00e4r man seglar i norra Bretagne. Vissa ankarplatser och hamnar \u00e4r t.ex. otillg\u00e4ngliga vid medelvattenst\u00e5nd. Du kan ber\u00e4kna n\u00e4r det \u00e4r klokt att passera genom komplicerade platser beroende p\u00e5 b\u00e5tens djupg\u00e5ende. Ta ett steg tillbaka och planera en alternativ l\u00f6sning&#8230;<\/p>\n\n<div style=\"height:60px\" aria-hidden=\"true\" class=\"wp-block-spacer\"><\/div>\n\n<figure class=\"wp-block-image size-large\"><img loading=\"lazy\" decoding=\"async\" width=\"1024\" height=\"576\" src=\"https:\/\/b2765252.smushcdn.com\/2765252\/wp-content\/uploads\/2024\/05\/Phare-du-cap-Sizun-pointe-du-Raz-1024x576.jpg?lossy=1&strip=1&webp=1\" alt=\"\" class=\"wp-image-44528\" srcset=\"https:\/\/b2765252.smushcdn.com\/2765252\/wp-content\/uploads\/2024\/05\/Phare-du-cap-Sizun-pointe-du-Raz-1024x576.jpg?lossy=1&strip=1&webp=1 1024w, https:\/\/b2765252.smushcdn.com\/2765252\/wp-content\/uploads\/2024\/05\/Phare-du-cap-Sizun-pointe-du-Raz-300x169.jpg?lossy=1&strip=1&webp=1 300w, https:\/\/b2765252.smushcdn.com\/2765252\/wp-content\/uploads\/2024\/05\/Phare-du-cap-Sizun-pointe-du-Raz-768x432.jpg?lossy=1&strip=1&webp=1 768w, https:\/\/b2765252.smushcdn.com\/2765252\/wp-content\/uploads\/2024\/05\/Phare-du-cap-Sizun-pointe-du-Raz-1536x864.jpg?lossy=1&strip=1&webp=1 1536w, https:\/\/b2765252.smushcdn.com\/2765252\/wp-content\/uploads\/2024\/05\/Phare-du-cap-Sizun-pointe-du-Raz-2048x1152.jpg?lossy=1&strip=1&webp=1 2048w, https:\/\/b2765252.smushcdn.com\/2765252\/wp-content\/uploads\/2024\/05\/Phare-du-cap-Sizun-pointe-du-Raz.jpg?size=512x288&lossy=1&strip=1&webp=1 512w\" sizes=\"auto, (max-width: 1024px) 100vw, 1024px\" \/><figcaption class=\"wp-element-caption\">Fyren Cap Sizun p\u00e5 Pointe du Raz i Bretagne<\/figcaption><\/figure>\n\n<div style=\"height:30px\" aria-hidden=\"true\" class=\"wp-block-spacer\"><\/div>\n\n<h2 class=\"wp-block-heading\"><strong>Segling runt Bretagne fr\u00e5n Port Adhoc<\/strong><\/h2>\n\n<p>Nu \u00e4r det din tur att <strong>uppt\u00e4cka Bretagne med b\u00e5t<\/strong>! P\u00e5 Bretagnes norra kust kommer v\u00e5ra team att vara glada att v\u00e4lkomna dig till <strong>Port Adhoc Paimpol<\/strong>, en av v\u00e5r grupps marinor.<\/p>\n\n<p><strong>Torrmarinan<\/strong> erbjuder 240 b\u00e5tplatser i st\u00e4llage, avsedda f\u00f6r b\u00e5t\u00e4gare som vill <strong>utforska Bretagne med b\u00e5t.<\/strong> B\u00e5tar p\u00e5 upp till 8,50 meter kan bekv\u00e4mt f\u00f6rvaras h\u00e4r och sj\u00f6s\u00e4ttas och tas upp ur vattnet varje dag \u00e5ret runt. Bes\u00f6k Port Adhoc Paimpols sida f\u00f6r att f\u00e5 veta mer!<\/p>\n\n<div style=\"height:30px\" aria-hidden=\"true\" class=\"wp-block-spacer\"><\/div>\n\n<div class=\"wp-block-buttons is-horizontal is-layout-flex wp-block-buttons-is-layout-flex\">\n<div class=\"wp-block-button is-style-fill\"><a class=\"wp-block-button__link has-white-color has-vivid-cyan-blue-background-color has-text-color has-background wp-element-button\" href=\"https:\/\/www.port-adhoc.com\/sv\/paimpol\/\" target=\"_blank\" rel=\"noreferrer noopener\">\u27a1\ufe0f Ta reda p\u00e5 mer om marinan i Paimpol<\/a><\/div>\n<\/div>\n\n<div style=\"height:30px\" aria-hidden=\"true\" class=\"wp-block-spacer\"><\/div>\n","protected":false},"excerpt":{"rendered":"<p>Planerar du att segla i Bretagne med din segelb\u00e5t eller motorb\u00e5t? I den h\u00e4r artikeln presenterar Port Adhoc de s\u00e4rskilda f\u00f6ruts\u00e4ttningarna f\u00f6r segling i Bretagne. Varf\u00f6r \u00e4r Bretagne och dess seglingsomr\u00e5den s\u00e5 popul\u00e4ra bland b\u00e5t\u00e4gare? Vilka \u00e4r de speciella egenskaperna i omr\u00e5det och vad beh\u00f6ver du vara uppm\u00e4rksam p\u00e5?<\/p>\n","protected":false},"author":2,"featured_media":115374,"comment_status":"closed","ping_status":"closed","sticky":false,"template":"","format":"standard","meta":{"wds_primary_category":0,"footnotes":""},"categories":[186],"tags":[183],"class_list":["post-57241","post","type-post","status-publish","format-standard","has-post-thumbnail","hentry","category-batliv","tag-port-adhoc-paimpol-sv"],"_links":{"self":[{"href":"https:\/\/www.port-adhoc.com\/sv\/wp-json\/wp\/v2\/posts\/57241","targetHints":{"allow":["GET"]}}],"collection":[{"href":"https:\/\/www.port-adhoc.com\/sv\/wp-json\/wp\/v2\/posts"}],"about":[{"href":"https:\/\/www.port-adhoc.com\/sv\/wp-json\/wp\/v2\/types\/post"}],"author":[{"embeddable":true,"href":"https:\/\/www.port-adhoc.com\/sv\/wp-json\/wp\/v2\/users\/2"}],"replies":[{"embeddable":true,"href":"https:\/\/www.port-adhoc.com\/sv\/wp-json\/wp\/v2\/comments?post=57241"}],"version-history":[{"count":0,"href":"https:\/\/www.port-adhoc.com\/sv\/wp-json\/wp\/v2\/posts\/57241\/revisions"}],"wp:featuredmedia":[{"embeddable":true,"href":"https:\/\/www.port-adhoc.com\/sv\/wp-json\/wp\/v2\/media\/115374"}],"wp:attachment":[{"href":"https:\/\/www.port-adhoc.com\/sv\/wp-json\/wp\/v2\/media?parent=57241"}],"wp:term":[{"taxonomy":"category","embeddable":true,"href":"https:\/\/www.port-adhoc.com\/sv\/wp-json\/wp\/v2\/categories?post=57241"},{"taxonomy":"post_tag","embeddable":true,"href":"https:\/\/www.port-adhoc.com\/sv\/wp-json\/wp\/v2\/tags?post=57241"}],"curies":[{"name":"wp","href":"https:\/\/api.w.org\/{rel}","templated":true}]}}