{"id":57277,"date":"2024-03-26T14:12:12","date_gmt":"2024-03-26T13:12:12","guid":{"rendered":"https:\/\/www.port-adhoc.com\/nos-marinas-et-ports-pour-une-saison-de-navigation-en-france\/"},"modified":"2025-09-12T10:43:41","modified_gmt":"2025-09-12T08:43:41","slug":"vara-marinor-och-hamnar-for-en-seglingssasong-i-frankrike","status":"publish","type":"post","link":"https:\/\/www.port-adhoc.com\/sv\/blog\/batliv\/vara-marinor-och-hamnar-for-en-seglingssasong-i-frankrike\/","title":{"rendered":"V\u00e5ra marinor och hamnar f\u00f6r en b\u00e5ts\u00e4song i Frankrike"},"content":{"rendered":"\n<p class=\"has-small-font-size\">Publiceringsdatum: 26\/03\/2024<\/p>\n\n<div style=\"height:30px\" aria-hidden=\"true\" class=\"wp-block-spacer\"><\/div>\n\n<h2 class=\"wp-block-heading\"><strong>Port Adhoc: en stor akt\u00f6r bland franska marinor<\/strong><\/h2>\n\n<div style=\"height:30px\" aria-hidden=\"true\" class=\"wp-block-spacer\"><\/div>\n\n<h3 class=\"wp-block-heading\"><strong>Marinor i hela Frankrike<\/strong><\/h3>\n\n<p><article class=\"group\/turn w-full text-token-text-primary focus-visible:outline-2 focus-visible:outline-offset-[-4px]\" dir=\"auto\" data-testid=\"conversation-turn-302\" data-scroll-anchor=\"false\">&#13;\n<div class=\"text-base my-auto mx-auto py-[18px] px-6\">&#13;\n<div class=\"mx-auto flex flex-1 text-base gap-4 md:gap-5 lg:gap-6 md:max-w-3xl\">&#13;\n<div class=\"group\/conversation-turn relative flex w-full min-w-0 flex-col @xs\/thread:px-0 @sm\/thread:px-1.5 @md\/thread:px-4\">&#13;\n<div class=\"flex-col gap-1 md:gap-3\">&#13;\n<div class=\"flex max-w-full flex-col flex-grow\">&#13;\n<div class=\"min-h-8 text-message relative flex w-full flex-col items-end gap-2 whitespace-normal break-words text-start [.text-message+&amp;]:mt-5\" dir=\"auto\" data-message-author-role=\"user\" data-message-id=\"1250daf3-07d9-464b-904d-a08db0f0e35b\">&#13;\n<div class=\"w-full\">&#13;\n<div class=\"flex w-full flex-col gap-1 empty:hidden items-end rtl:items-start\">&#13;\n<div class=\"relative max-w-[var(--user-chat-width,70%)] rounded-3xl bg-token-message-surface px-5 py-2.5\">&#13;\n<div class=\"whitespace-pre-wrap\">Som en maritim och flodn\u00e4ra destination i v\u00e4rldsklass har <strong data-start=\"58\" data-end=\"71\">Frankrike<\/strong>, med sina floder och kuster, alltid varit en dr\u00f6mdestination f\u00f6r b\u00e5t\u00e4gare. Med<strong> 6\u00a0marinor<\/strong> i hela landet \u00e4r Port Adhoc-gruppen en av Frankrikes ledande f\u00f6rvaltare av marinor. Tack vare sin infrastruktur vid <strong>Engelska kanalen<\/strong>, <strong>Atlanten<\/strong> och <strong>Medelhavet<\/strong> v\u00e4lkomnar Port Adhoc b\u00e5t\u00e4gare som lockas av alla de franska kusterna. Med flera marinor bel\u00e4gna vid mynningen av <strong>stora floder<\/strong> kan gruppen ocks\u00e5 v\u00e4lkomna b\u00e5t\u00e4gare till sina marinor\u00a0som vill tillbringa sin b\u00e5ts\u00e4song i Frankrike, inte i det <strong>maritima omr\u00e5det<\/strong>, utan p\u00e5 <strong>floderna<\/strong>.<\/div>&#13;\n<\/div>&#13;\n<\/div>&#13;\n<\/div>&#13;\n<\/div>&#13;\n<\/div>&#13;\n<\/div>&#13;\n<\/div>&#13;\n<\/div>&#13;\n<\/div>&#13;\n<\/article><\/p>\n\n<div style=\"height:30px\" aria-hidden=\"true\" class=\"wp-block-spacer\"><\/div>\n\n<h3 class=\"wp-block-heading\"><strong>Ett brett utbud av marinl\u00f6sningar<\/strong><\/h3>\n\n<p>Marina eller g\u00e4sthamn,<strong data-start=\"0\" data-end=\"103\"> torrmarina, kombinerad marina <\/strong>\u2013 b\u00e5de f\u00f6r b\u00e5tplatser i vattnet och p\u00e5 land&#8230; De anl\u00e4ggningar som f\u00f6rvaltas och erbjuds av Port Adhoc-gruppen \u00e4r otroligt varierade. H\u00e4r finns m\u00f6jligheten att hitta den hamnstruktur som <strong>passar<\/strong> perfekt <strong>f\u00f6r just ditt behov<\/strong>.<\/p>\n\n<p>\u00c4gare av motorb\u00e5tar eller segelb\u00e5tar som seglar i Frankrike har ocks\u00e5 turen att hitta alla <strong>tj\u00e4nster<\/strong> de beh\u00f6ver i marinorna i Port Adhoc-n\u00e4tverket. De kommer framf\u00f6r allt att hitta <strong>yrkesfolk <\/strong>som kan <strong>serva<\/strong>, <strong>underh\u00e5lla<\/strong> och <strong>reparera <\/strong>deras b\u00e5tar, liksom <strong>specialbutiker<\/strong>.<\/p>\n\n<p>Det \u00e4r denna m\u00e5ngfald av marinl\u00f6sningar som Port Adhoc erbjuder som \u00e4r styrkan i hela v\u00e5rt n\u00e4tverk idag.<\/p>\n\n<div style=\"height:30px\" aria-hidden=\"true\" class=\"wp-block-spacer\"><\/div>\n\n<h2 class=\"wp-block-heading\"><strong>V\u00e5ra marinor i Bretagne och l\u00e4ngs Atlantkusten<\/strong><\/h2>\n\n<div style=\"height:30px\" aria-hidden=\"true\" class=\"wp-block-spacer\"><\/div>\n\n<p>Vill du v\u00e4lja en marina <strong>i Bretagne<\/strong> eller p\u00e5<strong> Atlantkusten<\/strong> f\u00f6r din n\u00e4sta b\u00e5ts\u00e4song i Frankrike? Port Adhoc-gruppen kommer med gl\u00e4dje att v\u00e4lkomna dig till en av sina fyra franska marinor i dessa regioner. V\u00e4lj mellan marinan i Paimpol, marinan i Soubise, marinan i Port M\u00e9doc eller marinan i Bayonne Anglet.<\/p>\n\n<div style=\"height:30px\" aria-hidden=\"true\" class=\"wp-block-spacer\"><\/div>\n\n<figure class=\"wp-block-image size-large\"><img fetchpriority=\"high\" decoding=\"async\" width=\"1024\" height=\"683\" src=\"https:\/\/b2765252.smushcdn.com\/2765252\/wp-content\/uploads\/2024\/03\/Visite-du-port-de-Paimpol-1024x683.jpg?lossy=1&strip=1&webp=1\" alt=\"\" class=\"wp-image-42368\" srcset=\"https:\/\/b2765252.smushcdn.com\/2765252\/wp-content\/uploads\/2024\/03\/Visite-du-port-de-Paimpol-1024x683.jpg?lossy=1&strip=1&webp=1 1024w, https:\/\/b2765252.smushcdn.com\/2765252\/wp-content\/uploads\/2024\/03\/Visite-du-port-de-Paimpol-300x200.jpg?lossy=1&strip=1&webp=1 300w, https:\/\/b2765252.smushcdn.com\/2765252\/wp-content\/uploads\/2024\/03\/Visite-du-port-de-Paimpol-768x512.jpg?lossy=1&strip=1&webp=1 768w, https:\/\/b2765252.smushcdn.com\/2765252\/wp-content\/uploads\/2024\/03\/Visite-du-port-de-Paimpol-1536x1025.jpg?lossy=1&strip=1&webp=1 1536w, https:\/\/b2765252.smushcdn.com\/2765252\/wp-content\/uploads\/2024\/03\/Visite-du-port-de-Paimpol.jpg?size=512x342&lossy=1&strip=1&webp=1 512w\" sizes=\"(max-width: 1024px) 100vw, 1024px\" \/><figcaption class=\"wp-element-caption\">Bes\u00f6k marinan i Paimpol under sommars\u00e4songen<\/figcaption><\/figure>\n\n<div style=\"height:60px\" aria-hidden=\"true\" class=\"wp-block-spacer\"><\/div>\n\n<h3 class=\"wp-block-heading\"><strong>Marinan i Paimpol<\/strong><\/h3>\n\n<p>I Paimpol kallas v\u00e5r marina ocks\u00e5 <strong>Port Adhoc Paimpol<\/strong>. Det \u00e4r en <strong>torrmarina vid Engelska kanalen<\/strong> och en av de viktigaste marinorna i norra Bretagne som till\u00e5ter seglare att f\u00f6rvara sina b\u00e5tar p\u00e5 land, i vaggor. B\u00e5tarna f\u00f6rvaras i ett s\u00e4kert, \u00f6vervakat omr\u00e5de och kan sj\u00f6s\u00e4ttas mycket snabbt: operationen utf\u00f6rs p\u00e5 \u00e4garens beg\u00e4ran, varje dag \u00e5ret runt.<\/p>\n\n<p>N\u00e4ra marinan i Paimpol kan b\u00e5t\u00e4gare som vill utnyttja s\u00e4songen f\u00f6r att segla i Frankrike uppt\u00e4cka <strong>\u00f6n Br\u00e9hat<\/strong>, som ligger precis mittemot Paimpol, liksom underverken p\u00e5 <strong>norra Bretons kust<\/strong>: den rosa <strong>granitkusten<\/strong>, sk\u00e4rg\u00e5rden med sju \u00f6ar, Smaragdkusten, Saint-Malo, Cancale eller l\u00e4ngre bort, Mont-Saint-Michel-bukten.<\/p>\n\n<div style=\"height:30px\" aria-hidden=\"true\" class=\"wp-block-spacer\"><\/div>\n\n<div class=\"wp-block-buttons has-custom-font-size has-small-font-size is-horizontal is-layout-flex wp-block-buttons-is-layout-flex\">\n<div class=\"wp-block-button is-style-fill\"><a class=\"wp-block-button__link has-white-color has-vivid-cyan-blue-background-color has-text-color has-background wp-element-button\" href=\"https:\/\/www.port-adhoc.com\/sv\/paimpol\/\" target=\"_blank\" rel=\"noreferrer noopener\">Uppt\u00e4ck marinan i Paimpol \u27a1\ufe0f<\/a><\/div>\n<\/div>\n\n<div style=\"height:60px\" aria-hidden=\"true\" class=\"wp-block-spacer\"><\/div>\n\n<h3 class=\"wp-block-heading\"><strong>Marinan i Soubise<\/strong><\/h3>\n\n<p>Marinan i Soubise v\u00e4lkomnar franska och utl\u00e4ndska b\u00e5t\u00e4gare som har valt <strong>Charente-Maritime-regionen <\/strong>som sitt kryssningsomr\u00e5de. Precis som Port Adhoc Paimpol \u00e4r det en <strong>torrmarina<\/strong>, men den h\u00e4r g\u00e5ngen med utsikt \u00f6ver <strong>floden Charente<\/strong> och den <strong>franska Atlantkusten<\/strong>. Den ligger bara 5 nautiska mil fr\u00e5n havet.<\/p>\n\n<p>I marinan i Soubise f\u00f6rvaras en- och flerskrovsb\u00e5tar med en l\u00e4ngd p\u00e5 upp till 53 fot i st\u00e4llningar eller vaggor, och \u00e4garna kan dra nytta av ett stort <b><strong>tekniskt supportcenter<\/strong><\/b>. Det \u00e4r den perfekta marinan att vinterf\u00f6rvara i, att f\u00e5 sin b\u00e5t upprustad eller att njuta av en s\u00e4song av segling i det omgivande omr\u00e5det i Frankrike. Till exempel <b><strong>La Rochelle<\/strong><\/b> och <b><strong>l&#8217;\u00eele de R\u00e9<\/strong><\/b>, <b><strong>l&#8217;\u00eele d&#8217;Ol\u00e9ron<\/strong><\/b> eller <b><strong>Royan<\/strong><\/b> ligger alla inom bekv\u00e4mt r\u00e4ckh\u00e5ll.<\/p>\n\n<div style=\"height:30px\" aria-hidden=\"true\" class=\"wp-block-spacer\"><\/div>\n\n<div class=\"wp-block-buttons has-custom-font-size has-small-font-size is-horizontal is-layout-flex wp-block-buttons-is-layout-flex\">\n<div class=\"wp-block-button is-style-fill\"><a class=\"wp-block-button__link has-white-color has-vivid-cyan-blue-background-color has-text-color has-background wp-element-button\" href=\"https:\/\/www.port-adhoc.com\/sv\/soubise\/\" target=\"_blank\" rel=\"noreferrer noopener\">Uppt\u00e4ck Port Adhoc Soubise \u27a1\ufe0f<\/a><\/div>\n<\/div>\n\n<div style=\"height:30px\" aria-hidden=\"true\" class=\"wp-block-spacer\"><\/div>\n\n<figure class=\"wp-block-image size-large\"><img decoding=\"async\" width=\"1024\" height=\"567\" src=\"https:\/\/b2765252.smushcdn.com\/2765252\/wp-content\/uploads\/2024\/03\/Lile-de-Re-a-velo-et-bateau-1024x567.jpeg?lossy=1&strip=1&webp=1\" alt=\"\" class=\"wp-image-42370\" srcset=\"https:\/\/b2765252.smushcdn.com\/2765252\/wp-content\/uploads\/2024\/03\/Lile-de-Re-a-velo-et-bateau-1024x567.jpeg?lossy=1&strip=1&webp=1 1024w, https:\/\/b2765252.smushcdn.com\/2765252\/wp-content\/uploads\/2024\/03\/Lile-de-Re-a-velo-et-bateau-300x166.jpeg?lossy=1&strip=1&webp=1 300w, https:\/\/b2765252.smushcdn.com\/2765252\/wp-content\/uploads\/2024\/03\/Lile-de-Re-a-velo-et-bateau-768x426.jpeg?lossy=1&strip=1&webp=1 768w, https:\/\/b2765252.smushcdn.com\/2765252\/wp-content\/uploads\/2024\/03\/Lile-de-Re-a-velo-et-bateau-1536x851.jpeg?lossy=1&strip=1&webp=1 1536w, https:\/\/b2765252.smushcdn.com\/2765252\/wp-content\/uploads\/2024\/03\/Lile-de-Re-a-velo-et-bateau-2048x1135.jpeg?lossy=1&strip=1&webp=1 2048w, https:\/\/b2765252.smushcdn.com\/2765252\/wp-content\/uploads\/2024\/03\/Lile-de-Re-a-velo-et-bateau.jpeg?size=512x284&lossy=1&strip=1&webp=1 512w\" sizes=\"auto, (max-width: 1024px) 100vw, 1024px\" loading=\"lazy\" \/><figcaption class=\"wp-element-caption\">Uppt\u00e4ck \u00f6n R\u00e9 med b\u00e5t och p\u00e5 cykel<\/figcaption><\/figure>\n\n<div style=\"height:60px\" aria-hidden=\"true\" class=\"wp-block-spacer\"><\/div>\n\n<h3 class=\"wp-block-heading\"><strong>Port M\u00e9doc<\/strong><\/h3>\n\n<p>I Le Verdon-sur-Mer, vid Girondes mynning, har <strong>marinan Port M\u00e9doc<\/strong> en kapacitet p\u00e5 n\u00e4stan 1.000 <strong>b\u00e5tplatser<\/strong>. H\u00e4r v\u00e4lkomnas alla \u00e4gare som vill tillbringa en b\u00e5ts\u00e4song p\u00e5 den franska kusten, liksom de som vill stanna l\u00e4ngre. B\u00e5t\u00e4gare kan dra nytta av <strong>h\u00f6gpresterande faciliteter <\/strong>och, \u00e4n en g\u00e5ng, n\u00e4rvaron p\u00e5 plats av m\u00e5nga <strong>nautiska yrkesm\u00e4n<\/strong>: i synnerhet skeppsvarv och butiker som specialiserar sig p\u00e5 marin h\u00e5rdvara.<\/p>\n\n<p>F\u00f6r alla som vill uppt\u00e4cka n\u00f6jet med att segla i Frankrike: Port M\u00e9docs geografiska l\u00e4ge g\u00f6r det enkelt att njuta av b\u00e5de <strong>segling i Girondes flodmynning<\/strong> och <strong>utforskning av Atlantkusten<\/strong>!<\/p>\n\n<p>\u27a1\ufe0f Ocks\u00e5 v\u00e4rt att l\u00e4sa: <a href=\"https:\/\/www.port-adhoc.com\/sv\/blog\/batliv\/seglingsrutter-pa-girondes-flodmynning\/\">Seglingsrutter p\u00e5 Girondes flodmynning<\/a><\/p>\n\n<div style=\"height:30px\" aria-hidden=\"true\" class=\"wp-block-spacer\"><\/div>\n\n<div class=\"wp-block-buttons has-custom-font-size has-small-font-size is-horizontal is-layout-flex wp-block-buttons-is-layout-flex\">\n<div class=\"wp-block-button is-style-fill\"><a class=\"wp-block-button__link has-white-color has-vivid-cyan-blue-background-color has-text-color has-background wp-element-button\" href=\"https:\/\/www.port-adhoc.com\/sv\/port-medoc\/\" target=\"_blank\" rel=\"noreferrer noopener\">Uppt\u00e4ck Port M\u00e9doc \u27a1\ufe0f<\/a><\/div>\n<\/div>\n\n<div style=\"height:60px\" aria-hidden=\"true\" class=\"wp-block-spacer\"><\/div>\n\n<h3 class=\"wp-block-heading\"><strong>Marinan i Bayonne Anglet<\/strong><\/h3>\n\n<p>I sydv\u00e4stra Frankrike \u00e4r den franska marinan i Bayonne Anglet fortfarande ett alternativ f\u00f6r seglare som vill ut p\u00e5 <strong>flod- eller havskryssning.<\/strong> Bara ett stenkast fr\u00e5n <strong>Atlanten<\/strong> och <strong>Biscayabukten<\/strong>, <strong>vid floden Adour<\/strong>, g\u00f6r marinan i Bayonne Anglet det m\u00f6jligt f\u00f6r b\u00e5t\u00e4gare att f\u00f6rvara sina b\u00e5tar bara en nautisk mil fr\u00e5n kusten, men \u00e4nd\u00e5 med h\u00f6gkvalitativa faciliteter. Om du planerar en b\u00e5ts\u00e4song i Frankrike \u00e4r <strong>Baskien<\/strong>, <strong>Biarritz<\/strong> och <strong>Anglet och dess kustlinje<\/strong> definitivt en destination att \u00f6verv\u00e4ga.<\/p>\n\n<div style=\"height:30px\" aria-hidden=\"true\" class=\"wp-block-spacer\"><\/div>\n\n<div class=\"wp-block-buttons has-custom-font-size has-small-font-size is-horizontal is-layout-flex wp-block-buttons-is-layout-flex\">\n<div class=\"wp-block-button is-style-fill\"><a class=\"wp-block-button__link has-white-color has-vivid-cyan-blue-background-color has-text-color has-background wp-element-button\" href=\"https:\/\/www.port-adhoc.com\/sv\/bayonne-anglet\/\" target=\"_blank\" rel=\"noreferrer noopener\">Uppt\u00e4ck v\u00e5r marina i Anglet \u27a1\ufe0f<\/a><\/div>\n<\/div>\n\n<div style=\"height:60px\" aria-hidden=\"true\" class=\"wp-block-spacer\"><\/div>\n\n<h2 class=\"wp-block-heading\"><strong>V\u00e5ra marinor vid Medelhavet<\/strong><\/h2>\n\n<div style=\"height:30px\" aria-hidden=\"true\" class=\"wp-block-spacer\"><\/div>\n\n<p>Planerar du din n\u00e4sta b\u00e5ts\u00e4song i Frankrike, men inte vid Atlanten eller Engelska kanalen, utan snarare vid <strong>Medelhavet <\/strong>? D\u00e5 \u00e4r det inget problem! Port Adhoc-gruppen erbjuder ocks\u00e5 flera <strong>torrmarinor och traditionella marinor\u00a0vid Medelhavet<\/strong>. Beroende p\u00e5 dina preferenser och ditt seglingsschema kan du bege dig till Port Leucate eller Port Napol\u00e9on.<\/p>\n\n<div style=\"height:30px\" aria-hidden=\"true\" class=\"wp-block-spacer\"><\/div>\n\n<h3 class=\"wp-block-heading\"><strong>Marinan i Leucate<\/strong><\/h3>\n\n<p>Marinan i Leucate ligger mycket n\u00e4ra Port Barcar\u00e8s och \u00e4r ocks\u00e5 k\u00e4nd som <strong>Port Adhoc Leucate<\/strong>. I denna marina \u00e4r seglare som vill utforska franska vatten v\u00e4lkomna att f\u00f6rvara sina b\u00e5tar i en <strong>torrmarina i Medelhavet <\/strong>med en kapacitet p\u00e5 300 b\u00e5tplatser, under en b\u00e5ts\u00e4song eller l\u00e4ngre. Precis som Port Barcar\u00e8s \u00e4r Leucates marina idealisk f\u00f6r <strong>segling<\/strong> i <strong>det omgivande omr\u00e5det<\/strong> och f\u00f6r att uppt\u00e4cka hela den franska Medelhavskusten.<\/p>\n\n<p>\u27a1\ufe0f L\u00e4s ocks\u00e5: <a href=\"https:\/\/www.port-adhoc.com\/sv\/blog\/batliv\/utforska-den-franska-medelhavskusten-fran-marinan-i-port-leucate\/\">Utforska den franska Medelhavskusten fr\u00e5n marinan i Port Leucate<\/a><\/p>\n\n<div style=\"height:30px\" aria-hidden=\"true\" class=\"wp-block-spacer\"><\/div>\n\n<div class=\"wp-block-buttons is-horizontal is-layout-flex wp-block-buttons-is-layout-flex\">\n<div class=\"wp-block-button is-style-fill\"><a class=\"wp-block-button__link has-white-color has-vivid-cyan-blue-background-color has-text-color has-background has-small-font-size has-custom-font-size wp-element-button\" href=\"https:\/\/www.port-adhoc.com\/sv\/leucate\/\" target=\"_blank\" rel=\"noreferrer noopener\">Uppt\u00e4ck marinan i Leucate \u27a1\ufe0f<\/a><\/div>\n<\/div>\n\n<div style=\"height:60px\" aria-hidden=\"true\" class=\"wp-block-spacer\"><\/div>\n\n<h3 class=\"wp-block-heading\"><strong>Port Napol\u00e9on<\/strong><\/h3>\n\n<p>Den sista marinan i Port Adhoc-gruppen som vi rekommenderar f\u00f6r en b\u00e5ts\u00e4song i Frankrike \u00e4r <strong>Port Napol\u00e9on<\/strong>. I staden Port-Saint-Louis-du-Rh\u00f4ne, i departementet Bouches-du-Rh\u00f4ne, kommer denna marina att v\u00e4lkomna dig \u00e5ter under perfekta f\u00f6rh\u00e5llanden: med din b\u00e5t f\u00f6rvarad <strong>torrt utomhus<\/strong>, <strong>torrt i en hangar<\/strong>, eller <strong>f\u00f6rt\u00f6jd vid en flytbrygga<\/strong> i Port Napol\u00e9on, kommer du alltid att vara redo att kasta loss och njuta av de franska farvattnen.<\/p>\n\n<p>I <strong>Port-Saint-Louis-du-Rh\u00f4ne marina<\/strong> kan du ocks\u00e5 dra nytta av <strong>hamnfaciliteter<\/strong> som \u00e4r anpassade till alla aktiviteter du beh\u00f6ver utf\u00f6ra p\u00e5 din b\u00e5t, samt hj\u00e4lp fr\u00e5n specialiserade yrkesm\u00e4n om du beh\u00f6ver det.<\/p>\n\n<p>\u27a1\ufe0f Se \u00e4ven: <a href=\"https:\/\/www.port-adhoc.com\/sv\/blog\/batliv\/18-vackra-franska-anlopshamnar-att-upptacka-fran-port-napoleon\/\">18 vackra franska anl\u00f6pshamnar att uppt\u00e4cka fr\u00e5n Port Napol\u00e9on<\/a><\/p>\n\n<div style=\"height:30px\" aria-hidden=\"true\" class=\"wp-block-spacer\"><\/div>\n\n<div class=\"wp-block-buttons has-custom-font-size has-small-font-size is-horizontal is-layout-flex wp-block-buttons-is-layout-flex\">\n<div class=\"wp-block-button is-style-fill\"><a class=\"wp-block-button__link has-white-color has-vivid-cyan-blue-background-color has-text-color has-background wp-element-button\" href=\"https:\/\/www.port-adhoc.com\/sv\/port-napoleon\/\" target=\"_blank\" rel=\"noreferrer noopener\">Uppt\u00e4ck Port Napol\u00e9on \u27a1\ufe0f<\/a><\/div>\n<\/div>\n\n<div style=\"height:30px\" aria-hidden=\"true\" class=\"wp-block-spacer\"><\/div>\n\n<figure class=\"wp-block-image size-large\"><img decoding=\"async\" width=\"1024\" height=\"683\" src=\"https:\/\/b2765252.smushcdn.com\/2765252\/wp-content\/uploads\/2024\/03\/Navigation-Calanques-1024x683.jpeg?lossy=1&strip=1&webp=1\" alt=\"\" class=\"wp-image-42366\" srcset=\"https:\/\/b2765252.smushcdn.com\/2765252\/wp-content\/uploads\/2024\/03\/Navigation-Calanques-1024x683.jpeg?lossy=1&strip=1&webp=1 1024w, https:\/\/b2765252.smushcdn.com\/2765252\/wp-content\/uploads\/2024\/03\/Navigation-Calanques-300x200.jpeg?lossy=1&strip=1&webp=1 300w, https:\/\/b2765252.smushcdn.com\/2765252\/wp-content\/uploads\/2024\/03\/Navigation-Calanques-768x512.jpeg?lossy=1&strip=1&webp=1 768w, https:\/\/b2765252.smushcdn.com\/2765252\/wp-content\/uploads\/2024\/03\/Navigation-Calanques-1536x1024.jpeg?lossy=1&strip=1&webp=1 1536w, https:\/\/b2765252.smushcdn.com\/2765252\/wp-content\/uploads\/2024\/03\/Navigation-Calanques-2048x1365.jpeg?lossy=1&strip=1&webp=1 2048w, https:\/\/b2765252.smushcdn.com\/2765252\/wp-content\/uploads\/2024\/03\/Navigation-Calanques.jpeg?size=512x342&lossy=1&strip=1&webp=1 512w\" sizes=\"auto, (max-width: 1024px) 100vw, 1024px\" loading=\"lazy\" \/><figcaption class=\"wp-element-caption\">B\u00e5tar f\u00f6r ankar i Medelhavsvikarna mellan Marseille och Cassis<\/figcaption><\/figure>\n\n<div style=\"height:30px\" aria-hidden=\"true\" class=\"wp-block-spacer\"><\/div>\n\n<p>Vill du ha mer information om hur du kan organisera din n\u00e4sta <strong>b\u00e5t<\/strong><strong>s\u00e4song i Frankrike<\/strong> fr\u00e5n en av v\u00e5ra marinor? Hela Port Adhoc-teamet st\u00e5r till ditt f\u00f6rfogande och svarar g\u00e4rna p\u00e5 dina fr\u00e5gor.<\/p>\n\n<p>Tveka inte att kontakta oss nu!<\/p>\n\n<div style=\"height:30px\" aria-hidden=\"true\" class=\"wp-block-spacer\"><\/div>\n\n<div class=\"wp-block-buttons has-custom-font-size has-small-font-size is-horizontal is-layout-flex wp-block-buttons-is-layout-flex\">\n<div class=\"wp-block-button is-style-fill\"><a class=\"wp-block-button__link has-white-color has-vivid-cyan-blue-background-color has-text-color has-background wp-element-button\" href=\"https:\/\/www.port-adhoc.com\/sv\/offert-batplats\/\" target=\"_blank\" rel=\"noreferrer noopener\">Kontakta oss \ud83d\udc4b<\/a><\/div>\n<\/div>\n","protected":false},"excerpt":{"rendered":"<p>Planerar du att tillbringa en b\u00e5ts\u00e4song i Frankrike och har \u00e4nnu inte best\u00e4mt dig f\u00f6r vilken marina du ska f\u00f6rt\u00f6ja din b\u00e5t i? F\u00f6r att f\u00e5 ut mesta m\u00f6jliga av din tid till sj\u00f6ss eller p\u00e5 en flod \u00e4r det viktigt att v\u00e4lja den marina som passar b\u00e4st f\u00f6r dina planer. I den h\u00e4r artikeln g\u00e5r vi igenom de franska marinorna och marinorna i Port Adhoc-gruppen f\u00f6r att hj\u00e4lpa dig att g\u00f6ra ditt val.<\/p>\n","protected":false},"author":2,"featured_media":115405,"comment_status":"closed","ping_status":"closed","sticky":false,"template":"","format":"standard","meta":{"wds_primary_category":0,"footnotes":""},"categories":[186],"tags":[187,197,183,177,191,188],"class_list":["post-57277","post","type-post","status-publish","format-standard","has-post-thumbnail","hentry","category-batliv","tag-port-adhoc-bayonne-anglet-sv","tag-port-adhoc-leucate-sv","tag-port-adhoc-paimpol-sv","tag-port-adhoc-soubise-sv","tag-port-medoc-sv","tag-port-napoleon-sv"],"_links":{"self":[{"href":"https:\/\/www.port-adhoc.com\/sv\/wp-json\/wp\/v2\/posts\/57277","targetHints":{"allow":["GET"]}}],"collection":[{"href":"https:\/\/www.port-adhoc.com\/sv\/wp-json\/wp\/v2\/posts"}],"about":[{"href":"https:\/\/www.port-adhoc.com\/sv\/wp-json\/wp\/v2\/types\/post"}],"author":[{"embeddable":true,"href":"https:\/\/www.port-adhoc.com\/sv\/wp-json\/wp\/v2\/users\/2"}],"replies":[{"embeddable":true,"href":"https:\/\/www.port-adhoc.com\/sv\/wp-json\/wp\/v2\/comments?post=57277"}],"version-history":[{"count":0,"href":"https:\/\/www.port-adhoc.com\/sv\/wp-json\/wp\/v2\/posts\/57277\/revisions"}],"wp:featuredmedia":[{"embeddable":true,"href":"https:\/\/www.port-adhoc.com\/sv\/wp-json\/wp\/v2\/media\/115405"}],"wp:attachment":[{"href":"https:\/\/www.port-adhoc.com\/sv\/wp-json\/wp\/v2\/media?parent=57277"}],"wp:term":[{"taxonomy":"category","embeddable":true,"href":"https:\/\/www.port-adhoc.com\/sv\/wp-json\/wp\/v2\/categories?post=57277"},{"taxonomy":"post_tag","embeddable":true,"href":"https:\/\/www.port-adhoc.com\/sv\/wp-json\/wp\/v2\/tags?post=57277"}],"curies":[{"name":"wp","href":"https:\/\/api.w.org\/{rel}","templated":true}]}}