{"id":57324,"date":"2024-01-29T21:47:29","date_gmt":"2024-01-29T20:47:29","guid":{"rendered":"https:\/\/www.port-adhoc.com\/il-raconte-son-experience-dans-le-port-a-sec-mediterraneen-de-leucate\/"},"modified":"2025-10-03T16:54:31","modified_gmt":"2025-10-03T14:54:31","slug":"han-berattar-om-sin-upplevelse-i-den-torra-hamnen-i-leucate-i-medelhavet","status":"publish","type":"post","link":"https:\/\/www.port-adhoc.com\/sv\/blog\/marinanyheter\/han-berattar-om-sin-upplevelse-i-den-torra-hamnen-i-leucate-i-medelhavet\/","title":{"rendered":"Han ber\u00e4ttar om sin upplevelse i Leucates torrmarina vid Medelhavet"},"content":{"rendered":"\n<p class=\"has-small-font-size\">Publiceringsdatum: 29\/01\/24<\/p>\n\n<div style=\"height:30px\" aria-hidden=\"true\" class=\"wp-block-spacer\"><\/div>\n\n<p>Pieter Krikken \u00e4r ursprungligen fr\u00e5n Nederl\u00e4nderna. Han har <strong>alltid varit en seglare<\/strong>:<\/p>\n\n<blockquote class=\"wp-block-quote is-layout-flow wp-block-quote-is-layout-flow\">\n<p><em>&#8221;Jag b\u00f6rjade segla n\u00e4r min familj hade ett sommarhus vid en sj\u00f6 i Nederl\u00e4nderna.<\/em> <em>Jag har haft b\u00e5tar under st\u00f6rre delen av mitt liv!&#8221;<\/em><\/p>\n<\/blockquote>\n\n<div style=\"height:30px\" aria-hidden=\"true\" class=\"wp-block-spacer\"><\/div>\n\n<figure class=\"wp-block-image size-large\"><img fetchpriority=\"high\" decoding=\"async\" width=\"1024\" height=\"657\" src=\"https:\/\/b2765252.smushcdn.com\/2765252\/wp-content\/uploads\/2024\/01\/Pieter-Krikken-1-1024x657.jpg?lossy=1&strip=1&webp=1\" alt=\"B&#xE5;tf&#xF6;rare p&#xE5; sina motorb&#xE5;tar i Port Leucates navigationszon\" class=\"wp-image-36309\" srcset=\"https:\/\/b2765252.smushcdn.com\/2765252\/wp-content\/uploads\/2024\/01\/Pieter-Krikken-1-1024x657.jpg?lossy=1&strip=1&webp=1 1024w, https:\/\/b2765252.smushcdn.com\/2765252\/wp-content\/uploads\/2024\/01\/Pieter-Krikken-1-300x192.jpg?lossy=1&strip=1&webp=1 300w, https:\/\/b2765252.smushcdn.com\/2765252\/wp-content\/uploads\/2024\/01\/Pieter-Krikken-1-768x493.jpg?lossy=1&strip=1&webp=1 768w, https:\/\/b2765252.smushcdn.com\/2765252\/wp-content\/uploads\/2024\/01\/Pieter-Krikken-1.jpg?lossy=1&strip=1&webp=1 1411w, https:\/\/b2765252.smushcdn.com\/2765252\/wp-content\/uploads\/2024\/01\/Pieter-Krikken-1.jpg?size=512x329&lossy=1&strip=1&webp=1 512w\" sizes=\"(max-width: 1024px) 100vw, 1024px\" \/><figcaption class=\"wp-element-caption\">B\u00e5tf\u00f6rare p\u00e5 sina motorb\u00e5tar i Port Leucates navigationszon<\/figcaption><\/figure>\n\n<div style=\"height:30px\" aria-hidden=\"true\" class=\"wp-block-spacer\"><\/div>\n\n<p>Pieter bor nu i s\u00f6dra Frankrike, dit han flyttade f\u00f6r \u00f6ver tjugo \u00e5r sedan. Han f\u00f6rklarar:<\/p>\n\n<blockquote class=\"wp-block-quote is-layout-flow wp-block-quote-is-layout-flow\">\n<p><em>&#8221;Vid sidan av mitt arbete med sportmarknadsf\u00f6ring \u00e4r jag ocks\u00e5 utbildad <strong>fiskeinstrukt\u00f6r och guide<\/strong>.<\/em> <em>Jag <strong>brinner <\/strong>verkligen <strong>f\u00f6r fiske och fritidsb\u00e5tar<\/strong><\/em>&#8230;\u201d.<\/p>\n<\/blockquote>\n\n<p>Pieter \u00e4r stolt \u00e4gare till en Boston Whaler Outrage 240, \u201d<em>ett \u00f6ppet skrov som \u00e4r utformat f\u00f6r fiske och utrustat f\u00f6r offshore-segling, som \u00e4r s\u00e4kert och g\u00e5r mycket bra till sj\u00f6ss<\/em>\u201d, och han har valt att f\u00f6rt\u00f6ja sin b\u00e5t i Port Leucate. Sedan k\u00f6pet 2017 har hans b\u00e5t, som heter <em>Phantom<\/em>, f\u00f6rvarats \u00e5ret runt i vaggor i <strong>torrmarinan\u00a0i<\/strong> <strong>Leucate<\/strong>.<\/p>\n\n<div style=\"height:30px\" aria-hidden=\"true\" class=\"wp-block-spacer\"><\/div>\n\n<figure class=\"wp-block-image size-large\"><img decoding=\"async\" width=\"1024\" height=\"625\" src=\"https:\/\/b2765252.smushcdn.com\/2765252\/wp-content\/uploads\/2024\/02\/Pieter-Krikken-2-1024x625.jpg?lossy=1&strip=1&webp=1\" alt=\"Phantom, Pieter's b&#xE5;t f&#xF6;rvarad i torrmarinan i Port Leucate\" class=\"wp-image-36308\" srcset=\"https:\/\/b2765252.smushcdn.com\/2765252\/wp-content\/uploads\/2024\/02\/Pieter-Krikken-2-1024x625.jpg?lossy=1&strip=1&webp=1 1024w, https:\/\/b2765252.smushcdn.com\/2765252\/wp-content\/uploads\/2024\/02\/Pieter-Krikken-2-300x183.jpg?lossy=1&strip=1&webp=1 300w, https:\/\/b2765252.smushcdn.com\/2765252\/wp-content\/uploads\/2024\/02\/Pieter-Krikken-2-768x469.jpg?lossy=1&strip=1&webp=1 768w, https:\/\/b2765252.smushcdn.com\/2765252\/wp-content\/uploads\/2024\/02\/Pieter-Krikken-2.jpg?lossy=1&strip=1&webp=1 1280w, https:\/\/b2765252.smushcdn.com\/2765252\/wp-content\/uploads\/2024\/02\/Pieter-Krikken-2.jpg?size=512x313&lossy=1&strip=1&webp=1 512w\" sizes=\"auto, (max-width: 1024px) 100vw, 1024px\" loading=\"lazy\" \/><figcaption class=\"wp-element-caption\">Phantom, Pieter&#8217;s b\u00e5t f\u00f6rvarad i torrmarinan i Port Leucate<\/figcaption><\/figure>\n\n<div style=\"height:30px\" aria-hidden=\"true\" class=\"wp-block-spacer\"><\/div>\n\n<h2 class=\"wp-block-heading\"><strong>Fr\u00e5n marinan finns tillg\u00e5ng till en m\u00e4ngd olika vattenomr\u00e5den.<\/strong><\/h2>\n\n<p>Idag s\u00e4ger seglaren att han trivs i seglingsomr\u00e5det runt Port Leucate, l\u00e4ngs <strong>Vermeillekusten<\/strong> och <strong>\u00e4nda till Spanien<\/strong>: <em>&#8221;Jag seglar f\u00f6r det mesta i omr\u00e5den som ligger halvv\u00e4gs utanf\u00f6r kusten. Eftersom jag \u00e4r en ivrig fiskare f\u00f6rs\u00f6ker jag variera mina fiskeplatser beroende p\u00e5 v\u00e4dret och vilken fisk jag \u00e4r ute efter.&#8221;<\/em><\/p>\n\n<p>Pieter har ocks\u00e5 valt en marina som ger honom f\u00f6rdelen att enkelt utforska <strong>andra seglingsomr\u00e5den<\/strong> n\u00e4rhelst han k\u00e4nner f\u00f6r det:<\/p>\n\n<blockquote class=\"wp-block-quote is-layout-flow wp-block-quote-is-layout-flow\">\n<p><em>&#8221;Det h\u00e4nder till exempel att jag byter milj\u00f6 och seglar med Phantom p\u00e5 <strong>Etang de Leucate<\/strong>, s\u00e4rskilt n\u00e4r Medelhavet \u00e4r f\u00f6r tufft.<\/em> <em>Det \u00e4r en annan typ av segling, men det \u00e4r lika roligt!&#8221;<\/em><\/p>\n<\/blockquote>\n\n<div style=\"height:30px\" aria-hidden=\"true\" class=\"wp-block-spacer\"><\/div>\n\n<h2 class=\"wp-block-heading\"><strong>Port Leucate, en medelhavshamn f\u00f6r segling \u00e5ret runt<\/strong><\/h2>\n\n<p>Med sin b\u00e5t i torrmarinan i Leucate kan Pieter njuta av segling till havs eller i lagunerna <strong>\u00e5ret runt<\/strong>:<\/p>\n\n<blockquote class=\"wp-block-quote is-layout-flow wp-block-quote-is-layout-flow\">\n<p><em>&#8221;Jag \u00e5ker oftast ut mellan april och oktober, men jag \u00e5ker ocks\u00e5 ut med b\u00e5t d\u00e5 och d\u00e5 under vintern.<\/em> <em>Jag kan snabbt ta mig till marinan i Leucate hemifr\u00e5n och tack vare hamnpersonalen \u00e4r det alltid l\u00e4tt att organisera mina utflykter.<\/em> <em>Jag best\u00e4mmer mig ofta i sista minuten<\/em>.<em>&#8221;<\/em><\/p>\n<\/blockquote>\n\n<div style=\"height:30px\" aria-hidden=\"true\" class=\"wp-block-spacer\"><\/div>\n\n<p>Han f\u00f6rklarar att han fr\u00e4mst \u00e5ker p\u00e5 dagsutflykter, ofta \u00e4gnade \u00e5t hans passion f\u00f6r fiske, med v\u00e4nner eller familj. Varje g\u00e5ng njuter bes\u00e4ttningen av havet och ibland av en grillfest som tillagas ombord.<\/p>\n\n<blockquote class=\"wp-block-quote is-layout-flow wp-block-quote-is-layout-flow\">\n<p><em>&#8221;I allm\u00e4nhet l\u00e4mnar vi torrmarinan i Leucate vid 6-7-tiden p\u00e5 morgonen och \u00e5terv\u00e4nder i slutet av dagen, vid 17-tiden. <\/em><em>Det \u00e4r l\u00e5nga dagar som g\u00f6r att vi kan njuta fullt ut av seglingens n\u00f6jen<\/em> <em>!\u201d.<\/em><\/p>\n<\/blockquote>\n\n<div style=\"height:30px\" aria-hidden=\"true\" class=\"wp-block-spacer\"><\/div>\n\n<figure class=\"wp-block-image size-large\"><img decoding=\"async\" width=\"1024\" height=\"587\" src=\"https:\/\/b2765252.smushcdn.com\/2765252\/wp-content\/uploads\/2024\/01\/Pieter-Krikken-3-1024x587.jpg?lossy=1&strip=1&webp=1\" alt=\"En fisketur fr&#xE5;n Port Leucate\" class=\"wp-image-36310\" srcset=\"https:\/\/b2765252.smushcdn.com\/2765252\/wp-content\/uploads\/2024\/01\/Pieter-Krikken-3-1024x587.jpg?lossy=1&strip=1&webp=1 1024w, https:\/\/b2765252.smushcdn.com\/2765252\/wp-content\/uploads\/2024\/01\/Pieter-Krikken-3-300x172.jpg?lossy=1&strip=1&webp=1 300w, https:\/\/b2765252.smushcdn.com\/2765252\/wp-content\/uploads\/2024\/01\/Pieter-Krikken-3-768x440.jpg?lossy=1&strip=1&webp=1 768w, https:\/\/b2765252.smushcdn.com\/2765252\/wp-content\/uploads\/2024\/01\/Pieter-Krikken-3.jpg?lossy=1&strip=1&webp=1 1111w, https:\/\/b2765252.smushcdn.com\/2765252\/wp-content\/uploads\/2024\/01\/Pieter-Krikken-3.jpg?size=512x294&lossy=1&strip=1&webp=1 512w\" sizes=\"auto, (max-width: 1024px) 100vw, 1024px\" loading=\"lazy\" \/><figcaption class=\"wp-element-caption\">En fisketur fr\u00e5n Port Leucate<\/figcaption><\/figure>\n\n<div style=\"height:30px\" aria-hidden=\"true\" class=\"wp-block-spacer\"><\/div>\n\n<h2 class=\"wp-block-heading\"><strong>Professionalism som en stark sida hos torrmarinan<\/strong><\/h2>\n\n<blockquote class=\"wp-block-quote is-layout-flow wp-block-quote-is-layout-flow\">\n<p><em>&#8221;Det jag verkligen gillar med Port Adhoc Leucate \u00e4r <strong>teamets lyh\u00f6rdhet<\/strong>.<\/em> <em>Personalen i torrmarinan \u00e4r alla <strong>mycket professionella<\/strong> och <strong>t\u00e5lmodiga<\/strong>, \u00e4ven n\u00e4r det \u00e4r flera b\u00e5tar ute samtidigt.&#8221;<\/em><\/p>\n<cite>Pieter Krikken<\/cite><\/blockquote>\n\n<p>Pieter f\u00f6rklarar ocks\u00e5 att han <strong>servar sin b\u00e5ts motorer<\/strong> varje \u00e5r, tack vare AB Yachtings lokala n\u00e4rvaro: <em>&#8221;Det \u00e4r fantastiskt att kunna meka med och reng\u00f6ra sin b\u00e5t i den h\u00e4r torrmarinan vid Medelhavet.&#8221;<\/em><\/p>\n\n<p>Slutligen avslutar Pieter: <em>&#8221;I Port Leucate vet jag att min b\u00e5t \u00e4r riktigt <strong>s\u00e4ker<\/strong>. Att ha b\u00e5ten i en torrmarina vid Medelhavet inneb\u00e4r ocks\u00e5 att jag har <strong>mindre underh\u00e5ll<\/strong> att g\u00f6ra. Och framf\u00f6r allt drar jag nytta av tj\u00e4nsterna fr\u00e5n ett professionellt team som alltid \u00e4r redo att lyssna p\u00e5 b\u00e5tfolket.&#8221;<\/em><\/p>\n\n<div style=\"height:30px\" aria-hidden=\"true\" class=\"wp-block-spacer\"><\/div>\n\n<figure class=\"wp-block-image size-large\"><img loading=\"lazy\" decoding=\"async\" width=\"1024\" height=\"910\" src=\"https:\/\/b2765252.smushcdn.com\/2765252\/wp-content\/uploads\/2022\/06\/vue_aerienne_port_adhoc_leucate_plages-1024x910.jpeg?lossy=1&strip=1&webp=1\" alt=\"Port Adhoc Leucate, en torrmarina i Medelhavet\" class=\"wp-image-13058\" srcset=\"https:\/\/b2765252.smushcdn.com\/2765252\/wp-content\/uploads\/2022\/06\/vue_aerienne_port_adhoc_leucate_plages-1024x910.jpeg?lossy=1&strip=1&webp=1 1024w, https:\/\/b2765252.smushcdn.com\/2765252\/wp-content\/uploads\/2022\/06\/vue_aerienne_port_adhoc_leucate_plages-300x267.jpeg?lossy=1&strip=1&webp=1 300w, https:\/\/b2765252.smushcdn.com\/2765252\/wp-content\/uploads\/2022\/06\/vue_aerienne_port_adhoc_leucate_plages-768x683.jpeg?lossy=1&strip=1&webp=1 768w, https:\/\/b2765252.smushcdn.com\/2765252\/wp-content\/uploads\/2022\/06\/vue_aerienne_port_adhoc_leucate_plages-1536x1365.jpeg?lossy=1&strip=1&webp=1 1536w, https:\/\/b2765252.smushcdn.com\/2765252\/wp-content\/uploads\/2022\/06\/vue_aerienne_port_adhoc_leucate_plages.jpeg?lossy=1&strip=1&webp=1 2042w, https:\/\/b2765252.smushcdn.com\/2765252\/wp-content\/uploads\/2022\/06\/vue_aerienne_port_adhoc_leucate_plages.jpeg?size=512x455&lossy=1&strip=1&webp=1 512w\" sizes=\"auto, (max-width: 1024px) 100vw, 1024px\" \/><figcaption class=\"wp-element-caption\">Port Adhoc Leucate, en torrmarina i Medelhavet<\/figcaption><\/figure>\n\n<div style=\"height:30px\" aria-hidden=\"true\" class=\"wp-block-spacer\"><\/div>\n\n<h2 class=\"wp-block-heading\"><strong>Port Leucate: din torrmarina i Medelhavet<\/strong><\/h2>\n\n<p>Pieter hyr en b\u00e5tplats i <strong>torrmarinan i Port Leucate<\/strong>, halvv\u00e4gs mellan Etang de Leucate och Medelhavet. Det finns 300 b\u00e5tplatser som hans i Port Adhoc Leucate!<\/p>\n\n<p>B\u00e5tar f\u00f6rvaras i en <strong>s\u00e4ker och \u00f6vervakad milj\u00f6,<\/strong> i vaggor, i n\u00e5gra veckor, n\u00e5gra m\u00e5nader eller alla tolv m\u00e5nader om \u00e5ret. I Port Leucates torrmarina vid Medelhavet kan b\u00e5tfolket vara s\u00e4kra p\u00e5 att kunna <strong>s\u00e4tta sin b\u00e5t i vattnet<\/strong> <strong>varje dag \u00e5ret runt<\/strong>, p\u00e5 nolltid.<\/p>\n\n<p>I marinan har varje b\u00e5t\u00e4gare tillg\u00e5ng till ett <strong>tekniskt omr\u00e5de<\/strong>, en <strong>privat parkeringsplats<\/strong> och fri, obegr\u00e4nsad tillg\u00e5ng till <strong>WiFi-n\u00e4tverket<\/strong>. Som Pieter f\u00f6rklarar finns det <strong>gott om proffs<\/strong> till hands f\u00f6r att tillgodose alla b\u00e5t\u00e4garnas behov:<\/p>\n\n<p>I \u00f6ver trettio \u00e5r har <em>Accastillage Diffusion-kedjan<\/em> i Port Leucate hj\u00e4lpt b\u00e5t\u00e4gare att k\u00f6pa marin utrustning och att underh\u00e5lla och bygga om sina b\u00e5tar. Det finns ocks\u00e5 <em>AB Yachting<\/em>, som Pieter n\u00e4mnde, som specialiserar sig p\u00e5 att k\u00f6pa och s\u00e4lja b\u00e5tar samt underh\u00e5ll av b\u00e5tar. B\u00e5t\u00e4gare kan ocks\u00e5 utnyttja de reng\u00f6rings- och poleringstj\u00e4nster som <em>Clean Yacht 66<\/em> erbjuder och l\u00e5ta <em>Technique Plaisance<\/em> utf\u00f6ra marint underh\u00e5llsarbete.<\/p>\n\n<p>I Port Leucate finns ocks\u00e5 <em>Seenav<\/em>, ett f\u00f6retag som specialiserar sig p\u00e5 f\u00f6rs\u00e4ljning och hantering av marinelektronik, och <em>La Voilerie<\/em>, d\u00e4r seglare kan f\u00e5 segelkomponenter anpassade till sin b\u00e5t tillverkade eller reparerade. I Medelhavets torrmarina kan b\u00e5t\u00e4gare ocks\u00e5 bes\u00f6ka varvet <em>Carina Ulixis<\/em>, som ocks\u00e5 \u00e4r specialiserat p\u00e5 l\u00e5ngtidsuthyrning av katamaraner.<\/p>\n\n<p>Slutligen, n\u00e4r det g\u00e4ller fritidsaktiviteter, \u00e4r anv\u00e4ndare av Medelhavets torrmarina i Port Leucate inte heller att \u00f6vertr\u00e4ffa: med Leucate <em>Plong\u00e9e<\/em>, <em>Leucate Jet-Ski<\/em>, <em>Aloha Jet<\/em> och Leucate <em>P\u00eache<\/em> kan yachtsmen och yachtswomen enkelt uppt\u00e4cka den lokala faunan och floran, prova p\u00e5 vattensporter, njuta av otroliga fiskesessioner &#8230; Kort sagt, njut av alla n\u00f6jen som erbjuds av seglingsomr\u00e5det.<\/p>\n\n<p>Vill du veta mer om v\u00e5r <strong>torrmarina i Medelhavet<\/strong>? Vi inbjuder dig att bes\u00f6ka sidan p\u00e5 v\u00e5r webbplats som \u00e4r till\u00e4gnad marinan i Leucate.<\/p>\n\n<div style=\"height:30px\" aria-hidden=\"true\" class=\"wp-block-spacer\"><\/div>\n\n<div class=\"wp-block-buttons is-horizontal is-layout-flex wp-block-buttons-is-layout-flex\">\n<div class=\"wp-block-button is-style-fill\"><a class=\"wp-block-button__link has-white-color has-vivid-cyan-blue-background-color has-text-color has-background has-small-font-size has-custom-font-size wp-element-button\" href=\"https:\/\/www.port-adhoc.com\/sv\/leucate\/\" target=\"_blank\" rel=\"noreferrer noopener\">Uppt\u00e4ck v\u00e5r marina i Leucate \u27a1\ufe0f<\/a><\/div>\n<\/div>\n\n<div style=\"height:60px\" aria-hidden=\"true\" class=\"wp-block-spacer\"><\/div>\n\n<p>Vill du, precis som Pieter, f\u00f6lja med oss till torrmarinan Port Leucate vid Medelhavet?<\/p>\n\n<p>Kontakta v\u00e5ra team idag: vi hj\u00e4lper dig g\u00e4rna med ditt projekt och g\u00f6r en av b\u00e5tf\u00f6rvaringsplatserna i Port Adhoc Leucate tillg\u00e4nglig f\u00f6r dig!<\/p>\n\n<div class=\"wp-block-buttons is-horizontal is-layout-flex wp-block-buttons-is-layout-flex\">\n<div class=\"wp-block-button is-style-fill\"><a class=\"wp-block-button__link has-white-color has-vivid-cyan-blue-background-color has-text-color has-background has-small-font-size has-custom-font-size wp-element-button\" href=\"https:\/\/www.port-adhoc.com\/sv\/offert-batplats\/\" target=\"_blank\" rel=\"noreferrer noopener\">Kontakta oss \ud83d\udc4b<\/a><\/div>\n<\/div>\n","protected":false},"excerpt":{"rendered":"<p>Pieter, en b\u00e5t\u00e4gare i v\u00e5r marina i Leucate, \u00e4r glad \u00f6ver att kunna njuta fullt ut av sin b\u00e5t: en Boston Whaler Outrage 240. F\u00f6r v\u00e5r blogg gick den passionerade fiskeseglaren med p\u00e5 att ber\u00e4tta sin historia f\u00f6r oss. I den h\u00e4r nya artikeln  av Port Adhoc-gruppen delar han med sig av sina erfarenheter i v\u00e5r torrmarina vid Medelhavet.<\/p>\n","protected":false},"author":2,"featured_media":115435,"comment_status":"closed","ping_status":"closed","sticky":false,"template":"","format":"standard","meta":{"wds_primary_category":0,"footnotes":""},"categories":[182],"tags":[197],"class_list":["post-57324","post","type-post","status-publish","format-standard","has-post-thumbnail","hentry","category-marinanyheter","tag-port-adhoc-leucate-sv"],"_links":{"self":[{"href":"https:\/\/www.port-adhoc.com\/sv\/wp-json\/wp\/v2\/posts\/57324","targetHints":{"allow":["GET"]}}],"collection":[{"href":"https:\/\/www.port-adhoc.com\/sv\/wp-json\/wp\/v2\/posts"}],"about":[{"href":"https:\/\/www.port-adhoc.com\/sv\/wp-json\/wp\/v2\/types\/post"}],"author":[{"embeddable":true,"href":"https:\/\/www.port-adhoc.com\/sv\/wp-json\/wp\/v2\/users\/2"}],"replies":[{"embeddable":true,"href":"https:\/\/www.port-adhoc.com\/sv\/wp-json\/wp\/v2\/comments?post=57324"}],"version-history":[{"count":0,"href":"https:\/\/www.port-adhoc.com\/sv\/wp-json\/wp\/v2\/posts\/57324\/revisions"}],"wp:featuredmedia":[{"embeddable":true,"href":"https:\/\/www.port-adhoc.com\/sv\/wp-json\/wp\/v2\/media\/115435"}],"wp:attachment":[{"href":"https:\/\/www.port-adhoc.com\/sv\/wp-json\/wp\/v2\/media?parent=57324"}],"wp:term":[{"taxonomy":"category","embeddable":true,"href":"https:\/\/www.port-adhoc.com\/sv\/wp-json\/wp\/v2\/categories?post=57324"},{"taxonomy":"post_tag","embeddable":true,"href":"https:\/\/www.port-adhoc.com\/sv\/wp-json\/wp\/v2\/tags?post=57324"}],"curies":[{"name":"wp","href":"https:\/\/api.w.org\/{rel}","templated":true}]}}