{"id":57365,"date":"2023-02-28T11:21:00","date_gmt":"2023-02-28T10:21:00","guid":{"rendered":"https:\/\/www.port-adhoc.com\/louer-un-bateau-sur-le-lac-ijsselmeer\/"},"modified":"2025-09-12T12:08:21","modified_gmt":"2025-09-12T10:08:21","slug":"hyra-en-bat-pa-sjon-ijsselmeer","status":"publish","type":"post","link":"https:\/\/www.port-adhoc.com\/sv\/blog\/batliv\/hyra-en-bat-pa-sjon-ijsselmeer\/","title":{"rendered":"Hyr en b\u00e5t p\u00e5 sj\u00f6n IJsselmeer i Nederl\u00e4nderna"},"content":{"rendered":"\n<p style=\"font-size:12px\">Publiceringsdatum: 28\/02\/23 | Uppdateringsdatum: 26\/10\/23<\/p>\n\n<div style=\"height:30px\" aria-hidden=\"true\" class=\"wp-block-spacer\"><\/div>\n\n<h2 class=\"wp-block-heading\"><strong>IJsselmeer, en unik sj\u00f6 att utforska med b\u00e5t<\/strong><\/h2>\n\n<p><strong>IJsselmeer<\/strong>, eller <strong>IJsselsj\u00f6n<\/strong>, var en g\u00e5ng i tiden en del av Zuiderzee. Idag, fr\u00e4mst till f\u00f6ljd av byggandet av Houtribdammen, eller Houtribdijk, har omr\u00e5det f\u00f6rvandlats till ett brett, s\u00e4rskilt lugnt vattenomr\u00e5de, k\u00e4nt f\u00f6r sin segling och l\u00e4tt att navigera med b\u00e5t.<\/p>\n\n<div style=\"height:30px\" aria-hidden=\"true\" class=\"wp-block-spacer\"><\/div>\n\n<figure class=\"wp-block-image size-large\"><img fetchpriority=\"high\" decoding=\"async\" width=\"1024\" height=\"683\" src=\"https:\/\/b2765252.smushcdn.com\/2765252\/wp-content\/uploads\/2023\/02\/Parc-eolien-offshore-du-Flevoland-1024x683.jpeg?lossy=1&strip=1&webp=1\" alt=\"Flevoland havsbaserade vindkraftspark, IJsselmeer\" class=\"wp-image-29223\" srcset=\"https:\/\/b2765252.smushcdn.com\/2765252\/wp-content\/uploads\/2023\/02\/Parc-eolien-offshore-du-Flevoland-1024x683.jpeg?lossy=1&strip=1&webp=1 1024w, https:\/\/b2765252.smushcdn.com\/2765252\/wp-content\/uploads\/2023\/02\/Parc-eolien-offshore-du-Flevoland-300x200.jpeg?lossy=1&strip=1&webp=1 300w, https:\/\/b2765252.smushcdn.com\/2765252\/wp-content\/uploads\/2023\/02\/Parc-eolien-offshore-du-Flevoland-768x512.jpeg?lossy=1&strip=1&webp=1 768w, https:\/\/b2765252.smushcdn.com\/2765252\/wp-content\/uploads\/2023\/02\/Parc-eolien-offshore-du-Flevoland-1536x1024.jpeg?lossy=1&strip=1&webp=1 1536w, https:\/\/b2765252.smushcdn.com\/2765252\/wp-content\/uploads\/2023\/02\/Parc-eolien-offshore-du-Flevoland-2048x1365.jpeg?lossy=1&strip=1&webp=1 2048w, https:\/\/b2765252.smushcdn.com\/2765252\/wp-content\/uploads\/2023\/02\/Parc-eolien-offshore-du-Flevoland.jpeg?size=512x342&lossy=1&strip=1&webp=1 512w\" sizes=\"(max-width: 1024px) 100vw, 1024px\" \/><figcaption class=\"wp-element-caption\">Flevoland havsbaserade vindkraftspark, IJsselmeer<\/figcaption><\/figure>\n\n<div style=\"height:30px\" aria-hidden=\"true\" class=\"wp-block-spacer\"><\/div>\n\n<p>Oavsett om du \u00e4r ute i n\u00e5gra timmar, en dag eller en kryssning som varar i flera dagar, erbjuder IJsselmeer en m\u00e4ngd element som du som seglare kan njuta av:<\/p>\n\n<ul class=\"wp-block-list\">\n<li>Den<strong> lokala floran och faunan<\/strong>, som kan besk\u00e5das tack vare segling i hj\u00e4rtat av naturen<\/li>\n\n\n\n<li><strong>Fiskebyar<\/strong> och <strong>historiska st\u00e4der<\/strong> som Enkhuizen, Medemblik, Makkum, Hindeloopen, Stavoren, Lemmer, Urk&#8230;<\/li>\n\n\n\n<li><strong>Unika<\/strong> <strong>landskap <\/strong>och <strong>utsikt<\/strong> \u00f6ver vindkraftverk, f\u00f6rd\u00e4mningar, hamnar och typiska holl\u00e4ndska kvarnar<\/li>\n\n\n\n<li><strong>Museer och n\u00f6jesparker<\/strong>: Rijksmuseum, Zuiderzeemuseum eller Sprookjeswonderland i Enkhuizen, Holl\u00e4ndska \u00e5ngmaskinsmuseet i Medemblik&#8230;<\/li>\n<\/ul>\n\n<p>Vi sl\u00e5r vad om att du kommer att njuta av att segla i denna rika milj\u00f6, som \u00e4r bekv\u00e4m och l\u00e4tt att utforska med motorb\u00e5t eller segelb\u00e5t.<\/p>\n\n<p>Undrar du vad du ska g\u00f6ra n\u00e4r du har seglat <strong>runt IJsselmeer<\/strong>? IJsselmeer \u00e4r en enkel utg\u00e5ngspunkt f\u00f6r att utforska de <strong>omgivande sj\u00f6arna och vattnen<\/strong>, inklusive Vadehavet, Nordsj\u00f6n, Markermeer, IJmeer, Ketelmeer&#8230; <strong>Vattensportentusiaster <\/strong>kommer ocks\u00e5 att bli v\u00e4l tillgodosedda: IJsselmeer och de omgivande sj\u00f6arna \u00e4r det perfekta resm\u00e5let f\u00f6r vattensporter.<\/p>\n\n<div style=\"height:30px\" aria-hidden=\"true\" class=\"wp-block-spacer\"><\/div>\n\n<figure class=\"wp-block-image size-large\"><img decoding=\"async\" width=\"1024\" height=\"580\" src=\"https:\/\/b2765252.smushcdn.com\/2765252\/wp-content\/uploads\/2023\/10\/Stavoren-1024x580.jpeg?lossy=1&strip=1&webp=1\" alt=\"Stavorens strandpromenad vid IJsselmeer, provinsen Friesland, Nederl&#xE4;nderna\" class=\"wp-image-28431\" srcset=\"https:\/\/b2765252.smushcdn.com\/2765252\/wp-content\/uploads\/2023\/10\/Stavoren-1024x580.jpeg?lossy=1&strip=1&webp=1 1024w, https:\/\/b2765252.smushcdn.com\/2765252\/wp-content\/uploads\/2023\/10\/Stavoren-300x170.jpeg?lossy=1&strip=1&webp=1 300w, https:\/\/b2765252.smushcdn.com\/2765252\/wp-content\/uploads\/2023\/10\/Stavoren-768x435.jpeg?lossy=1&strip=1&webp=1 768w, https:\/\/b2765252.smushcdn.com\/2765252\/wp-content\/uploads\/2023\/10\/Stavoren-1536x870.jpeg?lossy=1&strip=1&webp=1 1536w, https:\/\/b2765252.smushcdn.com\/2765252\/wp-content\/uploads\/2023\/10\/Stavoren-2048x1160.jpeg?lossy=1&strip=1&webp=1 2048w, https:\/\/b2765252.smushcdn.com\/2765252\/wp-content\/uploads\/2023\/10\/Stavoren.jpeg?size=512x290&lossy=1&strip=1&webp=1 512w\" sizes=\"auto, (max-width: 1024px) 100vw, 1024px\" loading=\"lazy\" \/><figcaption class=\"wp-element-caption\">Stavorens strandpromenad vid IJsselmeer, provinsen Friesland, Nederl\u00e4nderna<\/figcaption><\/figure>\n\n<div style=\"height:30px\" aria-hidden=\"true\" class=\"wp-block-spacer\"><\/div>\n\n<h2 class=\"wp-block-heading\"><strong>Hyr en b\u00e5t p\u00e5 IJsselmeer fr\u00e5n Deko Marina Lelystad<\/strong><\/h2>\n\n<p>Deko Marina Lelystad marina p\u00e5 s\u00f6dra stranden av <strong>IJsselmeer<\/strong> \u00e4r den perfekta utg\u00e5ngspunkten f\u00f6r att <strong>uppt\u00e4cka de unika segelvattnen i IJsselmeer<\/strong>. Du kan <strong>hyra alla typer av<\/strong> b\u00e5tar i marinan fr\u00e5n Brug Jachthverhuur, en p\u00e5litlig partner till koncernen sedan 2011.<\/p>\n\n<div style=\"height:30px\" aria-hidden=\"true\" class=\"wp-block-spacer\"><\/div>\n\n<div class=\"wp-block-buttons has-custom-font-size has-small-font-size is-horizontal is-layout-flex wp-block-buttons-is-layout-flex\">\n<div class=\"wp-block-button has-custom-font-size is-style-fill has-medium-font-size\"><a class=\"wp-block-button__link has-white-color has-vivid-cyan-blue-background-color has-text-color has-background wp-element-button\" href=\"https:\/\/www.port-adhoc.com\/sv\/deko-marina-lelystad\/\" target=\"_blank\" rel=\"noreferrer noopener\">Uppt\u00e4ck Deko Marina Lelystad \u27a1\ufe0f<\/a><\/div>\n<\/div>\n\n<div style=\"height:60px\" aria-hidden=\"true\" class=\"wp-block-spacer\"><\/div>\n\n<p><strong>Brug Jachtverhuur<\/strong> har en stor flotta med perfekt underh\u00e5llna och fullt utrustade segelb\u00e5tar. Du hittar b\u00e5tar fr\u00e5n 30 till 46 fot, fr\u00e5n de sportigaste (Beneteau och Bavaria) till de mest lyxiga (Hanse och Bavaria): det finns n\u00e5got f\u00f6r alla!<\/p>\n\n<div style=\"height:29px\" aria-hidden=\"true\" class=\"wp-block-spacer\"><\/div>\n\n<div class=\"wp-block-buttons is-horizontal is-layout-flex wp-block-buttons-is-layout-flex\">\n<div class=\"wp-block-button is-style-fill\"><a class=\"wp-block-button__link has-white-color has-light-green-cyan-background-color has-text-color has-background wp-element-button\" href=\"https:\/\/www.brug-jachtverhuur.nl\/\" target=\"_blank\" rel=\"noreferrer noopener\">Kontakt Brug Jachtverhuur \u27a1\ufe0f<\/a><\/div>\n<\/div>\n\n<div style=\"height:29px\" aria-hidden=\"true\" class=\"wp-block-spacer\"><\/div>\n\n<figure class=\"wp-block-image size-full\"><img decoding=\"async\" width=\"844\" height=\"520\" src=\"https:\/\/b2765252.smushcdn.com\/2765252\/wp-content\/uploads\/2023\/01\/Brug-Jachtverhuur.png?lossy=1&strip=1&webp=1\" alt=\"\" class=\"wp-image-16498\" srcset=\"https:\/\/b2765252.smushcdn.com\/2765252\/wp-content\/uploads\/2023\/01\/Brug-Jachtverhuur.png?lossy=1&strip=1&webp=1 844w, https:\/\/b2765252.smushcdn.com\/2765252\/wp-content\/uploads\/2023\/01\/Brug-Jachtverhuur-300x185.png?lossy=1&strip=1&webp=1 300w, https:\/\/b2765252.smushcdn.com\/2765252\/wp-content\/uploads\/2023\/01\/Brug-Jachtverhuur-768x473.png?lossy=1&strip=1&webp=1 768w, https:\/\/b2765252.smushcdn.com\/2765252\/wp-content\/uploads\/2023\/01\/Brug-Jachtverhuur.png?size=512x315&lossy=1&strip=1&webp=1 512w\" sizes=\"auto, (max-width: 844px) 100vw, 844px\" loading=\"lazy\" \/><figcaption class=\"wp-element-caption\">\u00a9 Brug Jachtverhuur<\/figcaption><\/figure>\n\n<div style=\"height:30px\" aria-hidden=\"true\" class=\"wp-block-spacer\"><\/div>\n\n<h2 class=\"wp-block-heading\"><strong>Hyr en b\u00e5t bara n\u00e5gra sj\u00f6mil fr\u00e5n IJsselmeer vid Lelystad Haven<\/strong><\/h2>\n\n<p>Vid den angr\u00e4nsande sj\u00f6n Markermeer, men precis intill en av Houtribdijk-slussarna, \u00e4r marinan Jachthaven Lelystad Haven idealiskt bel\u00e4gen f\u00f6r att <strong>utforska IJsselmeer<\/strong>. Du kan <strong>hyra en yacht<\/strong> i hj\u00e4rtat av marinan fr\u00e5n en av Port Adhoc-gruppens partners, Ulrich Mittler Yachtcharter, och f\u00e5 ut det mesta av din charter direkt: p\u00e5 bara n\u00e5gra minuter fr\u00e5n marina, n\u00e4r du passerat genom slussen, kommer du redan att <strong>segla p\u00e5 IJsselmeer<\/strong>.<\/p>\n\n<p>Om du v\u00e4ljer att <strong>chartra en b\u00e5t fr\u00e5n v\u00e5r marina i Lelystad Haven<\/strong> kan du ocks\u00e5 dra nytta av alla <strong>marina faciliteter<\/strong>, som \u00e4r tillg\u00e4ngliga utan kostnad. Den flytande restaurangen Club Port Side, till exempel, \u00e4r ett utm\u00e4rkt st\u00e4lle att \u00e4ta p\u00e5 efter en dags segling, precis vid marinan.<\/p>\n\n<p>Vill du dra nytta av l\u00e4get f\u00f6r v\u00e5r marina i Lelystad, eller planerar du en annan seglingstur n\u00e4sta dag? Du kan ocks\u00e5 <strong>stanna \u00f6ver natten<\/strong>! Hotel De Lange Jammer \u00e4r ett kvalitetshotell som ligger i n\u00e4rheten, d\u00e4r du s\u00e4kert kommer att f\u00e5 en trevlig vistelse.<\/p>\n\n<div style=\"height:30px\" aria-hidden=\"true\" class=\"wp-block-spacer\"><\/div>\n\n<div class=\"wp-block-buttons is-horizontal is-layout-flex wp-block-buttons-is-layout-flex\">\n<div class=\"wp-block-button is-style-fill\"><a class=\"wp-block-button__link has-white-color has-vivid-cyan-blue-background-color has-text-color has-background wp-element-button\" href=\"https:\/\/www.port-adhoc.com\/sv\/jachthaven-lelystad-haven\/\" target=\"_blank\" rel=\"noreferrer noopener\">Uppt\u00e4ck Lelystad Haven \u27a1\ufe0f<\/a><\/div>\n<\/div>\n\n<div style=\"height:30px\" aria-hidden=\"true\" class=\"wp-block-spacer\"><\/div>\n\n<h2 class=\"wp-block-heading\"><strong>Hyr en b\u00e5t p\u00e5 sj\u00f6n IJsselmeer fr\u00e5n v\u00e5r marina i Lelystad<\/strong><\/h2>\n\n<p><strong>Ulrich Mittler Yachtcharter<\/strong> \u00e4r en partner till Lelystad Haven Marina och Port Adhoc Group i allm\u00e4nhet, och \u00e4r ett p\u00e5litligt <strong>yachtcharterf\u00f6retag<\/strong>. F\u00f6retaget har specialiserat sig p\u00e5 marin turism i \u00f6ver 30 \u00e5r och har en flotta med flera <strong>kvalitetsyachter f\u00f6r charter<\/strong>. Bavaria 36\/3, Bavaria Cruiser 33.2, 36\/3, 37.3 eller 46\/4, Bavaria C42 &#8230; Det finns alltid en b\u00e5t som passar dina behov, redo och v\u00e4ntar p\u00e5 att ta dig ombord! Bes\u00f6k v\u00e5r marina i Lelystad Haven f\u00f6r att se v\u00e5ra anl\u00e4ggningar, tr\u00e4ffa v\u00e5r partner och f\u00f6rverkliga ditt projekt. Och om du vill k\u00f6pa en egen <strong>b\u00e5t<\/strong> n\u00e4r du <strong>seglar med en charterb\u00e5t p\u00e5 IJsselmeer<\/strong>, kan vi erbjuda dig en <strong>f\u00f6rt\u00f6jningsl\u00f6sning \u00e5ret runt<\/strong> i v\u00e5r marina i Lelystad Haven eller i n\u00e5gon av v\u00e5ra andra marinor. Tveka inte att kontakta v\u00e5rt team f\u00f6r att diskutera dina behov!<\/p>\n\n<div style=\"height:30px\" aria-hidden=\"true\" class=\"wp-block-spacer\"><\/div>\n\n<div class=\"wp-block-buttons is-horizontal is-layout-flex wp-block-buttons-is-layout-flex\">\n<div class=\"wp-block-button is-style-fill\"><a class=\"wp-block-button__link has-white-color has-light-green-cyan-background-color has-text-color has-background wp-element-button\" href=\"https:\/\/www.yachtcharter-mittler.de\/\" target=\"_blank\" rel=\"noreferrer noopener\">Kontakt Ulrich Mittler Yachtcharter \u27a1\ufe0f<\/a><\/div>\n<\/div>\n\n<div style=\"height:30px\" aria-hidden=\"true\" class=\"wp-block-spacer\"><\/div>\n\n<figure class=\"wp-block-image size-large is-resized\"><img loading=\"lazy\" decoding=\"async\" width=\"1024\" height=\"576\" src=\"https:\/\/b2765252.smushcdn.com\/2765252\/wp-content\/uploads\/2023\/02\/Ulrich-Mittler-Yachtcharter-1024x576.jpg?lossy=1&strip=1&webp=1\" alt=\"&#xA9; Ulrich Mittler Yachtcharter\" class=\"wp-image-29244\" style=\"aspect-ratio:1.7777777777777777;width:844px;height:auto\" srcset=\"https:\/\/b2765252.smushcdn.com\/2765252\/wp-content\/uploads\/2023\/02\/Ulrich-Mittler-Yachtcharter-1024x576.jpg?lossy=1&strip=1&webp=1 1024w, https:\/\/b2765252.smushcdn.com\/2765252\/wp-content\/uploads\/2023\/02\/Ulrich-Mittler-Yachtcharter-300x169.jpg?lossy=1&strip=1&webp=1 300w, https:\/\/b2765252.smushcdn.com\/2765252\/wp-content\/uploads\/2023\/02\/Ulrich-Mittler-Yachtcharter-768x432.jpg?lossy=1&strip=1&webp=1 768w, https:\/\/b2765252.smushcdn.com\/2765252\/wp-content\/uploads\/2023\/02\/Ulrich-Mittler-Yachtcharter-1536x864.jpg?lossy=1&strip=1&webp=1 1536w, https:\/\/b2765252.smushcdn.com\/2765252\/wp-content\/uploads\/2023\/02\/Ulrich-Mittler-Yachtcharter.jpg?lossy=1&strip=1&webp=1 2048w, https:\/\/b2765252.smushcdn.com\/2765252\/wp-content\/uploads\/2023\/02\/Ulrich-Mittler-Yachtcharter.jpg?size=512x288&lossy=1&strip=1&webp=1 512w\" sizes=\"auto, (max-width: 1024px) 100vw, 1024px\" \/><figcaption class=\"wp-element-caption\">\u00a9 Ulrich Mittler Yachtcharter<\/figcaption><\/figure>\n","protected":false},"excerpt":{"rendered":"<p>Har du alltid dr\u00f6mt om att uppt\u00e4cka IJsselmeer med b\u00e5t, men du \u00e4ger inte en sj\u00e4lv? K\u00e4nner du redan till och \u00e4lskar omr\u00e5det, men har inte m\u00f6jlighet att \u00e5terv\u00e4nda eftersom du inte har en b\u00e5t? Oroa dig inte, du kan hyra en b\u00e5t p\u00e5 IJsselmeer. V\u00e5ra partners p\u00e5 Lelystad Haven och Deko Marina, v\u00e5ra Port Adhoc-marinor i Lelystad, ordnar en b\u00e5t \u00e5t dig. Uppt\u00e4ck IJsselmeers charm p\u00e5 en segelb\u00e5t!<\/p>\n","protected":false},"author":2,"featured_media":115492,"comment_status":"closed","ping_status":"closed","sticky":false,"template":"","format":"standard","meta":{"wds_primary_category":0,"footnotes":""},"categories":[186],"tags":[196,265,189],"class_list":["post-57365","post","type-post","status-publish","format-standard","has-post-thumbnail","hentry","category-batliv","tag-deko-marina-lelystad-sv","tag-flevo-marina-sv","tag-jachthaven-lelystad-haven-sv"],"_links":{"self":[{"href":"https:\/\/www.port-adhoc.com\/sv\/wp-json\/wp\/v2\/posts\/57365","targetHints":{"allow":["GET"]}}],"collection":[{"href":"https:\/\/www.port-adhoc.com\/sv\/wp-json\/wp\/v2\/posts"}],"about":[{"href":"https:\/\/www.port-adhoc.com\/sv\/wp-json\/wp\/v2\/types\/post"}],"author":[{"embeddable":true,"href":"https:\/\/www.port-adhoc.com\/sv\/wp-json\/wp\/v2\/users\/2"}],"replies":[{"embeddable":true,"href":"https:\/\/www.port-adhoc.com\/sv\/wp-json\/wp\/v2\/comments?post=57365"}],"version-history":[{"count":0,"href":"https:\/\/www.port-adhoc.com\/sv\/wp-json\/wp\/v2\/posts\/57365\/revisions"}],"wp:featuredmedia":[{"embeddable":true,"href":"https:\/\/www.port-adhoc.com\/sv\/wp-json\/wp\/v2\/media\/115492"}],"wp:attachment":[{"href":"https:\/\/www.port-adhoc.com\/sv\/wp-json\/wp\/v2\/media?parent=57365"}],"wp:term":[{"taxonomy":"category","embeddable":true,"href":"https:\/\/www.port-adhoc.com\/sv\/wp-json\/wp\/v2\/categories?post=57365"},{"taxonomy":"post_tag","embeddable":true,"href":"https:\/\/www.port-adhoc.com\/sv\/wp-json\/wp\/v2\/tags?post=57365"}],"curies":[{"name":"wp","href":"https:\/\/api.w.org\/{rel}","templated":true}]}}