{"id":57385,"date":"2023-03-01T19:08:00","date_gmt":"2023-03-01T18:08:00","guid":{"rendered":"https:\/\/www.port-adhoc.com\/navigation-depuis-lelystad-pays-bas\/"},"modified":"2025-09-12T12:05:21","modified_gmt":"2025-09-12T10:05:21","slug":"segling-fran-lelystad-nederlanderna","status":"publish","type":"post","link":"https:\/\/www.port-adhoc.com\/sv\/blog\/batliv\/segling-fran-lelystad-nederlanderna\/","title":{"rendered":"Segling fr\u00e5n Lelystad: id\u00e9er och saker att g\u00f6ra"},"content":{"rendered":"\n<p class=\"has-small-font-size\">Publiceringsdatum: 01\/03\/23 | Uppdateringsdatum: 18\/04\/25<\/p>\n\n<div style=\"height:31px\" aria-hidden=\"true\" class=\"wp-block-spacer\"><\/div>\n\n<h2 class=\"wp-block-heading\"><strong>Segla fr\u00e5n Lelystad och uppt\u00e4ck omgivningarna med b\u00e5t<\/strong><\/h2>\n\n<p>L\u00e4get f\u00f6r Port Adhoc-gruppens holl\u00e4ndska marinor \u00e4r perfekt f\u00f6r att utforska sj\u00f6arna IJssel och Marken. Bara ett stenkast fr\u00e5n Houtrib-dammen, eller Houtribdijk, som skiljer Markermeer fr\u00e5n IJsselmeer, ger v\u00e5ra marinor seglare mycket snabb tillg\u00e5ng till slussarna. P\u00e5 s\u00e5 s\u00e4tt kan de snabbt f\u00f6rflytta sig fr\u00e5n en sj\u00f6 till en annan och njuta av ett <strong>navigationsomr\u00e5de p\u00e5 mer \u00e4n 1.800 kvadratkilometer<\/strong> mellan <strong>Markermeer<\/strong> och <strong>IJsselmeer<\/strong>. De kan ocks\u00e5 enkelt n\u00e5 de <strong>omgivande vattnen<\/strong>: IJmeer, Gooimer, Ketelmeer, Vadehavet &#8230;<\/p>\n\n<p>P\u00e5 Markermeer och IJmeer \u00e4r vinden i allm\u00e4nhet svag och vattnet ofta lugnare \u00e4n till sj\u00f6ss. P\u00e5 en dagsutflykt kan du skr\u00e4ddarsy ditt seglingsprogram efter dina \u00f6nskem\u00e5l: <strong>uppt\u00e4cka naturen<\/strong>, koppla av, ut\u00f6va vattensporter, <strong>bes\u00f6ka holl\u00e4ndska hamnst\u00e4der<\/strong>&#8230; Fr\u00e5n den marina i Lelystad som du v\u00e4ljer har du tillg\u00e5ng till alla typer av aktiviteter!<\/p>\n\n<div style=\"height:30px\" aria-hidden=\"true\" class=\"wp-block-spacer\"><\/div>\n\n<figure class=\"wp-block-image size-large\"><img fetchpriority=\"high\" decoding=\"async\" width=\"1024\" height=\"504\" src=\"https:\/\/b2765252.smushcdn.com\/2765252\/wp-content\/uploads\/2023\/03\/IJssel-1024x504.jpeg?lossy=1&strip=1&webp=1\" alt=\"Vandringsled vid IJssel-sj&#xF6;n, Nederl&#xE4;nderna\" class=\"wp-image-27161\" srcset=\"https:\/\/b2765252.smushcdn.com\/2765252\/wp-content\/uploads\/2023\/03\/IJssel-1024x504.jpeg?lossy=1&strip=1&webp=1 1024w, https:\/\/b2765252.smushcdn.com\/2765252\/wp-content\/uploads\/2023\/03\/IJssel-300x148.jpeg?lossy=1&strip=1&webp=1 300w, https:\/\/b2765252.smushcdn.com\/2765252\/wp-content\/uploads\/2023\/03\/IJssel-768x378.jpeg?lossy=1&strip=1&webp=1 768w, https:\/\/b2765252.smushcdn.com\/2765252\/wp-content\/uploads\/2023\/03\/IJssel-1536x755.jpeg?lossy=1&strip=1&webp=1 1536w, https:\/\/b2765252.smushcdn.com\/2765252\/wp-content\/uploads\/2023\/03\/IJssel-2048x1007.jpeg?lossy=1&strip=1&webp=1 2048w, https:\/\/b2765252.smushcdn.com\/2765252\/wp-content\/uploads\/2023\/03\/IJssel.jpeg?size=512x252&lossy=1&strip=1&webp=1 512w\" sizes=\"(max-width: 1024px) 100vw, 1024px\" \/><figcaption class=\"wp-element-caption\">Vandringsled vid IJssel-sj\u00f6n, Nederl\u00e4nderna<\/figcaption><\/figure>\n\n<div style=\"height:30px\" aria-hidden=\"true\" class=\"wp-block-spacer\"><\/div>\n\n<h2 class=\"wp-block-heading\"><strong>Ett antal destinationer att uppt\u00e4cka genom att segla fr\u00e5n Lelystad<\/strong><\/h2>\n\n<p>Oavsett om du v\u00e4ljer att <strong>segla fr\u00e5n Lelystad<\/strong> med motorb\u00e5t eller segelb\u00e5t finns det <strong>gott om st\u00e4llen att stanna<\/strong> till p\u00e5 runt Markermeer och IJsselmeer. De mest popul\u00e4ra destinationerna f\u00f6r seglare \u00e4r hamnst\u00e4derna Urk, Hoorn och Volendam:<\/p>\n\n<p><strong>Urk<\/strong>, en gammal fiskeby, \u00e4r ett pittoreskt stopp som ligger 10 nautiska mil fr\u00e5n Lelystad. Urk n\u00e5s enkelt med segel efter en kort seglats p\u00e5 IJsselmeer och \u00e4r en by som genomsyras av historia och \u00e4r full av charm. Du kommer s\u00e4kert att njuta av att vandra runt i Urk och uppt\u00e4cka de smala gatorna och de sm\u00e5 husen i stadens centrum.<\/p>\n\n<div style=\"height:30px\" aria-hidden=\"true\" class=\"wp-block-spacer\"><\/div>\n\n<figure class=\"wp-block-image size-large\"><img decoding=\"async\" width=\"1024\" height=\"682\" src=\"https:\/\/b2765252.smushcdn.com\/2765252\/wp-content\/uploads\/2023\/03\/Urk-1024x682.jpg?lossy=1&strip=1&webp=1\" alt=\"Flygfoto &#xF6;ver den historiska stadsk&#xE4;rnan i byn Urk, Flevoland\" class=\"wp-image-27156\" srcset=\"https:\/\/b2765252.smushcdn.com\/2765252\/wp-content\/uploads\/2023\/03\/Urk-1024x682.jpg?lossy=1&strip=1&webp=1 1024w, https:\/\/b2765252.smushcdn.com\/2765252\/wp-content\/uploads\/2023\/03\/Urk-300x200.jpg?lossy=1&strip=1&webp=1 300w, https:\/\/b2765252.smushcdn.com\/2765252\/wp-content\/uploads\/2023\/03\/Urk-768x512.jpg?lossy=1&strip=1&webp=1 768w, https:\/\/b2765252.smushcdn.com\/2765252\/wp-content\/uploads\/2023\/03\/Urk-1536x1023.jpg?lossy=1&strip=1&webp=1 1536w, https:\/\/b2765252.smushcdn.com\/2765252\/wp-content\/uploads\/2023\/03\/Urk-2048x1364.jpg?lossy=1&strip=1&webp=1 2048w, https:\/\/b2765252.smushcdn.com\/2765252\/wp-content\/uploads\/2023\/03\/Urk.jpg?size=512x341&lossy=1&strip=1&webp=1 512w\" sizes=\"auto, (max-width: 1024px) 100vw, 1024px\" loading=\"lazy\" \/><figcaption class=\"wp-element-caption\">Flygfoto \u00f6ver den historiska stadsk\u00e4rnan i byn Urk, Flevoland<\/figcaption><\/figure>\n\n<div style=\"height:30px\" aria-hidden=\"true\" class=\"wp-block-spacer\"><\/div>\n\n<p><strong>Volendam<\/strong> \u00e4r en annan popul\u00e4r destination. Det tar knappt 15 nautiska mil att segla fr\u00e5n Lelystad till Volendam, en typisk holl\u00e4ndsk hamnby vid sj\u00f6n Marken. Den gamla hamnen, fiskhandlarna, de sm\u00e5 fiskarstugorna, de traditionella dr\u00e4kterna som b\u00e4rs i byn&#8230; Volendam \u00e4r en stad som genomsyras av autenticitet och som garanterat kommer att ge dig ett milj\u00f6ombyte.<\/p>\n\n<div style=\"height:30px\" aria-hidden=\"true\" class=\"wp-block-spacer\"><\/div>\n\n<figure class=\"wp-block-image size-large is-resized\"><img decoding=\"async\" width=\"1024\" height=\"682\" src=\"https:\/\/b2765252.smushcdn.com\/2765252\/wp-content\/uploads\/2023\/03\/Volendam-1024x682.jpeg?lossy=1&strip=1&webp=1\" alt=\"Utsikt &#xF6;ver strandpromenaden i den historiska byn Volendam, kommunen Edam-Volendam, Noord-Holland\" class=\"wp-image-27163\" style=\"width:845px;height:564px\" srcset=\"https:\/\/b2765252.smushcdn.com\/2765252\/wp-content\/uploads\/2023\/03\/Volendam-1024x682.jpeg?lossy=1&strip=1&webp=1 1024w, https:\/\/b2765252.smushcdn.com\/2765252\/wp-content\/uploads\/2023\/03\/Volendam-300x200.jpeg?lossy=1&strip=1&webp=1 300w, https:\/\/b2765252.smushcdn.com\/2765252\/wp-content\/uploads\/2023\/03\/Volendam-768x511.jpeg?lossy=1&strip=1&webp=1 768w, https:\/\/b2765252.smushcdn.com\/2765252\/wp-content\/uploads\/2023\/03\/Volendam-1536x1023.jpeg?lossy=1&strip=1&webp=1 1536w, https:\/\/b2765252.smushcdn.com\/2765252\/wp-content\/uploads\/2023\/03\/Volendam-2048x1364.jpeg?lossy=1&strip=1&webp=1 2048w, https:\/\/b2765252.smushcdn.com\/2765252\/wp-content\/uploads\/2023\/03\/Volendam.jpeg?size=512x341&lossy=1&strip=1&webp=1 512w\" sizes=\"auto, (max-width: 1024px) 100vw, 1024px\" loading=\"lazy\" \/><figcaption class=\"wp-element-caption\">Utsikt \u00f6ver strandpromenaden i den historiska byn Volendam, kommunen Edam-Volendam, Noord-Holland<\/figcaption><\/figure>\n\n<div style=\"height:30px\" aria-hidden=\"true\" class=\"wp-block-spacer\"><\/div>\n\n<p><strong>Hoorn<\/strong>, som ocks\u00e5 ligger vid Markermeer, \u00e4r ett stopp n\u00e4ra Lelystad som kommer att l\u00e4mna ett best\u00e5ende intryck. Du \u00e4r d\u00e4r p\u00e5 endast 15 nautiska mil! H\u00e4r hittar du historiska byggnader som p\u00e5minner om tiden d\u00e5 Hoorn var en blomstrande handelsstad p\u00e5 1600-talet, och du kan njuta av m\u00e5nga restauranger och butiker.<\/p>\n\n<div style=\"height:30px\" aria-hidden=\"true\" class=\"wp-block-spacer\"><\/div>\n\n<figure class=\"wp-block-image size-large\"><img loading=\"lazy\" decoding=\"async\" width=\"1024\" height=\"684\" src=\"https:\/\/b2765252.smushcdn.com\/2765252\/wp-content\/uploads\/2023\/03\/Hoorn-Markermeer-Nederland-1024x684.jpg?lossy=1&strip=1&webp=1\" alt=\"Byn Hoorn vid stranden av Markermeer, Noord-Holland, Nederl&#xE4;nderna\" class=\"wp-image-22320\" srcset=\"https:\/\/b2765252.smushcdn.com\/2765252\/wp-content\/uploads\/2023\/03\/Hoorn-Markermeer-Nederland-1024x684.jpg?lossy=1&strip=1&webp=1 1024w, https:\/\/b2765252.smushcdn.com\/2765252\/wp-content\/uploads\/2023\/03\/Hoorn-Markermeer-Nederland-300x200.jpg?lossy=1&strip=1&webp=1 300w, https:\/\/b2765252.smushcdn.com\/2765252\/wp-content\/uploads\/2023\/03\/Hoorn-Markermeer-Nederland-768x513.jpg?lossy=1&strip=1&webp=1 768w, https:\/\/b2765252.smushcdn.com\/2765252\/wp-content\/uploads\/2023\/03\/Hoorn-Markermeer-Nederland-1536x1025.jpg?lossy=1&strip=1&webp=1 1536w, https:\/\/b2765252.smushcdn.com\/2765252\/wp-content\/uploads\/2023\/03\/Hoorn-Markermeer-Nederland.jpg?lossy=1&strip=1&webp=1 2000w, https:\/\/b2765252.smushcdn.com\/2765252\/wp-content\/uploads\/2023\/03\/Hoorn-Markermeer-Nederland.jpg?size=512x342&lossy=1&strip=1&webp=1 512w\" sizes=\"auto, (max-width: 1024px) 100vw, 1024px\" \/><figcaption class=\"wp-element-caption\">Byn Hoorn vid stranden av Markermeer, Noord-Holland, Nederl\u00e4nderna<\/figcaption><\/figure>\n\n<div style=\"height:30px\" aria-hidden=\"true\" class=\"wp-block-spacer\"><\/div>\n\n<h2 class=\"wp-block-heading\"><strong>Marinorna i Port Adhoc i Lelystad, perfekt f\u00f6r att avsluta dagen<\/strong><\/h2>\n\n<p>Det \u00e4r redan slutet av eftermiddagen och det \u00e4r dags att sakta bege sig tillbaka till en av <strong>Lelystads marinor<\/strong>&#8230; Oroa dig inte: att \u00e5terv\u00e4nda till kajen betyder inte att din dag \u00e4r slut! Den marina i Port Adhoc som du v\u00e4ljer att l\u00e4gga till, vare sig det \u00e4r Lelystad Haven Marina, Deko Marina Lelystad eller Flevo Marina Lelystad, ger dig m\u00f6jlighet att \u00e4gna dig \u00e5t andra aktiviteter. Du kan till exempel g\u00e5 <strong>in till staden Lelystad<\/strong> f\u00f6r en promenad, titta i butikerna, bes\u00f6ka Batavialand-museet eller Lelystad Natuurpark.<\/p>\n\n<p>Om du \u00e5 andra sidan hellre vill stanna i marinan och koppla av \u00e4r det ocks\u00e5 m\u00f6jligt: du kan anv\u00e4nda <strong>faciliteterna i v\u00e5ra marinor <\/strong>f\u00f6r att ta en drink, ta lite tid f\u00f6r dig sj\u00e4lv eller tr\u00e4ffa v\u00e4nner och familj och avrunda dagens segling med stil.\u00a0Till middag kan du r\u00e4kna med den flytande restaurangen <strong>Club Port Side<\/strong> vid Jachthaven Lelystad Haven, den italienska restaurangen <strong>Gusto del Porto<\/strong> vid Deko Marina Lelystad, eller den vackra terrassen p\u00e5 <strong>Aan ut Water<\/strong> vid Flevo Marina Lelystad.<\/p>\n\n<div style=\"height:30px\" aria-hidden=\"true\" class=\"wp-block-spacer\"><\/div>\n\n<h2 class=\"wp-block-heading\"><strong>F\u00f6rt\u00f6ja din b\u00e5t i en marina i Lelystad<\/strong><\/h2>\n\n<p>Vill du ha en <strong>b\u00e5t<\/strong><strong>plats i Lelystad<\/strong> f\u00f6r att f\u00f6rvara din motorb\u00e5t eller segelb\u00e5t och njuta av segling p\u00e5 sj\u00f6arna Marken och IJssel ? Kontakta Port Adhoc-gruppen f\u00f6r att f\u00e5 information om tillg\u00e4ngliga b\u00e5tplatser i v\u00e5r hamn i Lelystad Haven, vid Deko Marina Lelystad eller vid Flevo Marina Lelystad. Vi ser fram emot att v\u00e4lkomna din b\u00e5t till v\u00e5ra anl\u00e4ggningar!<\/p>\n\n<div class=\"wp-block-buttons is-horizontal is-layout-flex wp-block-buttons-is-layout-flex\">\n<div class=\"wp-block-button is-style-fill\"><a class=\"wp-block-button__link has-white-color has-vivid-cyan-blue-background-color has-text-color has-background has-small-font-size has-custom-font-size wp-element-button\" href=\"https:\/\/www.port-adhoc.com\/sv\/offert-batplats\/\" target=\"_blank\" rel=\"noreferrer noopener\">Kontakta oss \ud83d\udc4b<\/a><\/div>\n<\/div>\n","protected":false},"excerpt":{"rendered":"<p>Lelystads marinor \u00e4r den perfekta utg\u00e5ngspunkten f\u00f6r en dag p\u00e5 vattnet. Fr\u00e5n Lelystad Haven eller Deko Lelystad Haven kan du enkelt navigera IJsselmeer och Markermeer och segla till vackra hamnst\u00e4der som Urk, Hoorn eller Volendam. I den h\u00e4r artikeln ska vi titta p\u00e5 n\u00e5gra av de saker du kan g\u00f6ra under dagen, innan du njuter av en kv\u00e4ll tillbaka i den marina du valt.<\/p>\n","protected":false},"author":2,"featured_media":115487,"comment_status":"closed","ping_status":"closed","sticky":false,"template":"","format":"standard","meta":{"wds_primary_category":0,"footnotes":""},"categories":[186],"tags":[196,265,189],"class_list":["post-57385","post","type-post","status-publish","format-standard","has-post-thumbnail","hentry","category-batliv","tag-deko-marina-lelystad-sv","tag-flevo-marina-sv","tag-jachthaven-lelystad-haven-sv"],"_links":{"self":[{"href":"https:\/\/www.port-adhoc.com\/sv\/wp-json\/wp\/v2\/posts\/57385","targetHints":{"allow":["GET"]}}],"collection":[{"href":"https:\/\/www.port-adhoc.com\/sv\/wp-json\/wp\/v2\/posts"}],"about":[{"href":"https:\/\/www.port-adhoc.com\/sv\/wp-json\/wp\/v2\/types\/post"}],"author":[{"embeddable":true,"href":"https:\/\/www.port-adhoc.com\/sv\/wp-json\/wp\/v2\/users\/2"}],"replies":[{"embeddable":true,"href":"https:\/\/www.port-adhoc.com\/sv\/wp-json\/wp\/v2\/comments?post=57385"}],"version-history":[{"count":0,"href":"https:\/\/www.port-adhoc.com\/sv\/wp-json\/wp\/v2\/posts\/57385\/revisions"}],"wp:featuredmedia":[{"embeddable":true,"href":"https:\/\/www.port-adhoc.com\/sv\/wp-json\/wp\/v2\/media\/115487"}],"wp:attachment":[{"href":"https:\/\/www.port-adhoc.com\/sv\/wp-json\/wp\/v2\/media?parent=57385"}],"wp:term":[{"taxonomy":"category","embeddable":true,"href":"https:\/\/www.port-adhoc.com\/sv\/wp-json\/wp\/v2\/categories?post=57385"},{"taxonomy":"post_tag","embeddable":true,"href":"https:\/\/www.port-adhoc.com\/sv\/wp-json\/wp\/v2\/tags?post=57385"}],"curies":[{"name":"wp","href":"https:\/\/api.w.org\/{rel}","templated":true}]}}