{"id":57432,"date":"2023-02-01T10:19:00","date_gmt":"2023-02-01T09:19:00","guid":{"rendered":"https:\/\/www.port-adhoc.com\/lacs-de-bordure-randmeren-pays-bas\/"},"modified":"2025-09-12T12:25:44","modified_gmt":"2025-09-12T10:25:44","slug":"granssjoar-randmer-nederlanderna","status":"publish","type":"post","link":"https:\/\/www.port-adhoc.com\/sv\/blog\/batliv\/granssjoar-randmer-nederlanderna\/","title":{"rendered":"Marinorna i Port Adhoc-gruppen f\u00f6r segling p\u00e5 de nederl\u00e4ndska gr\u00e4nssj\u00f6arna"},"content":{"rendered":"\n<p class=\"has-small-font-size\">Publiceringsdatum: 01\/02\/23 | Uppdateringsdatum: 17\/10\/23<\/p>\n\n<div style=\"height:30px\" aria-hidden=\"true\" class=\"wp-block-spacer\"><\/div>\n\n<h2 class=\"wp-block-heading\"><strong>Randmeren-sj\u00f6arna, ett seglingsomr\u00e5de som du inte f\u00e5r missa<\/strong><\/h2>\n\n<div style=\"height:30px\" aria-hidden=\"true\" class=\"wp-block-spacer\"><\/div>\n\n<h3 class=\"wp-block-heading\"><strong>Gr\u00e4nssj\u00f6arna, eller Randmeren<\/strong><\/h3>\n\n<p>I s\u00f6dra Flevoland, mellan de gamla holl\u00e4ndska landomr\u00e5dena och de mer nyligen skapade polderomr\u00e5dena, tj\u00e4nar <strong>gr\u00e4nssj\u00f6arna<\/strong> till att skilja grundvattenniv\u00e5erna i dessa tv\u00e5 olika omr\u00e5den \u00e5t. Randmeren, till exempel, \u00e4r en grupp av <strong>14 <\/strong>sm\u00e5 <strong>holl\u00e4ndska sj\u00f6ar<\/strong> som tillsammans bildar ett stort navigationsomr\u00e5de som markerar denna \u00e5tskillnad:<\/p>\n\n<div style=\"height:40px\" aria-hidden=\"true\" class=\"wp-block-spacer\"><\/div>\n\n<figure class=\"wp-block-image size-full\"><img fetchpriority=\"high\" decoding=\"async\" width=\"955\" height=\"957\" src=\"https:\/\/b2765252.smushcdn.com\/2765252\/wp-content\/uploads\/2023\/02\/Randmeren-Flevoland-lacs-de-bordure.png?lossy=1&strip=1&webp=1\" alt=\"Karta &#xF6;ver Randmeren-sj&#xF6;arna i Nederl&#xE4;nderna\" class=\"wp-image-28559\" srcset=\"https:\/\/b2765252.smushcdn.com\/2765252\/wp-content\/uploads\/2023\/02\/Randmeren-Flevoland-lacs-de-bordure.png?lossy=1&strip=1&webp=1 955w, https:\/\/b2765252.smushcdn.com\/2765252\/wp-content\/uploads\/2023\/02\/Randmeren-Flevoland-lacs-de-bordure-300x300.png?lossy=1&strip=1&webp=1 300w, https:\/\/b2765252.smushcdn.com\/2765252\/wp-content\/uploads\/2023\/02\/Randmeren-Flevoland-lacs-de-bordure-150x150.png?lossy=1&strip=1&webp=1 150w, https:\/\/b2765252.smushcdn.com\/2765252\/wp-content\/uploads\/2023\/02\/Randmeren-Flevoland-lacs-de-bordure-768x770.png?lossy=1&strip=1&webp=1 768w, https:\/\/b2765252.smushcdn.com\/2765252\/wp-content\/uploads\/2023\/02\/Randmeren-Flevoland-lacs-de-bordure-500x500.png?lossy=1&strip=1&webp=1 500w\" sizes=\"(max-width: 955px) 100vw, 955px\" \/><figcaption class=\"wp-element-caption\">Karta \u00f6ver Randmeren-sj\u00f6arna i Nederl\u00e4nderna<\/figcaption><\/figure>\n\n<div style=\"height:40px\" aria-hidden=\"true\" class=\"wp-block-spacer\"><\/div>\n\n<ol style=\"list-style-type:1\" class=\"wp-block-list\">\n<li><strong>IJmeer<\/strong><\/li>\n\n\n\n<li><strong>Gooi-sj\u00f6n, eller Gooimeer<\/strong><\/li>\n\n\n\n<li><strong>Eemmeer<\/strong><\/li>\n\n\n\n<li><strong>Nijkerkernauw<\/strong><\/li>\n\n\n\n<li><strong>Nuldernauw<\/strong><\/li>\n\n\n\n<li><strong>Wolderwijd<\/strong><\/li>\n\n\n\n<li><strong>Veluwemeer<\/strong><\/li>\n\n\n\n<li><strong>Drontermeer<\/strong><\/li>\n\n\n\n<li><strong>Vossemeer<\/strong><\/li>\n\n\n\n<li><strong>Ketelmeer<\/strong><\/li>\n\n\n\n<li><strong>Ramsdiep<\/strong><\/li>\n\n\n\n<li><strong>Den svarta sj\u00f6n, eller Zwarte Meer<\/strong><\/li>\n\n\n\n<li><strong>Kadoelermeer<\/strong><\/li>\n\n\n\n<li><strong>Vollenhovermeer<\/strong><\/li>\n<\/ol>\n\n<div style=\"height:40px\" aria-hidden=\"true\" class=\"wp-block-spacer\"><\/div>\n\n<h3 class=\"wp-block-heading\"><strong>Ett brett utbud av aktiviteter vid sj\u00f6arna i utkanten<\/strong><\/h3>\n\n<p>Tillsammans bildar gr\u00e4nssj\u00f6arna ett seglingsomr\u00e5de som \u00e4r mycket popul\u00e4rt bland seglare. Segla l\u00e4ngs <strong>polderna<\/strong>, i <strong>typiska landskap<\/strong>, uppt\u00e4cka bevarad <strong>flora<\/strong> och <strong>fauna<\/strong>, i hj\u00e4rtat av <strong>naturreservat<\/strong>, stanna till vid <strong>stranden<\/strong> eller i <strong>pittoreska hamnar<\/strong>, med m\u00f6jlighet till <strong>kulturella bes\u00f6k<\/strong>&#8230; P\u00e5 Randmeren och dess str\u00e4nder har du m\u00f6jlighet att njuta av en m\u00e4ngd olika aktiviteter! Om du \u00e4r <strong>vattensportentusiast<\/strong> \u00e4r <strong>Veluwerandmeren<\/strong>, en navigationsbass\u00e4ng som best\u00e5r av sj\u00f6arna Drontermeer, Veluwemeer, Nuldernauw och Wolderwijd, en mycket popul\u00e4r plats f\u00f6r dessa aktiviteter.<\/p>\n\n<p>Som du m\u00e4rker finns det m\u00e5nga unika seglingsomr\u00e5den vid gr\u00e4nssj\u00f6arna, alla redo att uppt\u00e4ckas med motorb\u00e5t eller segelb\u00e5t! Varf\u00f6r inte dra nytta av en av <strong>marinorna p\u00e5 Randmeren<\/strong> f\u00f6r att ge dig ut p\u00e5 \u00e4ventyr?<\/p>\n\n<div style=\"height:40px\" aria-hidden=\"true\" class=\"wp-block-spacer\"><\/div>\n\n<h2 class=\"wp-block-heading\"><strong>Uppt\u00e4ck de omgivande sj\u00f6arna fr\u00e5n Muiderzands marina eller Naardens marina<\/strong><\/h2>\n\n<div style=\"height:31px\" aria-hidden=\"true\" class=\"wp-block-spacer\"><\/div>\n\n<h3 class=\"wp-block-heading\"><strong>Idealiskt bel\u00e4gna marinor<\/strong><\/h3>\n\n<p>Almere marina, \u00e4ven k\u00e4nd som Marina Muiderzand, och Naarden marina, eller Jachthaven Naarden, ligger vid IJmeer respektive Gooimeer och \u00e4r idealiska utg\u00e5ngspunkter. N\u00e4ra till <strong>olika vattendrag<\/strong>, <strong>pittoreska platser<\/strong> och omgivna av <strong>natur<\/strong>, \u00e4r de idealiska f\u00f6r att uppt\u00e4cka Randmeren och dess imponerande flora och fauna.<\/p>\n\n<div style=\"height:30px\" aria-hidden=\"true\" class=\"wp-block-spacer\"><\/div>\n\n<figure class=\"wp-block-image size-large\"><img decoding=\"async\" width=\"1024\" height=\"682\" src=\"https:\/\/b2765252.smushcdn.com\/2765252\/wp-content\/uploads\/2023\/02\/Port-de-Naarden-vue-aerienne-1024x682.jpeg?lossy=1&strip=1&webp=1\" alt=\"Flygfoto &#xF6;ver Naardens marina\" class=\"wp-image-28562\" srcset=\"https:\/\/b2765252.smushcdn.com\/2765252\/wp-content\/uploads\/2023\/02\/Port-de-Naarden-vue-aerienne-1024x682.jpeg?lossy=1&strip=1&webp=1 1024w, https:\/\/b2765252.smushcdn.com\/2765252\/wp-content\/uploads\/2023\/02\/Port-de-Naarden-vue-aerienne-300x200.jpeg?lossy=1&strip=1&webp=1 300w, https:\/\/b2765252.smushcdn.com\/2765252\/wp-content\/uploads\/2023\/02\/Port-de-Naarden-vue-aerienne-768x512.jpeg?lossy=1&strip=1&webp=1 768w, https:\/\/b2765252.smushcdn.com\/2765252\/wp-content\/uploads\/2023\/02\/Port-de-Naarden-vue-aerienne-1536x1023.jpeg?lossy=1&strip=1&webp=1 1536w, https:\/\/b2765252.smushcdn.com\/2765252\/wp-content\/uploads\/2023\/02\/Port-de-Naarden-vue-aerienne-2048x1364.jpeg?lossy=1&strip=1&webp=1 2048w, https:\/\/b2765252.smushcdn.com\/2765252\/wp-content\/uploads\/2023\/02\/Port-de-Naarden-vue-aerienne.jpeg?size=512x341&lossy=1&strip=1&webp=1 512w\" sizes=\"auto, (max-width: 1024px) 100vw, 1024px\" loading=\"lazy\" \/><figcaption class=\"wp-element-caption\">Flygfoto \u00f6ver marinan i Naarden, vid Gooimer, en av sj\u00f6arna som gr\u00e4nsar till Nederl\u00e4nderna<\/figcaption><\/figure>\n\n<div style=\"height:30px\" aria-hidden=\"true\" class=\"wp-block-spacer\"><\/div>\n\n<h3 class=\"wp-block-heading\"><strong>Funktionella och v\u00e4lutrustade marinor<\/strong><\/h3>\n\n<div style=\"height:30px\" aria-hidden=\"true\" class=\"wp-block-spacer\"><\/div>\n\n<h4 class=\"wp-block-heading\"><strong>Naarden marina<\/strong><\/h4>\n\n<p>Vid stranden av Lac du Gooi erbjuder v\u00e5r marina i Naarden dig <strong>tillg\u00e5ng till alla tj\u00e4nster<\/strong> i en s\u00e4rskilt bekv\u00e4m marina. Ut\u00f6ver en <strong>f\u00f6rstklassig f\u00f6rt\u00f6jningsplats<\/strong> och alla <strong>hamntj\u00e4nster<\/strong> har marinan ocks\u00e5 ett antal <strong>mycket trevliga faciliteter<\/strong>: en terrass vid vattnet, en restaurang, en lekplats f\u00f6r barn, en naturlig pool etc. Slutligen, om du vill ta en promenad eller cykeltur, ensam, som ett par eller med familjen, \u00e4r marinans omgivningar perfekta f\u00f6r det.<\/p>\n\n<div class=\"wp-block-buttons has-custom-font-size has-small-font-size is-horizontal is-layout-flex wp-block-buttons-is-layout-flex\">\n<div class=\"wp-block-button is-style-fill\"><a class=\"wp-block-button__link has-white-color has-vivid-cyan-blue-background-color has-text-color has-background wp-element-button\" href=\"https:\/\/www.port-adhoc.com\/sv\/jachthaven-naarden\/\" target=\"_blank\" rel=\"noreferrer noopener\">Uppt\u00e4ck Jachthaven Naarden \u27a1\ufe0f<\/a><\/div>\n<\/div>\n\n<div style=\"height:60px\" aria-hidden=\"true\" class=\"wp-block-spacer\"><\/div>\n\n<h4 class=\"wp-block-heading\"><strong>Almere marina<\/strong><\/h4>\n\n<p>I Almere, vid IJmeer, ligger Muiderzands marina ocks\u00e5 i omedelbar n\u00e4rhet av gr\u00e4nssj\u00f6arna. Fr\u00e5n denna marina \u00e4r det bara att segla s\u00f6derut f\u00f6rbi Hollandse Brug efter n\u00e5gra nautiska mil. Du kommer d\u00e5 till Gooimeer, den n\u00e4rmaste gr\u00e4nssj\u00f6n, och kan sedan segla vidare till n\u00e4sta Randmeren-sj\u00f6ar.<\/p>\n\n<p>Muiderzands marina v\u00e4lkomnar ocks\u00e5 alla seglare med sina <strong>moderna faciliteter av h\u00f6g kvalitet.<\/strong> H\u00e4r kan du njuta av alla klassiska <strong>hamn- och nautiska tj\u00e4nster<\/strong> samt en 3 hektar stor <strong>strand<\/strong>. Det \u00e4r inte bara en plats f\u00f6r avkoppling, det \u00e4r ocks\u00e5 den perfekta platsen f\u00f6r vattensporter som katamaransegling och kitesurfing!<\/p>\n\n<div class=\"wp-block-buttons has-custom-font-size has-small-font-size is-horizontal is-layout-flex wp-block-buttons-is-layout-flex\">\n<div class=\"wp-block-button is-style-fill\"><a class=\"wp-block-button__link has-white-color has-vivid-cyan-blue-background-color has-text-color has-background wp-element-button\" href=\"https:\/\/www.port-adhoc.com\/sv\/marina-muiderzand\/\" target=\"_blank\" rel=\"noreferrer noopener\">Uppt\u00e4ck Marina Muiderzand \u27a1\ufe0f<\/a><\/div>\n<\/div>\n\n<div style=\"height:60px\" aria-hidden=\"true\" class=\"wp-block-spacer\"><\/div>\n\n<div style=\"height:0px\" aria-hidden=\"true\" class=\"wp-block-spacer\"><\/div>\n\n<figure class=\"wp-block-image size-large\"><img decoding=\"async\" width=\"1024\" height=\"681\" src=\"https:\/\/b2765252.smushcdn.com\/2765252\/wp-content\/uploads\/2023\/02\/Activites-nautiques-a-Marina-Muiderzand-1024x681.jpg?lossy=1&strip=1&webp=1\" alt=\"Vattenaktiviteter vid Marina Muiderzand, Almere\" class=\"wp-image-28538\" srcset=\"https:\/\/b2765252.smushcdn.com\/2765252\/wp-content\/uploads\/2023\/02\/Activites-nautiques-a-Marina-Muiderzand-1024x681.jpg?lossy=1&strip=1&webp=1 1024w, https:\/\/b2765252.smushcdn.com\/2765252\/wp-content\/uploads\/2023\/02\/Activites-nautiques-a-Marina-Muiderzand-300x200.jpg?lossy=1&strip=1&webp=1 300w, https:\/\/b2765252.smushcdn.com\/2765252\/wp-content\/uploads\/2023\/02\/Activites-nautiques-a-Marina-Muiderzand-768x511.jpg?lossy=1&strip=1&webp=1 768w, https:\/\/b2765252.smushcdn.com\/2765252\/wp-content\/uploads\/2023\/02\/Activites-nautiques-a-Marina-Muiderzand-1536x1022.jpg?lossy=1&strip=1&webp=1 1536w, https:\/\/b2765252.smushcdn.com\/2765252\/wp-content\/uploads\/2023\/02\/Activites-nautiques-a-Marina-Muiderzand-2048x1362.jpg?lossy=1&strip=1&webp=1 2048w, https:\/\/b2765252.smushcdn.com\/2765252\/wp-content\/uploads\/2023\/02\/Activites-nautiques-a-Marina-Muiderzand.jpg?size=512x341&lossy=1&strip=1&webp=1 512w\" sizes=\"auto, (max-width: 1024px) 100vw, 1024px\" loading=\"lazy\" \/><figcaption class=\"wp-element-caption\">En m\u00e4ngd olika vattensportaktiviteter finns tillg\u00e4ngliga p\u00e5 Marina Muiderzand, Almere<\/figcaption><\/figure>\n\n<div style=\"height:40px\" aria-hidden=\"true\" class=\"wp-block-spacer\"><\/div>\n\n<h2 class=\"wp-block-heading\"><strong>F\u00f6rt\u00f6jning vid Randmeren, n\u00e4ra gr\u00e4nssj\u00f6arna, med Port Adhoc-gruppen<\/strong><\/h2>\n\n<p>Letar du efter en <strong>b\u00e5tplats p\u00e5 Randmeren<\/strong>, f\u00f6r att ge dig m\u00f6jlighet att <strong>uppt\u00e4cka gr\u00e4nssj\u00f6arna med b\u00e5t<\/strong>? V\u00e4lj en b\u00e5tplats i en av marinorna i Port Adhoc-gruppen! Vi \u00e4r mer \u00e4n glada att v\u00e4lkomna dig till v\u00e5r marina i Almere eller till Jachthaven Naarden, f\u00f6r en kort vistelse eller en l\u00e4ngre vistelse.<\/p>\n\n<div class=\"wp-block-buttons has-custom-font-size has-small-font-size is-horizontal is-layout-flex wp-block-buttons-is-layout-flex\">\n<div class=\"wp-block-button is-style-fill\"><a class=\"wp-block-button__link has-white-color has-vivid-cyan-blue-background-color has-text-color has-background wp-element-button\" href=\"https:\/\/www.port-adhoc.com\/sv\/offert-batplats\/\" target=\"_blank\" rel=\"noreferrer noopener\">Kontakta oss \ud83d\udc4b<\/a><\/div>\n<\/div>\n","protected":false},"excerpt":{"rendered":"<p>I Nederl\u00e4nderna \u00e4r segling p\u00e5 gr\u00e4nssj\u00f6arna, eller Randmeren, en popul\u00e4r aktivitet f\u00f6r seglare. Randmeren-sj\u00f6arna \u00e4r en kedja med mer \u00e4n ett dussin anslutna sj\u00f6ar d\u00e4r du kan njuta av fantastisk segling. L\u00e5t oss tillsammans uppt\u00e4cka skatterna i detta till stora delar natursk\u00f6na omr\u00e5de och Port Adhoc-gruppens marinor, som \u00e4r perfekta f\u00f6r att utforska denna unika plats.<\/p>\n","protected":false},"author":2,"featured_media":115507,"comment_status":"closed","ping_status":"closed","sticky":false,"template":"","format":"standard","meta":{"wds_primary_category":0,"footnotes":""},"categories":[186],"tags":[193,195],"class_list":["post-57432","post","type-post","status-publish","format-standard","has-post-thumbnail","hentry","category-batliv","tag-jachthaven-naarden-sv","tag-marina-muiderzand-sv"],"_links":{"self":[{"href":"https:\/\/www.port-adhoc.com\/sv\/wp-json\/wp\/v2\/posts\/57432","targetHints":{"allow":["GET"]}}],"collection":[{"href":"https:\/\/www.port-adhoc.com\/sv\/wp-json\/wp\/v2\/posts"}],"about":[{"href":"https:\/\/www.port-adhoc.com\/sv\/wp-json\/wp\/v2\/types\/post"}],"author":[{"embeddable":true,"href":"https:\/\/www.port-adhoc.com\/sv\/wp-json\/wp\/v2\/users\/2"}],"replies":[{"embeddable":true,"href":"https:\/\/www.port-adhoc.com\/sv\/wp-json\/wp\/v2\/comments?post=57432"}],"version-history":[{"count":0,"href":"https:\/\/www.port-adhoc.com\/sv\/wp-json\/wp\/v2\/posts\/57432\/revisions"}],"wp:featuredmedia":[{"embeddable":true,"href":"https:\/\/www.port-adhoc.com\/sv\/wp-json\/wp\/v2\/media\/115507"}],"wp:attachment":[{"href":"https:\/\/www.port-adhoc.com\/sv\/wp-json\/wp\/v2\/media?parent=57432"}],"wp:term":[{"taxonomy":"category","embeddable":true,"href":"https:\/\/www.port-adhoc.com\/sv\/wp-json\/wp\/v2\/categories?post=57432"},{"taxonomy":"post_tag","embeddable":true,"href":"https:\/\/www.port-adhoc.com\/sv\/wp-json\/wp\/v2\/tags?post=57432"}],"curies":[{"name":"wp","href":"https:\/\/api.w.org\/{rel}","templated":true}]}}