{"id":57448,"date":"2022-12-04T14:05:00","date_gmt":"2022-12-04T13:05:00","guid":{"rendered":"https:\/\/www.port-adhoc.com\/ports-de-plaisance-flevoland-pays-bas\/"},"modified":"2025-09-12T12:30:00","modified_gmt":"2025-09-12T10:30:00","slug":"smabatshamnar-flevoland-nederlanderna","status":"publish","type":"post","link":"https:\/\/www.port-adhoc.com\/sv\/blog\/batliv\/smabatshamnar-flevoland-nederlanderna\/","title":{"rendered":"Segling i Flevoland: 4 marinor f\u00f6r att uppt\u00e4cka denna provins i Nederl\u00e4nderna"},"content":{"rendered":"\n<p style=\"font-size:12px\">Publiceringsdatum: 04\/12\/22 | Uppdateringsdatum: 18\/04\/25<\/p>\n\n<div style=\"height:30px\" aria-hidden=\"true\" class=\"wp-block-spacer\"><\/div>\n\n<h2 class=\"wp-block-heading\"><strong>Flevoland, perfekt f\u00f6r fritidsb\u00e5tar<\/strong><\/h2>\n\n<p>I Nederl\u00e4nderna t\u00e4cker provinsen Flevoland ett omr\u00e5de p\u00e5 n\u00e4stan 2.500 km\u00b2, bokstavligen omgivet av vatten: Markermeer, IJsselmeer, Ketelmeer, Vossemeer, Drontermeer, Veluwemeer, Wolderwijd, Eemmeer, Gooimeer och IJmeer. B\u00e5tfolket kan utnyttja detta <strong>stora seglingsomr\u00e5de<\/strong> genom att enkelt ta sig fr\u00e5n en sj\u00f6 till en annan via slussar och broar.<\/p>\n\n<div style=\"height:30px\" aria-hidden=\"true\" class=\"wp-block-spacer\"><\/div>\n\n<figure class=\"wp-block-image size-large\"><img fetchpriority=\"high\" decoding=\"async\" width=\"1024\" height=\"683\" src=\"https:\/\/b2765252.smushcdn.com\/2765252\/wp-content\/uploads\/2022\/12\/IJsselmoding-1024x683.jpg?lossy=1&strip=1&webp=1\" alt=\"Flygfoto &#xF6;ver Ketelmeer mellan polderna Noordoostpolder och Flevopolder\" class=\"wp-image-26594\" srcset=\"https:\/\/b2765252.smushcdn.com\/2765252\/wp-content\/uploads\/2022\/12\/IJsselmoding-1024x683.jpg?lossy=1&strip=1&webp=1 1024w, https:\/\/b2765252.smushcdn.com\/2765252\/wp-content\/uploads\/2022\/12\/IJsselmoding-300x200.jpg?lossy=1&strip=1&webp=1 300w, https:\/\/b2765252.smushcdn.com\/2765252\/wp-content\/uploads\/2022\/12\/IJsselmoding-768x512.jpg?lossy=1&strip=1&webp=1 768w, https:\/\/b2765252.smushcdn.com\/2765252\/wp-content\/uploads\/2022\/12\/IJsselmoding-1536x1024.jpg?lossy=1&strip=1&webp=1 1536w, https:\/\/b2765252.smushcdn.com\/2765252\/wp-content\/uploads\/2022\/12\/IJsselmoding-2048x1365.jpg?lossy=1&strip=1&webp=1 2048w, https:\/\/b2765252.smushcdn.com\/2765252\/wp-content\/uploads\/2022\/12\/IJsselmoding.jpg?size=512x342&lossy=1&strip=1&webp=1 512w\" sizes=\"(max-width: 1024px) 100vw, 1024px\" \/><figcaption class=\"wp-element-caption\">Flygfoto \u00f6ver Ketelmeer mellan polderna Noordoostpolder och Flevopolder<\/figcaption><\/figure>\n\n<div style=\"height:30px\" aria-hidden=\"true\" class=\"wp-block-spacer\"><\/div>\n\n<p>I Flevoland \u00e4r vattnet friskt! Vattnet skiljs fr\u00e5n Vadehavet av den avslutande vallen, eller Afsluitdijk. Seglare drar nytta av <strong>lugna vatten<\/strong>, d\u00e4r de enda str\u00f6mmarna orsakas av vinden. De kan segla p\u00e5 sin fritid genom <strong>magnifika naturomr\u00e5den<\/strong>, befolkade av ett <strong>\u00f6verfl\u00f6d av<\/strong> h\u00e4pnadsv\u00e4ckande <strong>flora<\/strong> och <strong>fauna<\/strong>.<\/p>\n\n<div style=\"height:30px\" aria-hidden=\"true\" class=\"wp-block-spacer\"><\/div>\n\n<figure class=\"wp-block-image size-large\"><img decoding=\"async\" width=\"1024\" height=\"682\" src=\"https:\/\/b2765252.smushcdn.com\/2765252\/wp-content\/uploads\/2022\/12\/Afsluitdijk-1024x682.jpeg?lossy=1&strip=1&webp=1\" alt=\"Flygfoto &#xF6;ver Kronwerderzand-slussarna vid Afsluitdijk i Nederl&#xE4;nderna\" class=\"wp-image-26593\" srcset=\"https:\/\/b2765252.smushcdn.com\/2765252\/wp-content\/uploads\/2022\/12\/Afsluitdijk-1024x682.jpeg?lossy=1&strip=1&webp=1 1024w, https:\/\/b2765252.smushcdn.com\/2765252\/wp-content\/uploads\/2022\/12\/Afsluitdijk-300x200.jpeg?lossy=1&strip=1&webp=1 300w, https:\/\/b2765252.smushcdn.com\/2765252\/wp-content\/uploads\/2022\/12\/Afsluitdijk-768x512.jpeg?lossy=1&strip=1&webp=1 768w, https:\/\/b2765252.smushcdn.com\/2765252\/wp-content\/uploads\/2022\/12\/Afsluitdijk-1536x1023.jpeg?lossy=1&strip=1&webp=1 1536w, https:\/\/b2765252.smushcdn.com\/2765252\/wp-content\/uploads\/2022\/12\/Afsluitdijk-2048x1364.jpeg?lossy=1&strip=1&webp=1 2048w, https:\/\/b2765252.smushcdn.com\/2765252\/wp-content\/uploads\/2022\/12\/Afsluitdijk.jpeg?size=512x341&lossy=1&strip=1&webp=1 512w\" sizes=\"auto, (max-width: 1024px) 100vw, 1024px\" loading=\"lazy\" \/><figcaption class=\"wp-element-caption\">Slusskedjan Afsluitdijk vid Kornwerderzand, Flevoland, Nederl\u00e4nderna<\/figcaption><\/figure>\n\n<div style=\"height:30px\" aria-hidden=\"true\" class=\"wp-block-spacer\"><\/div>\n\n<p>F\u00f6rutom de naturliga och konstgjorda <strong>bankerna<\/strong> och <strong>holmarna<\/strong> som finns att segla runt Flevoland, finns det ocks\u00e5 n\u00e5gra <strong>vackra historiska st\u00e4der och hamnar<\/strong> att uppt\u00e4cka. Volendam, Hoorn, Enkhuizen och Hindeloopen, till exempel, f\u00e5r du inte missa. Sedan finns det <strong>mer moderna st\u00e4der<\/strong> som Lelystad och Almere, som g\u00f6r segling enklare genom att f\u00f6rse seglare med alla tj\u00e4nster de beh\u00f6ver.<\/p>\n\n<div style=\"height:30px\" aria-hidden=\"true\" class=\"wp-block-spacer\"><\/div>\n\n<h2 class=\"wp-block-heading\"><strong>V\u00e5ra marinor i Flevoland, startpunkter f\u00f6r ett brett utbud av seglingsaktiviteter<\/strong><\/h2>\n\n<p>Port Adhoc-gruppen erbjuder b\u00e5tfolk tre marinor i Flevoland: <strong>Lelystad Haven<\/strong>, <strong>Deko Marina Lelystad<\/strong>, <strong>Flevo Marina Lelystad<\/strong>\u00a0och <strong>Marina Muiderzand<\/strong> i Almere Poort. Alla \u00e4r idealiskt bel\u00e4gna f\u00f6r att l\u00e5ta seglare uppt\u00e4cka Flevolands rikedom, oavsett om det \u00e4r med motorb\u00e5t eller segelb\u00e5t.<\/p>\n\n<div style=\"height:30px\" aria-hidden=\"true\" class=\"wp-block-spacer\"><\/div>\n\n<div class=\"wp-block-buttons has-custom-font-size has-small-font-size is-horizontal is-layout-flex wp-block-buttons-is-layout-flex\">\n<div class=\"wp-block-button is-style-fill\"><a class=\"wp-block-button__link has-white-color has-vivid-cyan-blue-background-color has-text-color has-background wp-element-button\" href=\"https:\/\/www.port-adhoc.com\/sv\/jachthaven-lelystad-haven\/\" target=\"_blank\" rel=\"noreferrer noopener\">Uppt\u00e4ck Lelystad Haven \u27a1\ufe0f<\/a><\/div>\n<\/div>\n\n<div style=\"height:30px\" aria-hidden=\"true\" class=\"wp-block-spacer\"><\/div>\n\n<h3 class=\"wp-block-heading\"><strong>Lelystad Haven, Deko Marina och Flevo Marina i Lelystad<\/strong><\/h3>\n\n<p>V\u00e5ra tre marinor i Lelystad \u00e4r idealiskt bel\u00e4gna. B\u00e5da ligger n\u00e4ra Houtrib-diket, eller Houtribdijk, som ger b\u00e5tfolk direkt tillg\u00e5ng till sj\u00f6arna Marken och IJssel. B\u00e5tfolket kan enkelt ta sig fr\u00e5n den ena till den andra via den n\u00e4rbel\u00e4gna slussen. De kan sedan n\u00e5 IJmeer, Randmeren, Vadehavet, Nordsj\u00f6n, de frisiska sj\u00f6arna&#8230;<\/p>\n\n<div style=\"height:30px\" aria-hidden=\"true\" class=\"wp-block-spacer\"><\/div>\n\n<div class=\"wp-block-buttons has-custom-font-size has-small-font-size is-horizontal is-layout-flex wp-block-buttons-is-layout-flex\">\n<div class=\"wp-block-button is-style-fill\"><a class=\"wp-block-button__link has-white-color has-vivid-cyan-blue-background-color has-text-color has-background has-small-font-size has-custom-font-size wp-element-button\" href=\"https:\/\/www.port-adhoc.com\/sv\/deko-marina-lelystad\/\" target=\"_blank\" rel=\"noreferrer noopener\">Uppt\u00e4ck Deko Marina Lelystad \u27a1\ufe0f<\/a><\/div>\n<\/div>\n\n<div style=\"height:30px\" aria-hidden=\"true\" class=\"wp-block-spacer\"><\/div>\n\n<h3 class=\"wp-block-heading\"><strong>Marina Muiderzand i Almere<\/strong><\/h3>\n\n<p>Fr\u00e5n Muiderzand marina i Almere Poort kan seglare ocks\u00e5 f\u00e5 tillg\u00e5ng till ett brett utbud av farleder. Fr\u00e5n sj\u00f6n IJmeer, d\u00e4r marinan ligger, kan de \u00e5ka \u00f6sterut mot sj\u00f6n Markermeer och sedan IJsselmeer, eller l\u00e4ngre s\u00f6derut mot sj\u00f6arna Gooimer, Wolderwidj, Weluvemeer och Randmeren.<\/p>\n\n<div style=\"height:30px\" aria-hidden=\"true\" class=\"wp-block-spacer\"><\/div>\n\n<div class=\"wp-block-buttons has-custom-font-size has-small-font-size is-horizontal is-layout-flex wp-block-buttons-is-layout-flex\">\n<div class=\"wp-block-button is-style-fill\"><a class=\"wp-block-button__link has-white-color has-vivid-cyan-blue-background-color has-text-color has-background wp-element-button\" href=\"https:\/\/www.port-adhoc.com\/sv\/marina-muiderzand\/\" target=\"_blank\" rel=\"noreferrer noopener\">Uppt\u00e4ck Marina Muiderzand \u27a1\ufe0f<\/a><\/div>\n<\/div>\n\n<div style=\"height:30px\" aria-hidden=\"true\" class=\"wp-block-spacer\"><\/div>\n\n<h2 class=\"wp-block-heading\"><strong>Anl\u00e4ggningar i Flevoland, marinorna i Lelystad och Almere<\/strong><\/h2>\n\n<p>Att stanna i en marina erbjuder m\u00e5nga f\u00f6rdelar. Oavsett om det handlar om en mellanlandning i n\u00e5gra dagar eller en l\u00e5ngtidsvistelse med en b\u00e5tplats i flera m\u00e5nader eller \u00e5ret runt. En av de st\u00f6rsta f\u00f6rdelarna \u00e4r att kunna dra nytta av de <strong>faciliteter och tj\u00e4nster som<\/strong> erbjuds.<\/p>\n\n<p>I var och en av v\u00e5ra Flevoland-marinor hittar du till exempel en plats att tv\u00e4tta din b\u00e5t, proffs f\u00f6r att f\u00e5 den servad eller en plats att f\u00f6rvara den. Detta \u00e4r s\u00e4rskilt fallet vid <strong>Flevo Marina Lelystad<\/strong>, som har en varv samt inomhus- och utomhuslagringsplatser f\u00f6r torrdockning.<\/p>\n\n<div style=\"height:60px\" aria-hidden=\"true\" class=\"wp-block-spacer\"><\/div>\n\n<div class=\"wp-block-buttons has-custom-font-size has-small-font-size is-horizontal is-layout-flex wp-block-buttons-is-layout-flex\">\n<div class=\"wp-block-button is-style-fill\"><a class=\"wp-block-button__link has-white-color has-vivid-cyan-blue-background-color has-text-color has-background wp-element-button\" href=\"https:\/\/www.port-adhoc.com\/sv\/flevo-marina-lelystad\/\" target=\"_blank\" rel=\"noreferrer noopener\">Uppt\u00e4ck Flevo Marina Lelystad \u27a1\ufe0f<\/a><\/div>\n<\/div>\n\n<div style=\"height:60px\" aria-hidden=\"true\" class=\"wp-block-spacer\"><\/div>\n\n<p>Som seglare kan du dra nytta av sanit\u00e4ra anl\u00e4ggningar och WiFi-n\u00e4tverk, och f\u00e5 br\u00e4nsle eller vatten och el fr\u00e5n kajen.<\/p>\n\n<p>Du kommer att \u00e4lska <strong>omgivningarna <\/strong>kring v\u00e5ra marinor. Dra nytta av <strong>n\u00e4rheten till staden<\/strong> p\u00e5 Lelystad Haven, Flevo Marina eller Deko Marina Lelystad, d\u00e4r du kan hyra en cykel. Det finns ocks\u00e5 en <strong>stor strand<\/strong> vid Muiderzand marina, perfekt f\u00f6r avkoppling!<\/p>\n\n<p>V\u00e5ra marinor \u00e4r ocks\u00e5 perfekta f\u00f6r <strong>vattensporter<\/strong>, oavsett om det g\u00e4ller katamaran- och kitesurfingstranden vid Marina Muiderzand i Almere eller de m\u00e5nga evenemang som anordnas i regionen. Saknar du utrustning? P\u00e5 Marina de Muiderzand hittar du specialbutiker d\u00e4r du kan fylla p\u00e5 lagret.<\/p>\n\n<div style=\"height:30px\" aria-hidden=\"true\" class=\"wp-block-spacer\"><\/div>\n\n<figure class=\"wp-block-image size-large\"><img decoding=\"async\" width=\"1024\" height=\"682\" src=\"https:\/\/b2765252.smushcdn.com\/2765252\/wp-content\/uploads\/2022\/12\/Coucher-de-soleil-catamaran-beach-Marina-Muiderzand-1024x682.jpg?lossy=1&strip=1&webp=1\" alt=\"Solnedg&#xE5;ng p&#xE5; katamaranstranden vid Marina Muiderzand i Almere\" class=\"wp-image-26613\" srcset=\"https:\/\/b2765252.smushcdn.com\/2765252\/wp-content\/uploads\/2022\/12\/Coucher-de-soleil-catamaran-beach-Marina-Muiderzand-1024x682.jpg?lossy=1&strip=1&webp=1 1024w, https:\/\/b2765252.smushcdn.com\/2765252\/wp-content\/uploads\/2022\/12\/Coucher-de-soleil-catamaran-beach-Marina-Muiderzand-300x200.jpg?lossy=1&strip=1&webp=1 300w, https:\/\/b2765252.smushcdn.com\/2765252\/wp-content\/uploads\/2022\/12\/Coucher-de-soleil-catamaran-beach-Marina-Muiderzand-768x512.jpg?lossy=1&strip=1&webp=1 768w, https:\/\/b2765252.smushcdn.com\/2765252\/wp-content\/uploads\/2022\/12\/Coucher-de-soleil-catamaran-beach-Marina-Muiderzand-1536x1023.jpg?lossy=1&strip=1&webp=1 1536w, https:\/\/b2765252.smushcdn.com\/2765252\/wp-content\/uploads\/2022\/12\/Coucher-de-soleil-catamaran-beach-Marina-Muiderzand.jpg?lossy=1&strip=1&webp=1 2048w, https:\/\/b2765252.smushcdn.com\/2765252\/wp-content\/uploads\/2022\/12\/Coucher-de-soleil-catamaran-beach-Marina-Muiderzand.jpg?size=512x341&lossy=1&strip=1&webp=1 512w\" sizes=\"auto, (max-width: 1024px) 100vw, 1024px\" loading=\"lazy\" \/><figcaption class=\"wp-element-caption\">Solnedg\u00e5ng p\u00e5 katamaranstranden vid Marina Muiderzand i Almere<\/figcaption><\/figure>\n\n<div style=\"height:30px\" aria-hidden=\"true\" class=\"wp-block-spacer\"><\/div>\n\n<p>Sist men inte minst erbjuder alla v\u00e5ra marinor m\u00f6jligheten att <strong>\u00e4ta ute<\/strong>. Njut av <strong>Harbor House<\/strong> med sin hisnande utsikt \u00f6ver Muiderzands hamn, eller avnjut en uts\u00f6kt m\u00e5ltid p\u00e5 <strong>Gusto del Porto<\/strong> i Deko Marina Lelystad, den flytande restaurangen <strong>Club Port Side<\/strong> i Lelystad Haven, eller p\u00e5 <b><strong>Aan ut Water<\/strong><\/b> i Flevo Marina Lelystad.<br\/><br\/>.<\/p>\n\n<div style=\"height:30px\" aria-hidden=\"true\" class=\"wp-block-spacer\"><\/div>\n\n<h2 class=\"wp-block-heading\"><strong>Tillbringa natten i Flevoland, i en marina i Port Adhoc<\/strong><\/h2>\n\n<p>Kan eller vill du inte \u00f6vernatta p\u00e5 din b\u00e5t? Letar du efter n\u00e5gon annanstans att bo under din vistelse i en av v\u00e5ra marinor i Flevoland?<\/p>\n\n<p>Marinorna i Port Adhoc-gruppen <strong>erbjuder<\/strong> ocks\u00e5 <strong>boende<\/strong>. I Lelystad Haven kan du till exempel bo p\u00e5 det familje\u00e4gda hotellet De Lange Jammer. I Almere Poort, p\u00e5 Marina Muiderzand, kan du njuta av en ovanlig vistelse i ett safarit\u00e4lt p\u00e5 stranden, i en chalet eller i en flytande lodge i hamnen.<\/p>\n\n<div style=\"height:30px\" aria-hidden=\"true\" class=\"wp-block-spacer\"><\/div>\n\n<div class=\"wp-block-buttons has-custom-font-size has-small-font-size is-horizontal is-layout-flex wp-block-buttons-is-layout-flex\">\n<div class=\"wp-block-button is-style-fill\"><a class=\"wp-block-button__link has-white-color has-vivid-cyan-blue-background-color has-text-color has-background wp-element-button\" href=\"https:\/\/www.marinaparcs.fr\/marina-muiderzand\" target=\"_blank\" rel=\"noreferrer noopener\">Boka ett ovanligt boende i Marina Muiderzand \u27a1\ufe0f<\/a><\/div>\n<\/div>\n\n<div style=\"height:30px\" aria-hidden=\"true\" class=\"wp-block-spacer\"><\/div>\n\n<figure class=\"wp-block-image size-large\"><img loading=\"lazy\" decoding=\"async\" width=\"1024\" height=\"682\" src=\"https:\/\/b2765252.smushcdn.com\/2765252\/wp-content\/uploads\/2022\/12\/havenlodge-Marina-Muiderzand-1-1024x682.jpeg?lossy=1&strip=1&webp=1\" alt=\"En familj ombord p&#xE5; en flytande lodge i Marina Muiderzand\" class=\"wp-image-26600\" srcset=\"https:\/\/b2765252.smushcdn.com\/2765252\/wp-content\/uploads\/2022\/12\/havenlodge-Marina-Muiderzand-1-1024x682.jpeg?lossy=1&strip=1&webp=1 1024w, https:\/\/b2765252.smushcdn.com\/2765252\/wp-content\/uploads\/2022\/12\/havenlodge-Marina-Muiderzand-1-300x200.jpeg?lossy=1&strip=1&webp=1 300w, https:\/\/b2765252.smushcdn.com\/2765252\/wp-content\/uploads\/2022\/12\/havenlodge-Marina-Muiderzand-1-768x512.jpeg?lossy=1&strip=1&webp=1 768w, https:\/\/b2765252.smushcdn.com\/2765252\/wp-content\/uploads\/2022\/12\/havenlodge-Marina-Muiderzand-1-1536x1023.jpeg?lossy=1&strip=1&webp=1 1536w, https:\/\/b2765252.smushcdn.com\/2765252\/wp-content\/uploads\/2022\/12\/havenlodge-Marina-Muiderzand-1.jpeg?lossy=1&strip=1&webp=1 1600w, https:\/\/b2765252.smushcdn.com\/2765252\/wp-content\/uploads\/2022\/12\/havenlodge-Marina-Muiderzand-1.jpeg?size=512x341&lossy=1&strip=1&webp=1 512w\" sizes=\"auto, (max-width: 1024px) 100vw, 1024px\" \/><figcaption class=\"wp-element-caption\">En familj ombord p\u00e5 en flytande lodge vid Marina Muiderzand \u00a9 Marina Parcs<\/figcaption><\/figure>\n\n<div style=\"height:30px\" aria-hidden=\"true\" class=\"wp-block-spacer\"><\/div>\n\n<h2 class=\"wp-block-heading\"><strong>Port Adhoc marinor som f\u00f6rt\u00f6jningsplatser i Flevoland<\/strong><\/h2>\n\n<p>Vill du reservera en <strong>b\u00e5tplats<\/strong> f\u00f6r din b\u00e5t eller <strong>anl\u00f6pa<\/strong> en marina i Flevoland? V\u00e4lj en av marinorna i Port Adhoc-gruppen f\u00f6r din korta eller l\u00e5nga vistelse och dra nytta av v\u00e5ra faciliteter och tj\u00e4nster! Kontakta oss nu s\u00e5 att vi kan studera ditt projekt tillsammans och snabbt f\u00e5 fram en personlig offert.<\/p>\n\n<div class=\"wp-block-buttons has-custom-font-size has-small-font-size is-horizontal is-layout-flex wp-block-buttons-is-layout-flex\">\n<div class=\"wp-block-button is-style-fill\"><a class=\"wp-block-button__link has-white-color has-vivid-cyan-blue-background-color has-text-color has-background wp-element-button\" href=\"https:\/\/www.port-adhoc.com\/sv\/offert-batplats\/\" target=\"_blank\" rel=\"noreferrer noopener\">Kontakta oss \ud83d\udc4b<\/a><\/div>\n<\/div>\n\n<div style=\"height:30px\" aria-hidden=\"true\" class=\"wp-block-spacer\"><\/div>\n","protected":false},"excerpt":{"rendered":"<p>\u00c4r du inspirerad av tanken p\u00e5 att segla i Flevoland-regionen i Nederl\u00e4nderna? Port Adhoc-gruppen kan bara uppmuntra dig: provinsen erbjuder seglare ett magnifikt och mycket varierat seglingsomr\u00e5de, liksom m\u00e5nga m\u00f6jligheter till mellanlandningar. I den h\u00e4r artikeln tar vi en titt p\u00e5 vad som g\u00f6r de olika vattendragen s\u00e5 speciella och p\u00e5 f\u00f6rt\u00f6jningsm\u00f6jligheterna i regionen.<\/p>\n","protected":false},"author":2,"featured_media":115517,"comment_status":"closed","ping_status":"closed","sticky":false,"template":"","format":"standard","meta":{"wds_primary_category":0,"footnotes":""},"categories":[186],"tags":[196,265,189,195],"class_list":["post-57448","post","type-post","status-publish","format-standard","has-post-thumbnail","hentry","category-batliv","tag-deko-marina-lelystad-sv","tag-flevo-marina-sv","tag-jachthaven-lelystad-haven-sv","tag-marina-muiderzand-sv"],"_links":{"self":[{"href":"https:\/\/www.port-adhoc.com\/sv\/wp-json\/wp\/v2\/posts\/57448","targetHints":{"allow":["GET"]}}],"collection":[{"href":"https:\/\/www.port-adhoc.com\/sv\/wp-json\/wp\/v2\/posts"}],"about":[{"href":"https:\/\/www.port-adhoc.com\/sv\/wp-json\/wp\/v2\/types\/post"}],"author":[{"embeddable":true,"href":"https:\/\/www.port-adhoc.com\/sv\/wp-json\/wp\/v2\/users\/2"}],"replies":[{"embeddable":true,"href":"https:\/\/www.port-adhoc.com\/sv\/wp-json\/wp\/v2\/comments?post=57448"}],"version-history":[{"count":0,"href":"https:\/\/www.port-adhoc.com\/sv\/wp-json\/wp\/v2\/posts\/57448\/revisions"}],"wp:featuredmedia":[{"embeddable":true,"href":"https:\/\/www.port-adhoc.com\/sv\/wp-json\/wp\/v2\/media\/115517"}],"wp:attachment":[{"href":"https:\/\/www.port-adhoc.com\/sv\/wp-json\/wp\/v2\/media?parent=57448"}],"wp:term":[{"taxonomy":"category","embeddable":true,"href":"https:\/\/www.port-adhoc.com\/sv\/wp-json\/wp\/v2\/categories?post=57448"},{"taxonomy":"post_tag","embeddable":true,"href":"https:\/\/www.port-adhoc.com\/sv\/wp-json\/wp\/v2\/tags?post=57448"}],"curies":[{"name":"wp","href":"https:\/\/api.w.org\/{rel}","templated":true}]}}