{"id":57472,"date":"2022-10-17T15:08:00","date_gmt":"2022-10-17T13:08:00","guid":{"rendered":"https:\/\/www.port-adhoc.com\/hivernage-bateau\/"},"modified":"2025-09-12T12:38:28","modified_gmt":"2025-09-12T10:38:28","slug":"bat-overvintring","status":"publish","type":"post","link":"https:\/\/www.port-adhoc.com\/sv\/blog\/teknik-och-tips\/bat-overvintring\/","title":{"rendered":"\u00d6vervintringsl\u00f6sningar f\u00f6r b\u00e5tar i marinor"},"content":{"rendered":"\n<p style=\"font-size:12px\">Publiceringsdatum: 17\/10\/22 | Uppdateringsdatum: 18\/04\/25<\/p>\n\n<div style=\"height:30px\" aria-hidden=\"true\" class=\"wp-block-spacer\"><\/div>\n\n<h2 class=\"wp-block-heading\"><strong>Vinterf\u00f6rvaring av b\u00e5tar p\u00e5 torra land, i en hangar<\/strong><\/h2>\n\n<p>Ett av de mest effektiva s\u00e4tten att <strong>skydda din b\u00e5t<\/strong> \u00e4r att vinterf\u00f6rvara den i en torr hangar. P\u00e5 s\u00e5 s\u00e4tt skyddas b\u00e5ten fr\u00e5n v\u00e4drets makter och det nederl\u00e4ndska vinterklimatet. Det nederl\u00e4ndska vinterklimatet kan vara s\u00e4rskilt kallt, vilket g\u00f6r att den elektroniska utrustningen ombord fryser. Om du v\u00e4ljer att <strong>f\u00f6rvara din b\u00e5t inomhus<\/strong>, i en hangar , minskar du m\u00e4ngden underh\u00e5ll som kr\u00e4vs p\u00e5 v\u00e5ren, n\u00e4r du \u00e4r redo att s\u00e4tta b\u00e5ten i vattnet igen.<\/p>\n\n<div class=\"wp-block-buttons has-custom-font-size has-small-font-size is-horizontal is-layout-flex wp-block-buttons-is-layout-flex\">\n<div class=\"wp-block-button is-style-fill\"><a class=\"wp-block-button__link has-white-color has-vivid-cyan-blue-background-color has-text-color has-background has-small-font-size has-custom-font-size wp-element-button\" href=\"https:\/\/www.port-adhoc.com\/sv\/flevo-marina-lelystad\/\" target=\"_blank\" rel=\"noreferrer noopener\">Uppt\u00e4ck Flevo Marina Lelystad \u27a1\ufe0f<\/a><\/div>\n<\/div>\n\n<div style=\"height:60px\" aria-hidden=\"true\" class=\"wp-block-spacer\"><\/div>\n\n<p>Tre av Port Adhoc-gruppens holl\u00e4ndska marinor erbjuder torrf\u00f6rvaring i hangar f\u00f6r b\u00e5t\u00e4gare: Deko Marina Lelystad, Flevo marina och Jachthaven Naarden.<\/p>\n\n<div class=\"wp-block-buttons has-custom-font-size has-small-font-size is-horizontal is-layout-flex wp-block-buttons-is-layout-flex\">\n<div class=\"wp-block-button is-style-fill\"><a class=\"wp-block-button__link has-white-color has-vivid-cyan-blue-background-color has-text-color has-background has-small-font-size has-custom-font-size wp-element-button\" href=\"https:\/\/www.port-adhoc.com\/sv\/deko-marina-lelystad\/\" target=\"_blank\" rel=\"noreferrer noopener\">Uppt\u00e4ck Deko Marina Lelystad \u27a1\ufe0f<\/a><\/div>\n<\/div>\n\n<div style=\"height:30px\" aria-hidden=\"true\" class=\"wp-block-spacer\"><\/div>\n\n<figure class=\"wp-block-gallery has-nested-images columns-default is-cropped wp-block-gallery-2 is-layout-flex wp-block-gallery-is-layout-flex\">\n<figure class=\"wp-block-image size-large\"><img fetchpriority=\"high\" decoding=\"async\" width=\"848\" height=\"464\" data-id=\"22196\" src=\"https:\/\/b2765252.smushcdn.com\/2765252\/wp-content\/uploads\/2023\/07\/winter-storage-deko-marina-lelystad.png?lossy=1&strip=1&webp=1\" alt=\"\" class=\"wp-image-22196\" srcset=\"https:\/\/b2765252.smushcdn.com\/2765252\/wp-content\/uploads\/2023\/07\/winter-storage-deko-marina-lelystad.png?lossy=1&strip=1&webp=1 848w, https:\/\/b2765252.smushcdn.com\/2765252\/wp-content\/uploads\/2023\/07\/winter-storage-deko-marina-lelystad-300x164.png?lossy=1&strip=1&webp=1 300w, https:\/\/b2765252.smushcdn.com\/2765252\/wp-content\/uploads\/2023\/07\/winter-storage-deko-marina-lelystad-768x420.png?lossy=1&strip=1&webp=1 768w, https:\/\/b2765252.smushcdn.com\/2765252\/wp-content\/uploads\/2023\/07\/winter-storage-deko-marina-lelystad.png?size=512x280&lossy=1&strip=1&webp=1 512w\" sizes=\"(max-width: 848px) 100vw, 848px\" \/><figcaption class=\"wp-element-caption\">B\u00e5thus Deko Marina Lelystad<\/figcaption><\/figure>\n\n\n\n<figure class=\"wp-block-image size-large\"><img decoding=\"async\" width=\"1024\" height=\"768\" data-id=\"22202\" src=\"https:\/\/b2765252.smushcdn.com\/2765252\/wp-content\/uploads\/2023\/07\/botenloods-hangar-Jachthaven-Naarden-1024x768.jpg?lossy=1&strip=1&webp=1\" alt=\"\" class=\"wp-image-22202\" srcset=\"https:\/\/b2765252.smushcdn.com\/2765252\/wp-content\/uploads\/2023\/07\/botenloods-hangar-Jachthaven-Naarden-1024x768.jpg?lossy=1&strip=1&webp=1 1024w, https:\/\/b2765252.smushcdn.com\/2765252\/wp-content\/uploads\/2023\/07\/botenloods-hangar-Jachthaven-Naarden-300x225.jpg?lossy=1&strip=1&webp=1 300w, https:\/\/b2765252.smushcdn.com\/2765252\/wp-content\/uploads\/2023\/07\/botenloods-hangar-Jachthaven-Naarden-768x576.jpg?lossy=1&strip=1&webp=1 768w, https:\/\/b2765252.smushcdn.com\/2765252\/wp-content\/uploads\/2023\/07\/botenloods-hangar-Jachthaven-Naarden-1536x1152.jpg?lossy=1&strip=1&webp=1 1536w, https:\/\/b2765252.smushcdn.com\/2765252\/wp-content\/uploads\/2023\/07\/botenloods-hangar-Jachthaven-Naarden-2048x1536.jpg?lossy=1&strip=1&webp=1 2048w, https:\/\/b2765252.smushcdn.com\/2765252\/wp-content\/uploads\/2023\/07\/botenloods-hangar-Jachthaven-Naarden.jpg?size=512x384&lossy=1&strip=1&webp=1 512w\" sizes=\"auto, (max-width: 1024px) 100vw, 1024px\" loading=\"lazy\" \/><figcaption class=\"wp-element-caption\">B\u00e5thus Jachthaven Naarden<\/figcaption><\/figure>\n<\/figure>\n\n<div style=\"height:30px\" aria-hidden=\"true\" class=\"wp-block-spacer\"><\/div>\n\n<h2 class=\"wp-block-heading\"><strong>Vinterf\u00f6rvara din b\u00e5t utomhus, i vattnet eller p\u00e5 torra land<\/strong><\/h2>\n\n<p>Du kan ocks\u00e5 <strong>l\u00e4mna din b\u00e5t utomhus<\/strong>, antingen i vattnet eller p\u00e5 torra land. Medan den f\u00f6rsta l\u00f6sningen g\u00f6r att du kan forts\u00e4tta anv\u00e4nda din b\u00e5t n\u00e4r du vill, \u00e4ven n\u00e4r den ligger vid bryggan, inneb\u00e4r den andra att din b\u00e5t tas upp ur vattnet och d\u00e4rmed minskar risken f\u00f6r f\u00f6rslitning och skador.<\/p>\n\n<p>De flesta av de nederl\u00e4ndska marinorna i Port Adhoc-gruppen erbjuder en <strong>torr vinterservice<\/strong>\u00a0med utomhusf\u00f6rvaring av b\u00e5tar. Marina Muiderzand, Almeres marina, kan till exempel ta emot upp till 550 b\u00e5tar i <strong>torrf\u00f6rvaring<\/strong>. Om du f\u00f6redrar att l\u00e4mna din b\u00e5t i vattnet under vinters\u00e4songen \u00e4r detta m\u00f6jligt i alla v\u00e5ra nederl\u00e4ndska marinor: marinorna i Port Adhoc-gruppen kan erbjuda dig m\u00e5nadskontrakt f\u00f6r vinterf\u00f6rvaring av din b\u00e5t, eller ett \u00e5rskontrakt f\u00f6r en l\u00e4ngre vistelse. F\u00f6r att skydda din b\u00e5t s\u00e5 mycket som m\u00f6jligt kan du ocks\u00e5 avmasta din b\u00e5t och anv\u00e4nda ett s\u00e4rskilt <strong>f\u00f6rvaringsutrymme<\/strong> f\u00f6r masten, eller till och med v\u00e4lja ett s\u00e4kerhetsskydd.<\/p>\n\n<div class=\"wp-block-buttons is-horizontal is-layout-flex wp-block-buttons-is-layout-flex\">\n<div class=\"wp-block-button is-style-fill\"><a class=\"wp-block-button__link has-white-color has-vivid-cyan-blue-background-color has-text-color has-background has-small-font-size has-custom-font-size wp-element-button\" href=\"https:\/\/www.port-adhoc.com\/sv\/marina-muiderzand\/\" target=\"_blank\" rel=\"noreferrer noopener\">Uppt\u00e4ck Marina Muiderzand \u27a1\ufe0f<\/a><\/div>\n<\/div>\n\n<div style=\"height:30px\" aria-hidden=\"true\" class=\"wp-block-spacer\"><\/div>\n\n<figure class=\"wp-block-gallery has-nested-images columns-default is-cropped wp-block-gallery-3 is-layout-flex wp-block-gallery-is-layout-flex\">\n<figure class=\"wp-block-image size-large\"><img decoding=\"async\" width=\"1024\" height=\"682\" data-id=\"9987\" src=\"https:\/\/b2765252.smushcdn.com\/2765252\/wp-content\/uploads\/2022\/05\/hivernage_bateau_marina_muiderzand-1024x682.jpg?lossy=1&strip=1&webp=1\" alt=\"hivernage_stationnement_sec_bateau_marina_muiderzand\" class=\"wp-image-9987\" srcset=\"https:\/\/b2765252.smushcdn.com\/2765252\/wp-content\/uploads\/2022\/05\/hivernage_bateau_marina_muiderzand-1024x682.jpg?lossy=1&strip=1&webp=1 1024w, https:\/\/b2765252.smushcdn.com\/2765252\/wp-content\/uploads\/2022\/05\/hivernage_bateau_marina_muiderzand-300x200.jpg?lossy=1&strip=1&webp=1 300w, https:\/\/b2765252.smushcdn.com\/2765252\/wp-content\/uploads\/2022\/05\/hivernage_bateau_marina_muiderzand-768x512.jpg?lossy=1&strip=1&webp=1 768w, https:\/\/b2765252.smushcdn.com\/2765252\/wp-content\/uploads\/2022\/05\/hivernage_bateau_marina_muiderzand-1536x1023.jpg?lossy=1&strip=1&webp=1 1536w, https:\/\/b2765252.smushcdn.com\/2765252\/wp-content\/uploads\/2022\/05\/hivernage_bateau_marina_muiderzand.jpg?lossy=1&strip=1&webp=1 2048w, https:\/\/b2765252.smushcdn.com\/2765252\/wp-content\/uploads\/2022\/05\/hivernage_bateau_marina_muiderzand.jpg?size=512x341&lossy=1&strip=1&webp=1 512w\" sizes=\"auto, (max-width: 1024px) 100vw, 1024px\" loading=\"lazy\" \/><figcaption class=\"wp-element-caption\">550 torra \u00f6vervintringsplatser vid Almere<\/figcaption><\/figure>\n\n\n\n<figure class=\"wp-block-image size-large\"><img loading=\"lazy\" decoding=\"async\" width=\"1024\" height=\"684\" data-id=\"9984\" src=\"https:\/\/b2765252.smushcdn.com\/2765252\/wp-content\/uploads\/2022\/05\/travelift_manutention_voilier_marina_muiderzand-1024x684.jpg?lossy=1&strip=1&webp=1\" alt=\"travelift_manutention_voilier_marina_muiderzand\" class=\"wp-image-9984\" srcset=\"https:\/\/b2765252.smushcdn.com\/2765252\/wp-content\/uploads\/2022\/05\/travelift_manutention_voilier_marina_muiderzand-1024x684.jpg?lossy=1&strip=1&webp=1 1024w, https:\/\/b2765252.smushcdn.com\/2765252\/wp-content\/uploads\/2022\/05\/travelift_manutention_voilier_marina_muiderzand-300x200.jpg?lossy=1&strip=1&webp=1 300w, https:\/\/b2765252.smushcdn.com\/2765252\/wp-content\/uploads\/2022\/05\/travelift_manutention_voilier_marina_muiderzand-768x513.jpg?lossy=1&strip=1&webp=1 768w, https:\/\/b2765252.smushcdn.com\/2765252\/wp-content\/uploads\/2022\/05\/travelift_manutention_voilier_marina_muiderzand-1536x1025.jpg?lossy=1&strip=1&webp=1 1536w, https:\/\/b2765252.smushcdn.com\/2765252\/wp-content\/uploads\/2022\/05\/travelift_manutention_voilier_marina_muiderzand.jpg?lossy=1&strip=1&webp=1 2048w, https:\/\/b2765252.smushcdn.com\/2765252\/wp-content\/uploads\/2022\/05\/travelift_manutention_voilier_marina_muiderzand.jpg?size=512x342&lossy=1&strip=1&webp=1 512w\" sizes=\"auto, (max-width: 1024px) 100vw, 1024px\" \/><figcaption class=\"wp-element-caption\">Hantering av upp till 50 ton i Almere<\/figcaption><\/figure>\n<\/figure>\n\n<p>Slutligen, om du vill l\u00e4mna din motorb\u00e5t i vattnet och samtidigt skydda den fr\u00e5n v\u00e4der och vind \u00e4r Naardens marina den perfekta platsen att bege sig till: du kan <strong>f\u00f6rvara din b\u00e5t i vattnet i ett t\u00e4ckt b\u00e5thus<\/strong>.<\/p>\n\n<div class=\"wp-block-buttons is-horizontal is-layout-flex wp-block-buttons-is-layout-flex\">\n<div class=\"wp-block-button is-style-fill\"><a class=\"wp-block-button__link has-white-color has-vivid-cyan-blue-background-color has-text-color has-background has-small-font-size has-custom-font-size wp-element-button\" href=\"https:\/\/www.port-adhoc.com\/sv\/jachthaven-naarden\/\" target=\"_blank\" rel=\"noreferrer noopener\">Uppt\u00e4ck Jachthaven Naarden \u27a1\ufe0f<\/a><\/div>\n<\/div>\n\n<div style=\"height:30px\" aria-hidden=\"true\" class=\"wp-block-spacer\"><\/div>\n\n<figure class=\"wp-block-image size-large\"><img loading=\"lazy\" decoding=\"async\" width=\"1024\" height=\"589\" src=\"https:\/\/b2765252.smushcdn.com\/2765252\/wp-content\/uploads\/2023\/07\/botenhuis-Naarden-e1688467103968-1024x589.jpeg?lossy=1&strip=1&webp=1\" alt=\"\" class=\"wp-image-22204\" srcset=\"https:\/\/b2765252.smushcdn.com\/2765252\/wp-content\/uploads\/2023\/07\/botenhuis-Naarden-e1688467103968-1024x589.jpeg?lossy=1&strip=1&webp=1 1024w, https:\/\/b2765252.smushcdn.com\/2765252\/wp-content\/uploads\/2023\/07\/botenhuis-Naarden-e1688467103968-300x173.jpeg?lossy=1&strip=1&webp=1 300w, https:\/\/b2765252.smushcdn.com\/2765252\/wp-content\/uploads\/2023\/07\/botenhuis-Naarden-e1688467103968-768x442.jpeg?lossy=1&strip=1&webp=1 768w, https:\/\/b2765252.smushcdn.com\/2765252\/wp-content\/uploads\/2023\/07\/botenhuis-Naarden-e1688467103968-1536x884.jpeg?lossy=1&strip=1&webp=1 1536w, https:\/\/b2765252.smushcdn.com\/2765252\/wp-content\/uploads\/2023\/07\/botenhuis-Naarden-e1688467103968.jpeg?lossy=1&strip=1&webp=1 2039w, https:\/\/b2765252.smushcdn.com\/2765252\/wp-content\/uploads\/2023\/07\/botenhuis-Naarden-e1688467103968.jpeg?size=512x295&lossy=1&strip=1&webp=1 512w\" sizes=\"auto, (max-width: 1024px) 100vw, 1024px\" \/><figcaption class=\"wp-element-caption\">Det t\u00e4ckta utomhusb\u00e5thuset vid Jachthaven Naarden<\/figcaption><\/figure>\n\n<div style=\"height:30px\" aria-hidden=\"true\" class=\"wp-block-spacer\"><\/div>\n\n<h2 class=\"wp-block-heading\"><strong>Ombyggnad och \u00e5rligt underh\u00e5ll av ditt fartyg<\/strong><\/h2>\n\n<p>Oavsett vilken l\u00f6sning du v\u00e4ljer f\u00f6r att \u00f6vervintra din b\u00e5t, p\u00e5 torra land eller i vattnet, inomhus eller utomhus, kommer det att vara m\u00f6jligt att komma \u00e5t din enhet i n\u00e5gon av marinorna i Port Adhoc-gruppen. S\u00e5 varf\u00f6r inte utnyttja l\u00e5gs\u00e4songen f\u00f6r att utf\u00f6ra det n\u00f6dv\u00e4ndiga underh\u00e5llsarbetet?<\/p>\n\n<p>Du kan utf\u00f6ra ditt eget <strong>underh\u00e5llsarbete<\/strong> i enlighet med hamnens best\u00e4mmelser eller boka in ett bes\u00f6k fr\u00e5n n\u00e5gon av v\u00e5ra <strong>professionella partners<\/strong>. De finns i alla v\u00e5ra marinor och \u00e4r specialiserade p\u00e5 alla yrken: marin mekanik, marin el och elektronik, m\u00e5lning, sadelmakeri, segelmakeri&#8230; Din b\u00e5t kommer att vara redo att komma ut i vattnet igen!<\/p>\n\n<p>L\u00e4s mer om v\u00e5ra partnervarv:<\/p>\n\n<ul class=\"wp-block-list\">\n<li>Flevo Marina Lelystad : <a href=\"https:\/\/www.flevomarina.com\/yachtservice-refit\/\">Yachtservice &amp; Refit<\/a><\/li>\n\n\n\n<li>Jachthaven Naarden : <a title=\"Jachtservice Gooimer\" href=\"https:\/\/www.jachtservicegooimeer.com\/\" target=\"_blank\" rel=\"noopener\">Jachtservice Gooimer<\/a><\/li>\n\n\n\n<li>Jachthaven Bruinisse : <a title=\"Yachtservice Van Swaay\" href=\"https:\/\/yachtservice-vanswaay.nl\/nl\" target=\"_blank\" rel=\"noopener\">Yachtservice Van Swaay<\/a><\/li>\n\n\n\n<li>Lelystad Haven : <a title=\"HML Service\" href=\"https:\/\/www.hml-service.nl\/\" target=\"_blank\" rel=\"noopener\">HML Service<\/a><\/li>\n\n\n\n<li>Deko Marina Lelystad : <a title=\"Jachthservice Flevoland\" href=\"https:\/\/www.jachtserviceflevoland.com\/\" target=\"_blank\" rel=\"noopener\">Jachthservice Flevoland<\/a><\/li>\n<\/ul>\n\n<div style=\"height:30px\" aria-hidden=\"true\" class=\"wp-block-spacer\"><\/div>\n\n<h2 class=\"wp-block-heading\"><strong>F\u00e5 din b\u00e5t i vattnet igen efter vinterf\u00f6rvaringen<\/strong><\/h2>\n\n<p>Om du v\u00e4ljer att <strong>vinterf\u00f6rvara din b\u00e5t p\u00e5 land<\/strong> m\u00e5ste du best\u00e4mma hur du vill <strong>hantera<\/strong> den innan du s\u00e4tter ut den i vattnet igen. Ditt beslut beror p\u00e5 din b\u00e5ts storlek, vikt och framdrivningss\u00e4tt.<\/p>\n\n<p>Hamnarna i Port Adhoc-gruppen har all hanteringsutrustning du beh\u00f6ver, fr\u00e5n <strong>trailers<\/strong> till <strong>travellifts<\/strong> och <strong>sv\u00e4ngkranar<\/strong>. F\u00f6r st\u00f6rre fartyg finns Marina Muiderzand i Almere, vars travelift kan hantera b\u00e5tar som v\u00e4ger upp till 50 ton.<\/p>\n\n<div class=\"wp-block-buttons is-horizontal is-layout-flex wp-block-buttons-is-layout-flex\">\n<div class=\"wp-block-button is-style-fill\"><a class=\"wp-block-button__link has-white-color has-vivid-cyan-blue-background-color has-text-color has-background has-small-font-size has-custom-font-size wp-element-button\" href=\"https:\/\/www.port-adhoc.com\/sv\/marina-muiderzand\/\" target=\"_blank\" rel=\"noreferrer noopener\">Uppt\u00e4ck Marina Muiderzand \u27a1\ufe0f<\/a><\/div>\n<\/div>\n\n<div style=\"height:31px\" aria-hidden=\"true\" class=\"wp-block-spacer\"><\/div>\n\n<h2 class=\"wp-block-heading\"><strong>Din vinterplats i en av Port Adhoc-gruppens marinor<\/strong><\/h2>\n\n<p>Vinterf\u00f6rvaring \u00e4r avg\u00f6rande f\u00f6r underh\u00e5llet och b\u00e5tens l\u00e5nga livsl\u00e4ngd, s\u00e5 b\u00e5tplatser i vattnet eller p\u00e5 torra land \u00e4r i allm\u00e4nhet mycket efterfr\u00e5gade. Vi r\u00e5der dig att ans\u00f6ka om en <strong>vinterplats<\/strong> s\u00e5 tidigt som m\u00f6jligt f\u00f6r att vara s\u00e4ker p\u00e5 att du har en plats tillg\u00e4nglig n\u00e4sta vinter. Detta g\u00e4ller oavsett om du \u00e4ger en motorb\u00e5t eller en segelb\u00e5t. Om du redan har gjort ditt val, kontakta v\u00e5rt team nu f\u00f6r att reservera din vinterplats i en av marinorna i Port Adhoc-gruppen!<\/p>\n\n<div class=\"wp-block-buttons is-horizontal is-layout-flex wp-block-buttons-is-layout-flex\">\n<div class=\"wp-block-button is-style-fill\"><a class=\"wp-block-button__link has-white-color has-vivid-cyan-blue-background-color has-text-color has-background has-small-font-size has-custom-font-size wp-element-button\" href=\"https:\/\/www.port-adhoc.com\/sv\/offert-batplats\/\" target=\"_blank\" rel=\"noreferrer noopener\">Kontakta oss \ud83d\udc4b<\/a><\/div>\n<\/div>\n","protected":false},"excerpt":{"rendered":"<p>Varje \u00e5r \u00e4r vinterf\u00f6rvaring av b\u00e5ten en mycket viktig \u00e5tg\u00e4rd f\u00f6r b\u00e5t\u00e4gare. Det g\u00f6r det m\u00f6jligt f\u00f6r dem att skydda sin b\u00e5t fr\u00e5n de h\u00e5rda vinterf\u00f6rh\u00e5llandena och h\u00e5lla den i gott skick fram till n\u00e4sta v\u00e5r. I den h\u00e4r artikeln tar vi en titt p\u00e5 de olika l\u00f6sningar f\u00f6r vinterf\u00f6rvaring som finns i de nederl\u00e4ndska marinorna i Port Adhoc Group.<\/p>\n","protected":false},"author":2,"featured_media":115545,"comment_status":"closed","ping_status":"closed","sticky":false,"template":"","format":"standard","meta":{"wds_primary_category":0,"footnotes":""},"categories":[176],"tags":[196,265,194,189,193,195],"class_list":["post-57472","post","type-post","status-publish","format-standard","has-post-thumbnail","hentry","category-teknik-och-tips","tag-deko-marina-lelystad-sv","tag-flevo-marina-sv","tag-jachthaven-bruinisse-sv","tag-jachthaven-lelystad-haven-sv","tag-jachthaven-naarden-sv","tag-marina-muiderzand-sv"],"_links":{"self":[{"href":"https:\/\/www.port-adhoc.com\/sv\/wp-json\/wp\/v2\/posts\/57472","targetHints":{"allow":["GET"]}}],"collection":[{"href":"https:\/\/www.port-adhoc.com\/sv\/wp-json\/wp\/v2\/posts"}],"about":[{"href":"https:\/\/www.port-adhoc.com\/sv\/wp-json\/wp\/v2\/types\/post"}],"author":[{"embeddable":true,"href":"https:\/\/www.port-adhoc.com\/sv\/wp-json\/wp\/v2\/users\/2"}],"replies":[{"embeddable":true,"href":"https:\/\/www.port-adhoc.com\/sv\/wp-json\/wp\/v2\/comments?post=57472"}],"version-history":[{"count":0,"href":"https:\/\/www.port-adhoc.com\/sv\/wp-json\/wp\/v2\/posts\/57472\/revisions"}],"wp:featuredmedia":[{"embeddable":true,"href":"https:\/\/www.port-adhoc.com\/sv\/wp-json\/wp\/v2\/media\/115545"}],"wp:attachment":[{"href":"https:\/\/www.port-adhoc.com\/sv\/wp-json\/wp\/v2\/media?parent=57472"}],"wp:term":[{"taxonomy":"category","embeddable":true,"href":"https:\/\/www.port-adhoc.com\/sv\/wp-json\/wp\/v2\/categories?post=57472"},{"taxonomy":"post_tag","embeddable":true,"href":"https:\/\/www.port-adhoc.com\/sv\/wp-json\/wp\/v2\/tags?post=57472"}],"curies":[{"name":"wp","href":"https:\/\/api.w.org\/{rel}","templated":true}]}}