{"id":87592,"date":"2025-02-17T10:50:45","date_gmt":"2025-02-17T09:50:45","guid":{"rendered":"https:\/\/www.port-adhoc.com\/blog\/okategoriserat\/kran-och-lyftarbeten-for-batar-i-gironde\/"},"modified":"2025-09-11T16:35:41","modified_gmt":"2025-09-11T14:35:41","slug":"kran-och-lyftarbeten-for-batar-i-gironde","status":"publish","type":"post","link":"https:\/\/www.port-adhoc.com\/sv\/blog\/teknik-och-tips\/kran-och-lyftarbeten-for-batar-i-gironde\/","title":{"rendered":"B\u00e5tlyft och sj\u00f6s\u00e4ttning i Gironde"},"content":{"rendered":"\n<p class=\"has-small-font-size\">Publiceringsdatum: 17\/02\/2025<\/p>\n\n<div style=\"height:60px\" aria-hidden=\"true\" class=\"wp-block-spacer\"><\/div>\n\n<div style=\"height:0px\" aria-hidden=\"true\" class=\"wp-block-spacer\"><\/div>\n\n<h2 class=\"wp-block-heading\"><strong>Lyfta en b\u00e5t i Gironde eller n\u00e5gon annanstans<\/strong><\/h2>\n\n<p>Om du \u00e4r en av de f\u00e5 b\u00e5t\u00e4gare som aldrig har \u201dlyft ett skepp\u201d, l\u00e5t oss b\u00f6rja med n\u00e5gra f\u00f6rklaringar:<\/p>\n\n<p>Varje motorb\u00e5t eller segelb\u00e5t genomg\u00e5r sin f\u00f6rsta kranning n\u00e4r den \u00e4r ny &#8211; eller n\u00e4r den f\u00f6rst sj\u00f6s\u00e4tts i slutet av sin byggtid. Men vad \u00e4r d\u00e5 sk\u00e4len till att <b><strong>krana en b\u00e5t i Gironde<\/strong><\/b> eller n\u00e5gon annanstans?<\/p>\n\n<p>Oavsett vilket omr\u00e5de du arbetar inom \u00e4r det ofta n\u00f6dv\u00e4ndigt att <b><strong>lyfta<\/strong><\/b> och hantera <b><strong>ett fartyg<\/strong><\/b> f\u00f6r att <b><strong>f\u00f6rbereda det f\u00f6r avsegling<\/strong><\/b>, <b><strong>h\u00e5lla det i gott skick<\/strong><\/b> och garantera <b><strong>s\u00e4kerheten f\u00f6r bes\u00e4ttningen<\/strong><\/b> ombord.<\/p>\n\n<p>\u00c4garen till en segelb\u00e5t eller motorb\u00e5t kan till exempel anv\u00e4nda sig av b\u00e5tlyft eller kranverksamhet:<\/p>\n\n<ul class=\"wp-block-list\">\n<li>F\u00f6r att <b><strong>utf\u00f6ra<\/strong><\/b> underh\u00e5lls- eller reparationsarbete<\/li>\n\n\n\n<li>Eftersom b\u00e5t\u00e4garen valde att f\u00f6rvara <b><strong>sin enhet p\u00e5 torra land<\/strong><\/b><\/li>\n\n\n\n<li>F\u00f6r att <b><strong>transportera<\/strong><\/b> den<\/li>\n\n\n\n<li>F\u00f6r att <b><strong>inspektera<\/strong><\/b> den i detalj<\/li>\n<\/ul>\n\n<div style=\"height:30px\" aria-hidden=\"true\" class=\"wp-block-spacer\"><\/div>\n\n<h3 class=\"wp-block-heading\"><b><strong>Hantering av en b\u00e5t, n\u00f6dv\u00e4ndigt vid f\u00f6rvaring p\u00e5 land<\/strong><\/b><\/h3>\n\n<p>Vissa seglare v\u00e4ljer att h\u00e5lla sina b\u00e5tar torra under vintern f\u00f6r att skydda dem mot v\u00e4der och vind. B\u00e5ten m\u00e5ste sedan <b><strong>sj\u00f6s\u00e4ttas <\/strong><\/b>i b\u00f6rjan av s\u00e4songen, p\u00e5 v\u00e5ren, och <b><strong>tas upp ur vattnet<\/strong><\/b> i slutet av sommaren. <b><strong>B\u00e5ten <\/strong><\/b>m\u00e5ste <b><strong>hanteras <\/strong><\/b>tv\u00e5 g\u00e5nger per \u00e5r. B\u00e5ten ligger kvar i vattnet under seglingss\u00e4songen.<\/p>\n\n<p><p class=\"\" data-start=\"0\" data-end=\"153\">Det finns ocks\u00e5 b\u00e5t\u00e4gare som v\u00e4ljer att alltid f\u00f6rvara sin b\u00e5t p\u00e5 land, till exempel p\u00e5 en uppst\u00e4llningsplats, i en torrmarina eller hemma i tr\u00e4dg\u00e5rden.\u00a0 F\u00f6r dessa personer <b><strong>m\u00e5ste b\u00e5ten hanteras<\/strong><\/b> varje g\u00e5ng den l\u00e4mnar uppst\u00e4llningsplatsen, antingen i eller ur vattnet, med hj\u00e4lp av en <b><strong>slipway<\/strong><\/b> eller en <b><strong>lyftanordning<\/strong><\/b>. Beroende p\u00e5 b\u00e5tens egenskaper och vattenytan!<\/p><\/p>\n\n<div style=\"height:30px\" aria-hidden=\"true\" class=\"wp-block-spacer\"><\/div>\n\n<div class=\"wp-block-buttons is-layout-flex wp-block-buttons-is-layout-flex\">\n<div class=\"wp-block-button\"><a class=\"wp-block-button__link has-white-color has-vivid-cyan-blue-background-color has-text-color has-background has-link-color wp-element-button\" href=\"https:\/\/www.port-adhoc.com\/sv\/koncernen\/vara-torrmarinor\/\" target=\"_blank\" rel=\"noreferrer noopener\">Uppt\u00e4ck v\u00e5ra torrmarinor \ud83d\udc4b<\/a><\/div>\n<\/div>\n\n<div style=\"height:30px\" aria-hidden=\"true\" class=\"wp-block-spacer\"><\/div>\n\n<h3 class=\"wp-block-heading\"><b><strong>B\u00e5tkran f\u00f6r v\u00e4gtransport<\/strong><\/b><\/h3>\n\n<p>En b\u00e5t hanteras ocks\u00e5 f\u00f6r att <b><strong>placeras p\u00e5 en trailer eller lastbil, till<\/strong><\/b> exempel f\u00f6r att <b><strong>flytta<\/strong><\/b> den till en <b><strong>annan plats.<\/strong><\/b> Detta kan vara fallet n\u00e4r en <b><strong>b\u00e5t<\/strong><\/b> ska flyttas eller efter ett beslut om att \u00e4ndra navigationsomr\u00e5de.<\/p>\n\n<p>Om du vill uppt\u00e4cka ett annat vattendrag kan det vara mycket praktiskt att <b><strong>hyra en b\u00e5t<\/strong><\/b> och ta den med bil till en ny destination!<\/p>\n\n<div style=\"height:60px\" aria-hidden=\"true\" class=\"wp-block-spacer\"><\/div>\n\n<figure class=\"wp-block-image size-large\"><img fetchpriority=\"high\" decoding=\"async\" width=\"1024\" height=\"683\" src=\"https:\/\/b2765252.smushcdn.com\/2765252\/wp-content\/uploads\/2025\/01\/AdobeStock_265482395-1024x683.jpeg?lossy=1&strip=1&webp=1\" alt=\"\" class=\"wp-image-69239\" srcset=\"https:\/\/b2765252.smushcdn.com\/2765252\/wp-content\/uploads\/2025\/01\/AdobeStock_265482395-1024x683.jpeg?lossy=1&strip=1&webp=1 1024w, https:\/\/b2765252.smushcdn.com\/2765252\/wp-content\/uploads\/2025\/01\/AdobeStock_265482395-300x200.jpeg?lossy=1&strip=1&webp=1 300w, https:\/\/b2765252.smushcdn.com\/2765252\/wp-content\/uploads\/2025\/01\/AdobeStock_265482395-768x512.jpeg?lossy=1&strip=1&webp=1 768w, https:\/\/b2765252.smushcdn.com\/2765252\/wp-content\/uploads\/2025\/01\/AdobeStock_265482395-1536x1024.jpeg?lossy=1&strip=1&webp=1 1536w, https:\/\/b2765252.smushcdn.com\/2765252\/wp-content\/uploads\/2025\/01\/AdobeStock_265482395-2048x1365.jpeg?lossy=1&strip=1&webp=1 2048w, https:\/\/b2765252.smushcdn.com\/2765252\/wp-content\/uploads\/2025\/01\/AdobeStock_265482395.jpeg?size=512x342&lossy=1&strip=1&webp=1 512w\" sizes=\"(max-width: 1024px) 100vw, 1024px\" \/><figcaption class=\"wp-element-caption\">Krana upp en b\u00e5t p\u00e5 en trailer<\/figcaption><\/figure>\n\n<div style=\"height:30px\" aria-hidden=\"true\" class=\"wp-block-spacer\"><\/div>\n\n<h3 class=\"wp-block-heading\"><b><strong>Lyfta en b\u00e5t f\u00f6r att inspektera skrov och str\u00f6mf\u00f6rande delar<\/strong><\/b><\/h3>\n\n<p><b><strong>Genom att rigga en b\u00e5t i Gironde<\/strong><\/b> eller n\u00e5gon annanstans kan du ocks\u00e5 uppt\u00e4cka dess neds\u00e4nkta delar &#8211; osynliga n\u00e4r b\u00e5ten \u00e4r i vattnet. Genom att lyfta upp ett fartyg kan du <b><strong>visuellt inspektera <\/strong><\/b>skrov, propellrar, dolkbr\u00e4dor, roder &#8230; samt utrustning som ekolod. <b><strong>Inspektionerna<\/strong><\/b> \u00e4r mycket enklare och mer exakta \u00e4n vid dykning!<\/p>\n\n<p>Tack vare denna operation kan redaren vara s\u00e4ker p\u00e5 att fartygets struktur \u00e4r i gott skick och att <b><strong>s\u00e4kerheten ombord<\/strong><\/b> \u00e4r garanterad.<\/p>\n\n<div style=\"height:30px\" aria-hidden=\"true\" class=\"wp-block-spacer\"><\/div>\n\n<h3 class=\"wp-block-heading\"><b><strong>Hantering f\u00f6r service- eller underh\u00e5llsarbete<\/strong><\/b><\/h3>\n\n<p>Om en avvikelse har noterats under kontrollen av b\u00e5tens skick kan du ta upp b\u00e5ten ur vattnet f\u00f6r att arbeta med att reparera skadan. Om <b><strong>b\u00e5ten tas upp ur vattnet i sin helhet <\/strong><\/b>kan du <b><strong>arbeta med skrovet<\/strong><\/b>, t.ex. <b><strong>reng\u00f6ra undervattensskrovet<\/strong><\/b>\u00a0eller applicera bottenf\u00e4rg.<\/p>\n\n<p>N\u00e4r b\u00e5ten fortfarande ligger i vattnet och \u00e4r parkerad n\u00e4ra en kaj kan kranar och annan hanteringsutrustning ocks\u00e5 anv\u00e4ndas f\u00f6r att <b><strong>ta bort eller byta ut en del av utrustningen<\/strong><\/b>. Detta \u00e4r till exempel ofta fallet n\u00e4r man arbetar med riggen p\u00e5 en segelb\u00e5t, med <b><strong>borttagning och<\/strong><\/b> <b><strong>nedmontering<\/strong><\/b> <b><strong>av masten<\/strong><\/b>.<\/p>\n\n<div style=\"height:30px\" aria-hidden=\"true\" class=\"wp-block-spacer\"><\/div>\n\n<h2 class=\"wp-block-heading\"><b><strong>Kranmontage eller b\u00e5tlyft i Gironde: vilka \u00e4r alternativen?<\/strong><\/b><\/h2>\n\n<p>Brukar du segla p\u00e5 Girondes flodmynning, Bassin d&#8217;Arcachon eller l\u00e4ngs Atlantkusten och vill du ta upp eller sj\u00f6s\u00e4tta din b\u00e5t i departementet? Ett antal marinor erbjuder <b><strong>b\u00e5tlyft- och kranningstj\u00e4nster i Gironde.<\/strong><\/b><\/p>\n\n<p>Bland dessa kan n\u00e4mnas <b><strong>hamnen La Vigne<\/strong><\/b> i L\u00e8ge-Cap-Ferret, <b><strong>hamnen i Meschers-sur-Gironde<\/strong><\/b>, <b><strong>b\u00e5tvarvet <\/strong><em><strong>Les pieds au Sec<\/strong><\/em><\/b> i Mortagne-sur-Gironde och marinan Port M\u00e9doc i Le Verdon-sur-Mer.<\/p>\n\n<div style=\"height:60px\" aria-hidden=\"true\" class=\"wp-block-spacer\"><\/div>\n\n<h3 class=\"wp-block-heading\"><b><strong>Marinor som erbjuder b\u00e5tlyft i och runt Gironde<\/strong><\/b><\/h3>\n\n<div style=\"overflow:auto; width:100%; font-family: Arial, sans-serif;\">\r\n    <table style=\"width:100%; border-collapse:collapse; margin:10px 0; font-size:14px; text-align:left;\">\r\n        <thead style=\"background-color:#f4f4f4; border-bottom:2px solid #ddd;\">\r\n            <tr>\r\n                <th style=\"padding:10px; border:1px solid #ddd;\">Plats<\/th>\r\n                <th style=\"padding:10px; border:1px solid #ddd;\">L\u00e4ge<\/th>\r\n            <\/tr>\r\n        <\/thead>\r\n        <tbody>\r\n            <tr style=\"background-color:#f9f9f9;\">\r\n                <td style=\"padding:10px; border:1px solid #ddd;\">Port de la Vigne<\/td>\r\n                <td style=\"padding:10px; border:1px solid #ddd;\">L\u00e8ge-Cap-Ferret<\/td>\r\n            <\/tr>\r\n            <tr>\r\n                <td style=\"padding:10px; border:1px solid #ddd;\">Meschers-sur-Gironde hamn<\/td>\r\n                <td style=\"padding:10px; border:1px solid #ddd;\">Meschers-sur-Gironde<\/td>\r\n            <\/tr>\r\n            <tr style=\"background-color:#f9f9f9;\">\r\n                <td style=\"padding:10px; border:1px solid #ddd;\">Les Pieds au Sec (Chantier Naval)<\/td>\r\n                <td style=\"padding:10px; border:1px solid #ddd;\">Mortagne-sur-Gironde<\/td>\r\n            <\/tr>\r\n            <tr>\r\n                <td style=\"padding:10px; border:1px solid #ddd;\">Port M\u00e9doc<\/td>\r\n                <td style=\"padding:10px; border:1px solid #ddd;\">Verdon-sur-Mer<\/td>\r\n            <\/tr>\r\n            <tr style=\"background-color:#f9f9f9;\">\r\n                <td style=\"padding:10px; border:1px solid #ddd;\">Arcachon hamn<\/td>\r\n                <td style=\"padding:10px; border:1px solid #ddd;\">Arcachon<\/td>\r\n            <\/tr>\r\n        <\/tbody>\r\n    <\/table>\r\n<\/div>\r\n\n<div style=\"height:30px\" aria-hidden=\"true\" class=\"wp-block-spacer\"><\/div>\n\n<p>\u00c4ven om det finns ett antal akt\u00f6rer som erbjuder kran- och <b><strong>b\u00e5thanteringstj\u00e4nster i Gironde<\/strong><\/b>, skiljer sig Port M\u00e9doc fr\u00e5n de andra Girondehamnarna tack vare <b><strong>kapaciteten i sin lyftutrustning.<\/strong><\/b> <b><strong>M\u00e5ngfalden<\/strong><\/b> av tj\u00e4nster som erbjuds seglare \u00e4r ocks\u00e5 en styrka.<\/p>\n\n<p>Marinan har stora arbetsomr\u00e5den samt h\u00f6gpresterande hanterings- och kranutrustning. Marinans team kan lyfta och hantera fartyg som v\u00e4ger upp till <b><strong>45 ton<\/strong><\/b>.<\/p>\n\n<div style=\"height:30px\" aria-hidden=\"true\" class=\"wp-block-spacer\"><\/div>\n\n<p class=\"has-background\" style=\"background-color:#abb7c233\"><b><strong>Visste du att du kan g\u00f6ra det?<\/strong><\/b>&#13;\nF\u00f6r att ta upp <b><strong>en b\u00e5t ur vattnet i Gironde<\/strong><\/b>, eller f\u00f6r att sj\u00f6s\u00e4tta den, kan du ocks\u00e5 f\u00e5 en kran f\u00f6rd till \u00f6nskad plats. Du b\u00f6r dock vara medveten om att kostnaden f\u00f6r s\u00e5dan hantering ofta \u00e4r h\u00f6gre \u00e4n det pris som tas ut f\u00f6r denna tj\u00e4nst i en marina. Du kommer inte heller att kunna dra nytta av de faciliteter som erbjuds av marinans infrastruktur, eller n\u00e4rheten till professionella och specialiserade butiker.<\/p>\n\n<div style=\"height:60px\" aria-hidden=\"true\" class=\"wp-block-spacer\"><\/div>\n\n<h2 class=\"wp-block-heading\"><b><strong>V\u00e5r l\u00f6sning f\u00f6r b\u00e5thantering i Gironde<\/strong><\/b><\/h2>\n\n<p>Letar du efter en enkel och praktisk plats att ta upp en b\u00e5t p\u00e5 i Gironde?<\/p>\n\n<p>I v\u00e5r marina i Port M\u00e9doc, vid Girondes mynning och n\u00e4ra n\u00e5gra av de vackraste resm\u00e5len i Charente-Maritime, kan vi utf\u00f6ra dina <b><strong>b\u00e5tlyft<\/strong><\/b> \u00e5ret runt!<\/p>\n\n<div style=\"height:30px\" aria-hidden=\"true\" class=\"wp-block-spacer\"><\/div>\n\n<div class=\"wp-block-buttons is-layout-flex wp-block-buttons-is-layout-flex\">\n<div class=\"wp-block-button\"><a class=\"wp-block-button__link has-white-color has-vivid-cyan-blue-background-color has-text-color has-background has-link-color wp-element-button\" href=\"https:\/\/www.port-adhoc.com\/sv\/port-medoc\/\" target=\"_blank\" rel=\"noreferrer noopener\">Uppt\u00e4ck Port M\u00e9doc \ud83d\udc4b<\/a><\/div>\n<\/div>\n\n<div style=\"height:60px\" aria-hidden=\"true\" class=\"wp-block-spacer\"><\/div>\n\n<h3 class=\"wp-block-heading\"><b><strong>V\u00e5ra tj\u00e4nster f\u00f6r lyft och kranning av b\u00e5tar i Gironde<\/strong><\/b><\/h3>\n\n<p>Om Port M\u00e9doc \u00e4r en k\u00e4nd plats f\u00f6r <b><strong>b\u00e5tlyft i Gironde<\/strong><\/b> \u00e4r det f\u00f6rst och fr\u00e4mst f\u00f6r de kvalitetsfaciliteter som erbjuds: v\u00e5r marina i Verdon-sur-Mer har ett <b><strong>upptagningsomr\u00e5de<\/strong><\/b> och en <b><strong>f\u00f6rvaringszon<\/strong><\/b>, som \u00e4r s\u00e4rskilt popul\u00e4ra bland b\u00e5t\u00e4gare.<\/p>\n\n<p>H\u00f6gtryckstv\u00e4tt, m\u00e5lning, kl\u00e4dsel, mekaniska, elektriska eller elektroniska reparationer &#8230; tack vare de h\u00f6gkvalitativa anl\u00e4ggningarna, nautiska yrkesm\u00e4n och specialbutiker kan alla underh\u00e5lls-, \u00f6versyns- och reparationsarbeten utf\u00f6ras p\u00e5 plats.<\/p>\n\n<div style=\"height:60px\" aria-hidden=\"true\" class=\"wp-block-spacer\"><\/div>\n\n<figure class=\"wp-block-image size-large\"><img decoding=\"async\" width=\"1024\" height=\"680\" src=\"https:\/\/b2765252.smushcdn.com\/2765252\/wp-content\/uploads\/2022\/06\/port_medoc_capitainerie_ponton_accueil-scaled-1024x680.jpg?lossy=1&strip=1&webp=1\" alt=\"Port_M&#xE9;doc_Hamnkaptenens_kontor_Pontoon_Hem\" class=\"wp-image-12087\" srcset=\"https:\/\/b2765252.smushcdn.com\/2765252\/wp-content\/uploads\/2022\/06\/port_medoc_capitainerie_ponton_accueil-scaled-1024x680.jpg?lossy=1&strip=1&webp=1 1024w, https:\/\/b2765252.smushcdn.com\/2765252\/wp-content\/uploads\/2022\/06\/port_medoc_capitainerie_ponton_accueil-scaled-300x199.jpg?lossy=1&strip=1&webp=1 300w, https:\/\/b2765252.smushcdn.com\/2765252\/wp-content\/uploads\/2022\/06\/port_medoc_capitainerie_ponton_accueil-scaled-768x510.jpg?lossy=1&strip=1&webp=1 768w, https:\/\/b2765252.smushcdn.com\/2765252\/wp-content\/uploads\/2022\/06\/port_medoc_capitainerie_ponton_accueil-scaled-1536x1021.jpg?lossy=1&strip=1&webp=1 1536w, https:\/\/b2765252.smushcdn.com\/2765252\/wp-content\/uploads\/2022\/06\/port_medoc_capitainerie_ponton_accueil-scaled-2048x1361.jpg?lossy=1&strip=1&webp=1 2048w, https:\/\/b2765252.smushcdn.com\/2765252\/wp-content\/uploads\/2022\/06\/port_medoc_capitainerie_ponton_accueil-scaled.jpg?size=512x340&lossy=1&strip=1&webp=1 512w\" sizes=\"auto, (max-width: 1024px) 100vw, 1024px\" loading=\"lazy\" \/><figcaption class=\"wp-element-caption\">Port M\u00e9docs hamnkaptenskontor<\/figcaption><\/figure>\n\n<div style=\"height:60px\" aria-hidden=\"true\" class=\"wp-block-spacer\"><\/div>\n\n<p>Det <b><strong>\u00e4r l\u00e4tt att ta sig till marinan<\/strong><\/b>, b\u00e5de via vatten och land:<\/p>\n\n<ul class=\"wp-block-list\">\n<li>De breda och djupa hamnomr\u00e5dena kan ta emot ett mycket stort antal b\u00e5tar: upp till <b><strong>30 meter l\u00e5nga<\/strong><\/b> och med ett djupg\u00e5ende p\u00e5 upp till <b><strong>3 meter<\/strong><\/b>.<\/li>\n\n\n\n<li>L\u00e4get g\u00f6r det enkelt att ta sig till Port M\u00e9doc med bil.<\/li>\n<\/ul>\n\n<p>N\u00e4r det g\u00e4ller utrustning \u00e4r <b><strong>Port M\u00e9docs travelift<\/strong><\/b> en modern och h\u00f6gpresterande maskin. Den kan hantera b\u00e5tar som v\u00e4ger upp till <b><strong>45 ton<\/strong><\/b>.<\/p>\n\n<div style=\"height:30px\" aria-hidden=\"true\" class=\"wp-block-spacer\"><\/div>\n\n<p class=\"has-background\" style=\"background-color:#abb7c233\"><b><strong>Visste du det?<\/strong><\/b>&#13;\nPort M\u00e9doc-teamen erbjuder flera All Inclusive-paket f\u00f6r b\u00e5t\u00f6vervintring och <b><strong>uppl\u00e4ggning i Gironde<\/strong><\/b>.&#13;\n<em>Car\u00e9nage Express<\/em> &#8211; med 2 dagars torrf\u00f6rvaring och 2 hanteringsoperationer, <em>Car\u00e9nage <\/em><em>Comfort<\/em> &#8211; med 1 m\u00e5nads torrf\u00f6rvaring och 2 hanteringsoperationer, <em>Car\u00e9nage Hivernal <\/em>&#8211; med 4 m\u00e5naders torrf\u00f6rvaring och 2 hanteringsoperationer&#8230;&#13;\nVi har b\u00e5tlyftpaketet f\u00f6r dig!<\/p>\n\n<div style=\"height:30px\" aria-hidden=\"true\" class=\"wp-block-spacer\"><\/div>\n\n<p>Vill du ha mer information om de l\u00f6sningar vi erbjuder f\u00f6r att lyfta b\u00e5tar i Port M\u00e9doc, Gironde?<\/p>\n\n<div style=\"height:30px\" aria-hidden=\"true\" class=\"wp-block-spacer\"><\/div>\n\n<div class=\"wp-block-buttons is-layout-flex wp-block-buttons-is-layout-flex\">\n<div class=\"wp-block-button\"><a class=\"wp-block-button__link has-white-color has-vivid-cyan-blue-background-color has-text-color has-background has-link-color wp-element-button\" href=\"https:\/\/www.port-adhoc.com\/sv\/offert-batplats\/\" target=\"_blank\" rel=\"noreferrer noopener\">Kontakta oss \ud83d\udc4b<\/a><\/div>\n<\/div>\n","protected":false},"excerpt":{"rendered":"<p>Som \u00e4gare \u00e4r det inte ovanligt att beh\u00f6va rigga en motorb\u00e5t eller segelb\u00e5t: hanteringen \u00e4r en del av fartygets vardag och kan ske upp till flera g\u00e5nger per \u00e5r! Men vet du vilka alternativ som finns f\u00f6r att lyfta eller krana en b\u00e5t i Gironde?<\/p>\n","protected":false},"author":26,"featured_media":114973,"comment_status":"closed","ping_status":"closed","sticky":false,"template":"","format":"standard","meta":{"wds_primary_category":0,"footnotes":""},"categories":[176],"tags":[191],"class_list":["post-87592","post","type-post","status-publish","format-standard","has-post-thumbnail","hentry","category-teknik-och-tips","tag-port-medoc-sv"],"_links":{"self":[{"href":"https:\/\/www.port-adhoc.com\/sv\/wp-json\/wp\/v2\/posts\/87592","targetHints":{"allow":["GET"]}}],"collection":[{"href":"https:\/\/www.port-adhoc.com\/sv\/wp-json\/wp\/v2\/posts"}],"about":[{"href":"https:\/\/www.port-adhoc.com\/sv\/wp-json\/wp\/v2\/types\/post"}],"author":[{"embeddable":true,"href":"https:\/\/www.port-adhoc.com\/sv\/wp-json\/wp\/v2\/users\/26"}],"replies":[{"embeddable":true,"href":"https:\/\/www.port-adhoc.com\/sv\/wp-json\/wp\/v2\/comments?post=87592"}],"version-history":[{"count":0,"href":"https:\/\/www.port-adhoc.com\/sv\/wp-json\/wp\/v2\/posts\/87592\/revisions"}],"wp:featuredmedia":[{"embeddable":true,"href":"https:\/\/www.port-adhoc.com\/sv\/wp-json\/wp\/v2\/media\/114973"}],"wp:attachment":[{"href":"https:\/\/www.port-adhoc.com\/sv\/wp-json\/wp\/v2\/media?parent=87592"}],"wp:term":[{"taxonomy":"category","embeddable":true,"href":"https:\/\/www.port-adhoc.com\/sv\/wp-json\/wp\/v2\/categories?post=87592"},{"taxonomy":"post_tag","embeddable":true,"href":"https:\/\/www.port-adhoc.com\/sv\/wp-json\/wp\/v2\/tags?post=87592"}],"curies":[{"name":"wp","href":"https:\/\/api.w.org\/{rel}","templated":true}]}}