{"id":87598,"date":"2025-03-26T11:03:58","date_gmt":"2025-03-26T10:03:58","guid":{"rendered":"https:\/\/www.port-adhoc.com\/blog\/okategoriserat\/bathantering-i-bretagne-ny-utrustning-i-port-adhoc-paimpol\/"},"modified":"2025-09-11T16:16:17","modified_gmt":"2025-09-11T14:16:17","slug":"bathantering-i-bretagne-ny-utrustning-i-port-adhoc-paimpol","status":"publish","type":"post","link":"https:\/\/www.port-adhoc.com\/sv\/blog\/marinanyheter\/bathantering-i-bretagne-ny-utrustning-i-port-adhoc-paimpol\/","title":{"rendered":"B\u00e5thantering i Bretagne: ny utrustning i Port Adhoc Paimpol"},"content":{"rendered":"\n<p class=\"has-small-font-size\">Publiceringsdatum: 26\/03\/2025<\/p>\n\n<div style=\"height:60px\" aria-hidden=\"true\" class=\"wp-block-spacer\"><\/div>\n\n<div style=\"height:0px\" aria-hidden=\"true\" class=\"wp-block-spacer\"><\/div>\n\n<h2 class=\"wp-block-heading\"><b><strong>B\u00e5thantering i Bretagne<\/strong><\/b><\/h2>\n\n<p>Bretagne \u00e4r en fantastisk seglingsregion som lockar m\u00e5nga motorb\u00e5ts- och segelb\u00e5tsseglare varje \u00e5r. Regionen har n\u00e5gra <b><strong>magnifika destinationer<\/strong><\/b> att uppt\u00e4cka p\u00e5 en havsutflykt eller kryssning, <b><strong>v\u00e4lkomnande platser att stanna till<\/strong><\/b> och <b><strong>goda seglingsf\u00f6rh\u00e5llanden<\/strong><\/b>.<\/p>\n\n<p>M\u00e5nga seglare kommer sj\u00f6v\u00e4gen eller landv\u00e4gen och beh\u00f6ver <b><strong>hantera sin b\u00e5t<\/strong><\/b> f\u00f6r att f\u00e5 den i eller ur vattnet!<\/p>\n\n<div style=\"height:30px\" aria-hidden=\"true\" class=\"wp-block-spacer\"><\/div>\n\n<p><b><strong>\u00c4r det s\u00e5 f\u00f6r dig ocks\u00e5?<\/strong><\/b><\/p>\n\n<p>Beroende p\u00e5 fartygets l\u00e4ngd, bredd, vikt och specifika behov, men ocks\u00e5 p\u00e5 hur ofta det ska sj\u00f6s\u00e4ttas eller dras upp, har du ett eller flera alternativ.<\/p>\n\n<p>Det kan handla om <b><strong>b\u00e5thantering i en marina<\/strong><\/b>, <b><strong>hantering med mobilkran<\/strong><\/b> eller <b><strong>hantering p\u00e5 ett bretonskt varv<\/strong><\/b>&#8230; med en hamnkran eller kajkran, en travel lift eller lyft med lyftband, en gaffeltruck eller hydraulisk vagn, en trailer eller en sj\u00f6s\u00e4ttningsramp\u2026<\/p>\n\n<div style=\"height:15px\" aria-hidden=\"true\" class=\"wp-block-spacer\"><\/div>\n\n<p>I den h\u00e4r artikeln koncentrerar vi oss p\u00e5 <b><strong>sj\u00f6s\u00e4ttning<\/strong><\/b> och <b><strong>upptagning ur vattnet i en marina<\/strong><\/b>, oavsett om det \u00e4r f\u00f6r en kort eller l\u00e5ng period.<\/p>\n\n<div style=\"height:60px\" aria-hidden=\"true\" class=\"wp-block-spacer\"><\/div>\n\n<h3 class=\"wp-block-heading\"><b><strong>Sj\u00f6s\u00e4ttning eller upptagning av en b\u00e5t i en bretonsk marina<\/strong><\/b><\/h3>\n\n<div style=\"height:30px\" aria-hidden=\"true\" class=\"wp-block-spacer\"><\/div>\n\n<p>Det saknas inte alternativ f\u00f6r att <b><strong>lyfta<\/strong><\/b> och <b><strong>hantera b\u00e5tar i Bretagne<\/strong><\/b>. Nedan f\u00f6ljer ett antal l\u00f6sningar:<\/p>\n\n<div style=\"height:30px\" aria-hidden=\"true\" class=\"wp-block-spacer\"><\/div>\n\n<ul class=\"wp-block-list\">\n<li><b><strong>B\u00e5thantering i norra Bretagne<\/strong><\/b><\/li>\n<\/ul>\n\n<p>Olika lyft- och sj\u00f6s\u00e4ttningsoperationer \u00e4r m\u00f6jliga i marinan i Perros-Guirec, hamnen i Roscoff-Bloscon, hamnen i L\u00e9zardrieux, hamnen i Cancale, hamnen i Saint-Malo och hamnen i Saint-Cast-Le-Guildo.<\/p>\n\n<p>Port Adhoc Paimpol i C\u00f4tes d&#8217;Armor erbjuder sj\u00f6s\u00e4ttnings-, upptagnings- och hanteringstj\u00e4nster f\u00f6r motorb\u00e5tar med en total l\u00e4ngd p\u00e5 upp till 8,50 meter. Torrmarinan har moderna faciliteter och erbjuder sina tj\u00e4nster \u00e5ret runt.<\/p>\n\n<div style=\"height:30px\" aria-hidden=\"true\" class=\"wp-block-spacer\"><\/div>\n\n<ul class=\"wp-block-list\">\n<li><b><strong>B\u00e5thantering i s\u00f6dra Bretagne<\/strong><\/b><\/li>\n<\/ul>\n\n<p>I s\u00f6dra Bretagne kan du lyfta upp din b\u00e5t ur vattnet i hamnen i Lorient, hamnen i B\u00e9nodet, hamnen i La Trinit\u00e9-sur-Mer eller till exempel Crouesty-marinan i Arzon. Om du seglar i Finist\u00e8re eller Morbihan, i kustomr\u00e5den, p\u00e5 Vilaine eller Odet&#8230; kan du ocks\u00e5 enkelt f\u00e5 din b\u00e5t hanterad!<\/p>\n\n<div style=\"height:30px\" aria-hidden=\"true\" class=\"wp-block-spacer\"><\/div>\n\n<ul class=\"wp-block-list\">\n<li><b><strong>B\u00e5thantering vid Bretagnes spets<\/strong><\/b><\/li>\n<\/ul>\n\n<p>I Bretagnes v\u00e4stra \u00e4nde, i departementet Finist\u00e8re, finns det ocks\u00e5 ett antal alternativ f\u00f6r att sj\u00f6s\u00e4tta eller ta upp en b\u00e5t ur vattnet. Hamnen i Brest, till exempel, hamnen i Aberwrac&#8217;h, marinan i Port-la-For\u00eat&#8230;<\/p>\n\n<div style=\"height:60px\" aria-hidden=\"true\" class=\"wp-block-spacer\"><\/div>\n\n<h2 class=\"wp-block-heading\"><b><strong>Port Adhoc Paimpol, v\u00e5r marina f\u00f6r din b\u00e5thantering i Bretagne<\/strong><\/b><\/h2>\n\n<p>V\u00e5r torrmarina i Paimpol \u00e4r den perfekta l\u00f6sningen f\u00f6r lyft och sj\u00f6s\u00e4ttning av motorb\u00e5tar i regionen. Port Adhoc Paimpol erbjuder <b><strong>hanteringstj\u00e4nster p\u00e5 bara n\u00e5gra minuter<\/strong><\/b>, tack vare kompetensen och tillg\u00e4ngligheten hos ett professionellt team.<\/p>\n\n<p>F\u00f6r arbets- eller vinterf\u00f6rvaring erbjuder marinan ocks\u00e5 <b><strong>torrf\u00f6rvaring f\u00f6r motorb\u00e5tar,<\/strong><\/b> med <b><strong>300 b\u00e5tplatser<\/strong><\/b> i vaggor eller st\u00e4llage.<\/p>\n\n<div style=\"height:30px\" aria-hidden=\"true\" class=\"wp-block-spacer\"><\/div>\n\n<div class=\"wp-block-buttons is-layout-flex wp-block-buttons-is-layout-flex\">\n<div class=\"wp-block-button\"><a class=\"wp-block-button__link has-white-color has-vivid-cyan-blue-background-color has-text-color has-background has-link-color wp-element-button\" href=\"https:\/\/www.port-adhoc.com\/sv\/paimpol\/\" target=\"_blank\" rel=\"noreferrer noopener\">Uppt\u00e4ck marinan i Paimpol \ud83d\udc4b<\/a><\/div>\n<\/div>\n\n<div style=\"height:60px\" aria-hidden=\"true\" class=\"wp-block-spacer\"><\/div>\n\n<h3 class=\"wp-block-heading\"><b><strong>F\u00f6rvaring och hantering av motorb\u00e5tar i Paimpol<\/strong><\/b><\/h3>\n\n<div style=\"height:15px\" aria-hidden=\"true\" class=\"wp-block-spacer\"><\/div>\n\n<p>M\u00e5nga seglare litar p\u00e5 att Port Adhoc Paimpol hanterar deras b\u00e5tar: i denna s\u00e4rskilt v\u00e4lbel\u00e4gna <strong>marina<\/strong><b><strong>\u00a0i Bretagne sj\u00f6s\u00e4tts <\/strong><\/b>och tas b\u00e5tar upp ur vattnet fr\u00e5n <b><strong>3 timmar f\u00f6re h\u00f6gvatten<\/strong><\/b> <b><strong>till 3 timmar efter<\/strong><\/b>. Under h\u00f6gsommaren hanterar Port Adhoc Paimpols team ofta upp till 60 b\u00e5tar per dag.<\/p>\n\n<p><b><strong>Tre m\u00e5ngkunniga hamnagenter<\/strong><\/b> arbetar med driften. Tack vare deras kunskap om flottan och deras omfattande tekniska f\u00e4rdigheter utf\u00f6rs r\u00f6relser i b\u00e5da riktningarna alltid <b><strong>professionellt<\/strong><\/b> och <b><strong>snabbt<\/strong><\/b>!<\/p>\n\n<div style=\"height:30px\" aria-hidden=\"true\" class=\"wp-block-spacer\"><\/div>\n\n<h3 class=\"wp-block-heading\"><b><strong>Kapacitet f\u00f6r lyft och f\u00f6rflyttning av motorb\u00e5tar i Port Adhoc Paimpol<\/strong><\/b><\/h3>\n\n<div style=\"height:15px\" aria-hidden=\"true\" class=\"wp-block-spacer\"><\/div>\n\n<div style=\"overflow:auto; width:100%; font-family: Arial, sans-serif;\">\r\n    <table style=\"width:100%; border-collapse:collapse; margin:10px 0; font-size:14px; text-align:left;\">\r\n        <thead style=\"background-color:#f4f4f4; border-bottom:2px solid #ddd;\">\r\n            <tr>\r\n                <th style=\"padding:12px; border:1px solid #ddd; font-size:16px;\">Typ av fartyg<\/th>\r\n                <th style=\"padding:12px; border:1px solid #ddd; font-size:16px;\">Lyftkapacitet<\/th>\r\n                <th style=\"padding:12px; border:1px solid #ddd; font-size:16px;\">F\u00f6rflyttningskapacitet<\/th>\r\n            <\/tr>\r\n        <\/thead>\r\n        <tbody>\r\n            <tr style=\"background-color:#f9f9f9;\">\r\n                <td style=\"padding:12px; border:1px solid #ddd; font-weight:bold;\">Motorb\u00e5tar<\/td>\r\n                <td style=\"padding:12px; border:1px solid #ddd;\">Upp till 8,50 m total l\u00e4ngd<\/td>\r\n                <td style=\"padding:12px; border:1px solid #ddd;\">Upp till 8,50 m total l\u00e4ngd<\/td>\r\n            <\/tr>\r\n            <tr>\r\n                <td style=\"padding:12px; border:1px solid #ddd; font-weight:bold;\">Segelb\u00e5tar<\/td>\r\n                <td style=\"padding:12px; border:1px solid #ddd;\">St\u00f6djs inte<\/td>\r\n                <td style=\"padding:12px; border:1px solid #ddd;\">St\u00f6djs inte<\/td>\r\n            <\/tr>\r\n        <\/tbody>\r\n    <\/table>\r\n<\/div>\n\n<div style=\"height:30px\" aria-hidden=\"true\" class=\"wp-block-spacer\"><\/div>\n\n<h3 class=\"wp-block-heading\"><b><strong>Hanteringsverksamhet i v\u00e5r torrmarina i Bretagne<\/strong><\/b><\/h3>\n\n<div style=\"height:15px\" aria-hidden=\"true\" class=\"wp-block-spacer\"><\/div>\n\n<p>I Paimpol hanteras <b><strong>motorb\u00e5tar<\/strong><\/b> \u00e5ret runt av v\u00e5ra agenter. V\u00e5ra specialister p\u00e5 lyft, flytt och parkering tar upp din b\u00e5t ur vattnet, bogserar den till f\u00f6rvaringsplatsen, placerar den och s\u00e4krar den i torrt utrymme, i vaggor eller st\u00e4llage.<\/p>\n\n<p>Det <b><strong>tar bara 5 minuter att<\/strong><\/b> f\u00e5 tillbaka din enhet i vattnet, fr\u00e5n st\u00e4llningarna till pontonen.<\/p>\n\n<div style=\"height:30px\" aria-hidden=\"true\" class=\"wp-block-spacer\"><\/div>\n\n<p class=\"has-background\" style=\"background-color:#abb7c233\"><b><strong>V\u00e4rt att veta<\/strong><\/b>:&#13;\n&#13;\nF\u00f6r att <b><strong>hantera ett fartyg i Paimpol<\/strong><\/b> ber hamnteamen b\u00e5t\u00e4gare att planera operationen minst 24 timmar i f\u00f6rv\u00e4g. Kom ih\u00e5g att meddela hamnkaptenens kontor om du vill ta upp eller l\u00e4gga i b\u00e5ten!<\/p>\n\n<div style=\"height:60px\" aria-hidden=\"true\" class=\"wp-block-spacer\"><\/div>\n\n<h2 class=\"wp-block-heading\"><b><strong>Tv\u00e5 nya traktorer f\u00f6r b\u00e5thantering<\/strong><\/b><\/h2>\n\n<p>P\u00e5 Port Adhoc \u00e4r en av v\u00e5ra prioriteringar att tillhandah\u00e5lla <b><strong>utrymmen och verktyg av h\u00f6g kvalitet<\/strong><\/b>. Ett av koncernens \u00e5taganden gentemot b\u00e5tfolket \u00e4r att renovera och modernisera hamnanl\u00e4ggningarna d\u00e4r det beh\u00f6vs.<\/p>\n\n<div style=\"height:15px\" aria-hidden=\"true\" class=\"wp-block-spacer\"><\/div>\n\n<div class=\"wp-block-buttons is-layout-flex wp-block-buttons-is-layout-flex\">\n<div class=\"wp-block-button has-custom-font-size has-small-font-size\"><a class=\"wp-block-button__link has-background wp-element-button\" href=\"https:\/\/www.port-adhoc.com\/sv\/blog\/marinanyheter\/nya-pontoner-vid-lelystad-hamn\/\" style=\"background-color:#201e5b\" target=\"_blank\" rel=\"noreferrer noopener\">\u27a1\ufe0f L\u00e4s ocks\u00e5: Nya pontoner vid Lelystad Haven<\/a><\/div>\n<\/div>\n\n<div style=\"height:30px\" aria-hidden=\"true\" class=\"wp-block-spacer\"><\/div>\n\n<p>I Port Adhoc Paimpol har v\u00e5ra agenter haft samma traktorer i drift i drygt 6 \u00e5r. F\u00f6r att kunna forts\u00e4tta erbjuda en <b><strong>effektiv och s\u00e4ker b\u00e5thantering<\/strong><\/b> ans\u00e5g vi att det var viktigt att f\u00f6rnya denna utrustning.<\/p>\n\n<p>\u00c5r 2024 har vi valt att utrusta marinan med <b><strong>tv\u00e5 nya hj\u00e4lpmedel f\u00f6r att hantera <\/strong><\/b>era b\u00e5tar: <b><strong>tv\u00e5 nya<\/strong><\/b> <b><strong>New Holland-traktorer<\/strong><\/b>.<\/p>\n\n<p>De tv\u00e5 modellerna valdes bland annat f\u00f6r att de var enkla att anv\u00e4nda &#8211; <b><strong>mekaniska<\/strong><\/b> snarare \u00e4n elektroniska f\u00f6r att undvika problem. Deras <b><strong>90 hk<\/strong><\/b> visade sig vara idealiska f\u00f6r att hantera b\u00e5tar i v\u00e5r bretonska marina.<\/p>\n\n<p>New Hollands goda <b><strong>rykte<\/strong><\/b> inom b\u00e5thanteringssektorn och den positiva feedback vi fick p\u00e5 maskinerna \u00f6vertygade oss! Vi k\u00f6pte de tv\u00e5 nya maskinerna lokalt, fr\u00e5n det <b><strong>bretonska f\u00f6retaget Touboulic<\/strong><\/b> &#8211; en jordbruks\u00e5terf\u00f6rs\u00e4ljare som ligger mindre \u00e4n 35 kilometer fr\u00e5n v\u00e5r marina i Paimpol.<\/p>\n\n<div style=\"height:60px\" aria-hidden=\"true\" class=\"wp-block-spacer\"><\/div>\n<div class=\"wp-block-image\">\n<figure class=\"aligncenter size-full is-resized\"><img fetchpriority=\"high\" decoding=\"async\" width=\"743\" height=\"533\" src=\"https:\/\/b2765252.smushcdn.com\/2765252\/wp-content\/uploads\/2025\/02\/photo-X2-tracteurs-cale-e1740742505772.jpg?lossy=1&strip=1&webp=1\" alt=\"traktorer Port Adhoc Paimpol\" class=\"wp-image-79918\" style=\"width:491px;height:auto\" srcset=\"https:\/\/www.port-adhoc.com\/wp-content\/uploads\/2025\/02\/photo-X2-tracteurs-cale-e1740742505772.jpg 743w, https:\/\/www.port-adhoc.com\/wp-content\/uploads\/2025\/02\/photo-X2-tracteurs-cale-e1740742505772-300x215.jpg 300w\" sizes=\"(max-width: 743px) 100vw, 743px\" \/><figcaption class=\"wp-element-caption\">New Holland-traktorer Port Adhoc Paimpol<\/figcaption><\/figure>\n<\/div>\n<div style=\"height:60px\" aria-hidden=\"true\" class=\"wp-block-spacer\"><\/div>\n\n<p>F\u00f6rv\u00e4rvet av dessa tv\u00e5 hanteringsmaskiner kombinerades med ett f\u00f6rv\u00e4rv av en <b><strong>ny sl\u00e4pvagn<\/strong><\/b>.<\/p>\n\n<blockquote class=\"wp-block-quote is-layout-flow wp-block-quote-is-layout-flow\">\n<p><em>&#8221;Med den h\u00e4r nya utrustningen blir det \u00e4nnu enklare och snabbare att sj\u00f6s\u00e4tta i Paimpol<\/em>\u201d, s\u00e4ger Quentin, hamnagent p\u00e5 Port Adhoc Paimpol.<\/p>\n<\/blockquote>\n\n<div style=\"height:30px\" aria-hidden=\"true\" class=\"wp-block-spacer\"><\/div>\n\n<h3 class=\"wp-block-heading\"><b><strong>Traktorer, vagnar och sl\u00e4pvagnar i marinan i Paimpol<\/strong><\/b><\/h3>\n\n<div style=\"height:15px\" aria-hidden=\"true\" class=\"wp-block-spacer\"><\/div>\n\n<p>Port Adhoc Paimpol \u00e4r s\u00e4rskilt v\u00e4lutrustad:<\/p>\n\n<ul class=\"wp-block-list\">\n<li><b><strong>Tv\u00e5 gaffeltruckar<\/strong><\/b><\/li>\n\n\n\n<li><b><strong>En trailer som<\/strong><\/b> \u00e4r l\u00e4mplig f\u00f6r b\u00e5tar med en skrovl\u00e4ngd p\u00e5 upp till 8 meter och som \u00e4r utrustade med en utombordsmotor (kapacitet: 2,5 ton)<\/li>\n\n\n\n<li><b><strong>Hydraulisk trailer<\/strong><\/b>, l\u00e4mplig f\u00f6r b\u00e5tar med en skrovl\u00e4ngd p\u00e5 6,50-8,50 meter och alla b\u00e5tar med inombordsmotor (kapacitet: 4,5 ton).<\/li>\n\n\n\n<li>De <b><strong>tv\u00e5 nya traktorerna<\/strong><\/b> p\u00e5 90 hk<\/li>\n\n\n\n<li>En <b><strong>tredje sl\u00e4pvagn<\/strong><\/b>, som anv\u00e4nds med en <b><strong>tredje traktor<\/strong><\/b>, i h\u00e4ndelse av tung aktivitet<\/li>\n<\/ul>\n\n<div style=\"height:30px\" aria-hidden=\"true\" class=\"wp-block-spacer\"><\/div>\n\n<p>Vill du ha expertr\u00e5d om m\u00f6jligheterna att <b><strong>f\u00f6rt\u00f6ja<\/strong><\/b> eller <b><strong>sj\u00f6s\u00e4tta<\/strong><\/b> din b\u00e5t i v\u00e5r bretonska marina? Anf\u00f6rtro oss med ditt projekt!<\/p>\n\n<div style=\"height:30px\" aria-hidden=\"true\" class=\"wp-block-spacer\"><\/div>\n\n<div class=\"wp-block-buttons is-layout-flex wp-block-buttons-is-layout-flex\">\n<div class=\"wp-block-button\"><a class=\"wp-block-button__link has-white-color has-vivid-cyan-blue-background-color has-text-color has-background has-link-color wp-element-button\" href=\"https:\/\/www.port-adhoc.com\/sv\/offert-batplats\/\" target=\"_blank\" rel=\"noreferrer noopener\">Kontakta oss \ud83d\udc4b<\/a><\/div>\n<\/div>\n","protected":false},"excerpt":{"rendered":"<p>Vill du lyfta eller sj\u00f6s\u00e4tta en b\u00e5t p\u00e5 Bretagnes kust, f\u00f6re eller efter att den har f\u00f6rvarats p\u00e5 land? I den h\u00e4r artikeln g\u00e5r vi igenom de olika alternativen f\u00f6r b\u00e5thantering i Bretagne och presenterar den nya utrustningen i v\u00e5r marina i Paimpol.<\/p>\n","protected":false},"author":26,"featured_media":114940,"comment_status":"closed","ping_status":"closed","sticky":false,"template":"","format":"standard","meta":{"wds_primary_category":0,"footnotes":""},"categories":[182],"tags":[183],"class_list":["post-87598","post","type-post","status-publish","format-standard","has-post-thumbnail","hentry","category-marinanyheter","tag-port-adhoc-paimpol-sv"],"_links":{"self":[{"href":"https:\/\/www.port-adhoc.com\/sv\/wp-json\/wp\/v2\/posts\/87598","targetHints":{"allow":["GET"]}}],"collection":[{"href":"https:\/\/www.port-adhoc.com\/sv\/wp-json\/wp\/v2\/posts"}],"about":[{"href":"https:\/\/www.port-adhoc.com\/sv\/wp-json\/wp\/v2\/types\/post"}],"author":[{"embeddable":true,"href":"https:\/\/www.port-adhoc.com\/sv\/wp-json\/wp\/v2\/users\/26"}],"replies":[{"embeddable":true,"href":"https:\/\/www.port-adhoc.com\/sv\/wp-json\/wp\/v2\/comments?post=87598"}],"version-history":[{"count":0,"href":"https:\/\/www.port-adhoc.com\/sv\/wp-json\/wp\/v2\/posts\/87598\/revisions"}],"wp:featuredmedia":[{"embeddable":true,"href":"https:\/\/www.port-adhoc.com\/sv\/wp-json\/wp\/v2\/media\/114940"}],"wp:attachment":[{"href":"https:\/\/www.port-adhoc.com\/sv\/wp-json\/wp\/v2\/media?parent=87598"}],"wp:term":[{"taxonomy":"category","embeddable":true,"href":"https:\/\/www.port-adhoc.com\/sv\/wp-json\/wp\/v2\/categories?post=87598"},{"taxonomy":"post_tag","embeddable":true,"href":"https:\/\/www.port-adhoc.com\/sv\/wp-json\/wp\/v2\/tags?post=87598"}],"curies":[{"name":"wp","href":"https:\/\/api.w.org\/{rel}","templated":true}]}}