{"id":87600,"date":"2025-04-02T12:50:07","date_gmt":"2025-04-02T10:50:07","guid":{"rendered":"https:\/\/www.port-adhoc.com\/?p=87600"},"modified":"2025-09-08T15:39:10","modified_gmt":"2025-09-08T13:39:10","slug":"port-napoleon-partner-i-blue-planet-racing-team-projektet","status":"publish","type":"post","link":"https:\/\/www.port-adhoc.com\/sv\/blog\/marinanyheter\/port-napoleon-partner-i-blue-planet-racing-team-projektet\/","title":{"rendered":"Port Napol\u00e9on partner i Blue Planet Racing Team-projektet"},"content":{"rendered":"\n<p class=\"has-small-font-size\">Publiceringsdatum: 02\/04\/2025<\/p>\n\n<div style=\"height:60px\" aria-hidden=\"true\" class=\"wp-block-spacer\"><\/div>\n\n<div style=\"height:0px\" aria-hidden=\"true\" class=\"wp-block-spacer\"><\/div>\n\n<p>Att <b><strong>korsa oceanerna <\/strong><\/b>genom att t\u00e4nja p\u00e5 gr\u00e4nserna f\u00f6r<b><strong> Class40-prestanda <\/strong><\/b>och fr\u00e4mja <b><strong>en ansvarsfull inst\u00e4llning till segling<\/strong><\/b>: det \u00e4r det uppdrag som tv\u00e5 passionerade seglare, Christian Kerl och Patrice Pou-Pupp, har gett sig sj\u00e4lva med projektet <em>Blue Planet Racing Team<\/em>.<\/p>\n\n<p>F\u00f6r l\u00e4sarna av v\u00e5r webbplats har Christian &#8211; k\u00e4nd som \u201dChris\u201d &#8211; g\u00e5tt med p\u00e5 att svara p\u00e5 ett antal av v\u00e5ra fr\u00e5gor.<\/p>\n\n<div style=\"height:60px\" aria-hidden=\"true\" class=\"wp-block-spacer\"><\/div>\n\n<h2 class=\"wp-block-heading\"><b><strong>Chris, kan du presentera dig sj\u00e4lv och ber\u00e4tta om din karri\u00e4r som sj\u00f6man?<\/strong><\/b><\/h2>\n\n<div style=\"height:30px\" aria-hidden=\"true\" class=\"wp-block-spacer\"><\/div>\n\n<blockquote class=\"wp-block-quote is-layout-flow wp-block-quote-is-layout-flow\">\n<p><em>&#8221;Jag kommer fr\u00e5n s\u00f6dra Tyskland och \u00e4r 55 \u00e5r gammal.<\/em> <em>\u00c4nda sedan jag var mycket ung har jag haft en s\u00e4rskild k\u00e4rlek till havet.<\/em> <em>Jag b\u00f6rjade segla p\u00e5 tyska sj\u00f6ar i sm\u00e5 jollar.<\/em> <em>Och min <\/em><b><em><strong>passion<\/strong><\/em><\/b><em> har sedan dess bara vuxit med tiden!<\/em><\/p>\n\n\n\n<p><em>N\u00e4r jag var 22 \u00e5r k\u00f6pte jag min f\u00f6rsta segelb\u00e5t begagnad i Turkiet.<\/em> <em>Jag bodde p\u00e5 den b\u00e5ten i ett \u00e5r och seglade mellan \u00f6stra Medelhavet och Norge och nj\u00f6t av detta <\/em><b><em><strong>tysta <\/strong><\/em><\/b><em>s\u00e4tt att leva och <\/em><b><em><strong>resa<\/strong><\/em><\/b><em>.&#8221;<\/em><\/p>\n<\/blockquote>\n\n<div style=\"height:60px\" aria-hidden=\"true\" class=\"wp-block-spacer\"><\/div>\n\n<h2 class=\"wp-block-heading\"><b><strong>Hur kom du i kontakt med havskappsegling och Class40 i synnerhet?<\/strong><\/b><\/h2>\n\n<div style=\"height:30px\" aria-hidden=\"true\" class=\"wp-block-spacer\"><\/div>\n\n<blockquote class=\"wp-block-quote is-layout-flow wp-block-quote-is-layout-flow\">\n<p><em>\u201d Min \u00f6verg\u00e5ng till <b><strong>havskappsegling<\/strong><\/b> har skett gradvis. \u00c5r 2019, n\u00e4r jag letade efter en b\u00e5t som kombinerade prestanda och tillg\u00e4nglighet, k\u00f6pte jag min f\u00f6rsta <b><strong>Class40 <\/strong><\/b>: en<b><strong> Pogo40 S1<\/strong><\/b>.<\/em><\/p>\n\n\n\n<p><em>Jag seglade b\u00e5ten fr\u00e5n Atlantkusten till Grekland och deltog sedan i min f\u00f6rsta t\u00e4vling: Aegean 600.<\/em> <em>Mot alla odds slutade jag och min partner p\u00e5 andra plats i doublehanded-racet!<\/em><\/p>\n\n\n\n<p><em>Detta resultat har v\u00e4ckt en verklig <\/em><b><em><strong>passion f\u00f6r t\u00e4vling <\/strong><\/em><\/b><em>hos mig.\u201d<\/em><\/p>\n<\/blockquote>\n\n<div style=\"height:60px\" aria-hidden=\"true\" class=\"wp-block-spacer\"><\/div>\n<div class=\"wp-block-image\">\n<figure class=\"aligncenter size-large is-resized\"><img fetchpriority=\"high\" decoding=\"async\" width=\"1024\" height=\"919\" src=\"https:\/\/b2765252.smushcdn.com\/2765252\/wp-content\/uploads\/2025\/03\/DJI_0273-scaled-e1743073896656-1024x919.jpg?lossy=1&strip=1&webp=1\" alt=\"\" class=\"wp-image-86970\" style=\"width:691px;height:auto\" srcset=\"https:\/\/www.port-adhoc.com\/wp-content\/uploads\/2025\/03\/DJI_0273-scaled-e1743073896656-1024x919.jpg 1024w, https:\/\/www.port-adhoc.com\/wp-content\/uploads\/2025\/03\/DJI_0273-scaled-e1743073896656-300x269.jpg 300w, https:\/\/www.port-adhoc.com\/wp-content\/uploads\/2025\/03\/DJI_0273-scaled-e1743073896656-768x690.jpg 768w, https:\/\/www.port-adhoc.com\/wp-content\/uploads\/2025\/03\/DJI_0273-scaled-e1743073896656-1536x1379.jpg 1536w, https:\/\/www.port-adhoc.com\/wp-content\/uploads\/2025\/03\/DJI_0273-scaled-e1743073896656.jpg 1920w\" sizes=\"(max-width: 1024px) 100vw, 1024px\" \/><figcaption class=\"wp-element-caption\">Aquamarin<\/figcaption><\/figure>\n<\/div>\n<div style=\"height:60px\" aria-hidden=\"true\" class=\"wp-block-spacer\"><\/div>\n\n<blockquote class=\"wp-block-quote is-layout-flow wp-block-quote-is-layout-flow\">\n<p><em>&#8221;Efter det har jag deltagit i andra t\u00e4vlingar och arbetat intensivt med att f\u00e5 min b\u00e5t att uppfylla de nya Class40-standarderna. Processen \u00e4r kr\u00e4vande, men det \u00e4r obligatoriskt om man vill delta i officiella regattor.&#8221;<\/em><\/p>\n<\/blockquote>\n\n<div style=\"height:60px\" aria-hidden=\"true\" class=\"wp-block-spacer\"><\/div>\n\n<h2 class=\"wp-block-heading\"><b><strong>Kan du ber\u00e4tta om din nuvarande b\u00e5t, <\/strong><em><strong>Aquamarin <\/strong><\/em><strong>?<\/strong><\/b><\/h2>\n\n<div style=\"height:30px\" aria-hidden=\"true\" class=\"wp-block-spacer\"><\/div>\n\n<blockquote class=\"wp-block-quote is-layout-flow wp-block-quote-is-layout-flow\">\n<p><em>&#8221;Efter mina f\u00f6rsta erfarenheter av havskappsegling letade jag efter en andra, modernare Class40 f\u00f6r att fullf\u00f6lja mina ambitioner.<\/em> <em>I Lorient hittade jag<\/em> Aquamarin <em>: en <\/em><b><em><strong>Pogo 40 S3<\/strong><\/em><\/b><em> designad av arkitektbyr\u00e5n Finot-Conq och sj\u00f6satt av Pogo Structures-varvet 2014.<\/em> <em>Den motsvarade perfekt mina f\u00f6rv\u00e4ntningar n\u00e4r det g\u00e4ller budget och sportsliga m\u00e5l.<\/em><\/p>\n\n\n\n<p><b><em><strong>Den 40 fot l\u00e5nga monohullen<\/strong><\/em><\/b><em> hade redan en imponerande stamtavla: hon hade redan deltagit i flera transatlantiska t\u00e4vlingar och varje g\u00e5ng visat prov p\u00e5 sin prestanda, robusthet och snabbhet.<\/em> <em>Det \u00e4r en v\u00e4lbalanserad b\u00e5t som \u00e4r perfekt l\u00e4mpad f\u00f6r utmaningarna p\u00e5 \u00f6ppet hav.&#8221;<\/em><\/p>\n<\/blockquote>\n\n<div style=\"height:60px\" aria-hidden=\"true\" class=\"wp-block-spacer\"><\/div>\n\n<figure class=\"wp-block-image size-large\"><img decoding=\"async\" width=\"1024\" height=\"498\" src=\"https:\/\/b2765252.smushcdn.com\/2765252\/wp-content\/uploads\/2025\/03\/20220302_103524_resized-1024x498.jpg?lossy=1&strip=1&webp=1\" alt=\"\" class=\"wp-image-86978\" srcset=\"https:\/\/b2765252.smushcdn.com\/2765252\/wp-content\/uploads\/2025\/03\/20220302_103524_resized-1024x498.jpg?lossy=1&strip=1&webp=1 1024w, https:\/\/b2765252.smushcdn.com\/2765252\/wp-content\/uploads\/2025\/03\/20220302_103524_resized-300x146.jpg?lossy=1&strip=1&webp=1 300w, https:\/\/b2765252.smushcdn.com\/2765252\/wp-content\/uploads\/2025\/03\/20220302_103524_resized-768x373.jpg?lossy=1&strip=1&webp=1 768w, https:\/\/b2765252.smushcdn.com\/2765252\/wp-content\/uploads\/2025\/03\/20220302_103524_resized-1536x747.jpg?lossy=1&strip=1&webp=1 1536w, https:\/\/b2765252.smushcdn.com\/2765252\/wp-content\/uploads\/2025\/03\/20220302_103524_resized-2048x996.jpg?lossy=1&strip=1&webp=1 2048w, https:\/\/b2765252.smushcdn.com\/2765252\/wp-content\/uploads\/2025\/03\/20220302_103524_resized.jpg?size=512x249&lossy=1&strip=1&webp=1 512w\" sizes=\"auto, (max-width: 1024px) 100vw, 1024px\" loading=\"lazy\" \/><figcaption class=\"wp-element-caption\">90 graders provning utf\u00f6rd i Port Napol\u00e9on<\/figcaption><\/figure>\n\n<div style=\"height:60px\" aria-hidden=\"true\" class=\"wp-block-spacer\"><\/div>\n\n<blockquote class=\"wp-block-quote is-layout-flow wp-block-quote-is-layout-flow\">\n<p><em>&#8221;Sedan vi k\u00f6pte b\u00e5ten tillsammans med Patrice, v\u00e5r co-skipper, har vi gjort ett antal modifieringar f\u00f6r att optimera <\/em>Aquamarins <em>prestanda.<\/em> <em>H\u00e4r \u00e4r n\u00e5gra av de arbeten som har utf\u00f6rts i Port Napol\u00e9on, b\u00e5tens nuvarande hemmahamn:<\/em><\/p>\n\n\n\n<ul class=\"wp-block-list\">\n<li><em>Klass40-certifiering<\/em><\/li>\n\n\n\n<li><em>V\u00e4gning av b\u00e5ten<\/em><\/li>\n\n\n\n<li><em>90\u00b0-testet<\/em><\/li>\n\n\n\n<li><em>\u00d6kad flytkraft<\/em><\/li>\n\n\n\n<li><em>Byte av rigg<\/em><\/li>\n\n\n\n<li><em>F\u00f6rstag i textil<\/em><\/li>\n\n\n\n<li><em>Hela bottenf\u00e4rgen f\u00f6rnyades och sprutades ny.&#8221;<\/em><\/li>\n<\/ul>\n<\/blockquote>\n\n<div style=\"height:60px\" aria-hidden=\"true\" class=\"wp-block-spacer\"><\/div>\n\n<h2 class=\"wp-block-heading\"><b><strong>Vilka \u00e4r dina t\u00e4vlingsm\u00e5l f\u00f6r de n\u00e4rmaste \u00e5ren?<\/strong><\/b><\/h2>\n\n<div style=\"height:30px\" aria-hidden=\"true\" class=\"wp-block-spacer\"><\/div>\n\n<blockquote class=\"wp-block-quote is-layout-flow wp-block-quote-is-layout-flow\">\n<p><em>&#8221;Patrice och jag har ett ambiti\u00f6st t\u00e4vlingsprogram som \u00e4r uppbyggt kring flera stora evenemang:<\/em><\/p>\n\n\n\n<ul class=\"wp-block-list\">\n<li><em>I oktober 2025 <\/em>\u00e4ger den <b><em><strong>17:e upplagan av Transat Caf\u00e9 L&#8217;OR<\/strong><\/em><\/b> (tidigare Transat Jacques-Vabre, \u00e4ven k\u00e4nd som Route du Caf\u00e9) rum, eller v\u00e4rldens viktigaste double-handed race.<\/li>\n\n\n\n<li><b><em><strong>Den 13:e Route du Rhum<\/strong><\/em><\/b><em>, \u00e5r 2026.<\/em><\/li>\n<\/ul>\n\n\n\n<p><em>Transat Caf\u00e9 L&#8217;OR \u00e4r v\u00e5rt huvudm\u00e5l just nu: det <\/em><b><em><strong>\u00e4r en legendarisk<\/strong><\/em><\/b><em> doublehanded-race som kr\u00e4ver <\/em><b><em><strong>noggranna f\u00f6rberedelseroch utm\u00e4rkt sammanh\u00e5llning mellan skepparna<\/strong><\/em><\/b><em>.<\/em> <em>F\u00f6r att kvalificera sig m\u00e5ste vi genomf\u00f6ra minst en t\u00e4vling p\u00e5 \u00f6ver 1000 nautiska mil<\/em> (1852 km) <em>samt flera kortare t\u00e4vlingar<\/em>. <em>Vi planerar att delta i alla t\u00e4vlingar <\/em><b><em><strong>i Class40-Mediterranean Trophy<\/strong><\/em><\/b><em>!<\/em><\/p>\n\n\n\n<p><em>Finansieringen \u00e4r v\u00e5r st\u00f6rsta utmaning: vi beh\u00f6ver samla in cirka <\/em><b><em><strong>100 000 euro<\/strong><\/em><\/b><em> f\u00f6r att t\u00e4cka kostnaderna f\u00f6r loppet.<\/em> <em>S\u00e5 vi s\u00f6ker aktivt efter sponsorer.<\/em><\/p>\n<\/blockquote>\n\n<div style=\"height:60px\" aria-hidden=\"true\" class=\"wp-block-spacer\"><\/div>\n\n<h2 class=\"wp-block-heading\"><b><strong>Kan vi f\u00e5 veta mer om ert projekts milj\u00f6\u00e5taganden?<\/strong><\/b><\/h2>\n\n<div style=\"height:30px\" aria-hidden=\"true\" class=\"wp-block-spacer\"><\/div>\n\n<blockquote class=\"wp-block-quote is-layout-flow wp-block-quote-is-layout-flow\">\n<p><em>&#8221;Seglingsv\u00e4rlden \u00e4r naturligt inriktad <\/em><b><em><strong>p\u00e5 ett h\u00e5llbart f\u00f6rh\u00e5llningss\u00e4tt<\/strong><\/em><\/b><em>: vi seglar med vinden, utan motorer, och vi str\u00e4var efter att begr\u00e4nsa v\u00e5r milj\u00f6p\u00e5verkan genom att optimera v\u00e5r resursf\u00f6rbrukning.<\/em><\/p>\n\n\n\n<p><em>Ombord p\u00e5<\/em> Aquamarin<em>, Class40 #135, vill Patrice och jag g\u00e5 l\u00e4ngre: vi vill visa att det \u00e4r m\u00f6jligt att <\/em><b><em><strong>kombinera prestanda och respekt f\u00f6r milj\u00f6n.<\/strong><\/em><\/b> <em>V\u00e5rt projekt syftar till att \u00f6ka allm\u00e4nhetens medvetenhet om milj\u00f6fr\u00e5gor och samtidigt bevisa att racing p\u00e5 h\u00f6g niv\u00e5 kan bedrivas med respekt f\u00f6r naturen.<\/em><\/p>\n\n\n\n<p><em>Som en del av denna strategi st\u00f6der <\/em>Blue Planet Racing Team olika <b><em><strong>initiativ f\u00f6r att skydda haven<\/strong><\/em><\/b>,<em> till exempel Ocean Care &#8211; en organisation som arbetar f\u00f6r att bevara den marina biologiska m\u00e5ngfalden och i synnerhet valar.<\/em><\/p>\n<\/blockquote>\n\n<div style=\"height:60px\" aria-hidden=\"true\" class=\"wp-block-spacer\"><\/div>\n\n<h2 class=\"wp-block-heading\"><b><strong>Varf\u00f6r valde ni Port Napol\u00e9on som hemmahamn f\u00f6r <\/strong><em><strong>Aquamarin<\/strong><\/em><strong>?<\/strong><\/b><\/h2>\n\n<div style=\"height:30px\" aria-hidden=\"true\" class=\"wp-block-spacer\"><\/div>\n\n<blockquote class=\"wp-block-quote is-layout-flow wp-block-quote-is-layout-flow\">\n<p><em>&#8221;Jag uppt\u00e4ckte <\/em><b><em><strong>Port Napol\u00e9on<\/strong><\/em><\/b><em> f\u00f6r flera \u00e5r sedan tack vare en tidigare medskeppare som hade best\u00e4mt sig f\u00f6r att f\u00f6rt\u00f6ja sin Pogo 10.50 i Port Napol\u00e9on och rekommenderade platsen till mig.<\/em><\/p>\n\n\n\n<p><em>I Port Napol\u00e9on uppskattade jag <\/em><b><em><strong>kvaliteten p\u00e5 infrastrukturen<\/strong><\/em><\/b><em>, s\u00e4rskilt n\u00e4r det g\u00e4ller vinterf\u00f6rvaring, hantering och underh\u00e5llsarbete.<\/em> <em>Vaggorna\u00a0\u00e4r anm\u00e4rkningsv\u00e4rt stabil, vilket \u00e4r ett grundl\u00e4ggande kriterium n\u00e4r man arbetar med en t\u00e4vlingsb\u00e5t!<\/em><\/p>\n\n\n\n<p><em>Den <\/em><b><em><strong>mycket trevliga st\u00e4mningen<\/strong><\/em><\/b><em> i marinan \u00e4r ocks\u00e5 en tillg\u00e5ng: atmosf\u00e4ren \u00e4r varm och familj\u00e4r<\/em><b><em><strong>, och det tekniska teamet \u00e4r kompetent<\/strong><\/em><\/b><em> och alltid tillg\u00e4ngligt f\u00f6r att hj\u00e4lpa till.<\/em> <em>F\u00f6r att hantera ett projekt som<\/em> Blue Planet Racing Team<em> \u00e4r det ett verkligt plus.<\/em><\/p>\n\n\n\n<p><em>Slutligen \u00e4r <\/em><b><em><strong>l\u00e4get idealiskt<\/strong><\/em><\/b><em> f\u00f6r oss: vi har ett perfekt l\u00e4ge f\u00f6r v\u00e5r tr\u00e4ning och bara ett stenkast fr\u00e5n starten av t\u00e4vlingarna i Medelhavet.&#8221;<\/em><\/p>\n<\/blockquote>\n\n<div style=\"height:30px\" aria-hidden=\"true\" class=\"wp-block-spacer\"><\/div>\n\n<div class=\"wp-block-buttons is-layout-flex wp-block-buttons-is-layout-flex\">\n<div class=\"wp-block-button\"><a class=\"wp-block-button__link has-white-color has-vivid-cyan-blue-background-color has-text-color has-background has-link-color wp-element-button\" href=\"https:\/\/www.port-adhoc.com\/sv\/port-napoleon\/\" target=\"_blank\" rel=\"noreferrer noopener\">Uppt\u00e4ck Port Napol\u00e9on \ud83d\udc4b<\/a><\/div>\n<\/div>\n\n<div style=\"height:60px\" aria-hidden=\"true\" class=\"wp-block-spacer\"><\/div>\n\n<figure class=\"wp-block-image size-large\"><img decoding=\"async\" width=\"1024\" height=\"498\" src=\"https:\/\/b2765252.smushcdn.com\/2765252\/wp-content\/uploads\/2025\/03\/20220211_083357_resized-1024x498.jpg?lossy=1&strip=1&webp=1\" alt=\"\" class=\"wp-image-86991\" srcset=\"https:\/\/b2765252.smushcdn.com\/2765252\/wp-content\/uploads\/2025\/03\/20220211_083357_resized-1024x498.jpg?lossy=1&strip=1&webp=1 1024w, https:\/\/b2765252.smushcdn.com\/2765252\/wp-content\/uploads\/2025\/03\/20220211_083357_resized-300x146.jpg?lossy=1&strip=1&webp=1 300w, https:\/\/b2765252.smushcdn.com\/2765252\/wp-content\/uploads\/2025\/03\/20220211_083357_resized-768x373.jpg?lossy=1&strip=1&webp=1 768w, https:\/\/b2765252.smushcdn.com\/2765252\/wp-content\/uploads\/2025\/03\/20220211_083357_resized-1536x747.jpg?lossy=1&strip=1&webp=1 1536w, https:\/\/b2765252.smushcdn.com\/2765252\/wp-content\/uploads\/2025\/03\/20220211_083357_resized-2048x996.jpg?lossy=1&strip=1&webp=1 2048w, https:\/\/b2765252.smushcdn.com\/2765252\/wp-content\/uploads\/2025\/03\/20220211_083357_resized.jpg?size=512x249&lossy=1&strip=1&webp=1 512w\" sizes=\"auto, (max-width: 1024px) 100vw, 1024px\" loading=\"lazy\" \/><figcaption class=\"wp-element-caption\">Aquamarin, vid Port Napol\u00e9on, Port-Saint-Louis-du-Rh\u00f4ne<\/figcaption><\/figure>\n\n<div style=\"height:60px\" aria-hidden=\"true\" class=\"wp-block-spacer\"><\/div>\n\n<h2 class=\"wp-block-heading\"><b><strong>Vad vill du f\u00f6rmedla genom ditt projekt?<\/strong><\/b> <b><strong>Har du ett budskap som du vill f\u00f6rmedla?<\/strong><\/b><\/h2>\n\n<div style=\"height:30px\" aria-hidden=\"true\" class=\"wp-block-spacer\"><\/div>\n\n<blockquote class=\"wp-block-quote is-layout-flow wp-block-quote-is-layout-flow\">\n<p><em>&#8221;Ut\u00f6ver det sportsliga \u00e4ventyret<\/em> <em>representerar<\/em> Blue Planet Racing Team <em>en vision och en seglingsfilosofi.<\/em> <em>Vi vill visa att det \u00e4r m\u00f6jligt att <\/em><b><em><strong>leva ut sina dr\u00f6mmar<\/strong><\/em><\/b><em> utan att str\u00e4va efter sj\u00e4lviska m\u00e5l, genom att utvecklas <\/em><b><em><strong>med naturen<\/strong><\/em><\/b><em>, i naturen, och genom att behandla den med st\u00f6rsta m\u00f6jliga respekt.<\/em> <em>Med passion, engagemang och respekt f\u00f6r milj\u00f6n kan man \u00e5stadkomma stora saker!&#8221;<\/em><\/p>\n<\/blockquote>\n\n<div style=\"height:60px\" aria-hidden=\"true\" class=\"wp-block-spacer\"><\/div>\n\n<figure class=\"wp-block-image size-large\"><img loading=\"lazy\" decoding=\"async\" width=\"1024\" height=\"575\" src=\"https:\/\/b2765252.smushcdn.com\/2765252\/wp-content\/uploads\/2025\/03\/DJI_0287-1024x575.jpg?lossy=1&strip=1&webp=1\" alt=\"\" class=\"wp-image-86997\" srcset=\"https:\/\/b2765252.smushcdn.com\/2765252\/wp-content\/uploads\/2025\/03\/DJI_0287-1024x575.jpg?lossy=1&strip=1&webp=1 1024w, https:\/\/b2765252.smushcdn.com\/2765252\/wp-content\/uploads\/2025\/03\/DJI_0287-300x169.jpg?lossy=1&strip=1&webp=1 300w, https:\/\/b2765252.smushcdn.com\/2765252\/wp-content\/uploads\/2025\/03\/DJI_0287-768x431.jpg?lossy=1&strip=1&webp=1 768w, https:\/\/b2765252.smushcdn.com\/2765252\/wp-content\/uploads\/2025\/03\/DJI_0287-1536x863.jpg?lossy=1&strip=1&webp=1 1536w, https:\/\/b2765252.smushcdn.com\/2765252\/wp-content\/uploads\/2025\/03\/DJI_0287-2048x1151.jpg?lossy=1&strip=1&webp=1 2048w, https:\/\/b2765252.smushcdn.com\/2765252\/wp-content\/uploads\/2025\/03\/DJI_0287.jpg?size=512x288&lossy=1&strip=1&webp=1 512w\" sizes=\"auto, (max-width: 1024px) 100vw, 1024px\" \/><figcaption class=\"wp-element-caption\">Aquamarin, Chris Kerl<\/figcaption><\/figure>\n\n<div style=\"height:60px\" aria-hidden=\"true\" class=\"wp-block-spacer\"><\/div>\n\n<blockquote class=\"wp-block-quote is-layout-flow wp-block-quote-is-layout-flow\">\n<p><em>&#8221;Vi hoppas kunna inspirera andra seglare och entusiaster.<\/em> <em>Vi uppmanar alla som vill f\u00f6lja v\u00e5rt \u00e4ventyr att ansluta sig till oss och st\u00f6dja v\u00e5rt projekt!<\/em>\u201d<\/p>\n<\/blockquote>\n\n<div style=\"height:30px\" aria-hidden=\"true\" class=\"wp-block-spacer\"><\/div>\n\n<div class=\"wp-block-buttons is-layout-flex wp-block-buttons-is-layout-flex\">\n<div class=\"wp-block-button has-custom-font-size has-small-font-size\"><a class=\"wp-block-button__link has-background wp-element-button\" href=\"https:\/\/www.youtube.com\/channel\/UCQNdOr8dKxeuAgA0S-eAO0A\" style=\"background-color:#201e5b\" target=\"_blank\" rel=\"noreferrer noopener\">\u27a1\ufe0f H\u00e5ll dig uppdaterad om Blue Planet Racing Team-projektet p\u00e5 Chris YouTube-kanal<\/a><\/div>\n<\/div>\n","protected":false},"excerpt":{"rendered":"<p>Port Napol\u00e9on i Port-Saint-Louis-du-Rh\u00f4ne st\u00f6der Blue Planet Racing Teams aktiviteter inom havskappsegling. Port Adhoc-teamet tr\u00e4ffade Chris Kerl, som tillsammans med Patrice Pou-Pupp \u00e4r skeppare p\u00e5 Class40 Aquamarin, f\u00f6r att f\u00e5 veta mer om deras projekt.<\/p>\n","protected":false},"author":26,"featured_media":113916,"comment_status":"closed","ping_status":"closed","sticky":false,"template":"","format":"standard","meta":{"wds_primary_category":0,"footnotes":""},"categories":[182],"tags":[188],"class_list":["post-87600","post","type-post","status-publish","format-standard","has-post-thumbnail","hentry","category-marinanyheter","tag-port-napoleon-sv"],"_links":{"self":[{"href":"https:\/\/www.port-adhoc.com\/sv\/wp-json\/wp\/v2\/posts\/87600","targetHints":{"allow":["GET"]}}],"collection":[{"href":"https:\/\/www.port-adhoc.com\/sv\/wp-json\/wp\/v2\/posts"}],"about":[{"href":"https:\/\/www.port-adhoc.com\/sv\/wp-json\/wp\/v2\/types\/post"}],"author":[{"embeddable":true,"href":"https:\/\/www.port-adhoc.com\/sv\/wp-json\/wp\/v2\/users\/26"}],"replies":[{"embeddable":true,"href":"https:\/\/www.port-adhoc.com\/sv\/wp-json\/wp\/v2\/comments?post=87600"}],"version-history":[{"count":0,"href":"https:\/\/www.port-adhoc.com\/sv\/wp-json\/wp\/v2\/posts\/87600\/revisions"}],"wp:featuredmedia":[{"embeddable":true,"href":"https:\/\/www.port-adhoc.com\/sv\/wp-json\/wp\/v2\/media\/113916"}],"wp:attachment":[{"href":"https:\/\/www.port-adhoc.com\/sv\/wp-json\/wp\/v2\/media?parent=87600"}],"wp:term":[{"taxonomy":"category","embeddable":true,"href":"https:\/\/www.port-adhoc.com\/sv\/wp-json\/wp\/v2\/categories?post=87600"},{"taxonomy":"post_tag","embeddable":true,"href":"https:\/\/www.port-adhoc.com\/sv\/wp-json\/wp\/v2\/tags?post=87600"}],"curies":[{"name":"wp","href":"https:\/\/api.w.org\/{rel}","templated":true}]}}