{"id":87607,"date":"2025-04-23T16:15:01","date_gmt":"2025-04-23T14:15:01","guid":{"rendered":"https:\/\/www.port-adhoc.com\/?p=87607"},"modified":"2025-04-24T10:31:56","modified_gmt":"2025-04-24T08:31:56","slug":"kombusenrecept-en-kulinarisk-resa-genom-port-adhoc-marinorna","status":"publish","type":"post","link":"https:\/\/www.port-adhoc.com\/sv\/blog\/kombusenrecept\/kombusenrecept-en-kulinarisk-resa-genom-port-adhoc-marinorna\/","title":{"rendered":"Komb\u00fcsenrecept: en kulinarisk resa genom Port Adhoc-marinorna"},"content":{"rendered":"\n<p class=\"has-small-font-size\">Publiceringsdatum: 23\/04\/2025<\/p>\n\n<div style=\"height:60px\" aria-hidden=\"true\" class=\"wp-block-spacer\"><\/div>\n\n<h2 class=\"wp-block-heading\"><b><strong>Plaisance: en inbjudan att njuta av seglingens n\u00f6jen<\/strong><\/b><\/h2>\n\n<div style=\"height:30px\" aria-hidden=\"true\" class=\"wp-block-spacer\"><\/div>\n\n<p class=\"has-background\" style=\"background-color:#abb7c233\">\ud83d\udca1 <b><strong>Plaisance<\/strong><\/b>:\u00a0en typiskt fransk term som f\u00f6r tankarna <b><strong>till n\u00f6jet att segla<\/strong><\/b>. Mer \u00e4n bara en nautisk aktivitet f\u00f6rkroppsligar segling en livsfilosofi, en uppmaning till \u00e4ventyr och frihet.<\/p>\n\n<div style=\"height:0px\" aria-hidden=\"true\" class=\"wp-block-spacer\"><\/div>\n\n<p>En b\u00e5ts\u00e4song \u00e4r allts\u00e5 inget mindre \u00e4n en s\u00e4song full av njutning. Men vilka \u00e4r dess viktigaste ingredienser?<\/p>\n\n<ul class=\"wp-block-list\">\n<li><b><strong>Den sv\u00e5rf\u00e5ngade k\u00e4nslan av resa och frihet<\/strong><\/b> som pr\u00e4glar varje utflykt.<\/li>\n\n\n\n<li><b><strong>B\u00e5ten<\/strong><\/b>, f\u00f6rst\u00e5s: v\u00e4lja den, k\u00f6pa den och ta hand om den.<\/li>\n\n\n\n<li><strong>Stunderna av aktivitet<\/strong>, vare sig de \u00e4r sportiga eller avkopplande, till havs eller p\u00e5 land.<\/li>\n<\/ul>\n\n<div style=\"height:60px\" aria-hidden=\"true\" class=\"wp-block-spacer\"><\/div>\n\n<figure class=\"wp-block-image size-large\"><img fetchpriority=\"high\" decoding=\"async\" width=\"1024\" height=\"535\" src=\"https:\/\/b2765252.smushcdn.com\/2765252\/wp-content\/uploads\/2025\/03\/1-1024x535.jpeg?lossy=1&strip=1&webp=1\" alt=\"\" class=\"wp-image-87075\" srcset=\"https:\/\/b2765252.smushcdn.com\/2765252\/wp-content\/uploads\/2025\/03\/1-1024x535.jpeg?lossy=1&strip=1&webp=1 1024w, https:\/\/b2765252.smushcdn.com\/2765252\/wp-content\/uploads\/2025\/03\/1-300x157.jpeg?lossy=1&strip=1&webp=1 300w, https:\/\/b2765252.smushcdn.com\/2765252\/wp-content\/uploads\/2025\/03\/1-768x401.jpeg?lossy=1&strip=1&webp=1 768w, https:\/\/b2765252.smushcdn.com\/2765252\/wp-content\/uploads\/2025\/03\/1-1536x802.jpeg?lossy=1&strip=1&webp=1 1536w, https:\/\/b2765252.smushcdn.com\/2765252\/wp-content\/uploads\/2025\/03\/1-2048x1070.jpeg?lossy=1&strip=1&webp=1 2048w, https:\/\/b2765252.smushcdn.com\/2765252\/wp-content\/uploads\/2025\/03\/1.jpeg?size=512x268&lossy=1&strip=1&webp=1 512w\" sizes=\"(max-width: 1024px) 100vw, 1024px\" \/><figcaption class=\"wp-element-caption\">Segling till sj\u00f6ss: \u00e4ventyr och frihet<\/figcaption><\/figure>\n\n<div style=\"height:60px\" aria-hidden=\"true\" class=\"wp-block-spacer\"><\/div>\n\n<p>Bland dessa k\u00e4llor till n\u00f6je <b><strong>intar bordet en speciell plats <\/strong><\/b>! Inte bara f\u00f6r att \u00e4ta, utan ocks\u00e5 f\u00f6r att dela med sig och fira \u00f6gonblicket.<\/p>\n\n<p>Men kan vi tala om en \u201dlevnadskonst\u201d n\u00e4r det g\u00e4ller segling?<\/p>\n\n<p>P\u00e5 <b><strong>Port Adhoc<\/strong><\/b> \u00e4r vi \u00f6vertygade om detta. Det \u00e4r d\u00e4rf\u00f6r vi vill bjuda in dig till ett nytt kapitel, d\u00e4r segling rimmar med gemytlighet och kulinariska traditioner.<\/p>\n\n<div style=\"height:30px\" aria-hidden=\"true\" class=\"wp-block-spacer\"><\/div>\n\n<div class=\"wp-block-buttons is-layout-flex wp-block-buttons-is-layout-flex\">\n<div class=\"wp-block-button\"><a class=\"wp-block-button__link has-white-color has-vivid-cyan-blue-background-color has-text-color has-background has-link-color wp-element-button\" href=\"https:\/\/www.port-adhoc.com\/sv\/koncernen\/\" target=\"_blank\" rel=\"noreferrer noopener\">Uppt\u00e4ck Port Adhoc-gruppen \ud83d\udc4b<\/a><\/div>\n<\/div>\n\n<div style=\"height:60px\" aria-hidden=\"true\" class=\"wp-block-spacer\"><\/div>\n\n<h3 class=\"wp-block-heading\"><b><strong>Matlagning och segling: en livskonst att dela till sj\u00f6ss och p\u00e5 land<\/strong><\/b><\/h3>\n\n<div style=\"height:30px\" aria-hidden=\"true\" class=\"wp-block-spacer\"><\/div>\n\n<p>Konsten att leva \u00e4r ett \u00e4mne som \u00e4r lika stort som havet. Den omfattar en m\u00e4ngd olika upplevelser och njutningar, men det finns en plats d\u00e4r den f\u00e5r sin fulla betydelse: <strong>mat<\/strong><b><strong>bordet<\/strong><\/b>.<\/p>\n\n<p>Varf\u00f6r har vi valt att tr\u00e4ffa dig i k\u00f6ket?<\/p>\n\n<ul class=\"wp-block-list\">\n<li><p class=\"\" data-start=\"0\" data-end=\"92\">F\u00f6r det speglar <strong>tv\u00e5 av Port Adhocs grundl\u00e4ggande v\u00e4rderingar<\/strong>: <strong>gemenskap<\/strong> och <strong>kunskapsdelning.<\/strong><\/p><\/li>\n\n\n\n<li>F\u00f6r bortsett fr\u00e5n segling <b><strong>finns det inget som \u00e4r mer universellt och som bidrar till att skapa band<\/strong><\/b> \u00e4n matbordets n\u00f6jen.<\/li>\n\n\n\n<li>Eftersom <b><strong>gastronomin<\/strong><\/b> <b><strong>\u00e4r djupt rotad i den maritima kulturen<\/strong><\/b> och ber\u00e4ttar historien om lokala hamnar och traditioner.<\/li>\n<\/ul>\n\n<p>D\u00e4rf\u00f6r har vi tagit fram ett kulinariskt projekt som passar perfekt in i seglingens anda: <em>Komb\u00fcsenrecept<\/em>.<\/p>\n\n<div style=\"height:60px\" aria-hidden=\"true\" class=\"wp-block-spacer\"><\/div>\n\n<figure class=\"wp-block-image size-large\"><img decoding=\"async\" width=\"1024\" height=\"683\" src=\"https:\/\/b2765252.smushcdn.com\/2765252\/wp-content\/uploads\/2025\/03\/2-1024x683.jpeg?lossy=1&strip=1&webp=1\" alt=\"\" class=\"wp-image-87080\" srcset=\"https:\/\/b2765252.smushcdn.com\/2765252\/wp-content\/uploads\/2025\/03\/2-1024x683.jpeg?lossy=1&strip=1&webp=1 1024w, https:\/\/b2765252.smushcdn.com\/2765252\/wp-content\/uploads\/2025\/03\/2-300x200.jpeg?lossy=1&strip=1&webp=1 300w, https:\/\/b2765252.smushcdn.com\/2765252\/wp-content\/uploads\/2025\/03\/2-768x512.jpeg?lossy=1&strip=1&webp=1 768w, https:\/\/b2765252.smushcdn.com\/2765252\/wp-content\/uploads\/2025\/03\/2-1536x1024.jpeg?lossy=1&strip=1&webp=1 1536w, https:\/\/b2765252.smushcdn.com\/2765252\/wp-content\/uploads\/2025\/03\/2-2048x1365.jpeg?lossy=1&strip=1&webp=1 2048w, https:\/\/b2765252.smushcdn.com\/2765252\/wp-content\/uploads\/2025\/03\/2.jpeg?size=512x342&lossy=1&strip=1&webp=1 512w\" sizes=\"auto, (max-width: 1024px) 100vw, 1024px\" loading=\"lazy\" \/><figcaption class=\"wp-element-caption\">Konsten att leva till sj\u00f6ss: en erfarenhet att dela med sig av<\/figcaption><\/figure>\n\n<div style=\"height:60px\" aria-hidden=\"true\" class=\"wp-block-spacer\"><\/div>\n\n<h2 class=\"wp-block-heading\"><b><strong>Komb\u00fcsenrecept: en kulinarisk resa till hj\u00e4rtat av maritima traditioner<\/strong><\/b><\/h2>\n\n<div style=\"height:30px\" aria-hidden=\"true\" class=\"wp-block-spacer\"><\/div>\n\n<p class=\"has-background\" style=\"background-color:#abb7c233\">\ud83d\udca1 <b><strong>Komb\u00fcse<\/strong><\/b>: h\u00e4rstammar fr\u00e5n holl\u00e4ndska <em>kombuis<\/em> och syftar p\u00e5 <b><strong>ett fartygs k\u00f6k<\/strong><\/b>. Bel\u00e4gen mellan k\u00f6lsvinet och mellan\u00add\u00e4ck \u00e4r det platsen d\u00e4r provianten f\u00f6rvaras och d\u00e4r m\u00e5ltiderna som f\u00f6ljer med segling skapas.<\/p>\n\n<p>Sedan urminnes tider har sj\u00f6m\u00e4n i alla civilisationer varit tvungna att organisera sig f\u00f6r att f\u00f6rvara, tillaga och ransonera sin mat till sj\u00f6ss. Men byssan, som \u00e4r mycket mer \u00e4n en enkel f\u00f6rvaringsplats och matlagningsutrymme, blev snabbt en central del av livet ombord och kombinerade tradition, anpassning och kulinarisk uppfinningsrikedom.<\/p>\n\n<div style=\"height:60px\" aria-hidden=\"true\" class=\"wp-block-spacer\"><\/div>\n\n<h3 class=\"wp-block-heading\"><b><strong>Fr\u00e5n forntiden till de stora uppt\u00e4cktsresorna: mat under p\u00e5frestningar<\/strong><\/b><\/h3>\n\n<div style=\"height:30px\" aria-hidden=\"true\" class=\"wp-block-spacer\"><\/div>\n\n<p>De f\u00f6rsta sj\u00f6fararna, liksom fenicierna och grekerna, transporterade <b><strong>icke-f\u00f6rg\u00e4ngliga varor<\/strong><\/b>: spannm\u00e5l, oliver, torkad frukt och saltad fisk. M\u00e5let var inte gastronomisk njutning utan \u00f6verlevnad. Under de stora uppt\u00e4cktsresornas tid blev resorna l\u00e4ngre och <b><strong>fr\u00e5gan om konservering av livsmedel blev avg\u00f6rande<\/strong><\/b>.<\/p>\n\n<p><b><strong>L\u00f6sningar som anv\u00e4nds av sj\u00f6m\u00e4n<\/strong><\/b>:<\/p>\n\n<ul class=\"wp-block-list\">\n<li><b><strong>Saltning och torkning av fisk och k\u00f6tt<\/strong><\/b> f\u00f6r att f\u00f6rhindra f\u00f6rruttnelse.<\/li>\n\n\n\n<li><b><strong>Extremt torra havskakor som<\/strong><\/b> kan \u00e4tas efter bl\u00f6tl\u00e4ggning.<\/li>\n\n\n\n<li><b><strong>Rom och \u00f6l<\/strong><\/b> som s\u00e4krare alternativ till vatten, som ofta \u00e4r f\u00f6rorenat.<\/li>\n\n\n\n<li><b><strong>Citron och surk\u00e5l<\/strong><\/b> inf\u00f6rdes gradvis f\u00f6r att bek\u00e4mpa sk\u00f6rbjugg.<\/li>\n<\/ul>\n\n<div style=\"height:60px\" aria-hidden=\"true\" class=\"wp-block-spacer\"><\/div>\n\n<h3 class=\"wp-block-heading\"><b><strong>1800-talets flotta: en b\u00e4ttre organiserad cambuse<\/strong><\/b><\/h3>\n\n<div style=\"height:30px\" aria-hidden=\"true\" class=\"wp-block-spacer\"><\/div>\n\n<p>I takt med att handels- och milit\u00e4rflottorna v\u00e4xte <b><strong>blev organisationen av kabyssen mer rigor\u00f6s.<\/strong><\/b> F\u00f6rvaringsutrymmen skapades och kockar uts\u00e5gs till bes\u00e4ttningarna. Det var ocks\u00e5 vid den h\u00e4r tiden som recepten utvecklades f\u00f6r att f\u00f6rb\u00e4ttra sj\u00f6m\u00e4nnens livskvalitet.<\/p>\n\n<p><b><strong>N\u00e5gra nyheter <\/strong><\/b>:<\/p>\n\n<ul class=\"wp-block-list\">\n<li><b><strong>Pl\u00e5tburkar<\/strong><\/b> (introducerade av Nicolas Appert 1810), f\u00f6r att variera m\u00e5ltiderna.<\/li>\n\n\n\n<li><b><strong>Utveckla tjocka soppor som t.<\/strong><\/b> ex. fiskchowder.<\/li>\n\n\n\n<li><b><strong>Anv\u00e4nda kryddor<\/strong><\/b> f\u00f6r att f\u00f6rh\u00f6ja smaken p\u00e5 enkla r\u00e4tter.<\/li>\n<\/ul>\n\n<div style=\"height:60px\" aria-hidden=\"true\" class=\"wp-block-spacer\"><\/div>\n\n<h3 class=\"wp-block-heading\"><b><strong>Modern segling: en v\u00e4nlig, uppfinningsrik cambuse<\/strong><\/b><\/h3>\n\n<div style=\"height:30px\" aria-hidden=\"true\" class=\"wp-block-spacer\"><\/div>\n\n<p>Idag \u00e4r cambusen inte l\u00e4ngre en enkel plats f\u00f6r uppeh\u00e4lle, utan <b><strong>en plats f\u00f6r n\u00f6je och delning.<\/strong><\/b> Men \u00e4ven om modern segling erbjuder st\u00f6rre komfort f\u00f6rblir andan i m\u00e5ltiderna till sj\u00f6ss densamma: <b><strong>enkelhet<\/strong><\/b>, <b><strong>gemytlighet<\/strong><\/b> och <b><strong>\u00e4kthet<\/strong><\/b>.<\/p>\n\n<p>V\u00e5ra <em>Komb\u00fcsenrecept\u00a0<\/em>\u00e4r h\u00e4mtade fr\u00e5n minnena fr\u00e5n marinorna i v\u00e5r <b><strong>Port Adhoc-grupp<\/strong><\/b>. Var och en av dem tar dig med p\u00e5 en uppt\u00e4cktsresa i en viss region, med autentiska recept anpassade till livet ombord.<\/p>\n\n<div style=\"height:30px\" aria-hidden=\"true\" class=\"wp-block-spacer\"><\/div>\n\n<p><b><strong>Vad k\u00e4nnetecknar ett Komb\u00fcsenrecept idag?<\/strong><\/b><\/p>\n\n<ul class=\"wp-block-list\">\n<li><b><strong>Ett enkelt recept att tillaga<\/strong><\/b><br><ul>\r\n \t<li>F\u00f6r att en cambuse inte \u00e4r k\u00f6ket p\u00e5 en restaurang med Michelinstj\u00e4rnor.<\/li>\r\n<\/ul>\n<ul class=\"wp-block-list\">\n<li>F\u00f6rh\u00e5llandena till sj\u00f6ss kr\u00e4ver snabba och effektiva f\u00f6rberedelser.<\/li>\n<\/ul>\n<\/li>\n\n\n\n<li><b><strong>Ett recept som sparar p\u00e5 utrustningen<\/strong><\/b>\n<ul class=\"wp-block-list\">\n<li>Den koncentrerar sig p\u00e5 det v\u00e4sentliga, utan komplexa redskap eller sofistikerade tekniker.<\/li>\n<\/ul>\n<\/li>\n\n\n\n<li><strong>Ett s\u00e5 kallat &#8221;skafferirecept&#8221;<\/strong>\n<ul class=\"wp-block-list\">\n<li>Tillverkas huvudsakligen av ingredienser som inte \u00e4r l\u00e4ttf\u00f6rd\u00e4rvliga och som \u00e4r l\u00e4tta att f\u00f6rvara: konserver, pasta, ris, baljv\u00e4xter, kryddor etc.<\/li>\n<\/ul>\n<\/li>\n<\/ul>\n\n<div style=\"height:60px\" aria-hidden=\"true\" class=\"wp-block-spacer\"><\/div>\n\n<h3 class=\"wp-block-heading\"><b><strong>Segla med smaker fr\u00e5n hela v\u00e4rlden<\/strong><\/b><\/h3>\n\n<div style=\"height:30px\" aria-hidden=\"true\" class=\"wp-block-spacer\"><\/div>\n\n<p>Att laga mat ombord \u00e4r en sann anpassningskonst. I det tr\u00e5nga utrymmet i ett k\u00f6k v\u00e4ljs varje ingrediens noggrant ut f\u00f6r sitt n\u00e4ringsv\u00e4rde och hur l\u00e4tt den \u00e4r att bevara.<\/p>\n\n<p>Men bortsett fr\u00e5n det praktiska \u00e4r matlagning till sj\u00f6ss ocks\u00e5 en inbjudan <b><strong>att resa<\/strong><\/b>. Varje anl\u00f6p \u00e4r en m\u00f6jlighet att uppt\u00e4cka nya smaker och berika din kulinariska repertoar.<\/p>\n\n<p>Med <em>Komb\u00fcsenrecept<\/em>\u00a0vill vi ta dig med p\u00e5 en <b><strong>gastronomisk rundtur<\/strong><\/b> i <b><strong>v\u00e4rlden<\/strong><\/b> och lyfta fram de kulinariska traditionerna i kust- och havsregionerna.<\/p>\n\n<p>Vi har utformat varje recept som en <b><strong>smaklig mellan <\/strong><\/b>landning, ett s\u00e4tt att f\u00f6rl\u00e4nga n\u00f6jet med resan, \u00e4ven n\u00e4r du har lagt till. Recepten lyfter fram de typiska produkterna i varje region och kan anv\u00e4ndas under seglingen, men ocks\u00e5 hemma, f\u00f6r en smaklig resa fr\u00e5n ditt k\u00f6k.<\/p>\n\n<div style=\"height:60px\" aria-hidden=\"true\" class=\"wp-block-spacer\"><\/div>\n\n<figure class=\"wp-block-image size-large\"><img decoding=\"async\" width=\"1024\" height=\"630\" src=\"https:\/\/b2765252.smushcdn.com\/2765252\/wp-content\/uploads\/2025\/04\/MAP-FR-1024x630.png?lossy=1&strip=1&webp=1\" alt=\"\" class=\"wp-image-92506\" srcset=\"https:\/\/b2765252.smushcdn.com\/2765252\/wp-content\/uploads\/2025\/04\/MAP-FR-1024x630.png?lossy=1&strip=1&webp=1 1024w, https:\/\/b2765252.smushcdn.com\/2765252\/wp-content\/uploads\/2025\/04\/MAP-FR-300x185.png?lossy=1&strip=1&webp=1 300w, https:\/\/b2765252.smushcdn.com\/2765252\/wp-content\/uploads\/2025\/04\/MAP-FR-768x473.png?lossy=1&strip=1&webp=1 768w, https:\/\/b2765252.smushcdn.com\/2765252\/wp-content\/uploads\/2025\/04\/MAP-FR.png?lossy=1&strip=1&webp=1 1300w, https:\/\/b2765252.smushcdn.com\/2765252\/wp-content\/uploads\/2025\/04\/MAP-FR.png?size=512x315&lossy=1&strip=1&webp=1 512w\" sizes=\"auto, (max-width: 1024px) 100vw, 1024px\" loading=\"lazy\" \/><figcaption class=\"wp-element-caption\">Karta \u00f6ver portar i Port Adhoc-n\u00e4tverket<\/figcaption><\/figure>\n\n<div style=\"height:60px\" aria-hidden=\"true\" class=\"wp-block-spacer\"><\/div>\n\n<h2 class=\"wp-block-heading\"><b><strong>Port Adhoc: ett engagemang f\u00f6r en autentisk levnadskonst<\/strong><\/b><\/h2>\n\n<div style=\"height:30px\" aria-hidden=\"true\" class=\"wp-block-spacer\"><\/div>\n\n<p>P\u00e5 <b><strong>Port Adhoc<\/strong><\/b> har vi \u00e5tagit oss att erbjuda ett f\u00f6rh\u00e5llningss\u00e4tt till segling som g\u00e5r ut\u00f6ver enkel segling. V\u00e5r ambition \u00e4r att <b><strong>g\u00f6ra v\u00e5ra marinor till verkliga platser att leva p\u00e5<\/strong><\/b>, d\u00e4r passionen f\u00f6r havet kombineras med en \u00f6nskan att dela med sig och f\u00f6ra vidare. V\u00e5ra europeiska marinor \u00e4r \u00f6ppna d\u00f6rrar till autentiska territorier som vi bjuder in dig att uppt\u00e4cka.<\/p>\n\n<div style=\"height:60px\" aria-hidden=\"true\" class=\"wp-block-spacer\"><\/div>\n\n<figure class=\"wp-block-image size-large\"><img loading=\"lazy\" decoding=\"async\" width=\"1024\" height=\"682\" src=\"https:\/\/b2765252.smushcdn.com\/2765252\/wp-content\/uploads\/2025\/03\/sunrunners_restaurant_plage_marina_muiderzand-1024x682.jpg?lossy=1&strip=1&webp=1\" alt=\"\" class=\"wp-image-82284\" srcset=\"https:\/\/b2765252.smushcdn.com\/2765252\/wp-content\/uploads\/2025\/03\/sunrunners_restaurant_plage_marina_muiderzand-1024x682.jpg?lossy=1&strip=1&webp=1 1024w, https:\/\/b2765252.smushcdn.com\/2765252\/wp-content\/uploads\/2025\/03\/sunrunners_restaurant_plage_marina_muiderzand-300x200.jpg?lossy=1&strip=1&webp=1 300w, https:\/\/b2765252.smushcdn.com\/2765252\/wp-content\/uploads\/2025\/03\/sunrunners_restaurant_plage_marina_muiderzand-768x512.jpg?lossy=1&strip=1&webp=1 768w, https:\/\/b2765252.smushcdn.com\/2765252\/wp-content\/uploads\/2025\/03\/sunrunners_restaurant_plage_marina_muiderzand-1536x1023.jpg?lossy=1&strip=1&webp=1 1536w, https:\/\/b2765252.smushcdn.com\/2765252\/wp-content\/uploads\/2025\/03\/sunrunners_restaurant_plage_marina_muiderzand.jpg?lossy=1&strip=1&webp=1 2048w, https:\/\/b2765252.smushcdn.com\/2765252\/wp-content\/uploads\/2025\/03\/sunrunners_restaurant_plage_marina_muiderzand.jpg?size=512x341&lossy=1&strip=1&webp=1 512w\" sizes=\"auto, (max-width: 1024px) 100vw, 1024px\" \/><figcaption class=\"wp-element-caption\">Marina Muiderzand, Port Adhoc Nederland<\/figcaption><\/figure>\n\n<div style=\"height:60px\" aria-hidden=\"true\" class=\"wp-block-spacer\"><\/div>\n\n<p>Med v\u00e5ra <em>Komb\u00fcsenrecept<\/em>\u00a0vill vi samla b\u00e5tfolket kring en universell njutning: <b><strong>samvaro<\/strong><\/b>, <b><strong>b\u00e5de till sj\u00f6ss och p\u00e5 land<\/strong><\/b>.<\/p>\n\n<div style=\"height:30px\" aria-hidden=\"true\" class=\"wp-block-spacer\"><\/div>\n\n<p><b><strong>V\u00e5r f\u00f6rsta anhalt \u00e4r Port Napol\u00e9on, i hj\u00e4rtat av Medelhavet.<\/strong><\/b> <b><strong>G\u00f6r dig redo att uppt\u00e4cka ett recept som inspirerats av smakerna fr\u00e5n Provence, d\u00e4r r\u00f6tt Camargue-ris och aromatiska \u00f6rter kombineras till perfektion.<\/strong><\/b> <b><strong>Vi ses om n\u00e5gra dagar f\u00f6r att s\u00e4tta segel och ge oss ut p\u00e5 detta smakrika \u00e4ventyr!<\/strong><\/b><\/p>\n","protected":false},"excerpt":{"rendered":"<p>T\u00e4nk om varje anl\u00f6pshamn var en kulinarisk uppt\u00e4ckt? Med Komb\u00fcsenrecept bjuder Port Adhoc in dig till en gourmetresa genom sina marinor. Fr\u00e5n Medelhavet till de nordiska kusterna, via Atlanten, avsl\u00f6jar varje marina ett recept inspirerat av den lokala terroiren, mellan maritima traditioner och gourmetn\u00f6jen. \u00c4r du redo att kasta loss f\u00f6r ett unikt kulinariskt \u00e4ventyr?<\/p>\n","protected":false},"author":26,"featured_media":92656,"comment_status":"closed","ping_status":"closed","sticky":false,"template":"","format":"standard","meta":{"wds_primary_category":275,"footnotes":""},"categories":[275],"tags":[],"class_list":["post-87607","post","type-post","status-publish","format-standard","has-post-thumbnail","hentry","category-kombusenrecept"],"_links":{"self":[{"href":"https:\/\/www.port-adhoc.com\/sv\/wp-json\/wp\/v2\/posts\/87607","targetHints":{"allow":["GET"]}}],"collection":[{"href":"https:\/\/www.port-adhoc.com\/sv\/wp-json\/wp\/v2\/posts"}],"about":[{"href":"https:\/\/www.port-adhoc.com\/sv\/wp-json\/wp\/v2\/types\/post"}],"author":[{"embeddable":true,"href":"https:\/\/www.port-adhoc.com\/sv\/wp-json\/wp\/v2\/users\/26"}],"replies":[{"embeddable":true,"href":"https:\/\/www.port-adhoc.com\/sv\/wp-json\/wp\/v2\/comments?post=87607"}],"version-history":[{"count":0,"href":"https:\/\/www.port-adhoc.com\/sv\/wp-json\/wp\/v2\/posts\/87607\/revisions"}],"wp:featuredmedia":[{"embeddable":true,"href":"https:\/\/www.port-adhoc.com\/sv\/wp-json\/wp\/v2\/media\/92656"}],"wp:attachment":[{"href":"https:\/\/www.port-adhoc.com\/sv\/wp-json\/wp\/v2\/media?parent=87607"}],"wp:term":[{"taxonomy":"category","embeddable":true,"href":"https:\/\/www.port-adhoc.com\/sv\/wp-json\/wp\/v2\/categories?post=87607"},{"taxonomy":"post_tag","embeddable":true,"href":"https:\/\/www.port-adhoc.com\/sv\/wp-json\/wp\/v2\/tags?post=87607"}],"curies":[{"name":"wp","href":"https:\/\/api.w.org\/{rel}","templated":true}]}}