{"id":94851,"date":"2025-05-26T10:07:35","date_gmt":"2025-05-26T08:07:35","guid":{"rendered":"https:\/\/www.port-adhoc.com\/?p=94851"},"modified":"2025-08-11T12:40:35","modified_gmt":"2025-08-11T10:40:35","slug":"piperade-i-ny-tappning","status":"publish","type":"post","link":"https:\/\/www.port-adhoc.com\/sv\/blog\/kombusenrecept\/piperade-i-ny-tappning\/","title":{"rendered":"Komb\u00fcsenrecept #3: Piperade i ny tappning"},"content":{"rendered":"\n<p class=\"has-small-font-size\">Publiceringsdatum: 26\/05\/2025<\/p>\n\n<div style=\"height:60px\" aria-hidden=\"true\" class=\"wp-block-spacer\"><\/div>\n\n<h2 class=\"wp-block-heading\"><strong>Port Adhoc Bayonne-Anglet: en skr\u00e4ddarsydd marina med b\u00e5tplatser p\u00e5 land<\/strong><\/h2>\n\n<div style=\"height:0px\" aria-hidden=\"true\" class=\"wp-block-spacer\"><\/div>\n\n<p>Mellan hav och skog ligger <strong>Port Adhoc Bayonne-Anglet<\/strong> \u2013 en marina med b\u00e5tplatser p\u00e5 land, \u00f6ppen 7 dagar i veckan, perfekt bel\u00e4gen f\u00f6r b\u00e5de havs- och flodnavigering. Med 210 st\u00e4llplatser, 30 b\u00e5tst\u00f6ttor, 80 meter privata pontoner och fri parkering \u00e4r allt utformat f\u00f6r att ge snabb och enkel \u00e5tkomst till din b\u00e5t.<\/p>\n\n<div style=\"height:30px\" aria-hidden=\"true\" class=\"wp-block-spacer\"><\/div>\n\n<div class=\"wp-block-buttons is-layout-flex wp-block-buttons-is-layout-flex\">\n<div class=\"wp-block-button\"><a class=\"wp-block-button__link has-white-color has-vivid-cyan-blue-background-color has-text-color has-background has-link-color has-small-font-size has-custom-font-size wp-element-button\" href=\"https:\/\/www.port-adhoc.com\/sv\/bayonne-anglet\/\" target=\"_blank\" rel=\"noreferrer noopener\">Uppt\u00e4ck Port Adhoc Bayonne-Anglet \ud83d\udc4b<\/a><\/div>\n<\/div>\n\n<div style=\"height:60px\" aria-hidden=\"true\" class=\"wp-block-spacer\"><\/div>\n\n<figure class=\"wp-block-image size-large\"><img fetchpriority=\"high\" decoding=\"async\" width=\"1024\" height=\"683\" src=\"https:\/\/b2765252.smushcdn.com\/2765252\/wp-content\/uploads\/2022\/06\/semi_rigide_port_adhoc_bayonne_anglet-1024x683.jpeg?lossy=1&strip=1&webp=1\" alt=\"manutention_semi_rigide_port_adhoc_bayonne_anglet\" class=\"wp-image-13036\" srcset=\"https:\/\/b2765252.smushcdn.com\/2765252\/wp-content\/uploads\/2022\/06\/semi_rigide_port_adhoc_bayonne_anglet-1024x683.jpeg?lossy=1&strip=1&webp=1 1024w, https:\/\/b2765252.smushcdn.com\/2765252\/wp-content\/uploads\/2022\/06\/semi_rigide_port_adhoc_bayonne_anglet-300x200.jpeg?lossy=1&strip=1&webp=1 300w, https:\/\/b2765252.smushcdn.com\/2765252\/wp-content\/uploads\/2022\/06\/semi_rigide_port_adhoc_bayonne_anglet-768x512.jpeg?lossy=1&strip=1&webp=1 768w, https:\/\/b2765252.smushcdn.com\/2765252\/wp-content\/uploads\/2022\/06\/semi_rigide_port_adhoc_bayonne_anglet.jpeg?size=512x342&lossy=1&strip=1&webp=1 512w\" sizes=\"(max-width: 1024px) 100vw, 1024px\" \/><figcaption class=\"wp-element-caption\">Port Adhoc Bayonne-Anglet<\/figcaption><\/figure>\n\n<div style=\"height:60px\" aria-hidden=\"true\" class=\"wp-block-spacer\"><\/div>\n\n<h2 class=\"wp-block-heading\"><strong>Mot Baskien och Pyr\u00e9n\u00e9es-Atlantiques<\/strong><\/h2>\n\n<p><strong>Anglet ligger mellan havet och skogen och \u00e4r en kustp\u00e4rla perfekt placerad mellan Bayonne och Biarritz<\/strong>. Dess hamn vid floden Adour \u00e4r en idealisk utg\u00e5ngspunkt f\u00f6r b\u00e5t\u00e4lskare \u2013 b\u00e5de till havs och l\u00e4ngs de lugna inre vattenv\u00e4garna. Ge dig ut \u00f6ver Biscayabukten mot Girondeflodens mynning, segla mot Spanien med Bilbao och La Coru\u00f1a i sikte, eller bege dig l\u00e4ngre bort mot Portugal. F\u00f6r en lugnare resa kan du f\u00f6lja Adour uppstr\u00f6ms och uppt\u00e4cka ett n\u00e4tverk av vattenv\u00e4gar som str\u00e4cker sig n\u00e4stan 150 km, till Lahonce, Urt, Lanne eller Guiche \u2013 beroende p\u00e5 tidvatten och din b\u00e5ts djupg\u00e5ende.<\/p>\n\n<div style=\"height:60px\" aria-hidden=\"true\" class=\"wp-block-spacer\"><\/div>\n\n<h3 class=\"wp-block-heading\"><strong>Enast\u00e5ende milj\u00f6 mellan hav och natur<\/strong><\/h3>\n\n<div style=\"height:15px\" aria-hidden=\"true\" class=\"wp-block-spacer\"><\/div>\n\n<p>Anglet har dessutom en or\u00f6rd kustlinje med <strong>11 sandstr\u00e4nder<\/strong>, en ber\u00f6md klippv\u00e4g och v\u00e4rldsklassiga surfplatser. Natur\u00e4lskare kan koppla av p\u00e5 golfbanorna L\u2019Imp\u00e9ratrice och Chiberta med 9 respektive 18 h\u00e5l i en unik milj\u00f6. F\u00f6r avkoppling och v\u00e4lbefinnande, bes\u00f6k Atlanthal thalassoterapicenter i Anglet. Den som vill utforska naturen ytterligare kan bege sig till Izadia Ekologiska Park.<\/p>\n\n<div style=\"height:60px\" aria-hidden=\"true\" class=\"wp-block-spacer\"><\/div>\n\n<figure class=\"wp-block-image size-large\"><img decoding=\"async\" width=\"1024\" height=\"683\" src=\"https:\/\/b2765252.smushcdn.com\/2765252\/wp-content\/uploads\/2025\/05\/AdobeStock_413891111-1024x683.jpeg?lossy=1&strip=1&webp=1\" alt=\"\" class=\"wp-image-94810\" srcset=\"https:\/\/b2765252.smushcdn.com\/2765252\/wp-content\/uploads\/2025\/05\/AdobeStock_413891111-1024x683.jpeg?lossy=1&strip=1&webp=1 1024w, https:\/\/b2765252.smushcdn.com\/2765252\/wp-content\/uploads\/2025\/05\/AdobeStock_413891111-300x200.jpeg?lossy=1&strip=1&webp=1 300w, https:\/\/b2765252.smushcdn.com\/2765252\/wp-content\/uploads\/2025\/05\/AdobeStock_413891111-768x512.jpeg?lossy=1&strip=1&webp=1 768w, https:\/\/b2765252.smushcdn.com\/2765252\/wp-content\/uploads\/2025\/05\/AdobeStock_413891111-1536x1024.jpeg?lossy=1&strip=1&webp=1 1536w, https:\/\/b2765252.smushcdn.com\/2765252\/wp-content\/uploads\/2025\/05\/AdobeStock_413891111-2048x1365.jpeg?lossy=1&strip=1&webp=1 2048w, https:\/\/b2765252.smushcdn.com\/2765252\/wp-content\/uploads\/2025\/05\/AdobeStock_413891111.jpeg?size=512x342&lossy=1&strip=1&webp=1 512w\" sizes=\"auto, (max-width: 1024px) 100vw, 1024px\" loading=\"lazy\" \/><figcaption class=\"wp-element-caption\">Flygfoto \u00f6ver Anglet, franska Baskien<\/figcaption><\/figure>\n\n<div style=\"height:60px\" aria-hidden=\"true\" class=\"wp-block-spacer\"><\/div>\n\n<h3 class=\"wp-block-heading\"><strong>Enast\u00e5ende milj\u00f6 mellan hav och natur<\/strong><\/h3>\n\n<div style=\"height:15px\" aria-hidden=\"true\" class=\"wp-block-spacer\"><\/div>\n\n<p>Biarritz v\u00e4lkomnar dig med sin legendariska strandpromenad, Rocher de la Vierge och sin stora strand. Shopping, kultur, gastronomi och nattliv erbjuder h\u00e4r ett brett utbud av aktiviteter.<\/p>\n\n<p><p class=\"\" data-start=\"2300\" data-end=\"2531\">Inte l\u00e5ngt d\u00e4rifr\u00e5n f\u00e5ngar Bayonne sj\u00e4len i franska Baskien. En stad full av konst och historia som bjuder in dig att uppt\u00e4cka sin <strong>UNESCO-listade<\/strong> Sainte-Marie katedral, livliga historiska centrum, bef\u00e4sta murar och baskiska museum.<\/p><\/p>\n\n<div style=\"height:60px\" aria-hidden=\"true\" class=\"wp-block-spacer\"><\/div>\n\n<h2 class=\"wp-block-heading\"><strong>Det baskiska levnadss\u00e4ttet genom n\u00e5gra smaker<\/strong><\/h2>\n\n<h3 class=\"wp-block-heading\"><strong>Choklad fr\u00e5n Bayonne<\/strong><\/h3>\n\n<div style=\"height:15px\" aria-hidden=\"true\" class=\"wp-block-spacer\"><\/div>\n\n<p>Bayonne \u00e4r en stad f\u00f6r finsmakare. Dess <strong>chokladmuseum<\/strong> visar upp fyra sekler av passion f\u00f6r kakao, representerat av historiska hus som <strong>Cazenave<\/strong> (sedan 1854), <strong>Daranatz<\/strong> (1890) och <strong>Pari\u00e8s<\/strong> (1895).<\/p>\n\n<p>\ud83d\udca1 <strong>Visste du att Bayonne betraktas som chokladens historiska huvudstad i Frankrike?<\/strong> Denna l\u00e4ckra tradition b\u00f6rjade p\u00e5 1600-talet, tack vare spanska och portugisiska judar som flydde inkvisitionen. De slog sig ner i sydv\u00e4stra Frankrike och tog med sig v\u00e4rdefull kunskap: att rosta och mala kakaob\u00f6nor.<\/p>\n\n<p><strong>Bayonne blev d\u00e4rmed den f\u00f6rsta franska staden att bem\u00e4stra chokladhantverket<\/strong> \u2013 l\u00e5ngt f\u00f6re Paris eller Lyon. Denna tradition lever vidare \u00e4n idag i verkst\u00e4derna hos stadens ikoniska chokladmakare \u2013 verkliga institutioner i Bayonne.<\/p>\n\n<div style=\"height:60px\" aria-hidden=\"true\" class=\"wp-block-spacer\"><\/div>\n\n<figure class=\"wp-block-image size-large\"><img decoding=\"async\" width=\"1024\" height=\"640\" src=\"https:\/\/b2765252.smushcdn.com\/2765252\/wp-content\/uploads\/2025\/05\/1440X900MUSEE2-1024x640.jpg?lossy=1&strip=1&webp=1\" alt=\"\" class=\"wp-image-94815\" srcset=\"https:\/\/b2765252.smushcdn.com\/2765252\/wp-content\/uploads\/2025\/05\/1440X900MUSEE2-1024x640.jpg?lossy=1&strip=1&webp=1 1024w, https:\/\/b2765252.smushcdn.com\/2765252\/wp-content\/uploads\/2025\/05\/1440X900MUSEE2-300x188.jpg?lossy=1&strip=1&webp=1 300w, https:\/\/b2765252.smushcdn.com\/2765252\/wp-content\/uploads\/2025\/05\/1440X900MUSEE2-768x480.jpg?lossy=1&strip=1&webp=1 768w, https:\/\/b2765252.smushcdn.com\/2765252\/wp-content\/uploads\/2025\/05\/1440X900MUSEE2.jpg?lossy=1&strip=1&webp=1 1400w, https:\/\/b2765252.smushcdn.com\/2765252\/wp-content\/uploads\/2025\/05\/1440X900MUSEE2.jpg?size=512x320&lossy=1&strip=1&webp=1 512w\" sizes=\"auto, (max-width: 1024px) 100vw, 1024px\" loading=\"lazy\" \/><figcaption class=\"wp-element-caption\"><strong>\u00a9<\/strong> Mus\u00e9e du Chocolat, Bayonne<\/figcaption><\/figure>\n\n<div style=\"height:60px\" aria-hidden=\"true\" class=\"wp-block-spacer\"><\/div>\n\n<p>Ett bes\u00f6k p\u00e5 <strong>Bayonnes chokladmuseum<\/strong>, eller en gourmetpaus i n\u00e5got av de historiska tehusen, tar dig tillbaka i tiden medan du njuter av en kopp traditionellt tillagad, skummande varm choklad.<\/p>\n\n<p>\u27a1\ufe0f <b>N\u00e5gra platser du inte f\u00e5r missa:<\/b><\/p>\n\n<ul class=\"wp-block-list\">\n<li><a href=\"https:\/\/www.tourisme-leucate.com\/offres\/le-marche-aux-poissons-port-leucate-leucate-fr-3023357\/\">Le Mus\u00e9e du Chocolat<\/a><\/li>\n\n\n\n<li><a href=\"https:\/\/www.pavillonfrance.fr\/fillere-entre-terre-mer\/ports-francais\/port-nouvelle\">Chocolaterie Cazenave<\/a><\/li>\n\n\n\n<li><a href=\"https:\/\/www.daranatz.com\/\">Maison Daranatz<\/a><\/li>\n\n\n\n<li><a href=\"https:\/\/www.paries.fr\/\">Maison Pari\u00e8s<\/a><\/li>\n<\/ul>\n\n<div style=\"height:60px\" aria-hidden=\"true\" class=\"wp-block-spacer\"><\/div>\n\n<h3 class=\"wp-block-heading\"><strong><strong><strong><strong><strong><strong><strong><strong>Ossau-Iraty<\/strong><\/strong><\/strong><\/strong><\/strong><\/strong><\/strong><\/strong><\/h3>\n\n<div style=\"height:30px\" aria-hidden=\"true\" class=\"wp-block-spacer\"><\/div>\n\n<p>Ossau-Iraty \u00e4r ingen vanlig ost \u2013 det \u00e4r en symbol f\u00f6r Baskien och B\u00e9arn, och en av f\u00e5 opast\u00f6riserade, pressade f\u00e5rostar som har <strong>skyddad<\/strong> <strong>ursprungsbeteckning<\/strong>\u00a0sedan 1996.<\/p>\n\n<p>Namnet kommer fr\u00e5n tv\u00e5 ikoniska platser: <strong>Ossaudalen<\/strong> (i B\u00e9arn) och <strong>Iratyskogen<\/strong> (i Baskien). I \u00e5rhundraden har nomadiserande herdar uppr\u00e4tth\u00e5llit en strikt pastoral tradition och endast anv\u00e4nt r\u00e5 eller past\u00f6riserad mj\u00f6lk fr\u00e5n lokala f\u00e5r (av rasen Manech eller Basco-B\u00e9arnaise).<\/p>\n\n<p>Resultatet: en ost med n\u00f6tiga toner, sm\u00e4ltande konsistens och en starkare arom ju mer den mognar.<\/p>\n\n<p><strong>Tre huvudsakliga mognadsstadier:<\/strong><\/p>\n\n<ul class=\"wp-block-list\">\n<li><strong>Ung (3\u20134 m\u00e5nader)<\/strong>: mild och mj\u00f6lkig<\/li>\n\n\n\n<li><strong>Optimal (6\u20138 m\u00e5nader)<\/strong>: balanserad och fruktig<\/li>\n\n\n\n<li><strong>Lagrad (8+ m\u00e5nader)<\/strong>: kraftfull och smakrik<\/li>\n<\/ul>\n\n<div style=\"height:60px\" aria-hidden=\"true\" class=\"wp-block-spacer\"><\/div>\n\n<figure class=\"wp-block-image size-large\"><img loading=\"lazy\" decoding=\"async\" width=\"819\" height=\"1024\" src=\"https:\/\/b2765252.smushcdn.com\/2765252\/wp-content\/uploads\/2025\/05\/Maison-Accoceberry-819x1024.jpg?lossy=1&strip=1&webp=1\" alt=\"\" class=\"wp-image-94820\" srcset=\"https:\/\/b2765252.smushcdn.com\/2765252\/wp-content\/uploads\/2025\/05\/Maison-Accoceberry-819x1024.jpg?lossy=1&strip=1&webp=1 819w, https:\/\/b2765252.smushcdn.com\/2765252\/wp-content\/uploads\/2025\/05\/Maison-Accoceberry-240x300.jpg?lossy=1&strip=1&webp=1 240w, https:\/\/b2765252.smushcdn.com\/2765252\/wp-content\/uploads\/2025\/05\/Maison-Accoceberry-768x960.jpg?lossy=1&strip=1&webp=1 768w, https:\/\/b2765252.smushcdn.com\/2765252\/wp-content\/uploads\/2025\/05\/Maison-Accoceberry-1229x1536.jpg?lossy=1&strip=1&webp=1 1229w, https:\/\/b2765252.smushcdn.com\/2765252\/wp-content\/uploads\/2025\/05\/Maison-Accoceberry.jpg?lossy=1&strip=1&webp=1 1365w, https:\/\/b2765252.smushcdn.com\/2765252\/wp-content\/uploads\/2025\/05\/Maison-Accoceberry.jpg?size=512x640&lossy=1&strip=1&webp=1 512w\" sizes=\"auto, (max-width: 819px) 100vw, 819px\" \/><figcaption class=\"wp-element-caption\"><strong>\u00a9<\/strong> Maison Accoceberry<\/figcaption><\/figure>\n\n<div style=\"height:60px\" aria-hidden=\"true\" class=\"wp-block-spacer\"><\/div>\n\n<p>Traditionellt serveras den med <strong>svart k\u00f6rsb\u00e4rssylt fr\u00e5n Itxassou<\/strong> \u2013 en s\u00f6t och salt kombination som \u00e4r ett k\u00e4nnetecken f\u00f6r baskisk mat. Osten anv\u00e4nds ocks\u00e5 alltmer i matlagning, som i v\u00e5rt recept p\u00e5 salt cheesecake, d\u00e4r lokal tradition m\u00f6ter modern twist.<\/p>\n\n<p>\u27a1\ufe0f <strong data-start=\"4539\" data-end=\"4576\">Var kan man njuta av Ossau-Iraty?<\/strong><\/p>\n\n<ul class=\"wp-block-list\">\n<li><a href=\"https:\/\/www.visitbayonne.com\/votre-sejour\/restauration-saveurs-de-bayonne-et-du-pays-basque\/les-halles\/\">Les Halles de Bayonne<\/a><\/li>\n\n\n\n<li><a href=\"https:\/\/www.accoceberry.fr\/\">Maison Accoceberry<\/a>, Bayonne, Biarritz, eller Espelette<\/li>\n\n\n\n<li><a href=\"https:\/\/www.anglet-tourisme.com\/ca-bouge-a-anglet\/activites\/anglet\/LOIAQU064V5BRFA1-halles-des-5-cantons\/\">Halles des 5 Cantons<\/a>, Anglet<\/li>\n<\/ul>\n\n<div style=\"height:60px\" aria-hidden=\"true\" class=\"wp-block-spacer\"><\/div>\n\n<h2 class=\"wp-block-heading\"><strong>Recept: Ny tolkning av Piperade<\/strong><\/h2>\n\n<div style=\"height:30px\" aria-hidden=\"true\" class=\"wp-block-spacer\"><\/div>\n\n<h3 class=\"wp-block-heading\"><strong>Ingredienser (4 portioner)<\/strong><\/h3>\n\n<div style=\"height:30px\" aria-hidden=\"true\" class=\"wp-block-spacer\"><\/div>\n\n<ul class=\"wp-block-list\">\n<li>4 paprikor (r\u00f6d, gr\u00f6n, gul)<\/li>\n\n\n\n<li>2 mogna tomater<\/li>\n\n\n\n<li>1 s\u00f6t l\u00f6k<\/li>\n\n\n\n<li>2 vitl\u00f6ksklyftor<\/li>\n\n\n\n<li>100 g tunt skivad Bayonneskinka<\/li>\n\n\n\n<li>1 msk olivolja<\/li>\n\n\n\n<li>En nypa salt, svartpeppar och Espelettepeppar<\/li>\n<\/ul>\n\n<div style=\"height:60px\" aria-hidden=\"true\" class=\"wp-block-spacer\"><\/div>\n\n<h3 class=\"wp-block-heading\"><strong>Utrustning<\/strong><\/h3>\n\n<div style=\"height:30px\" aria-hidden=\"true\" class=\"wp-block-spacer\"><\/div>\n\n<ul class=\"wp-block-list\">\n<li>Stekpanna eller saut\u00e9panna<\/li>\n\n\n\n<li>Sk\u00e4rbr\u00e4da<\/li>\n\n\n\n<li>K\u00f6kskniv<\/li>\n<\/ul>\n\n<div style=\"height:60px\" aria-hidden=\"true\" class=\"wp-block-spacer\"><\/div>\n\n<h3 class=\"wp-block-heading\"><strong>Tillagning<\/strong><\/h3>\n\n<div style=\"height:30px\" aria-hidden=\"true\" class=\"wp-block-spacer\"><\/div>\n\n<ul class=\"wp-block-list\">\n<li>Sk\u00e4r paprikorna i strimlor och t\u00e4rna tomaterna.<\/li>\n\n\n\n<li>Fr\u00e4s l\u00f6k och vitl\u00f6k i olivolja.<\/li>\n\n\n\n<li>Tills\u00e4tt paprikan och stek i 10 minuter.<\/li>\n\n\n\n<li>R\u00f6r ner tomaterna och krydda med salt, peppar och Espelettepeppar.<\/li>\n\n\n\n<li>Servera varm eller kall med skivor av Bayonneskinka.<\/li>\n<\/ul>\n\n<div style=\"height:60px\" aria-hidden=\"true\" class=\"wp-block-spacer\"><\/div>\n\n<h2 class=\"wp-block-heading\"><strong>Recept: Salt cheesecake med Ossau-Iraty<\/strong><\/h2>\n\n<div style=\"height:30px\" aria-hidden=\"true\" class=\"wp-block-spacer\"><\/div>\n\n<h3 class=\"wp-block-heading\"><strong>Ingredienser (4 portioner)<\/strong><\/h3>\n\n<div style=\"height:30px\" aria-hidden=\"true\" class=\"wp-block-spacer\"><\/div>\n\n<p><strong>Botten:<\/strong><\/p>\n\n<ul class=\"wp-block-list\">\n<li>150 g sm\u00f6rkex (t.ex. speculoos eller bretonska galetter)<\/li>\n\n\n\n<li>50 g sm\u00e4lt sm\u00f6r<\/li>\n<\/ul>\n\n<div style=\"height:15px\" aria-hidden=\"true\" class=\"wp-block-spacer\"><\/div>\n\n<p><strong>Fyllning:<\/strong><\/p>\n\n<ul class=\"wp-block-list\">\n<li>700 g Ossau-Iraty (ung eller optimal mognad)<\/li>\n\n\n\n<li>350 g vispgr\u00e4dde<\/li>\n\n\n\n<li>150 g svart k\u00f6rsb\u00e4rssylt fr\u00e5n Itxassou<\/li>\n\n\n\n<li>En nypa Espelettepeppar<\/li>\n<\/ul>\n\n<div style=\"height:60px\" aria-hidden=\"true\" class=\"wp-block-spacer\"><\/div>\n\n<h3 class=\"wp-block-heading\"><strong>Utrustning<\/strong><\/h3>\n\n<div style=\"height:30px\" aria-hidden=\"true\" class=\"wp-block-spacer\"><\/div>\n\n<ul class=\"wp-block-list\">\n<li>Matberedare eller kavel<\/li>\n\n\n\n<li>Kastrull<\/li>\n\n\n\n<li>Visp<\/li>\n\n\n\n<li>Cheesecakeform<\/li>\n\n\n\n<li>Kylsk\u00e5p<\/li>\n<\/ul>\n\n<div style=\"height:60px\" aria-hidden=\"true\" class=\"wp-block-spacer\"><\/div>\n\n<h3 class=\"wp-block-heading\"><strong>Tillagning<\/strong><\/h3>\n\n<div style=\"height:30px\" aria-hidden=\"true\" class=\"wp-block-spacer\"><\/div>\n\n<ul class=\"wp-block-list\">\n<li>Krossa kexen och blanda med sm\u00e4lt sm\u00f6r. Tryck ut blandningen i botten av formen och kyl i 30 minuter.<\/li>\n\n\n\n<li>Sk\u00e4r osten i t\u00e4rningar och sm\u00e4lt f\u00f6rsiktigt med gr\u00e4dden p\u00e5 l\u00e5g v\u00e4rme under omr\u00f6rning.<\/li>\n\n\n\n<li>H\u00e4ll smeten \u00f6ver botten och l\u00e5t st\u00e5 i kylsk\u00e5p i 12 timmar.<\/li>\n\n\n\n<li>Ta ur formen, bred ett tunt lager svart k\u00f6rsb\u00e4rssylt ovanp\u00e5 och str\u00f6 lite Espelettepeppar \u00f6ver varje skiva.<\/li>\n<\/ul>\n\n<div style=\"height:60px\" aria-hidden=\"true\" class=\"wp-block-spacer\"><\/div>\n\n<div class=\"wp-block-buttons is-layout-flex wp-block-buttons-is-layout-flex\">\n<div class=\"wp-block-button\"><a class=\"wp-block-button__link has-background has-small-font-size has-custom-font-size wp-element-button\" href=\"https:\/\/www.port-adhoc.com\/sv\/blog\/kombusenrecept\/kombusenrecept-riz-rouge-a-la-provencale\/\" style=\"background-color:#201e5b\">\u27a1\ufe0f L\u00e4s ocks\u00e5: Komb\u00fcsenrecept #1: R\u00f6dris p\u00e5 proven\u00e7alskt vis<\/a><\/div>\n<\/div>\n\n<div style=\"height:60px\" aria-hidden=\"true\" class=\"wp-block-spacer\"><\/div>\n\n<p><strong>Om du provar dessa recept \u2013 till lands eller till sj\u00f6ss \u2013 dela g\u00e4rna dina bilder med hashtaggen #GalleyRecipes!<\/strong><\/p>\n","protected":false},"excerpt":{"rendered":"<p>F\u00f6r det tredje avsnittet av Galley Recipes beger vi oss till Port Adhoc Bayonne-Anglet, i hj\u00e4rtat av Baskien. Detta gourmetstopp bjuder p\u00e5 tv\u00e5 nytolkade traditionella recept: piperade, en kulinarisk symbol f\u00f6r sydv\u00e4stra Frankrike, samt en Ossau-Iraty cheesecake med en perfekt balans mellan s\u00f6tt och salt!<\/p>\n","protected":false},"author":26,"featured_media":94871,"comment_status":"closed","ping_status":"closed","sticky":false,"template":"","format":"standard","meta":{"wds_primary_category":275,"footnotes":""},"categories":[275],"tags":[187],"class_list":["post-94851","post","type-post","status-publish","format-standard","has-post-thumbnail","hentry","category-kombusenrecept","tag-port-adhoc-bayonne-anglet-sv"],"_links":{"self":[{"href":"https:\/\/www.port-adhoc.com\/sv\/wp-json\/wp\/v2\/posts\/94851","targetHints":{"allow":["GET"]}}],"collection":[{"href":"https:\/\/www.port-adhoc.com\/sv\/wp-json\/wp\/v2\/posts"}],"about":[{"href":"https:\/\/www.port-adhoc.com\/sv\/wp-json\/wp\/v2\/types\/post"}],"author":[{"embeddable":true,"href":"https:\/\/www.port-adhoc.com\/sv\/wp-json\/wp\/v2\/users\/26"}],"replies":[{"embeddable":true,"href":"https:\/\/www.port-adhoc.com\/sv\/wp-json\/wp\/v2\/comments?post=94851"}],"version-history":[{"count":0,"href":"https:\/\/www.port-adhoc.com\/sv\/wp-json\/wp\/v2\/posts\/94851\/revisions"}],"wp:featuredmedia":[{"embeddable":true,"href":"https:\/\/www.port-adhoc.com\/sv\/wp-json\/wp\/v2\/media\/94871"}],"wp:attachment":[{"href":"https:\/\/www.port-adhoc.com\/sv\/wp-json\/wp\/v2\/media?parent=94851"}],"wp:term":[{"taxonomy":"category","embeddable":true,"href":"https:\/\/www.port-adhoc.com\/sv\/wp-json\/wp\/v2\/categories?post=94851"},{"taxonomy":"post_tag","embeddable":true,"href":"https:\/\/www.port-adhoc.com\/sv\/wp-json\/wp\/v2\/tags?post=94851"}],"curies":[{"name":"wp","href":"https:\/\/api.w.org\/{rel}","templated":true}]}}