{"id":99769,"date":"2025-06-11T14:19:24","date_gmt":"2025-06-11T12:19:24","guid":{"rendered":"https:\/\/www.port-adhoc.com\/?p=99769"},"modified":"2025-06-18T09:07:38","modified_gmt":"2025-06-18T07:07:38","slug":"varma-ostron-paj-med-pinjenotter","status":"publish","type":"post","link":"https:\/\/www.port-adhoc.com\/sv\/blog\/kombusenrecept\/varma-ostron-paj-med-pinjenotter\/","title":{"rendered":"Komb\u00fcsenrecept #4: Varma ostron &#038; paj med pinjen\u00f6tter"},"content":{"rendered":"\n<p class=\"has-small-font-size\">Publiceringsdatum: 12\/06\/2025<\/p>\n\n<div style=\"height:60px\" aria-hidden=\"true\" class=\"wp-block-spacer\"><\/div>\n\n<h2 class=\"wp-block-heading\"><strong>Port M\u00e9doc: Ett enast\u00e5ende stopp mellan hav och flodmynning<\/strong><\/h2>\n\n<div style=\"height:15px\" aria-hidden=\"true\" class=\"wp-block-spacer\"><\/div>\n\n<h3 class=\"wp-block-heading\"><strong>En hamn mellan land och hav<\/strong><\/h3>\n\n<div style=\"height:15px\" aria-hidden=\"true\" class=\"wp-block-spacer\"><\/div>\n\n<div style=\"height:0px\" aria-hidden=\"true\" class=\"wp-block-spacer\"><\/div>\n\n<p>Port M\u00e9doc ligger i Le Verdon-sur-Mer, vid den <strong>s\u00f6dra spetsen av Gironde-mynningen<\/strong>. Det \u00e4r en djuphamn perfekt placerad mellan Atlanten och floden Gironde, med direkt tillg\u00e5ng till varierande landskap och m\u00e5nga seglingsv\u00e4gar.<\/p>\n\n<div style=\"height:30px\" aria-hidden=\"true\" class=\"wp-block-spacer\"><\/div>\n\n<div class=\"wp-block-buttons is-layout-flex wp-block-buttons-is-layout-flex\">\n<div class=\"wp-block-button\"><a class=\"wp-block-button__link has-white-color has-vivid-cyan-blue-background-color has-text-color has-background has-link-color has-small-font-size has-custom-font-size wp-element-button\" href=\"https:\/\/www.port-adhoc.com\/sv\/port-medoc\/\" target=\"_blank\" rel=\"noreferrer noopener\">Uppt\u00e4ck Port M\u00e9doc \ud83d\udc4b<\/a><\/div>\n<\/div>\n\n<div style=\"height:60px\" aria-hidden=\"true\" class=\"wp-block-spacer\"><\/div>\n\n<figure class=\"wp-block-image size-large\"><img fetchpriority=\"high\" decoding=\"async\" width=\"1024\" height=\"682\" src=\"https:\/\/b2765252.smushcdn.com\/2765252\/wp-content\/uploads\/2025\/01\/Port-Medoc-aerial-1024x682.jpeg?lossy=1&strip=1&webp=1\" alt=\"\" class=\"wp-image-66196\" srcset=\"https:\/\/b2765252.smushcdn.com\/2765252\/wp-content\/uploads\/2025\/01\/Port-Medoc-aerial-1024x682.jpeg?lossy=1&strip=1&webp=1 1024w, https:\/\/b2765252.smushcdn.com\/2765252\/wp-content\/uploads\/2025\/01\/Port-Medoc-aerial-300x200.jpeg?lossy=1&strip=1&webp=1 300w, https:\/\/b2765252.smushcdn.com\/2765252\/wp-content\/uploads\/2025\/01\/Port-Medoc-aerial-768x512.jpeg?lossy=1&strip=1&webp=1 768w, https:\/\/b2765252.smushcdn.com\/2765252\/wp-content\/uploads\/2025\/01\/Port-Medoc-aerial-1536x1023.jpeg?lossy=1&strip=1&webp=1 1536w, https:\/\/b2765252.smushcdn.com\/2765252\/wp-content\/uploads\/2025\/01\/Port-Medoc-aerial-2048x1364.jpeg?lossy=1&strip=1&webp=1 2048w, https:\/\/b2765252.smushcdn.com\/2765252\/wp-content\/uploads\/2025\/01\/Port-Medoc-aerial.jpeg?size=512x341&lossy=1&strip=1&webp=1 512w\" sizes=\"(max-width: 1024px) 100vw, 1024px\" \/><figcaption class=\"wp-element-caption\">Flygfoto \u00f6ver Port M\u00e9doc<\/figcaption><\/figure>\n\n<div style=\"height:60px\" aria-hidden=\"true\" class=\"wp-block-spacer\"><\/div>\n\n<h3 class=\"wp-block-heading\"><strong>En unik naturmilj\u00f6<\/strong><\/h3>\n\n<div style=\"height:15px\" aria-hidden=\"true\" class=\"wp-block-spacer\"><\/div>\n\n<p>Le Verdon-sur-Mer har en dubbel identitet: ena sidan vetter mot floden, den andra mot havet. Omr\u00e5det f\u00f6renar sj\u00f6fartshistoria, lantbruk och salt\u00e4ngar och gr\u00e4nsar till tallskogar och cykelleder mot Soulac-sur-Mer. P\u00e5 andra sidan ligger Royan och Saint-Palais-sur-Mer.<\/p>\n\n<p>P\u00e5 land gr\u00e4nsar Port M\u00e9doc till <strong>nationalparken Pointe de la Grave<\/strong> och \u00f6ppnar upp mot flera kilometer av cykelv\u00e4gar som leder till kustorten <strong>Soulac-sur-Mer<\/strong>. P\u00e5 andra sidan mynningen charmar <strong>Royan<\/strong> med sin stora strand och 1950-talsarkitektur, medan Saint-Palais-sur-Mer bjuder p\u00e5 en mer traditionell kustupplevelse.<\/p>\n\n<div style=\"height:60px\" aria-hidden=\"true\" class=\"wp-block-spacer\"><\/div>\n\n<h3 class=\"wp-block-heading\"><strong>Obegr\u00e4nsade seglingsm\u00f6jligheter<\/strong><\/h3>\n\n<div style=\"height:15px\" aria-hidden=\"true\" class=\"wp-block-spacer\"><\/div>\n\n<p>Port M\u00e9doc erbjuder ett <b>enast\u00e5ende utbud av seglingsrutter<\/b>. Oavsett om du \u00e4r p\u00e5 v\u00e4g till Ol\u00e9ron, R\u00e9, Arcachon, franska eller spanska Baskien eller uppf\u00f6r floden till Bordeaux finns det m\u00e5nga alternativ att v\u00e4lja mellan.<\/p>\n\n<p>Ett m\u00e5ste l\u00e4ngs v\u00e4gen \u00e4r <b>Cordouan-fyren<\/b>, som kallas \u201dKungarnas fyr\u201d och majest\u00e4tiskt markerar inloppet till flodmynningen. Den inbjuder till att kasta loss och utforska 350 km\u00b2 farbara vatten som \u00e4r prickade med sm\u00e5 hamnar och vilda \u00f6ar.<\/p>\n\n<div style=\"height:60px\" aria-hidden=\"true\" class=\"wp-block-spacer\"><\/div>\n\n<figure class=\"wp-block-image size-large\"><img decoding=\"async\" width=\"1024\" height=\"680\" src=\"https:\/\/b2765252.smushcdn.com\/2765252\/wp-content\/uploads\/2025\/06\/AdobeStock_117824450-1024x680.jpeg?lossy=1&strip=1&webp=1\" alt=\"\" class=\"wp-image-98634\" srcset=\"https:\/\/b2765252.smushcdn.com\/2765252\/wp-content\/uploads\/2025\/06\/AdobeStock_117824450-1024x680.jpeg?lossy=1&strip=1&webp=1 1024w, https:\/\/b2765252.smushcdn.com\/2765252\/wp-content\/uploads\/2025\/06\/AdobeStock_117824450-300x199.jpeg?lossy=1&strip=1&webp=1 300w, https:\/\/b2765252.smushcdn.com\/2765252\/wp-content\/uploads\/2025\/06\/AdobeStock_117824450-768x510.jpeg?lossy=1&strip=1&webp=1 768w, https:\/\/b2765252.smushcdn.com\/2765252\/wp-content\/uploads\/2025\/06\/AdobeStock_117824450-1536x1020.jpeg?lossy=1&strip=1&webp=1 1536w, https:\/\/b2765252.smushcdn.com\/2765252\/wp-content\/uploads\/2025\/06\/AdobeStock_117824450-2048x1360.jpeg?lossy=1&strip=1&webp=1 2048w, https:\/\/b2765252.smushcdn.com\/2765252\/wp-content\/uploads\/2025\/06\/AdobeStock_117824450.jpeg?size=512x340&lossy=1&strip=1&webp=1 512w\" sizes=\"auto, (max-width: 1024px) 100vw, 1024px\" loading=\"lazy\" \/><figcaption class=\"wp-element-caption\">Cordouan fyr, Gironde<\/figcaption><\/figure>\n\n<div style=\"height:60px\" aria-hidden=\"true\" class=\"wp-block-spacer\"><\/div>\n\n<h2 class=\"wp-block-heading\"><b><strong>M\u00e9doc-k\u00f6ket: En blandning av land, hav och tradition<\/strong><\/b><\/h2>\n\n<div style=\"height:15px\" aria-hidden=\"true\" class=\"wp-block-spacer\"><\/div>\n\n<p>Le Verdon-sur-Mer och M\u00e9doc-regionen har ett unikt terroir som formats av havet och flodmynningen. Mellan <b>ber\u00f6mda<\/b><b>ving\u00e5rdar<\/b>, svamprika skogar, saltmyrar och traditionellt fiske avsl\u00f6jar den lokala gastronomin en stark identitet som f\u00f6renar land och hav.<\/p>\n\n<div style=\"height:60px\" aria-hidden=\"true\" class=\"wp-block-spacer\"><\/div>\n\n<h3 class=\"wp-block-heading\"><b><strong>M\u00e9doc-viner: ett v\u00e4rldsber\u00f6mt arv<\/strong><\/b><\/h3>\n\n<div style=\"height:15px\" aria-hidden=\"true\" class=\"wp-block-spacer\"><\/div>\n\n<p>M\u00e9doc \u00e4r ett land med fantastiska viner, v\u00e4rldsk\u00e4nt f\u00f6r <b>prestigefyllda appellationer<\/b> som Pauillac, Margaux, Saint-Est\u00e8phe och Saint-Julien. Ving\u00e5rdarna str\u00e4cker sig \u00f6ver 16 000 hektar mellan Gironde-flodmynningen och havet och har ett tempererat klimat och grusiga jordar som \u00e4r idealiska f\u00f6r odling av Cabernet Sauvignon, Merlot och Petit Verdot.<\/p>\n\n<div style=\"height:60px\" aria-hidden=\"true\" class=\"wp-block-spacer\"><\/div>\n\n<figure class=\"wp-block-image size-large\"><img decoding=\"async\" width=\"1024\" height=\"768\" src=\"https:\/\/b2765252.smushcdn.com\/2765252\/wp-content\/uploads\/2025\/06\/AdobeStock_661672477-1024x768.jpeg?lossy=1&strip=1&webp=1\" alt=\"\" class=\"wp-image-98639\" srcset=\"https:\/\/b2765252.smushcdn.com\/2765252\/wp-content\/uploads\/2025\/06\/AdobeStock_661672477-1024x768.jpeg?lossy=1&strip=1&webp=1 1024w, https:\/\/b2765252.smushcdn.com\/2765252\/wp-content\/uploads\/2025\/06\/AdobeStock_661672477-300x225.jpeg?lossy=1&strip=1&webp=1 300w, https:\/\/b2765252.smushcdn.com\/2765252\/wp-content\/uploads\/2025\/06\/AdobeStock_661672477-768x576.jpeg?lossy=1&strip=1&webp=1 768w, https:\/\/b2765252.smushcdn.com\/2765252\/wp-content\/uploads\/2025\/06\/AdobeStock_661672477-1536x1152.jpeg?lossy=1&strip=1&webp=1 1536w, https:\/\/b2765252.smushcdn.com\/2765252\/wp-content\/uploads\/2025\/06\/AdobeStock_661672477-2048x1536.jpeg?lossy=1&strip=1&webp=1 2048w, https:\/\/b2765252.smushcdn.com\/2765252\/wp-content\/uploads\/2025\/06\/AdobeStock_661672477.jpeg?size=512x384&lossy=1&strip=1&webp=1 512w\" sizes=\"auto, (max-width: 1024px) 100vw, 1024px\" loading=\"lazy\" \/><figcaption class=\"wp-element-caption\">Flygfoto \u00f6ver en ving\u00e5rd l\u00e4ngs Girondefloden<\/figcaption><\/figure>\n\n<div style=\"height:60px\" aria-hidden=\"true\" class=\"wp-block-spacer\"><\/div>\n\n<p>Dessa kraftfulla, eleganta r\u00f6da viner passar utm\u00e4rkt till k\u00f6ttr\u00e4tter, mogna ostar och till och med vissa s\u00f6ta och salta kombinationer. M\u00e5nga <b>ving\u00e5rdar<\/b> erbjuder rundturer och provsmakningar \u2013 en uppslukande upplevelse i hj\u00e4rtat av M\u00e9docs kulturarv.<\/p>\n\n<p>\u27a1\ufe0f <i>Vilka Ch\u00e2teaux ska man bes\u00f6ka i M\u00e9doc?<\/i><\/p>\n\n<ul class=\"wp-block-list\">\n<li><a href=\"https:\/\/www.latourdeby.fr\/\">Ch\u00e2teau La Tourde By<\/a><\/li>\n\n\n\n<li><a href=\"http:\/\/chateau-loudenne.com\/\">Ch\u00e2teau Loudenne<\/a><\/li>\n\n\n\n<li><a href=\"https:\/\/www.chateau-castera.com\/\">Ch\u00e2teau Castera<\/a><\/li>\n<\/ul>\n\n<div style=\"height:60px\" aria-hidden=\"true\" class=\"wp-block-spacer\"><\/div>\n\n<h3 class=\"wp-block-heading\"><b><strong>Noisettines du M\u00e9doc: En lokal delikatess<\/strong><\/b><\/h3>\n\n<div style=\"height:15px\" aria-hidden=\"true\" class=\"wp-block-spacer\"><\/div>\n\n<p>Mindre k\u00e4nda men lika symboliska \u00e4r <b>Les Noisettines du M\u00e9doc<\/b>, sm\u00e5 <b>karamelliserade hasseln\u00f6tter<\/b> som tillverkas f\u00f6r hand i Blaignan, bara n\u00e5gra kilometer fr\u00e5n Port M\u00e9doc. Receptet \u00e4r en v\u00e4l bevarad hemlighet, men deras unika smak \u2013 krispiga, s\u00f6ta med en rostad ton \u2013 g\u00f6r dem till en favorit b\u00e5de som aperitif eller dessert.<\/p>\n\n<div style=\"height:60px\" aria-hidden=\"true\" class=\"wp-block-spacer\"><\/div>\n\n<h3 class=\"wp-block-heading\"><b><strong>Skaldjursdelikatesser<\/strong><\/b><\/h3>\n\n<div style=\"height:15px\" aria-hidden=\"true\" class=\"wp-block-spacer\"><\/div>\n\n<p>Bara ett stenkast fr\u00e5n Port M\u00e9doc ligger Vieux Port aux Hu\u00eetres (gamla ostronhamnen) i Le Verdon, som speglar omr\u00e5dets maritima arv. En g\u00e5ng i tiden var detta ett centrum f\u00f6r ostronodling, men idag \u00e4r det en popul\u00e4r plats f\u00f6r ostronprovning, d\u00e4r man kan njuta av M\u00e9doc-ostron i en avslappnad milj\u00f6 bland fiskarstugor och rustika bistroer.<\/p>\n\n<div style=\"height:15px\" aria-hidden=\"true\" class=\"wp-block-spacer\"><\/div>\n\n<div class=\"wp-block-buttons is-layout-flex wp-block-buttons-is-layout-flex\">\n<div class=\"wp-block-button\"><a class=\"wp-block-button__link has-background has-small-font-size has-custom-font-size wp-element-button\" href=\"https:\/\/www.euronat.com\/tourisme-autour-deuronat\/le-vieux-port-aux-huitres-du-verdon\/\" style=\"background-color:#201e5b\" target=\"_blank\" rel=\"noreferrer noopener\">\u27a1\ufe0f Uppt\u00e4ck den gamla ostronhamnen i Le Verdon<\/a><\/div>\n<\/div>\n\n<p><\/p>\n\n<p>Och f\u00f6r att avnjuta l\u00e4ckra j\u00e4tter\u00e4kor rekommenderar vi en lokal r\u00e4kodling: <strong data-start=\"75\" data-end=\"92\">La Gam\u2019guette<\/strong>, bel\u00e4gen i <strong data-start=\"104\" data-end=\"125\">Le Verdon-sur-Mer<\/strong>.<\/p>\n\n<div style=\"height:60px\" aria-hidden=\"true\" class=\"wp-block-spacer\"><\/div>\n\n<figure class=\"wp-block-image size-large\"><img loading=\"lazy\" decoding=\"async\" width=\"1024\" height=\"684\" src=\"https:\/\/b2765252.smushcdn.com\/2765252\/wp-content\/uploads\/2025\/06\/vieux-port-aux-huitres-journee-6-1024x684.jpg?lossy=1&strip=1&webp=1\" alt=\"\" class=\"wp-image-98644\" srcset=\"https:\/\/b2765252.smushcdn.com\/2765252\/wp-content\/uploads\/2025\/06\/vieux-port-aux-huitres-journee-6-1024x684.jpg?lossy=1&strip=1&webp=1 1024w, https:\/\/b2765252.smushcdn.com\/2765252\/wp-content\/uploads\/2025\/06\/vieux-port-aux-huitres-journee-6-300x200.jpg?lossy=1&strip=1&webp=1 300w, https:\/\/b2765252.smushcdn.com\/2765252\/wp-content\/uploads\/2025\/06\/vieux-port-aux-huitres-journee-6-768x513.jpg?lossy=1&strip=1&webp=1 768w, https:\/\/b2765252.smushcdn.com\/2765252\/wp-content\/uploads\/2025\/06\/vieux-port-aux-huitres-journee-6-1536x1025.jpg?lossy=1&strip=1&webp=1 1536w, https:\/\/b2765252.smushcdn.com\/2765252\/wp-content\/uploads\/2025\/06\/vieux-port-aux-huitres-journee-6.jpg?lossy=1&strip=1&webp=1 1600w, https:\/\/b2765252.smushcdn.com\/2765252\/wp-content\/uploads\/2025\/06\/vieux-port-aux-huitres-journee-6.jpg?size=512x342&lossy=1&strip=1&webp=1 512w\" sizes=\"auto, (max-width: 1024px) 100vw, 1024px\" \/><figcaption class=\"wp-element-caption\">Utsikt \u00f6ver kanalen i den gamla ostronhamnen \u00a9 Euronat<\/figcaption><\/figure>\n\n<div style=\"height:60px\" aria-hidden=\"true\" class=\"wp-block-spacer\"><\/div>\n\n<p>Visste du att Port M\u00e9doc inte bara v\u00e4lkomnar fritidsseglare, utan \u00e4ven yrkesfiskare? Det g\u00e4ller till exempel <strong data-start=\"237\" data-end=\"255\">Pierre Cartier<\/strong>, som navigerar med sin b\u00e5t <em>L\u2019Espadon<\/em>. Varje dag s\u00e4ljer Pierre sin dagsf\u00e4rska f\u00e5ngst i Saint-Vivien-de-M\u00e9doc \u2013 ett fantastiskt tillf\u00e4lle att njuta av superfr\u00e4sch fisk, k\u00f6pt direkt fr\u00e5n producenten!<\/p>\n\n<div style=\"height:15px\" aria-hidden=\"true\" class=\"wp-block-spacer\"><\/div>\n\n<div class=\"wp-block-buttons is-layout-flex wp-block-buttons-is-layout-flex\">\n<div class=\"wp-block-button\"><a class=\"wp-block-button__link has-background has-small-font-size has-custom-font-size wp-element-button\" href=\"https:\/\/www.medoc-atlantique.com\/sit\/m-pierre-cartier-pecheur-lespadon-7081729\/\" style=\"background-color:#201e5b\" target=\"_blank\" rel=\"noreferrer noopener\">\u27a1\ufe0f Mer information om Pierre Cartier, fiskare i Port M\u00e9doc<\/a><\/div>\n<\/div>\n\n<div style=\"height:60px\" aria-hidden=\"true\" class=\"wp-block-spacer\"><\/div>\n\n<p>Slutligen v\u00e4xer det vid Pointe d\u2019Argent en alg som sportentusiaster \u00e4lskar: <strong data-start=\"542\" data-end=\"555\">spirulina<\/strong>. Rik p\u00e5 vitaminer och j\u00e4rn fungerar den som en riktig naturlig &#8221;boost&#8221; och st\u00e4rker kroppen. Den kan \u00e4tas som den \u00e4r eller som tillbeh\u00f6r (till exempel i smoothie, guacamole eller sallad).<\/p>\n\n<div style=\"height:60px\" aria-hidden=\"true\" class=\"wp-block-spacer\"><\/div>\n\n<h3 class=\"wp-block-heading\"><b><strong>Ostron: en skattkista full av n\u00e4rings\u00e4mnen<\/strong><\/b><\/h3>\n\n<div style=\"height:15px\" aria-hidden=\"true\" class=\"wp-block-spacer\"><\/div>\n\n<p>Ostron har \u00e5tnjutits sedan f\u00f6rhistorisk tid och \u00e4r fulla av viktiga n\u00e4rings\u00e4mnen: kalium, magnesium, fosfor, kalcium, zink, j\u00e4rn, omega-3&#8230; En riktig h\u00e4lsoallierad, vilket g\u00f6r Port M\u00e9doc till den perfekta platsen d\u00e4r segling m\u00f6ter v\u00e4lbefinnande!<\/p>\n\n<p>Ostron passar utm\u00e4rkt till m\u00e5nga subtila kryddor \u2013 h\u00e4r \u00e4r n\u00e5gra f\u00f6rslag:<\/p>\n\n<ul class=\"wp-block-list\">\n<li><b>Timutpeppar:<\/b> Med citrusnoter som framh\u00e4ver ostronens f\u00e4rskhet.<\/li>\n\n\n\n<li><b>R\u00f6d Kampotpeppar:<\/b> L\u00e4tt s\u00f6t och blommig, ger en \u00f6verraskande mjukhet.<\/li>\n\n\n\n<li><b>Espelette Chili:<\/b> F\u00f6r en mild kontrast mellan salt och kryddig.<\/li>\n<\/ul>\n\n<ul class=\"wp-block-list\">\n<li><b>Riven gurkmeja och ingef\u00e4ra:<\/b> F\u00f6r en exotisk twist och en hint av krydda.<\/li>\n\n\n\n<li><b>Citronskal och Sarawak-peppar:<\/b> En doftande och raffinerad kombination.<\/li>\n<\/ul>\n\n<div style=\"height:60px\" aria-hidden=\"true\" class=\"wp-block-spacer\"><\/div>\n\n<h2 class=\"wp-block-heading\"><b><strong>Recept: Gratinerade ostron med \u00f6rtkryddstj\u00e4rt<\/strong><\/b><\/h2>\n\n<div style=\"height:30px\" aria-hidden=\"true\" class=\"wp-block-spacer\"><\/div>\n\n<h3 class=\"wp-block-heading\"><b><strong>Ingredienser (4 portioner)<\/strong><\/b><\/h3>\n\n<div style=\"height:30px\" aria-hidden=\"true\" class=\"wp-block-spacer\"><\/div>\n\n<ul class=\"wp-block-list\">\n<li>12 klippostron<\/li>\n\n\n\n<li>80 g saltat sm\u00f6r<\/li>\n\n\n\n<li>1 vitl\u00f6ksklyfta<\/li>\n\n\n\n<li>1 knippa bladpersilja<\/li>\n\n\n\n<li>30 g rostade, krossade hasseln\u00f6tter<\/li>\n\n\n\n<li>20 g fint str\u00f6br\u00f6d<\/li>\n\n\n\n<li>Nymalen svartpeppar<\/li>\n\n\n\n<li>Grovt salt (f\u00f6r att stabilisera ostron)<\/li>\n<\/ul>\n\n<div style=\"height:60px\" aria-hidden=\"true\" class=\"wp-block-spacer\"><\/div>\n\n<h3 class=\"wp-block-heading\"><b><strong>Utrustning<\/strong><\/b><\/h3>\n\n<div style=\"height:30px\" aria-hidden=\"true\" class=\"wp-block-spacer\"><\/div>\n\n<ul class=\"wp-block-list\">\n<li>Ugn<\/li>\n\n\n\n<li>Bakpl\u00e5t<\/li>\n\n\n\n<li>Ostronkniv<\/li>\n<\/ul>\n\n<div style=\"height:60px\" aria-hidden=\"true\" class=\"wp-block-spacer\"><\/div>\n\n<h3 class=\"wp-block-heading\"><b><strong>F\u00f6rberedelse<\/strong><\/b><\/h3>\n\n<div style=\"height:30px\" aria-hidden=\"true\" class=\"wp-block-spacer\"><\/div>\n\n<ul class=\"wp-block-list\">\n<li>\u00d6ppna ostron och h\u00e4ll bort den f\u00f6rsta v\u00e4tskan.<\/li>\n\n\n\n<li>Blanda sm\u00f6ret med vitl\u00f6k, persilja och en nypa peppar.<\/li>\n\n\n\n<li>L\u00e4gg en liten m\u00e4ngd \u00f6rt-sm\u00f6r p\u00e5 varje ostron.<\/li>\n\n\n\n<li>Str\u00f6 \u00f6ver krossade rostade hasseln\u00f6tter och br\u00f6dsmulor.<\/li>\n\n\n\n<li>L\u00e4gg ostron p\u00e5 en bakpl\u00e5t t\u00e4ckt med grovt salt s\u00e5 att de ligger stadigt.<\/li>\n\n\n\n<li>Grilla i n\u00e5gra minuter tills toppen \u00e4r gyllenbrun.<\/li>\n\n\n\n<li>Servera omedelbart med ett glas torrt vitt M\u00e9doc-vin.<\/li>\n<\/ul>\n\n<div style=\"height:60px\" aria-hidden=\"true\" class=\"wp-block-spacer\"><\/div>\n\n<h2 class=\"wp-block-heading\"><b><strong>Recept: honung- och pinjen\u00f6tst\u00e5rta<\/strong><\/b><\/h2>\n\n<div style=\"height:30px\" aria-hidden=\"true\" class=\"wp-block-spacer\"><\/div>\n\n<h3 class=\"wp-block-heading\"><b><strong>Ingredienser (4 portioner)<\/strong><\/b><\/h3>\n\n<div style=\"height:30px\" aria-hidden=\"true\" class=\"wp-block-spacer\"><\/div>\n\n<ul class=\"wp-block-list\">\n<li>1 s\u00f6t m\u00f6rdeg<\/li>\n\n\n\n<li>100 g pinjen\u00f6tter<\/li>\n\n\n\n<li>100 g M\u00e9doc-honung<\/li>\n\n\n\n<li>50 g sm\u00f6r<\/li>\n\n\n\n<li>1 \u00e4gg<\/li>\n\n\n\n<li>20 cl tjock cr\u00e8me fra\u00eeche<\/li>\n\n\n\n<li>1 nypa salt<\/li>\n<\/ul>\n\n<div style=\"height:60px\" aria-hidden=\"true\" class=\"wp-block-spacer\"><\/div>\n\n<h3 class=\"wp-block-heading\"><b><strong>Utrustning<\/strong><\/b><\/h3>\n\n<div style=\"height:30px\" aria-hidden=\"true\" class=\"wp-block-spacer\"><\/div>\n\n<ul class=\"wp-block-list\">\n<li>Tartform<\/li>\n\n\n\n<li>Gaffel<\/li>\n\n\n\n<li>Gryta<\/li>\n<\/ul>\n\n<div style=\"height:60px\" aria-hidden=\"true\" class=\"wp-block-spacer\"><\/div>\n\n<h3 class=\"wp-block-heading\"><b><strong>F\u00f6rberedelse<\/strong><\/b><\/h3>\n\n<div style=\"height:30px\" aria-hidden=\"true\" class=\"wp-block-spacer\"><\/div>\n\n<ul class=\"wp-block-list\">\n<li>F\u00f6rv\u00e4rm ugnen till 180 \u00b0C.<\/li>\n\n\n\n<li>Kl\u00e4 tartformen med degen och pricka med en gaffel.<\/li>\n\n\n\n<li>V\u00e4rm f\u00f6rsiktigt honung och sm\u00f6r tills det blir sl\u00e4tt.<\/li>\n\n\n\n<li>Ta bort fr\u00e5n v\u00e4rmen och r\u00f6r sedan i det vispade \u00e4gget och cr\u00e8me fra\u00eeche.<\/li>\n\n\n\n<li>H\u00e4ll blandningen i pajskalet, str\u00f6 pinjen\u00f6tterna \u00f6ver och gr\u00e4dda i 25 minuter.<\/li>\n\n\n\n<li>L\u00e5t svalna n\u00e5got innan servering.<\/li>\n<\/ul>\n\n<div style=\"height:60px\" aria-hidden=\"true\" class=\"wp-block-spacer\"><\/div>\n\n<div class=\"wp-block-buttons is-layout-flex wp-block-buttons-is-layout-flex\">\n<div class=\"wp-block-button\"><a class=\"wp-block-button__link has-background has-small-font-size has-custom-font-size wp-element-button\" href=\"https:\/\/www.port-adhoc.com\/sv\/blog\/kombusenrecept\/kombusenrecept-3-piperade-i-ny-tappning\/\" style=\"background-color:#201e5b\">\u27a1\ufe0f L\u00e4s ocks\u00e5: Komb\u00fcsenrecept #3: Piperade i ny tappning<\/a><\/div>\n<\/div>\n\n<div style=\"height:60px\" aria-hidden=\"true\" class=\"wp-block-spacer\"><\/div>\n\n<p>Port M\u00e9doc \u00e4r mycket mer \u00e4n bara en enkel hamn \u2013 det \u00e4r en riktig upplevelse, rik p\u00e5 or\u00f6rd natur, lokala traditioner och gourmetupplevelser. Oavsett om du gillar segling, vandring eller god mat kommer denna exceptionella destination att charma dig och inbjuda dig att utforska M\u00e9doc-regionens skatter.<\/p>\n\n<p><b><strong>Om du provar dessa recept, p\u00e5 land eller till sj\u00f6ss, dela dina foton med hashtaggen #GalleyRecipes!<\/strong><\/b><\/p>\n","protected":false},"excerpt":{"rendered":"<p>V\u00e5r receptserie Galley Recipes forts\u00e4tter sin resa l\u00e4ngs Atlantkusten och stannar denna g\u00e5ng i Port M\u00e9doc. Omgiven av salt\u00e4ngar, tallskogar och ostrontraditioner bjuder omr\u00e5det p\u00e5 en gastronomi d\u00e4r hav och land m\u00f6ts i perfekt balans. Ett uts\u00f6kt stopp, b\u00e5de till lands och till sj\u00f6ss!<\/p>\n","protected":false},"author":26,"featured_media":99771,"comment_status":"closed","ping_status":"closed","sticky":false,"template":"","format":"standard","meta":{"wds_primary_category":275,"footnotes":""},"categories":[274],"tags":[191],"class_list":["post-99769","post","type-post","status-publish","format-standard","has-post-thumbnail","hentry","category-galley-recipes","tag-port-medoc-sv"],"_links":{"self":[{"href":"https:\/\/www.port-adhoc.com\/sv\/wp-json\/wp\/v2\/posts\/99769","targetHints":{"allow":["GET"]}}],"collection":[{"href":"https:\/\/www.port-adhoc.com\/sv\/wp-json\/wp\/v2\/posts"}],"about":[{"href":"https:\/\/www.port-adhoc.com\/sv\/wp-json\/wp\/v2\/types\/post"}],"author":[{"embeddable":true,"href":"https:\/\/www.port-adhoc.com\/sv\/wp-json\/wp\/v2\/users\/26"}],"replies":[{"embeddable":true,"href":"https:\/\/www.port-adhoc.com\/sv\/wp-json\/wp\/v2\/comments?post=99769"}],"version-history":[{"count":0,"href":"https:\/\/www.port-adhoc.com\/sv\/wp-json\/wp\/v2\/posts\/99769\/revisions"}],"wp:featuredmedia":[{"embeddable":true,"href":"https:\/\/www.port-adhoc.com\/sv\/wp-json\/wp\/v2\/media\/99771"}],"wp:attachment":[{"href":"https:\/\/www.port-adhoc.com\/sv\/wp-json\/wp\/v2\/media?parent=99769"}],"wp:term":[{"taxonomy":"category","embeddable":true,"href":"https:\/\/www.port-adhoc.com\/sv\/wp-json\/wp\/v2\/categories?post=99769"},{"taxonomy":"post_tag","embeddable":true,"href":"https:\/\/www.port-adhoc.com\/sv\/wp-json\/wp\/v2\/tags?post=99769"}],"curies":[{"name":"wp","href":"https:\/\/api.w.org\/{rel}","templated":true}]}}